{"id":102,"date":"2020-03-20T03:27:18","date_gmt":"2020-03-20T03:27:18","guid":{"rendered":"http:\/\/localhost\/theratio\/?p=102"},"modified":"2023-02-01T15:40:10","modified_gmt":"2023-02-01T15:40:10","slug":"top-10-tips-for-your-kitchen-interior-design","status":"publish","type":"post","link":"https:\/\/www.prooptica.pt\/en\/top-10-tips-for-your-kitchen-interior-design\/","title":{"rendered":"20 years of believing in fashion and Portuguese culture"},"content":{"rendered":"<p>In 2021 <span style=\"color: #52a0d7;\"><a style=\"color: #52a0d7;\" href=\"http:\/\/www.prooptica.pt\/en\/\">Prooptica<\/a> <\/span>celebrates 28 years of history in the national optical market, <em><strong>20 of which elevate the concept of Portuguese fashion and culture with a clear and strategic commitment to relevant brands and personalities on the national fashion scene.<\/strong><\/em>. Since the first collections were developed in partnership with renowned designers such as Jos\u00e9 Ant\u00f3nio Tenente, Jo\u00e3o Rolo and Ana Salazar, the concept of eyewear with Portuguese design has gained momentum in the minds of consumers, as well as taking on enormous importance in the product range of Portuguese opticians.<\/p>\n<p>20 years of believing in Portuguese fashion and design represent a path of learning and adaptation and, essentially, an important pillar of Prooptica's differentiation in the market.<\/p>\n<p>Today, in addition to an absolutely integrated business model in 4 strategic areas - Glasses, Ophthalmic Lenses, Accessories and Design + Architecture, we innovate and take Portugal's name further with the development of collections such as Lanidor, Quebramar, Dielmar and more recently Am\u00e1lia Eyewear, which are lines with a totally Portuguese DNA.<\/p>\n<div id='gallery-1' class='gallery galleryid-102 gallery-columns-2 gallery-size-full'><figure class='gallery-item'>\n\t\t\t<div class='gallery-icon landscape'>\n\t\t\t\t<img fetchpriority=\"high\" decoding=\"async\" width=\"2560\" height=\"2560\" src=\"https:\/\/www.prooptica.pt\/wp-content\/uploads\/2020\/03\/28-ANOS-I-Prooptica-1-scaled.jpg\" class=\"attachment-full size-full\" alt=\"\" srcset=\"https:\/\/www.prooptica.pt\/wp-content\/uploads\/2020\/03\/28-ANOS-I-Prooptica-1-scaled.jpg 2560w, https:\/\/www.prooptica.pt\/wp-content\/uploads\/2020\/03\/28-ANOS-I-Prooptica-1-300x300.jpg 300w, https:\/\/www.prooptica.pt\/wp-content\/uploads\/2020\/03\/28-ANOS-I-Prooptica-1-1024x1024.jpg 1024w, https:\/\/www.prooptica.pt\/wp-content\/uploads\/2020\/03\/28-ANOS-I-Prooptica-1-150x150.jpg 150w, https:\/\/www.prooptica.pt\/wp-content\/uploads\/2020\/03\/28-ANOS-I-Prooptica-1-768x768.jpg 768w, https:\/\/www.prooptica.pt\/wp-content\/uploads\/2020\/03\/28-ANOS-I-Prooptica-1-1536x1536.jpg 1536w, https:\/\/www.prooptica.pt\/wp-content\/uploads\/2020\/03\/28-ANOS-I-Prooptica-1-2048x2048.jpg 2048w, https:\/\/www.prooptica.pt\/wp-content\/uploads\/2020\/03\/28-ANOS-I-Prooptica-1-720x720.jpg 720w\" sizes=\"(max-width: 2560px) 100vw, 2560px\" \/>\n\t\t\t<\/div><\/figure><figure class='gallery-item'>\n\t\t\t<div class='gallery-icon landscape'>\n\t\t\t\t<img decoding=\"async\" width=\"1080\" height=\"1080\" src=\"https:\/\/www.prooptica.pt\/wp-content\/uploads\/2020\/03\/Artboard-1-copy-2.jpg\" class=\"attachment-full size-full\" alt=\"\" srcset=\"https:\/\/www.prooptica.pt\/wp-content\/uploads\/2020\/03\/Artboard-1-copy-2.jpg 1080w, https:\/\/www.prooptica.pt\/wp-content\/uploads\/2020\/03\/Artboard-1-copy-2-300x300.jpg 300w, https:\/\/www.prooptica.pt\/wp-content\/uploads\/2020\/03\/Artboard-1-copy-2-1024x1024.jpg 1024w, https:\/\/www.prooptica.pt\/wp-content\/uploads\/2020\/03\/Artboard-1-copy-2-150x150.jpg 150w, https:\/\/www.prooptica.pt\/wp-content\/uploads\/2020\/03\/Artboard-1-copy-2-768x768.jpg 768w, https:\/\/www.prooptica.pt\/wp-content\/uploads\/2020\/03\/Artboard-1-copy-2-720x720.jpg 720w\" sizes=\"(max-width: 1080px) 100vw, 1080px\" \/>\n\t\t\t<\/div><\/figure>\n\t\t<\/div>\n\n<blockquote>\n<p style=\"line-height: 36px; text-align: left;\"><strong>For the CEO of Prooptica, Luis Justino, <\/strong>\"The focus on brands and personalities that are relevant to the dissemination of Portuguese culture and fashion around the world is an important pillar of Prooptica's internationalisation and a key differentiating element in our strategy.\"<\/p>\n<\/blockquote>\n<p>As part of the year-long celebrations to mark 20 years of Portuguese fashion, a commemorative stamp has been created to illustrate this milestone, together with the launch of the new limited edition Am\u00e1lia Eyewear line with the AM200 model.<\/p>","protected":false},"excerpt":{"rendered":"<p>Em 2021 a Prooptica celebra 28 anos de hist\u00f3ria no mercado \u00f3ptico nacional, 20 dos quais a elevar o conceito de moda e cultura portuguesa com uma aposta clara e estrat\u00e9gica em marcas e personalidades relevantes no panorama da moda nacional. Desde as primeiras cole\u00e7\u00f5es [\u2026]<\/p>\n","protected":false},"author":3,"featured_media":5997,"comment_status":"open","ping_status":"open","sticky":false,"template":"","format":"standard","meta":{"footnotes":""},"categories":[195,67],"tags":[],"class_list":["post-102","post","type-post","status-publish","format-standard","has-post-thumbnail","hentry","category-institucional","category-moda-portuguesa"],"yoast_head":"<!-- This site is optimized with the Yoast SEO plugin v27.4 - https:\/\/yoast.com\/product\/yoast-seo-wordpress\/ -->\n<title>20 anos a acreditar na Moda e na Cultura Portuguesa - Prooptica<\/title>\n<meta name=\"robots\" content=\"index, follow, max-snippet:-1, max-image-preview:large, max-video-preview:-1\" \/>\n<link rel=\"canonical\" href=\"https:\/\/www.prooptica.pt\/en\/top-10-tips-for-your-kitchen-interior-design\/\" \/>\n<meta property=\"og:locale\" content=\"en_GB\" \/>\n<meta property=\"og:type\" content=\"article\" \/>\n<meta property=\"og:title\" content=\"20 anos a acreditar na Moda e na Cultura Portuguesa - Prooptica\" \/>\n<meta property=\"og:description\" content=\"Em 2021 a Prooptica celebra 28 anos de hist\u00f3ria no mercado \u00f3ptico nacional, 20 dos quais a elevar o conceito de moda e cultura portuguesa com uma aposta clara e estrat\u00e9gica em marcas e personalidades relevantes no panorama da moda nacional. Desde as primeiras cole\u00e7\u00f5es [\u2026]\" \/>\n<meta property=\"og:url\" content=\"https:\/\/www.prooptica.pt\/en\/top-10-tips-for-your-kitchen-interior-design\/\" \/>\n<meta property=\"og:site_name\" content=\"Prooptica\" \/>\n<meta property=\"article:published_time\" content=\"2020-03-20T03:27:18+00:00\" \/>\n<meta property=\"article:modified_time\" content=\"2023-02-01T15:40:10+00:00\" \/>\n<meta property=\"og:image\" content=\"https:\/\/www.prooptica.pt\/wp-content\/uploads\/2020\/03\/Artboard-1-copy-2.jpg\" \/>\n\t<meta property=\"og:image:width\" content=\"1080\" \/>\n\t<meta property=\"og:image:height\" content=\"1080\" \/>\n\t<meta property=\"og:image:type\" content=\"image\/jpeg\" \/>\n<meta name=\"author\" content=\"Marketing Prooptica\" \/>\n<meta name=\"twitter:card\" content=\"summary_large_image\" \/>\n<meta name=\"twitter:label1\" content=\"Written by\" \/>\n\t<meta name=\"twitter:data1\" content=\"Marketing Prooptica\" \/>\n\t<meta name=\"twitter:label2\" content=\"Estimated reading time\" \/>\n\t<meta name=\"twitter:data2\" content=\"2 minutes\" \/>\n<script type=\"application\/ld+json\" class=\"yoast-schema-graph\">{\"@context\":\"https:\\\/\\\/schema.org\",\"@graph\":[{\"@type\":\"Article\",\"@id\":\"https:\\\/\\\/www.prooptica.pt\\\/top-10-tips-for-your-kitchen-interior-design\\\/#article\",\"isPartOf\":{\"@id\":\"https:\\\/\\\/www.prooptica.pt\\\/top-10-tips-for-your-kitchen-interior-design\\\/\"},\"author\":{\"name\":\"Marketing Prooptica\",\"@id\":\"https:\\\/\\\/www.prooptica.pt\\\/home\\\/#\\\/schema\\\/person\\\/c3afe955f42eef7c9c157838d5be4f29\"},\"headline\":\"20 anos a acreditar na Moda e na Cultura Portuguesa\",\"datePublished\":\"2020-03-20T03:27:18+00:00\",\"dateModified\":\"2023-02-01T15:40:10+00:00\",\"mainEntityOfPage\":{\"@id\":\"https:\\\/\\\/www.prooptica.pt\\\/top-10-tips-for-your-kitchen-interior-design\\\/\"},\"wordCount\":293,\"commentCount\":0,\"image\":{\"@id\":\"https:\\\/\\\/www.prooptica.pt\\\/top-10-tips-for-your-kitchen-interior-design\\\/#primaryimage\"},\"thumbnailUrl\":\"https:\\\/\\\/www.prooptica.pt\\\/wp-content\\\/uploads\\\/2020\\\/03\\\/Artboard-1-copy-2.jpg\",\"articleSection\":[\"Institucional\",\"Moda Portuguesa\"],\"inLanguage\":\"en-GB\"},{\"@type\":\"WebPage\",\"@id\":\"https:\\\/\\\/www.prooptica.pt\\\/top-10-tips-for-your-kitchen-interior-design\\\/\",\"url\":\"https:\\\/\\\/www.prooptica.pt\\\/top-10-tips-for-your-kitchen-interior-design\\\/\",\"name\":\"20 anos a acreditar na Moda e na Cultura Portuguesa - Prooptica\",\"isPartOf\":{\"@id\":\"https:\\\/\\\/www.prooptica.pt\\\/home\\\/#website\"},\"primaryImageOfPage\":{\"@id\":\"https:\\\/\\\/www.prooptica.pt\\\/top-10-tips-for-your-kitchen-interior-design\\\/#primaryimage\"},\"image\":{\"@id\":\"https:\\\/\\\/www.prooptica.pt\\\/top-10-tips-for-your-kitchen-interior-design\\\/#primaryimage\"},\"thumbnailUrl\":\"https:\\\/\\\/www.prooptica.pt\\\/wp-content\\\/uploads\\\/2020\\\/03\\\/Artboard-1-copy-2.jpg\",\"datePublished\":\"2020-03-20T03:27:18+00:00\",\"dateModified\":\"2023-02-01T15:40:10+00:00\",\"author\":{\"@id\":\"https:\\\/\\\/www.prooptica.pt\\\/home\\\/#\\\/schema\\\/person\\\/c3afe955f42eef7c9c157838d5be4f29\"},\"breadcrumb\":{\"@id\":\"https:\\\/\\\/www.prooptica.pt\\\/top-10-tips-for-your-kitchen-interior-design\\\/#breadcrumb\"},\"inLanguage\":\"en-GB\",\"potentialAction\":[{\"@type\":\"ReadAction\",\"target\":[\"https:\\\/\\\/www.prooptica.pt\\\/top-10-tips-for-your-kitchen-interior-design\\\/\"]}]},{\"@type\":\"ImageObject\",\"inLanguage\":\"en-GB\",\"@id\":\"https:\\\/\\\/www.prooptica.pt\\\/top-10-tips-for-your-kitchen-interior-design\\\/#primaryimage\",\"url\":\"https:\\\/\\\/www.prooptica.pt\\\/wp-content\\\/uploads\\\/2020\\\/03\\\/Artboard-1-copy-2.jpg\",\"contentUrl\":\"https:\\\/\\\/www.prooptica.pt\\\/wp-content\\\/uploads\\\/2020\\\/03\\\/Artboard-1-copy-2.jpg\",\"width\":1080,\"height\":1080},{\"@type\":\"BreadcrumbList\",\"@id\":\"https:\\\/\\\/www.prooptica.pt\\\/top-10-tips-for-your-kitchen-interior-design\\\/#breadcrumb\",\"itemListElement\":[{\"@type\":\"ListItem\",\"position\":1,\"name\":\"In\u00edcio\",\"item\":\"https:\\\/\\\/www.prooptica.pt\\\/\"},{\"@type\":\"ListItem\",\"position\":2,\"name\":\"20 anos a acreditar na Moda e na Cultura Portuguesa\"}]},{\"@type\":\"WebSite\",\"@id\":\"https:\\\/\\\/www.prooptica.pt\\\/home\\\/#website\",\"url\":\"https:\\\/\\\/www.prooptica.pt\\\/home\\\/\",\"name\":\"Prooptica\",\"description\":\"Full Eyewear Concept\",\"potentialAction\":[{\"@type\":\"SearchAction\",\"target\":{\"@type\":\"EntryPoint\",\"urlTemplate\":\"https:\\\/\\\/www.prooptica.pt\\\/home\\\/?s={search_term_string}\"},\"query-input\":{\"@type\":\"PropertyValueSpecification\",\"valueRequired\":true,\"valueName\":\"search_term_string\"}}],\"inLanguage\":\"en-GB\"},{\"@type\":\"Person\",\"@id\":\"https:\\\/\\\/www.prooptica.pt\\\/home\\\/#\\\/schema\\\/person\\\/c3afe955f42eef7c9c157838d5be4f29\",\"name\":\"Marketing Prooptica\",\"image\":{\"@type\":\"ImageObject\",\"inLanguage\":\"en-GB\",\"@id\":\"https:\\\/\\\/secure.gravatar.com\\\/avatar\\\/23248622405e2ce007d39ad746d368991c744fa6fce97036e33e8d9221859ae3?s=96&d=mm&r=g\",\"url\":\"https:\\\/\\\/secure.gravatar.com\\\/avatar\\\/23248622405e2ce007d39ad746d368991c744fa6fce97036e33e8d9221859ae3?s=96&d=mm&r=g\",\"contentUrl\":\"https:\\\/\\\/secure.gravatar.com\\\/avatar\\\/23248622405e2ce007d39ad746d368991c744fa6fce97036e33e8d9221859ae3?s=96&d=mm&r=g\",\"caption\":\"Marketing Prooptica\"},\"url\":\"https:\\\/\\\/www.prooptica.pt\\\/en\\\/author\\\/marketing\\\/\"}]}<\/script>\n<!-- \/ Yoast SEO plugin. -->","yoast_head_json":{"title":"20 years believing in fashion and Portuguese culture - Prooptica","robots":{"index":"index","follow":"follow","max-snippet":"max-snippet:-1","max-image-preview":"max-image-preview:large","max-video-preview":"max-video-preview:-1"},"canonical":"https:\/\/www.prooptica.pt\/en\/top-10-tips-for-your-kitchen-interior-design\/","og_locale":"en_GB","og_type":"article","og_title":"20 anos a acreditar na Moda e na Cultura Portuguesa - Prooptica","og_description":"Em 2021 a Prooptica celebra 28 anos de hist\u00f3ria no mercado \u00f3ptico nacional, 20 dos quais a elevar o conceito de moda e cultura portuguesa com uma aposta clara e estrat\u00e9gica em marcas e personalidades relevantes no panorama da moda nacional. Desde as primeiras cole\u00e7\u00f5es [\u2026]","og_url":"https:\/\/www.prooptica.pt\/en\/top-10-tips-for-your-kitchen-interior-design\/","og_site_name":"Prooptica","article_published_time":"2020-03-20T03:27:18+00:00","article_modified_time":"2023-02-01T15:40:10+00:00","og_image":[{"width":1080,"height":1080,"url":"https:\/\/www.prooptica.pt\/wp-content\/uploads\/2020\/03\/Artboard-1-copy-2.jpg","type":"image\/jpeg"}],"author":"Marketing Prooptica","twitter_card":"summary_large_image","twitter_misc":{"Written by":"Marketing Prooptica","Estimated reading time":"2 minutes"},"schema":{"@context":"https:\/\/schema.org","@graph":[{"@type":"Article","@id":"https:\/\/www.prooptica.pt\/top-10-tips-for-your-kitchen-interior-design\/#article","isPartOf":{"@id":"https:\/\/www.prooptica.pt\/top-10-tips-for-your-kitchen-interior-design\/"},"author":{"name":"Marketing Prooptica","@id":"https:\/\/www.prooptica.pt\/home\/#\/schema\/person\/c3afe955f42eef7c9c157838d5be4f29"},"headline":"20 anos a acreditar na Moda e na Cultura Portuguesa","datePublished":"2020-03-20T03:27:18+00:00","dateModified":"2023-02-01T15:40:10+00:00","mainEntityOfPage":{"@id":"https:\/\/www.prooptica.pt\/top-10-tips-for-your-kitchen-interior-design\/"},"wordCount":293,"commentCount":0,"image":{"@id":"https:\/\/www.prooptica.pt\/top-10-tips-for-your-kitchen-interior-design\/#primaryimage"},"thumbnailUrl":"https:\/\/www.prooptica.pt\/wp-content\/uploads\/2020\/03\/Artboard-1-copy-2.jpg","articleSection":["Institucional","Moda Portuguesa"],"inLanguage":"en-GB"},{"@type":"WebPage","@id":"https:\/\/www.prooptica.pt\/top-10-tips-for-your-kitchen-interior-design\/","url":"https:\/\/www.prooptica.pt\/top-10-tips-for-your-kitchen-interior-design\/","name":"20 years believing in fashion and Portuguese culture - Prooptica","isPartOf":{"@id":"https:\/\/www.prooptica.pt\/home\/#website"},"primaryImageOfPage":{"@id":"https:\/\/www.prooptica.pt\/top-10-tips-for-your-kitchen-interior-design\/#primaryimage"},"image":{"@id":"https:\/\/www.prooptica.pt\/top-10-tips-for-your-kitchen-interior-design\/#primaryimage"},"thumbnailUrl":"https:\/\/www.prooptica.pt\/wp-content\/uploads\/2020\/03\/Artboard-1-copy-2.jpg","datePublished":"2020-03-20T03:27:18+00:00","dateModified":"2023-02-01T15:40:10+00:00","author":{"@id":"https:\/\/www.prooptica.pt\/home\/#\/schema\/person\/c3afe955f42eef7c9c157838d5be4f29"},"breadcrumb":{"@id":"https:\/\/www.prooptica.pt\/top-10-tips-for-your-kitchen-interior-design\/#breadcrumb"},"inLanguage":"en-GB","potentialAction":[{"@type":"ReadAction","target":["https:\/\/www.prooptica.pt\/top-10-tips-for-your-kitchen-interior-design\/"]}]},{"@type":"ImageObject","inLanguage":"en-GB","@id":"https:\/\/www.prooptica.pt\/top-10-tips-for-your-kitchen-interior-design\/#primaryimage","url":"https:\/\/www.prooptica.pt\/wp-content\/uploads\/2020\/03\/Artboard-1-copy-2.jpg","contentUrl":"https:\/\/www.prooptica.pt\/wp-content\/uploads\/2020\/03\/Artboard-1-copy-2.jpg","width":1080,"height":1080},{"@type":"BreadcrumbList","@id":"https:\/\/www.prooptica.pt\/top-10-tips-for-your-kitchen-interior-design\/#breadcrumb","itemListElement":[{"@type":"ListItem","position":1,"name":"In\u00edcio","item":"https:\/\/www.prooptica.pt\/"},{"@type":"ListItem","position":2,"name":"20 anos a acreditar na Moda e na Cultura Portuguesa"}]},{"@type":"WebSite","@id":"https:\/\/www.prooptica.pt\/home\/#website","url":"https:\/\/www.prooptica.pt\/home\/","name":"Prooptica","description":"Full Eyewear Concept","potentialAction":[{"@type":"SearchAction","target":{"@type":"EntryPoint","urlTemplate":"https:\/\/www.prooptica.pt\/home\/?s={search_term_string}"},"query-input":{"@type":"PropertyValueSpecification","valueRequired":true,"valueName":"search_term_string"}}],"inLanguage":"en-GB"},{"@type":"Person","@id":"https:\/\/www.prooptica.pt\/home\/#\/schema\/person\/c3afe955f42eef7c9c157838d5be4f29","name":"Marketing Prooptica","image":{"@type":"ImageObject","inLanguage":"en-GB","@id":"https:\/\/secure.gravatar.com\/avatar\/23248622405e2ce007d39ad746d368991c744fa6fce97036e33e8d9221859ae3?s=96&d=mm&r=g","url":"https:\/\/secure.gravatar.com\/avatar\/23248622405e2ce007d39ad746d368991c744fa6fce97036e33e8d9221859ae3?s=96&d=mm&r=g","contentUrl":"https:\/\/secure.gravatar.com\/avatar\/23248622405e2ce007d39ad746d368991c744fa6fce97036e33e8d9221859ae3?s=96&d=mm&r=g","caption":"Marketing Prooptica"},"url":"https:\/\/www.prooptica.pt\/en\/author\/marketing\/"}]}},"_links":{"self":[{"href":"https:\/\/www.prooptica.pt\/en\/wp-json\/wp\/v2\/posts\/102","targetHints":{"allow":["GET"]}}],"collection":[{"href":"https:\/\/www.prooptica.pt\/en\/wp-json\/wp\/v2\/posts"}],"about":[{"href":"https:\/\/www.prooptica.pt\/en\/wp-json\/wp\/v2\/types\/post"}],"author":[{"embeddable":true,"href":"https:\/\/www.prooptica.pt\/en\/wp-json\/wp\/v2\/users\/3"}],"replies":[{"embeddable":true,"href":"https:\/\/www.prooptica.pt\/en\/wp-json\/wp\/v2\/comments?post=102"}],"version-history":[{"count":0,"href":"https:\/\/www.prooptica.pt\/en\/wp-json\/wp\/v2\/posts\/102\/revisions"}],"wp:featuredmedia":[{"embeddable":true,"href":"https:\/\/www.prooptica.pt\/en\/wp-json\/wp\/v2\/media\/5997"}],"wp:attachment":[{"href":"https:\/\/www.prooptica.pt\/en\/wp-json\/wp\/v2\/media?parent=102"}],"wp:term":[{"taxonomy":"category","embeddable":true,"href":"https:\/\/www.prooptica.pt\/en\/wp-json\/wp\/v2\/categories?post=102"},{"taxonomy":"post_tag","embeddable":true,"href":"https:\/\/www.prooptica.pt\/en\/wp-json\/wp\/v2\/tags?post=102"}],"curies":[{"name":"wp","href":"https:\/\/api.w.org\/{rel}","templated":true}]}}