{"id":15620,"date":"2022-10-21T13:14:14","date_gmt":"2022-10-21T13:14:14","guid":{"rendered":"https:\/\/prooptica.pt\/?p=15620"},"modified":"2023-05-31T13:58:14","modified_gmt":"2023-05-31T13:58:14","slug":"visual-acuity-and-child-development","status":"publish","type":"post","link":"https:\/\/www.prooptica.pt\/en\/a-acuidade-visual-e-o-desenvolvimento-da-crianca\/","title":{"rendered":"Visual Acuity and Child Development"},"content":{"rendered":"<!-- Added by Post\/Page Specific Custom Code plugin, thank you for using! -->\n<style>.elementor-kit-11 a {\r\n    color: #52A0D7 !important;\r\n}<\/style>\n\r\n<p>There is a consensus that the visual system plays a vital role in children's development, both intellectually and socially, because vision is a dynamic process that integrates sensory and motor information generated by the brain and body to extract meaning and movement from it.<\/p>\r\n\r\n\r\n\r\n<h3 class=\"wp-block-heading\">One of the biggest challenges is identifying visual acuity problems in children<\/h3>\r\n\r\n\r\n\r\n<h3 class=\"wp-block-heading\"><strong>WHAT CAN BE DONE?<\/strong><\/h3>\r\n\r\n\r\n\r\n<p><strong>Find out in our article<\/strong> the correlation between visual acuity and child development and the associated challenges.<\/p>\r\n\r\n\r\n\r\n<p><span style=\"color: #52a0d7;\"><a style=\"color: #52a0d7;\" href=\"https:\/\/prooptica.pt\/wp-content\/uploads\/2023\/01\/SL-INSIGHTS-OUT-ACUIDADE.pdf\">FIND OUT MORE IN THE FULL ARTICLE<\/a><\/span><\/p>","protected":false},"excerpt":{"rendered":"<p>\u00c9 consensual que o sistema visual desempenha um papel vital no desenvolvimento das crian\u00e7as, quer ao n\u00edvel intelectual, quer ao n\u00edvel social, pois a vis\u00e3o \u00e9 um processo din\u00e2mico que integra informa\u00e7\u00e3o sensitiva e motora gerada pelo c\u00e9rebro e pelo corpo, para da\u00ed extrair significado e movimento. Um dos grandes desafios \u00e9 a identifica\u00e7\u00e3o de [&hellip;]<\/p>\n","protected":false},"author":2,"featured_media":15923,"comment_status":"closed","ping_status":"closed","sticky":false,"template":"","format":"standard","meta":{"footnotes":""},"categories":[187],"tags":[],"class_list":["post-15620","post","type-post","status-publish","format-standard","has-post-thumbnail","hentry","category-lentes"],"yoast_head":"<!-- This site is optimized with the Yoast SEO plugin v27.4 - https:\/\/yoast.com\/product\/yoast-seo-wordpress\/ -->\n<title>A Acuidade visual e o Desenvolvimento da Crian\u00e7a - Prooptica<\/title>\n<meta name=\"robots\" content=\"index, follow, max-snippet:-1, max-image-preview:large, max-video-preview:-1\" \/>\n<link rel=\"canonical\" href=\"https:\/\/www.prooptica.pt\/en\/visual-acuity-and-child-development\/\" \/>\n<meta property=\"og:locale\" content=\"en_GB\" \/>\n<meta property=\"og:type\" content=\"article\" \/>\n<meta property=\"og:title\" content=\"A Acuidade visual e o Desenvolvimento da Crian\u00e7a - Prooptica\" \/>\n<meta property=\"og:description\" content=\"\u00c9 consensual que o sistema visual desempenha um papel vital no desenvolvimento das crian\u00e7as, quer ao n\u00edvel intelectual, quer ao n\u00edvel social, pois a vis\u00e3o \u00e9 um processo din\u00e2mico que integra informa\u00e7\u00e3o sensitiva e motora gerada pelo c\u00e9rebro e pelo corpo, para da\u00ed extrair significado e movimento. Um dos grandes desafios \u00e9 a identifica\u00e7\u00e3o de [&hellip;]\" \/>\n<meta property=\"og:url\" content=\"https:\/\/www.prooptica.pt\/en\/visual-acuity-and-child-development\/\" \/>\n<meta property=\"og:site_name\" content=\"Prooptica\" \/>\n<meta property=\"article:published_time\" content=\"2022-10-21T13:14:14+00:00\" \/>\n<meta property=\"article:modified_time\" content=\"2023-05-31T13:58:14+00:00\" \/>\n<meta property=\"og:image\" content=\"https:\/\/www.prooptica.pt\/wp-content\/uploads\/2023\/01\/shutterstock_1896780901-860x573-1.jpg\" \/>\n\t<meta property=\"og:image:width\" content=\"860\" \/>\n\t<meta property=\"og:image:height\" content=\"573\" \/>\n\t<meta property=\"og:image:type\" content=\"image\/jpeg\" \/>\n<meta name=\"author\" content=\"admin\" \/>\n<meta name=\"twitter:card\" content=\"summary_large_image\" \/>\n<meta name=\"twitter:label1\" content=\"Written by\" \/>\n\t<meta name=\"twitter:data1\" content=\"admin\" \/>\n\t<meta name=\"twitter:label2\" content=\"Estimated reading time\" \/>\n\t<meta name=\"twitter:data2\" content=\"1 minute\" \/>\n<script type=\"application\/ld+json\" class=\"yoast-schema-graph\">{\"@context\":\"https:\\\/\\\/schema.org\",\"@graph\":[{\"@type\":\"Article\",\"@id\":\"https:\\\/\\\/www.prooptica.pt\\\/a-acuidade-visual-e-o-desenvolvimento-da-crianca\\\/#article\",\"isPartOf\":{\"@id\":\"https:\\\/\\\/www.prooptica.pt\\\/a-acuidade-visual-e-o-desenvolvimento-da-crianca\\\/\"},\"author\":{\"name\":\"admin\",\"@id\":\"https:\\\/\\\/www.prooptica.pt\\\/home\\\/#\\\/schema\\\/person\\\/1cbd826a9322a3c38a052e43d1638306\"},\"headline\":\"A Acuidade visual e o Desenvolvimento da Crian\u00e7a\",\"datePublished\":\"2022-10-21T13:14:14+00:00\",\"dateModified\":\"2023-05-31T13:58:14+00:00\",\"mainEntityOfPage\":{\"@id\":\"https:\\\/\\\/www.prooptica.pt\\\/a-acuidade-visual-e-o-desenvolvimento-da-crianca\\\/\"},\"wordCount\":106,\"image\":{\"@id\":\"https:\\\/\\\/www.prooptica.pt\\\/a-acuidade-visual-e-o-desenvolvimento-da-crianca\\\/#primaryimage\"},\"thumbnailUrl\":\"https:\\\/\\\/www.prooptica.pt\\\/wp-content\\\/uploads\\\/2023\\\/01\\\/shutterstock_1896780901-860x573-1.jpg\",\"articleSection\":[\"Lentes\"],\"inLanguage\":\"en-GB\"},{\"@type\":\"WebPage\",\"@id\":\"https:\\\/\\\/www.prooptica.pt\\\/a-acuidade-visual-e-o-desenvolvimento-da-crianca\\\/\",\"url\":\"https:\\\/\\\/www.prooptica.pt\\\/a-acuidade-visual-e-o-desenvolvimento-da-crianca\\\/\",\"name\":\"A Acuidade visual e o Desenvolvimento da Crian\u00e7a - Prooptica\",\"isPartOf\":{\"@id\":\"https:\\\/\\\/www.prooptica.pt\\\/home\\\/#website\"},\"primaryImageOfPage\":{\"@id\":\"https:\\\/\\\/www.prooptica.pt\\\/a-acuidade-visual-e-o-desenvolvimento-da-crianca\\\/#primaryimage\"},\"image\":{\"@id\":\"https:\\\/\\\/www.prooptica.pt\\\/a-acuidade-visual-e-o-desenvolvimento-da-crianca\\\/#primaryimage\"},\"thumbnailUrl\":\"https:\\\/\\\/www.prooptica.pt\\\/wp-content\\\/uploads\\\/2023\\\/01\\\/shutterstock_1896780901-860x573-1.jpg\",\"datePublished\":\"2022-10-21T13:14:14+00:00\",\"dateModified\":\"2023-05-31T13:58:14+00:00\",\"author\":{\"@id\":\"https:\\\/\\\/www.prooptica.pt\\\/home\\\/#\\\/schema\\\/person\\\/1cbd826a9322a3c38a052e43d1638306\"},\"breadcrumb\":{\"@id\":\"https:\\\/\\\/www.prooptica.pt\\\/a-acuidade-visual-e-o-desenvolvimento-da-crianca\\\/#breadcrumb\"},\"inLanguage\":\"en-GB\",\"potentialAction\":[{\"@type\":\"ReadAction\",\"target\":[\"https:\\\/\\\/www.prooptica.pt\\\/a-acuidade-visual-e-o-desenvolvimento-da-crianca\\\/\"]}]},{\"@type\":\"ImageObject\",\"inLanguage\":\"en-GB\",\"@id\":\"https:\\\/\\\/www.prooptica.pt\\\/a-acuidade-visual-e-o-desenvolvimento-da-crianca\\\/#primaryimage\",\"url\":\"https:\\\/\\\/www.prooptica.pt\\\/wp-content\\\/uploads\\\/2023\\\/01\\\/shutterstock_1896780901-860x573-1.jpg\",\"contentUrl\":\"https:\\\/\\\/www.prooptica.pt\\\/wp-content\\\/uploads\\\/2023\\\/01\\\/shutterstock_1896780901-860x573-1.jpg\",\"width\":860,\"height\":573},{\"@type\":\"BreadcrumbList\",\"@id\":\"https:\\\/\\\/www.prooptica.pt\\\/a-acuidade-visual-e-o-desenvolvimento-da-crianca\\\/#breadcrumb\",\"itemListElement\":[{\"@type\":\"ListItem\",\"position\":1,\"name\":\"In\u00edcio\",\"item\":\"https:\\\/\\\/www.prooptica.pt\\\/\"},{\"@type\":\"ListItem\",\"position\":2,\"name\":\"A Acuidade visual e o Desenvolvimento da Crian\u00e7a\"}]},{\"@type\":\"WebSite\",\"@id\":\"https:\\\/\\\/www.prooptica.pt\\\/home\\\/#website\",\"url\":\"https:\\\/\\\/www.prooptica.pt\\\/home\\\/\",\"name\":\"Prooptica\",\"description\":\"Full Eyewear Concept\",\"potentialAction\":[{\"@type\":\"SearchAction\",\"target\":{\"@type\":\"EntryPoint\",\"urlTemplate\":\"https:\\\/\\\/www.prooptica.pt\\\/home\\\/?s={search_term_string}\"},\"query-input\":{\"@type\":\"PropertyValueSpecification\",\"valueRequired\":true,\"valueName\":\"search_term_string\"}}],\"inLanguage\":\"en-GB\"},{\"@type\":\"Person\",\"@id\":\"https:\\\/\\\/www.prooptica.pt\\\/home\\\/#\\\/schema\\\/person\\\/1cbd826a9322a3c38a052e43d1638306\",\"name\":\"admin\",\"image\":{\"@type\":\"ImageObject\",\"inLanguage\":\"en-GB\",\"@id\":\"https:\\\/\\\/secure.gravatar.com\\\/avatar\\\/528c714482569d81724b02603aa719344e9ad7c0b50becf07272b2086b2c1cfd?s=96&d=mm&r=g\",\"url\":\"https:\\\/\\\/secure.gravatar.com\\\/avatar\\\/528c714482569d81724b02603aa719344e9ad7c0b50becf07272b2086b2c1cfd?s=96&d=mm&r=g\",\"contentUrl\":\"https:\\\/\\\/secure.gravatar.com\\\/avatar\\\/528c714482569d81724b02603aa719344e9ad7c0b50becf07272b2086b2c1cfd?s=96&d=mm&r=g\",\"caption\":\"admin\"},\"url\":\"https:\\\/\\\/www.prooptica.pt\\\/en\\\/author\\\/admin\\\/\"}]}<\/script>\n<!-- \/ Yoast SEO plugin. -->","yoast_head_json":{"title":"Visual Acuity and Child Development - Prooptica","robots":{"index":"index","follow":"follow","max-snippet":"max-snippet:-1","max-image-preview":"max-image-preview:large","max-video-preview":"max-video-preview:-1"},"canonical":"https:\/\/www.prooptica.pt\/en\/visual-acuity-and-child-development\/","og_locale":"en_GB","og_type":"article","og_title":"A Acuidade visual e o Desenvolvimento da Crian\u00e7a - Prooptica","og_description":"\u00c9 consensual que o sistema visual desempenha um papel vital no desenvolvimento das crian\u00e7as, quer ao n\u00edvel intelectual, quer ao n\u00edvel social, pois a vis\u00e3o \u00e9 um processo din\u00e2mico que integra informa\u00e7\u00e3o sensitiva e motora gerada pelo c\u00e9rebro e pelo corpo, para da\u00ed extrair significado e movimento. Um dos grandes desafios \u00e9 a identifica\u00e7\u00e3o de [&hellip;]","og_url":"https:\/\/www.prooptica.pt\/en\/visual-acuity-and-child-development\/","og_site_name":"Prooptica","article_published_time":"2022-10-21T13:14:14+00:00","article_modified_time":"2023-05-31T13:58:14+00:00","og_image":[{"width":860,"height":573,"url":"https:\/\/www.prooptica.pt\/wp-content\/uploads\/2023\/01\/shutterstock_1896780901-860x573-1.jpg","type":"image\/jpeg"}],"author":"admin","twitter_card":"summary_large_image","twitter_misc":{"Written by":"admin","Estimated reading time":"1 minute"},"schema":{"@context":"https:\/\/schema.org","@graph":[{"@type":"Article","@id":"https:\/\/www.prooptica.pt\/a-acuidade-visual-e-o-desenvolvimento-da-crianca\/#article","isPartOf":{"@id":"https:\/\/www.prooptica.pt\/a-acuidade-visual-e-o-desenvolvimento-da-crianca\/"},"author":{"name":"admin","@id":"https:\/\/www.prooptica.pt\/home\/#\/schema\/person\/1cbd826a9322a3c38a052e43d1638306"},"headline":"A Acuidade visual e o Desenvolvimento da Crian\u00e7a","datePublished":"2022-10-21T13:14:14+00:00","dateModified":"2023-05-31T13:58:14+00:00","mainEntityOfPage":{"@id":"https:\/\/www.prooptica.pt\/a-acuidade-visual-e-o-desenvolvimento-da-crianca\/"},"wordCount":106,"image":{"@id":"https:\/\/www.prooptica.pt\/a-acuidade-visual-e-o-desenvolvimento-da-crianca\/#primaryimage"},"thumbnailUrl":"https:\/\/www.prooptica.pt\/wp-content\/uploads\/2023\/01\/shutterstock_1896780901-860x573-1.jpg","articleSection":["Lentes"],"inLanguage":"en-GB"},{"@type":"WebPage","@id":"https:\/\/www.prooptica.pt\/a-acuidade-visual-e-o-desenvolvimento-da-crianca\/","url":"https:\/\/www.prooptica.pt\/a-acuidade-visual-e-o-desenvolvimento-da-crianca\/","name":"Visual Acuity and Child Development - Prooptica","isPartOf":{"@id":"https:\/\/www.prooptica.pt\/home\/#website"},"primaryImageOfPage":{"@id":"https:\/\/www.prooptica.pt\/a-acuidade-visual-e-o-desenvolvimento-da-crianca\/#primaryimage"},"image":{"@id":"https:\/\/www.prooptica.pt\/a-acuidade-visual-e-o-desenvolvimento-da-crianca\/#primaryimage"},"thumbnailUrl":"https:\/\/www.prooptica.pt\/wp-content\/uploads\/2023\/01\/shutterstock_1896780901-860x573-1.jpg","datePublished":"2022-10-21T13:14:14+00:00","dateModified":"2023-05-31T13:58:14+00:00","author":{"@id":"https:\/\/www.prooptica.pt\/home\/#\/schema\/person\/1cbd826a9322a3c38a052e43d1638306"},"breadcrumb":{"@id":"https:\/\/www.prooptica.pt\/a-acuidade-visual-e-o-desenvolvimento-da-crianca\/#breadcrumb"},"inLanguage":"en-GB","potentialAction":[{"@type":"ReadAction","target":["https:\/\/www.prooptica.pt\/a-acuidade-visual-e-o-desenvolvimento-da-crianca\/"]}]},{"@type":"ImageObject","inLanguage":"en-GB","@id":"https:\/\/www.prooptica.pt\/a-acuidade-visual-e-o-desenvolvimento-da-crianca\/#primaryimage","url":"https:\/\/www.prooptica.pt\/wp-content\/uploads\/2023\/01\/shutterstock_1896780901-860x573-1.jpg","contentUrl":"https:\/\/www.prooptica.pt\/wp-content\/uploads\/2023\/01\/shutterstock_1896780901-860x573-1.jpg","width":860,"height":573},{"@type":"BreadcrumbList","@id":"https:\/\/www.prooptica.pt\/a-acuidade-visual-e-o-desenvolvimento-da-crianca\/#breadcrumb","itemListElement":[{"@type":"ListItem","position":1,"name":"In\u00edcio","item":"https:\/\/www.prooptica.pt\/"},{"@type":"ListItem","position":2,"name":"A Acuidade visual e o Desenvolvimento da Crian\u00e7a"}]},{"@type":"WebSite","@id":"https:\/\/www.prooptica.pt\/home\/#website","url":"https:\/\/www.prooptica.pt\/home\/","name":"Prooptica","description":"Full Eyewear Concept","potentialAction":[{"@type":"SearchAction","target":{"@type":"EntryPoint","urlTemplate":"https:\/\/www.prooptica.pt\/home\/?s={search_term_string}"},"query-input":{"@type":"PropertyValueSpecification","valueRequired":true,"valueName":"search_term_string"}}],"inLanguage":"en-GB"},{"@type":"Person","@id":"https:\/\/www.prooptica.pt\/home\/#\/schema\/person\/1cbd826a9322a3c38a052e43d1638306","name":"admin","image":{"@type":"ImageObject","inLanguage":"en-GB","@id":"https:\/\/secure.gravatar.com\/avatar\/528c714482569d81724b02603aa719344e9ad7c0b50becf07272b2086b2c1cfd?s=96&d=mm&r=g","url":"https:\/\/secure.gravatar.com\/avatar\/528c714482569d81724b02603aa719344e9ad7c0b50becf07272b2086b2c1cfd?s=96&d=mm&r=g","contentUrl":"https:\/\/secure.gravatar.com\/avatar\/528c714482569d81724b02603aa719344e9ad7c0b50becf07272b2086b2c1cfd?s=96&d=mm&r=g","caption":"admin"},"url":"https:\/\/www.prooptica.pt\/en\/author\/admin\/"}]}},"_links":{"self":[{"href":"https:\/\/www.prooptica.pt\/en\/wp-json\/wp\/v2\/posts\/15620","targetHints":{"allow":["GET"]}}],"collection":[{"href":"https:\/\/www.prooptica.pt\/en\/wp-json\/wp\/v2\/posts"}],"about":[{"href":"https:\/\/www.prooptica.pt\/en\/wp-json\/wp\/v2\/types\/post"}],"author":[{"embeddable":true,"href":"https:\/\/www.prooptica.pt\/en\/wp-json\/wp\/v2\/users\/2"}],"replies":[{"embeddable":true,"href":"https:\/\/www.prooptica.pt\/en\/wp-json\/wp\/v2\/comments?post=15620"}],"version-history":[{"count":0,"href":"https:\/\/www.prooptica.pt\/en\/wp-json\/wp\/v2\/posts\/15620\/revisions"}],"wp:featuredmedia":[{"embeddable":true,"href":"https:\/\/www.prooptica.pt\/en\/wp-json\/wp\/v2\/media\/15923"}],"wp:attachment":[{"href":"https:\/\/www.prooptica.pt\/en\/wp-json\/wp\/v2\/media?parent=15620"}],"wp:term":[{"taxonomy":"category","embeddable":true,"href":"https:\/\/www.prooptica.pt\/en\/wp-json\/wp\/v2\/categories?post=15620"},{"taxonomy":"post_tag","embeddable":true,"href":"https:\/\/www.prooptica.pt\/en\/wp-json\/wp\/v2\/tags?post=15620"}],"curies":[{"name":"wp","href":"https:\/\/api.w.org\/{rel}","templated":true}]}}