{"id":15624,"date":"2022-10-04T13:17:27","date_gmt":"2022-10-04T13:17:27","guid":{"rendered":"https:\/\/prooptica.pt\/?p=15624"},"modified":"2023-11-02T15:54:57","modified_gmt":"2023-11-02T15:54:57","slug":"have-you-ever-heard-of-occupational-ophthalmic-lenses","status":"publish","type":"post","link":"https:\/\/www.prooptica.pt\/en\/ja-ouviu-falar-de-lentes-oftalmicas-ocupacionais\/","title":{"rendered":"Have you ever heard of Occupational Ophthalmic Lenses?"},"content":{"rendered":"<h2 class=\"wp-block-heading\">Presbyopia ? Computers ?<\/h2>\r\n\r\n\r\n\r\n<p>Even if you've never needed to wear prescription glasses in your life, it's natural to start experiencing some difficulty in focusing at close range (40cm), making activities such as reading and\/or consulting your smartphone more difficult, particularly in low light\/contrast environments.<\/p>\r\n\r\n\r\n\r\n<h3 class=\"wp-block-heading\">So are progressive lenses really the ideal solution for everyone?<\/h3>\r\n\r\n\r\n\r\n<h3 class=\"wp-block-heading\"><strong>MAYBE NOT...<\/strong><\/h3>\r\n\r\n\r\n\r\n<p><strong>Find out in our article<\/strong> what Presbyopia is and how occupational ophthalmic lenses will make it easier for you to work and read.<\/p>\r\n\r\n\r\n\r\n<p><span style=\"color: #52a0d7;\"><a style=\"color: #52a0d7;\" href=\"https:\/\/www.prooptica.pt\/wp-content\/uploads\/2023\/11\/SL-INSIGHTS-Ocupacionais_web.pdf\" target=\"_blank\" rel=\"noopener\">READ THE FULL ARTICLE<\/a><\/span><\/p>","protected":false},"excerpt":{"rendered":"<p>Presbiopia ? Computadores ? Mesmo nunca tendo tido a necessidade de usar \u00f3culos graduados durante a sua vida, perto dos 45 anos \u00e9 natural come\u00e7ar a sentir alguma dificuldade na focagem ao perto (40cm), tornando atividades como ler e\/ou consultar o seu smartphone mais dif\u00edeis, particularmente em ambientes de pouca luz\/contraste. Ent\u00e3o as lentes progressivas [&hellip;]<\/p>\n","protected":false},"author":2,"featured_media":15945,"comment_status":"closed","ping_status":"closed","sticky":false,"template":"","format":"standard","meta":{"footnotes":""},"categories":[187],"tags":[],"class_list":["post-15624","post","type-post","status-publish","format-standard","has-post-thumbnail","hentry","category-lentes"],"yoast_head":"<!-- This site is optimized with the Yoast SEO plugin v27.5 - https:\/\/yoast.com\/product\/yoast-seo-wordpress\/ -->\n<title>J\u00e1 ouviu falar de Lentes Oft\u00e1lmicas Ocupacionais? - Prooptica<\/title>\n<meta name=\"robots\" content=\"index, follow, max-snippet:-1, max-image-preview:large, max-video-preview:-1\" \/>\n<link rel=\"canonical\" href=\"https:\/\/www.prooptica.pt\/en\/have-you-ever-heard-of-occupational-ophthalmic-lenses\/\" \/>\n<meta property=\"og:locale\" content=\"en_GB\" \/>\n<meta property=\"og:type\" content=\"article\" \/>\n<meta property=\"og:title\" content=\"J\u00e1 ouviu falar de Lentes Oft\u00e1lmicas Ocupacionais? - Prooptica\" \/>\n<meta property=\"og:description\" content=\"Presbiopia ? Computadores ? Mesmo nunca tendo tido a necessidade de usar \u00f3culos graduados durante a sua vida, perto dos 45 anos \u00e9 natural come\u00e7ar a sentir alguma dificuldade na focagem ao perto (40cm), tornando atividades como ler e\/ou consultar o seu smartphone mais dif\u00edeis, particularmente em ambientes de pouca luz\/contraste. Ent\u00e3o as lentes progressivas [&hellip;]\" \/>\n<meta property=\"og:url\" content=\"https:\/\/www.prooptica.pt\/en\/have-you-ever-heard-of-occupational-ophthalmic-lenses\/\" \/>\n<meta property=\"og:site_name\" content=\"Prooptica\" \/>\n<meta property=\"article:published_time\" content=\"2022-10-04T13:17:27+00:00\" \/>\n<meta property=\"article:modified_time\" content=\"2023-11-02T15:54:57+00:00\" \/>\n<meta property=\"og:image\" content=\"https:\/\/www.prooptica.pt\/wp-content\/uploads\/2023\/01\/Cover-article-860x542-1.jpg\" \/>\n\t<meta property=\"og:image:width\" content=\"860\" \/>\n\t<meta property=\"og:image:height\" content=\"542\" \/>\n\t<meta property=\"og:image:type\" content=\"image\/jpeg\" \/>\n<meta name=\"author\" content=\"admin\" \/>\n<meta name=\"twitter:card\" content=\"summary_large_image\" \/>\n<meta name=\"twitter:label1\" content=\"Written by\" \/>\n\t<meta name=\"twitter:data1\" content=\"admin\" \/>\n\t<meta name=\"twitter:label2\" content=\"Estimated reading time\" \/>\n\t<meta name=\"twitter:data2\" content=\"1 minute\" \/>\n<script type=\"application\/ld+json\" class=\"yoast-schema-graph\">{\"@context\":\"https:\\\/\\\/schema.org\",\"@graph\":[{\"@type\":\"Article\",\"@id\":\"https:\\\/\\\/www.prooptica.pt\\\/ja-ouviu-falar-de-lentes-oftalmicas-ocupacionais\\\/#article\",\"isPartOf\":{\"@id\":\"https:\\\/\\\/www.prooptica.pt\\\/ja-ouviu-falar-de-lentes-oftalmicas-ocupacionais\\\/\"},\"author\":{\"name\":\"admin\",\"@id\":\"https:\\\/\\\/www.prooptica.pt\\\/home\\\/#\\\/schema\\\/person\\\/1cbd826a9322a3c38a052e43d1638306\"},\"headline\":\"J\u00e1 ouviu falar de Lentes Oft\u00e1lmicas Ocupacionais?\",\"datePublished\":\"2022-10-04T13:17:27+00:00\",\"dateModified\":\"2023-11-02T15:54:57+00:00\",\"mainEntityOfPage\":{\"@id\":\"https:\\\/\\\/www.prooptica.pt\\\/ja-ouviu-falar-de-lentes-oftalmicas-ocupacionais\\\/\"},\"wordCount\":104,\"image\":{\"@id\":\"https:\\\/\\\/www.prooptica.pt\\\/ja-ouviu-falar-de-lentes-oftalmicas-ocupacionais\\\/#primaryimage\"},\"thumbnailUrl\":\"https:\\\/\\\/www.prooptica.pt\\\/wp-content\\\/uploads\\\/2023\\\/01\\\/Cover-article-860x542-1.jpg\",\"articleSection\":[\"Lentes\"],\"inLanguage\":\"en-GB\"},{\"@type\":\"WebPage\",\"@id\":\"https:\\\/\\\/www.prooptica.pt\\\/ja-ouviu-falar-de-lentes-oftalmicas-ocupacionais\\\/\",\"url\":\"https:\\\/\\\/www.prooptica.pt\\\/ja-ouviu-falar-de-lentes-oftalmicas-ocupacionais\\\/\",\"name\":\"J\u00e1 ouviu falar de Lentes Oft\u00e1lmicas Ocupacionais? - Prooptica\",\"isPartOf\":{\"@id\":\"https:\\\/\\\/www.prooptica.pt\\\/home\\\/#website\"},\"primaryImageOfPage\":{\"@id\":\"https:\\\/\\\/www.prooptica.pt\\\/ja-ouviu-falar-de-lentes-oftalmicas-ocupacionais\\\/#primaryimage\"},\"image\":{\"@id\":\"https:\\\/\\\/www.prooptica.pt\\\/ja-ouviu-falar-de-lentes-oftalmicas-ocupacionais\\\/#primaryimage\"},\"thumbnailUrl\":\"https:\\\/\\\/www.prooptica.pt\\\/wp-content\\\/uploads\\\/2023\\\/01\\\/Cover-article-860x542-1.jpg\",\"datePublished\":\"2022-10-04T13:17:27+00:00\",\"dateModified\":\"2023-11-02T15:54:57+00:00\",\"author\":{\"@id\":\"https:\\\/\\\/www.prooptica.pt\\\/home\\\/#\\\/schema\\\/person\\\/1cbd826a9322a3c38a052e43d1638306\"},\"breadcrumb\":{\"@id\":\"https:\\\/\\\/www.prooptica.pt\\\/ja-ouviu-falar-de-lentes-oftalmicas-ocupacionais\\\/#breadcrumb\"},\"inLanguage\":\"en-GB\",\"potentialAction\":[{\"@type\":\"ReadAction\",\"target\":[\"https:\\\/\\\/www.prooptica.pt\\\/ja-ouviu-falar-de-lentes-oftalmicas-ocupacionais\\\/\"]}]},{\"@type\":\"ImageObject\",\"inLanguage\":\"en-GB\",\"@id\":\"https:\\\/\\\/www.prooptica.pt\\\/ja-ouviu-falar-de-lentes-oftalmicas-ocupacionais\\\/#primaryimage\",\"url\":\"https:\\\/\\\/www.prooptica.pt\\\/wp-content\\\/uploads\\\/2023\\\/01\\\/Cover-article-860x542-1.jpg\",\"contentUrl\":\"https:\\\/\\\/www.prooptica.pt\\\/wp-content\\\/uploads\\\/2023\\\/01\\\/Cover-article-860x542-1.jpg\",\"width\":860,\"height\":542},{\"@type\":\"BreadcrumbList\",\"@id\":\"https:\\\/\\\/www.prooptica.pt\\\/ja-ouviu-falar-de-lentes-oftalmicas-ocupacionais\\\/#breadcrumb\",\"itemListElement\":[{\"@type\":\"ListItem\",\"position\":1,\"name\":\"In\u00edcio\",\"item\":\"https:\\\/\\\/www.prooptica.pt\\\/\"},{\"@type\":\"ListItem\",\"position\":2,\"name\":\"J\u00e1 ouviu falar de Lentes Oft\u00e1lmicas Ocupacionais?\"}]},{\"@type\":\"WebSite\",\"@id\":\"https:\\\/\\\/www.prooptica.pt\\\/home\\\/#website\",\"url\":\"https:\\\/\\\/www.prooptica.pt\\\/home\\\/\",\"name\":\"Prooptica\",\"description\":\"Full Eyewear Concept\",\"potentialAction\":[{\"@type\":\"SearchAction\",\"target\":{\"@type\":\"EntryPoint\",\"urlTemplate\":\"https:\\\/\\\/www.prooptica.pt\\\/home\\\/?s={search_term_string}\"},\"query-input\":{\"@type\":\"PropertyValueSpecification\",\"valueRequired\":true,\"valueName\":\"search_term_string\"}}],\"inLanguage\":\"en-GB\"},{\"@type\":\"Person\",\"@id\":\"https:\\\/\\\/www.prooptica.pt\\\/home\\\/#\\\/schema\\\/person\\\/1cbd826a9322a3c38a052e43d1638306\",\"name\":\"admin\",\"image\":{\"@type\":\"ImageObject\",\"inLanguage\":\"en-GB\",\"@id\":\"https:\\\/\\\/secure.gravatar.com\\\/avatar\\\/528c714482569d81724b02603aa719344e9ad7c0b50becf07272b2086b2c1cfd?s=96&d=mm&r=g\",\"url\":\"https:\\\/\\\/secure.gravatar.com\\\/avatar\\\/528c714482569d81724b02603aa719344e9ad7c0b50becf07272b2086b2c1cfd?s=96&d=mm&r=g\",\"contentUrl\":\"https:\\\/\\\/secure.gravatar.com\\\/avatar\\\/528c714482569d81724b02603aa719344e9ad7c0b50becf07272b2086b2c1cfd?s=96&d=mm&r=g\",\"caption\":\"admin\"},\"url\":\"https:\\\/\\\/www.prooptica.pt\\\/en\\\/author\\\/admin\\\/\"}]}<\/script>\n<!-- \/ Yoast SEO plugin. -->","yoast_head_json":{"title":"Have you heard of Occupational Ophthalmic Lenses? - Prooptica","robots":{"index":"index","follow":"follow","max-snippet":"max-snippet:-1","max-image-preview":"max-image-preview:large","max-video-preview":"max-video-preview:-1"},"canonical":"https:\/\/www.prooptica.pt\/en\/have-you-ever-heard-of-occupational-ophthalmic-lenses\/","og_locale":"en_GB","og_type":"article","og_title":"J\u00e1 ouviu falar de Lentes Oft\u00e1lmicas Ocupacionais? - Prooptica","og_description":"Presbiopia ? Computadores ? Mesmo nunca tendo tido a necessidade de usar \u00f3culos graduados durante a sua vida, perto dos 45 anos \u00e9 natural come\u00e7ar a sentir alguma dificuldade na focagem ao perto (40cm), tornando atividades como ler e\/ou consultar o seu smartphone mais dif\u00edeis, particularmente em ambientes de pouca luz\/contraste. Ent\u00e3o as lentes progressivas [&hellip;]","og_url":"https:\/\/www.prooptica.pt\/en\/have-you-ever-heard-of-occupational-ophthalmic-lenses\/","og_site_name":"Prooptica","article_published_time":"2022-10-04T13:17:27+00:00","article_modified_time":"2023-11-02T15:54:57+00:00","og_image":[{"width":860,"height":542,"url":"https:\/\/www.prooptica.pt\/wp-content\/uploads\/2023\/01\/Cover-article-860x542-1.jpg","type":"image\/jpeg"}],"author":"admin","twitter_card":"summary_large_image","twitter_misc":{"Written by":"admin","Estimated reading time":"1 minute"},"schema":{"@context":"https:\/\/schema.org","@graph":[{"@type":"Article","@id":"https:\/\/www.prooptica.pt\/ja-ouviu-falar-de-lentes-oftalmicas-ocupacionais\/#article","isPartOf":{"@id":"https:\/\/www.prooptica.pt\/ja-ouviu-falar-de-lentes-oftalmicas-ocupacionais\/"},"author":{"name":"admin","@id":"https:\/\/www.prooptica.pt\/home\/#\/schema\/person\/1cbd826a9322a3c38a052e43d1638306"},"headline":"J\u00e1 ouviu falar de Lentes Oft\u00e1lmicas Ocupacionais?","datePublished":"2022-10-04T13:17:27+00:00","dateModified":"2023-11-02T15:54:57+00:00","mainEntityOfPage":{"@id":"https:\/\/www.prooptica.pt\/ja-ouviu-falar-de-lentes-oftalmicas-ocupacionais\/"},"wordCount":104,"image":{"@id":"https:\/\/www.prooptica.pt\/ja-ouviu-falar-de-lentes-oftalmicas-ocupacionais\/#primaryimage"},"thumbnailUrl":"https:\/\/www.prooptica.pt\/wp-content\/uploads\/2023\/01\/Cover-article-860x542-1.jpg","articleSection":["Lentes"],"inLanguage":"en-GB"},{"@type":"WebPage","@id":"https:\/\/www.prooptica.pt\/ja-ouviu-falar-de-lentes-oftalmicas-ocupacionais\/","url":"https:\/\/www.prooptica.pt\/ja-ouviu-falar-de-lentes-oftalmicas-ocupacionais\/","name":"Have you heard of Occupational Ophthalmic Lenses? - Prooptica","isPartOf":{"@id":"https:\/\/www.prooptica.pt\/home\/#website"},"primaryImageOfPage":{"@id":"https:\/\/www.prooptica.pt\/ja-ouviu-falar-de-lentes-oftalmicas-ocupacionais\/#primaryimage"},"image":{"@id":"https:\/\/www.prooptica.pt\/ja-ouviu-falar-de-lentes-oftalmicas-ocupacionais\/#primaryimage"},"thumbnailUrl":"https:\/\/www.prooptica.pt\/wp-content\/uploads\/2023\/01\/Cover-article-860x542-1.jpg","datePublished":"2022-10-04T13:17:27+00:00","dateModified":"2023-11-02T15:54:57+00:00","author":{"@id":"https:\/\/www.prooptica.pt\/home\/#\/schema\/person\/1cbd826a9322a3c38a052e43d1638306"},"breadcrumb":{"@id":"https:\/\/www.prooptica.pt\/ja-ouviu-falar-de-lentes-oftalmicas-ocupacionais\/#breadcrumb"},"inLanguage":"en-GB","potentialAction":[{"@type":"ReadAction","target":["https:\/\/www.prooptica.pt\/ja-ouviu-falar-de-lentes-oftalmicas-ocupacionais\/"]}]},{"@type":"ImageObject","inLanguage":"en-GB","@id":"https:\/\/www.prooptica.pt\/ja-ouviu-falar-de-lentes-oftalmicas-ocupacionais\/#primaryimage","url":"https:\/\/www.prooptica.pt\/wp-content\/uploads\/2023\/01\/Cover-article-860x542-1.jpg","contentUrl":"https:\/\/www.prooptica.pt\/wp-content\/uploads\/2023\/01\/Cover-article-860x542-1.jpg","width":860,"height":542},{"@type":"BreadcrumbList","@id":"https:\/\/www.prooptica.pt\/ja-ouviu-falar-de-lentes-oftalmicas-ocupacionais\/#breadcrumb","itemListElement":[{"@type":"ListItem","position":1,"name":"In\u00edcio","item":"https:\/\/www.prooptica.pt\/"},{"@type":"ListItem","position":2,"name":"J\u00e1 ouviu falar de Lentes Oft\u00e1lmicas Ocupacionais?"}]},{"@type":"WebSite","@id":"https:\/\/www.prooptica.pt\/home\/#website","url":"https:\/\/www.prooptica.pt\/home\/","name":"Prooptica","description":"Full Eyewear Concept","potentialAction":[{"@type":"SearchAction","target":{"@type":"EntryPoint","urlTemplate":"https:\/\/www.prooptica.pt\/home\/?s={search_term_string}"},"query-input":{"@type":"PropertyValueSpecification","valueRequired":true,"valueName":"search_term_string"}}],"inLanguage":"en-GB"},{"@type":"Person","@id":"https:\/\/www.prooptica.pt\/home\/#\/schema\/person\/1cbd826a9322a3c38a052e43d1638306","name":"admin","image":{"@type":"ImageObject","inLanguage":"en-GB","@id":"https:\/\/secure.gravatar.com\/avatar\/528c714482569d81724b02603aa719344e9ad7c0b50becf07272b2086b2c1cfd?s=96&d=mm&r=g","url":"https:\/\/secure.gravatar.com\/avatar\/528c714482569d81724b02603aa719344e9ad7c0b50becf07272b2086b2c1cfd?s=96&d=mm&r=g","contentUrl":"https:\/\/secure.gravatar.com\/avatar\/528c714482569d81724b02603aa719344e9ad7c0b50becf07272b2086b2c1cfd?s=96&d=mm&r=g","caption":"admin"},"url":"https:\/\/www.prooptica.pt\/en\/author\/admin\/"}]}},"_links":{"self":[{"href":"https:\/\/www.prooptica.pt\/en\/wp-json\/wp\/v2\/posts\/15624","targetHints":{"allow":["GET"]}}],"collection":[{"href":"https:\/\/www.prooptica.pt\/en\/wp-json\/wp\/v2\/posts"}],"about":[{"href":"https:\/\/www.prooptica.pt\/en\/wp-json\/wp\/v2\/types\/post"}],"author":[{"embeddable":true,"href":"https:\/\/www.prooptica.pt\/en\/wp-json\/wp\/v2\/users\/2"}],"replies":[{"embeddable":true,"href":"https:\/\/www.prooptica.pt\/en\/wp-json\/wp\/v2\/comments?post=15624"}],"version-history":[{"count":1,"href":"https:\/\/www.prooptica.pt\/en\/wp-json\/wp\/v2\/posts\/15624\/revisions"}],"predecessor-version":[{"id":18371,"href":"https:\/\/www.prooptica.pt\/en\/wp-json\/wp\/v2\/posts\/15624\/revisions\/18371"}],"wp:featuredmedia":[{"embeddable":true,"href":"https:\/\/www.prooptica.pt\/en\/wp-json\/wp\/v2\/media\/15945"}],"wp:attachment":[{"href":"https:\/\/www.prooptica.pt\/en\/wp-json\/wp\/v2\/media?parent=15624"}],"wp:term":[{"taxonomy":"category","embeddable":true,"href":"https:\/\/www.prooptica.pt\/en\/wp-json\/wp\/v2\/categories?post=15624"},{"taxonomy":"post_tag","embeddable":true,"href":"https:\/\/www.prooptica.pt\/en\/wp-json\/wp\/v2\/tags?post=15624"}],"curies":[{"name":"wp","href":"https:\/\/api.w.org\/{rel}","templated":true}]}}