{"id":15640,"date":"2022-04-05T13:26:35","date_gmt":"2022-04-05T13:26:35","guid":{"rendered":"https:\/\/prooptica.pt\/?p=15640"},"modified":"2023-02-01T15:38:34","modified_gmt":"2023-02-01T15:38:34","slug":"prooptica-was-present-at-expooptica","status":"publish","type":"post","link":"https:\/\/www.prooptica.pt\/en\/prooptica-marcou-presenca-na-expooptica\/","title":{"rendered":"Prooptica was present at Expo\u00f3ptica"},"content":{"rendered":"<p>Prooptica took part in the 33rd edition of the <span style=\"color: #52a0d7;\"><a style=\"color: #52a0d7;\" href=\"https:\/\/www.ifema.es\/en\/expooptica\">Expo Optics<\/a><\/span> which took place from 1 to 3 April 2022 at IFEMA Madrid, at the same time as OPTOM (International Congress of Optometry, Contactology and Ophthalmic Optics). This was the company's first participation in what is the most important trade fair for the sector on the Iberian Peninsula and it was well attended by both Spanish and Portuguese opticians, as a result of the consolidation, recognition and strong commitment to Portuguese brands on the Iberian market.<\/p>\r\n\r\n\r\n\r\n<p>During the fair, and as a reinforcement of its current market strategy, Prooptica signed a collaboration agreement with the renowned fashion designer<span style=\"color: #52a0d7;\"><a style=\"color: #52a0d7;\" href=\"http:\/\/duyos.net\/\"> Juan Duyos<\/a><\/span>Duyos Eyewear, one of the most prominent names in Spanish fashion, has been awarded Best Collection several times at Madrid Fashion Week. This collaboration will see the launch of the Duyos Eyewear line and its distribution on the Iberian market in September this year.<\/p>","protected":false},"excerpt":{"rendered":"<p>A Prooptica participou na 33\u00aa edi\u00e7\u00e3o da Expo\u00d3ptica que decorreu de 1 a 3 de Abril de 2022 no recinto da IFEMA Madrid, em simult\u00e2neo com o OPTOM (Congresso Internacional de Optometria, Contactologia e \u00d3ptica Oft\u00e1lmica). Esta foi a primeira participa\u00e7\u00e3o da empresa naquela que \u00e9 a mais importante feira do sector na Pen\u00ednsula Ib\u00e9rica [&hellip;]<\/p>\n","protected":false},"author":2,"featured_media":15935,"comment_status":"open","ping_status":"open","sticky":false,"template":"","format":"standard","meta":{"footnotes":""},"categories":[195],"tags":[],"class_list":["post-15640","post","type-post","status-publish","format-standard","has-post-thumbnail","hentry","category-institucional"],"yoast_head":"<!-- This site is optimized with the Yoast SEO plugin v27.4 - https:\/\/yoast.com\/product\/yoast-seo-wordpress\/ -->\n<title>Prooptica marcou presen\u00e7a na Expo\u00f3ptica - Prooptica<\/title>\n<meta name=\"robots\" content=\"index, follow, max-snippet:-1, max-image-preview:large, max-video-preview:-1\" \/>\n<link rel=\"canonical\" href=\"https:\/\/www.prooptica.pt\/en\/prooptica-was-present-at-expooptica\/\" \/>\n<meta property=\"og:locale\" content=\"en_GB\" \/>\n<meta property=\"og:type\" content=\"article\" \/>\n<meta property=\"og:title\" content=\"Prooptica marcou presen\u00e7a na Expo\u00f3ptica - Prooptica\" \/>\n<meta property=\"og:description\" content=\"A Prooptica participou na 33\u00aa edi\u00e7\u00e3o da Expo\u00d3ptica que decorreu de 1 a 3 de Abril de 2022 no recinto da IFEMA Madrid, em simult\u00e2neo com o OPTOM (Congresso Internacional de Optometria, Contactologia e \u00d3ptica Oft\u00e1lmica). Esta foi a primeira participa\u00e7\u00e3o da empresa naquela que \u00e9 a mais importante feira do sector na Pen\u00ednsula Ib\u00e9rica [&hellip;]\" \/>\n<meta property=\"og:url\" content=\"https:\/\/www.prooptica.pt\/en\/prooptica-was-present-at-expooptica\/\" \/>\n<meta property=\"og:site_name\" content=\"Prooptica\" \/>\n<meta property=\"article:published_time\" content=\"2022-04-05T13:26:35+00:00\" \/>\n<meta property=\"article:modified_time\" content=\"2023-02-01T15:38:34+00:00\" \/>\n<meta property=\"og:image\" content=\"https:\/\/www.prooptica.pt\/wp-content\/uploads\/2023\/01\/Artboard-14Abril2022_B-860x422-1.jpg\" \/>\n\t<meta property=\"og:image:width\" content=\"860\" \/>\n\t<meta property=\"og:image:height\" content=\"422\" \/>\n\t<meta property=\"og:image:type\" content=\"image\/jpeg\" \/>\n<meta name=\"author\" content=\"admin\" \/>\n<meta name=\"twitter:card\" content=\"summary_large_image\" \/>\n<meta name=\"twitter:label1\" content=\"Written by\" \/>\n\t<meta name=\"twitter:data1\" content=\"admin\" \/>\n\t<meta name=\"twitter:label2\" content=\"Estimated reading time\" \/>\n\t<meta name=\"twitter:data2\" content=\"1 minute\" \/>\n<script type=\"application\/ld+json\" class=\"yoast-schema-graph\">{\"@context\":\"https:\\\/\\\/schema.org\",\"@graph\":[{\"@type\":\"Article\",\"@id\":\"https:\\\/\\\/www.prooptica.pt\\\/prooptica-marcou-presenca-na-expooptica\\\/#article\",\"isPartOf\":{\"@id\":\"https:\\\/\\\/www.prooptica.pt\\\/prooptica-marcou-presenca-na-expooptica\\\/\"},\"author\":{\"name\":\"admin\",\"@id\":\"https:\\\/\\\/www.prooptica.pt\\\/home\\\/#\\\/schema\\\/person\\\/1cbd826a9322a3c38a052e43d1638306\"},\"headline\":\"Prooptica marcou presen\u00e7a na Expo\u00f3ptica\",\"datePublished\":\"2022-04-05T13:26:35+00:00\",\"dateModified\":\"2023-02-01T15:38:34+00:00\",\"mainEntityOfPage\":{\"@id\":\"https:\\\/\\\/www.prooptica.pt\\\/prooptica-marcou-presenca-na-expooptica\\\/\"},\"wordCount\":168,\"commentCount\":0,\"image\":{\"@id\":\"https:\\\/\\\/www.prooptica.pt\\\/prooptica-marcou-presenca-na-expooptica\\\/#primaryimage\"},\"thumbnailUrl\":\"https:\\\/\\\/www.prooptica.pt\\\/wp-content\\\/uploads\\\/2023\\\/01\\\/Artboard-14Abril2022_B-860x422-1.jpg\",\"articleSection\":[\"Institucional\"],\"inLanguage\":\"en-GB\"},{\"@type\":\"WebPage\",\"@id\":\"https:\\\/\\\/www.prooptica.pt\\\/prooptica-marcou-presenca-na-expooptica\\\/\",\"url\":\"https:\\\/\\\/www.prooptica.pt\\\/prooptica-marcou-presenca-na-expooptica\\\/\",\"name\":\"Prooptica marcou presen\u00e7a na Expo\u00f3ptica - Prooptica\",\"isPartOf\":{\"@id\":\"https:\\\/\\\/www.prooptica.pt\\\/home\\\/#website\"},\"primaryImageOfPage\":{\"@id\":\"https:\\\/\\\/www.prooptica.pt\\\/prooptica-marcou-presenca-na-expooptica\\\/#primaryimage\"},\"image\":{\"@id\":\"https:\\\/\\\/www.prooptica.pt\\\/prooptica-marcou-presenca-na-expooptica\\\/#primaryimage\"},\"thumbnailUrl\":\"https:\\\/\\\/www.prooptica.pt\\\/wp-content\\\/uploads\\\/2023\\\/01\\\/Artboard-14Abril2022_B-860x422-1.jpg\",\"datePublished\":\"2022-04-05T13:26:35+00:00\",\"dateModified\":\"2023-02-01T15:38:34+00:00\",\"author\":{\"@id\":\"https:\\\/\\\/www.prooptica.pt\\\/home\\\/#\\\/schema\\\/person\\\/1cbd826a9322a3c38a052e43d1638306\"},\"breadcrumb\":{\"@id\":\"https:\\\/\\\/www.prooptica.pt\\\/prooptica-marcou-presenca-na-expooptica\\\/#breadcrumb\"},\"inLanguage\":\"en-GB\",\"potentialAction\":[{\"@type\":\"ReadAction\",\"target\":[\"https:\\\/\\\/www.prooptica.pt\\\/prooptica-marcou-presenca-na-expooptica\\\/\"]}]},{\"@type\":\"ImageObject\",\"inLanguage\":\"en-GB\",\"@id\":\"https:\\\/\\\/www.prooptica.pt\\\/prooptica-marcou-presenca-na-expooptica\\\/#primaryimage\",\"url\":\"https:\\\/\\\/www.prooptica.pt\\\/wp-content\\\/uploads\\\/2023\\\/01\\\/Artboard-14Abril2022_B-860x422-1.jpg\",\"contentUrl\":\"https:\\\/\\\/www.prooptica.pt\\\/wp-content\\\/uploads\\\/2023\\\/01\\\/Artboard-14Abril2022_B-860x422-1.jpg\",\"width\":860,\"height\":422},{\"@type\":\"BreadcrumbList\",\"@id\":\"https:\\\/\\\/www.prooptica.pt\\\/prooptica-marcou-presenca-na-expooptica\\\/#breadcrumb\",\"itemListElement\":[{\"@type\":\"ListItem\",\"position\":1,\"name\":\"In\u00edcio\",\"item\":\"https:\\\/\\\/www.prooptica.pt\\\/\"},{\"@type\":\"ListItem\",\"position\":2,\"name\":\"Prooptica marcou presen\u00e7a na Expo\u00f3ptica\"}]},{\"@type\":\"WebSite\",\"@id\":\"https:\\\/\\\/www.prooptica.pt\\\/home\\\/#website\",\"url\":\"https:\\\/\\\/www.prooptica.pt\\\/home\\\/\",\"name\":\"Prooptica\",\"description\":\"Full Eyewear Concept\",\"potentialAction\":[{\"@type\":\"SearchAction\",\"target\":{\"@type\":\"EntryPoint\",\"urlTemplate\":\"https:\\\/\\\/www.prooptica.pt\\\/home\\\/?s={search_term_string}\"},\"query-input\":{\"@type\":\"PropertyValueSpecification\",\"valueRequired\":true,\"valueName\":\"search_term_string\"}}],\"inLanguage\":\"en-GB\"},{\"@type\":\"Person\",\"@id\":\"https:\\\/\\\/www.prooptica.pt\\\/home\\\/#\\\/schema\\\/person\\\/1cbd826a9322a3c38a052e43d1638306\",\"name\":\"admin\",\"image\":{\"@type\":\"ImageObject\",\"inLanguage\":\"en-GB\",\"@id\":\"https:\\\/\\\/secure.gravatar.com\\\/avatar\\\/528c714482569d81724b02603aa719344e9ad7c0b50becf07272b2086b2c1cfd?s=96&d=mm&r=g\",\"url\":\"https:\\\/\\\/secure.gravatar.com\\\/avatar\\\/528c714482569d81724b02603aa719344e9ad7c0b50becf07272b2086b2c1cfd?s=96&d=mm&r=g\",\"contentUrl\":\"https:\\\/\\\/secure.gravatar.com\\\/avatar\\\/528c714482569d81724b02603aa719344e9ad7c0b50becf07272b2086b2c1cfd?s=96&d=mm&r=g\",\"caption\":\"admin\"},\"url\":\"https:\\\/\\\/www.prooptica.pt\\\/en\\\/author\\\/admin\\\/\"}]}<\/script>\n<!-- \/ Yoast SEO plugin. -->","yoast_head_json":{"title":"Prooptica at Expo\u00f3ptica - Prooptica","robots":{"index":"index","follow":"follow","max-snippet":"max-snippet:-1","max-image-preview":"max-image-preview:large","max-video-preview":"max-video-preview:-1"},"canonical":"https:\/\/www.prooptica.pt\/en\/prooptica-was-present-at-expooptica\/","og_locale":"en_GB","og_type":"article","og_title":"Prooptica marcou presen\u00e7a na Expo\u00f3ptica - Prooptica","og_description":"A Prooptica participou na 33\u00aa edi\u00e7\u00e3o da Expo\u00d3ptica que decorreu de 1 a 3 de Abril de 2022 no recinto da IFEMA Madrid, em simult\u00e2neo com o OPTOM (Congresso Internacional de Optometria, Contactologia e \u00d3ptica Oft\u00e1lmica). Esta foi a primeira participa\u00e7\u00e3o da empresa naquela que \u00e9 a mais importante feira do sector na Pen\u00ednsula Ib\u00e9rica [&hellip;]","og_url":"https:\/\/www.prooptica.pt\/en\/prooptica-was-present-at-expooptica\/","og_site_name":"Prooptica","article_published_time":"2022-04-05T13:26:35+00:00","article_modified_time":"2023-02-01T15:38:34+00:00","og_image":[{"width":860,"height":422,"url":"https:\/\/www.prooptica.pt\/wp-content\/uploads\/2023\/01\/Artboard-14Abril2022_B-860x422-1.jpg","type":"image\/jpeg"}],"author":"admin","twitter_card":"summary_large_image","twitter_misc":{"Written by":"admin","Estimated reading time":"1 minute"},"schema":{"@context":"https:\/\/schema.org","@graph":[{"@type":"Article","@id":"https:\/\/www.prooptica.pt\/prooptica-marcou-presenca-na-expooptica\/#article","isPartOf":{"@id":"https:\/\/www.prooptica.pt\/prooptica-marcou-presenca-na-expooptica\/"},"author":{"name":"admin","@id":"https:\/\/www.prooptica.pt\/home\/#\/schema\/person\/1cbd826a9322a3c38a052e43d1638306"},"headline":"Prooptica marcou presen\u00e7a na Expo\u00f3ptica","datePublished":"2022-04-05T13:26:35+00:00","dateModified":"2023-02-01T15:38:34+00:00","mainEntityOfPage":{"@id":"https:\/\/www.prooptica.pt\/prooptica-marcou-presenca-na-expooptica\/"},"wordCount":168,"commentCount":0,"image":{"@id":"https:\/\/www.prooptica.pt\/prooptica-marcou-presenca-na-expooptica\/#primaryimage"},"thumbnailUrl":"https:\/\/www.prooptica.pt\/wp-content\/uploads\/2023\/01\/Artboard-14Abril2022_B-860x422-1.jpg","articleSection":["Institucional"],"inLanguage":"en-GB"},{"@type":"WebPage","@id":"https:\/\/www.prooptica.pt\/prooptica-marcou-presenca-na-expooptica\/","url":"https:\/\/www.prooptica.pt\/prooptica-marcou-presenca-na-expooptica\/","name":"Prooptica at Expo\u00f3ptica - Prooptica","isPartOf":{"@id":"https:\/\/www.prooptica.pt\/home\/#website"},"primaryImageOfPage":{"@id":"https:\/\/www.prooptica.pt\/prooptica-marcou-presenca-na-expooptica\/#primaryimage"},"image":{"@id":"https:\/\/www.prooptica.pt\/prooptica-marcou-presenca-na-expooptica\/#primaryimage"},"thumbnailUrl":"https:\/\/www.prooptica.pt\/wp-content\/uploads\/2023\/01\/Artboard-14Abril2022_B-860x422-1.jpg","datePublished":"2022-04-05T13:26:35+00:00","dateModified":"2023-02-01T15:38:34+00:00","author":{"@id":"https:\/\/www.prooptica.pt\/home\/#\/schema\/person\/1cbd826a9322a3c38a052e43d1638306"},"breadcrumb":{"@id":"https:\/\/www.prooptica.pt\/prooptica-marcou-presenca-na-expooptica\/#breadcrumb"},"inLanguage":"en-GB","potentialAction":[{"@type":"ReadAction","target":["https:\/\/www.prooptica.pt\/prooptica-marcou-presenca-na-expooptica\/"]}]},{"@type":"ImageObject","inLanguage":"en-GB","@id":"https:\/\/www.prooptica.pt\/prooptica-marcou-presenca-na-expooptica\/#primaryimage","url":"https:\/\/www.prooptica.pt\/wp-content\/uploads\/2023\/01\/Artboard-14Abril2022_B-860x422-1.jpg","contentUrl":"https:\/\/www.prooptica.pt\/wp-content\/uploads\/2023\/01\/Artboard-14Abril2022_B-860x422-1.jpg","width":860,"height":422},{"@type":"BreadcrumbList","@id":"https:\/\/www.prooptica.pt\/prooptica-marcou-presenca-na-expooptica\/#breadcrumb","itemListElement":[{"@type":"ListItem","position":1,"name":"In\u00edcio","item":"https:\/\/www.prooptica.pt\/"},{"@type":"ListItem","position":2,"name":"Prooptica marcou presen\u00e7a na Expo\u00f3ptica"}]},{"@type":"WebSite","@id":"https:\/\/www.prooptica.pt\/home\/#website","url":"https:\/\/www.prooptica.pt\/home\/","name":"Prooptica","description":"Full Eyewear Concept","potentialAction":[{"@type":"SearchAction","target":{"@type":"EntryPoint","urlTemplate":"https:\/\/www.prooptica.pt\/home\/?s={search_term_string}"},"query-input":{"@type":"PropertyValueSpecification","valueRequired":true,"valueName":"search_term_string"}}],"inLanguage":"en-GB"},{"@type":"Person","@id":"https:\/\/www.prooptica.pt\/home\/#\/schema\/person\/1cbd826a9322a3c38a052e43d1638306","name":"admin","image":{"@type":"ImageObject","inLanguage":"en-GB","@id":"https:\/\/secure.gravatar.com\/avatar\/528c714482569d81724b02603aa719344e9ad7c0b50becf07272b2086b2c1cfd?s=96&d=mm&r=g","url":"https:\/\/secure.gravatar.com\/avatar\/528c714482569d81724b02603aa719344e9ad7c0b50becf07272b2086b2c1cfd?s=96&d=mm&r=g","contentUrl":"https:\/\/secure.gravatar.com\/avatar\/528c714482569d81724b02603aa719344e9ad7c0b50becf07272b2086b2c1cfd?s=96&d=mm&r=g","caption":"admin"},"url":"https:\/\/www.prooptica.pt\/en\/author\/admin\/"}]}},"_links":{"self":[{"href":"https:\/\/www.prooptica.pt\/en\/wp-json\/wp\/v2\/posts\/15640","targetHints":{"allow":["GET"]}}],"collection":[{"href":"https:\/\/www.prooptica.pt\/en\/wp-json\/wp\/v2\/posts"}],"about":[{"href":"https:\/\/www.prooptica.pt\/en\/wp-json\/wp\/v2\/types\/post"}],"author":[{"embeddable":true,"href":"https:\/\/www.prooptica.pt\/en\/wp-json\/wp\/v2\/users\/2"}],"replies":[{"embeddable":true,"href":"https:\/\/www.prooptica.pt\/en\/wp-json\/wp\/v2\/comments?post=15640"}],"version-history":[{"count":0,"href":"https:\/\/www.prooptica.pt\/en\/wp-json\/wp\/v2\/posts\/15640\/revisions"}],"wp:featuredmedia":[{"embeddable":true,"href":"https:\/\/www.prooptica.pt\/en\/wp-json\/wp\/v2\/media\/15935"}],"wp:attachment":[{"href":"https:\/\/www.prooptica.pt\/en\/wp-json\/wp\/v2\/media?parent=15640"}],"wp:term":[{"taxonomy":"category","embeddable":true,"href":"https:\/\/www.prooptica.pt\/en\/wp-json\/wp\/v2\/categories?post=15640"},{"taxonomy":"post_tag","embeddable":true,"href":"https:\/\/www.prooptica.pt\/en\/wp-json\/wp\/v2\/tags?post=15640"}],"curies":[{"name":"wp","href":"https:\/\/api.w.org\/{rel}","templated":true}]}}