{"id":15644,"date":"2022-03-02T13:28:08","date_gmt":"2022-03-02T13:28:08","guid":{"rendered":"https:\/\/prooptica.pt\/?p=15644"},"modified":"2023-02-01T15:38:58","modified_gmt":"2023-02-01T15:38:58","slug":"new-piper-baby-collection","status":"publish","type":"post","link":"https:\/\/www.prooptica.pt\/en\/nova-colecao-piper-baby\/","title":{"rendered":"New Piper Baby Collection"},"content":{"rendered":"<p><em><strong>Now you have a range of glasses for children and babies from 0 to 8 years old, developed by Prooptica - Piper Baby, which are super resistant, flexible and comfortable, guaranteeing comfort for the little ones and making it easier for parents to choose.<\/strong><\/em><\/p>\r\n\r\n\r\n\r\n<p>This <span style=\"color: #52a0d7;\"><a style=\"color: #52a0d7;\" href=\"https:\/\/loja.prooptica.pt\/loja\/?swoof=1&amp;pwb-brand=lanidor&amp;product_cat=armacoes\">collection<\/a> <\/span>has been designed with the ergonomic details of children's faces in mind, with colourful, fun, comfortable, resistant, flexible, durable and, above all, lightweight designs so that the little ones will love wearing them when playing and even resting.<\/p>\r\n\r\n\r\n\r\n<p>Special attention has been paid to the specific needs of children, both in terms of design innovation and construction. The biocompatible, hypoallergenic and washable materials used guarantee the product's safety and durability and are therefore perfectly suitable for use with babies and young children.<\/p>\r\n\r\n\r\n\r\n<p>In <a href=\"https:\/\/issuu.com\/prooptica\/docs\/book_piperbaby_2022_digital\"><span style=\"color: #52a0d7;\">Piper Baby<\/span><\/a> can count on essential features for children:<\/p>\r\n\r\n\r\n\r\n<p>- SAFETY: the frames are flexible;<\/p>\r\n\r\n\r\n\r\n<p>- COMFORT AND FITNESS: ergonomic details, silicone materials without metal parts;<\/p>\r\n\r\n\r\n\r\n<p>- RESISTANCE: the frames are made from flexible, stable and washable materials to prevent them from becoming deformed or weakened;<\/p>\r\n\r\n\r\n\r\n<p>Find out more about Piper Baby here. <a href=\"https:\/\/issuu.com\/prooptica\/docs\/book_piperbaby_2022_digital\"><span style=\"color: #52a0d7;\">recent designs<\/span><\/a>.<\/p>","protected":false},"excerpt":{"rendered":"<p>Agora tem ao seu dispor uma linha de \u00f3culos destinada a crian\u00e7as e beb\u00e9s dos 0 aos 8 anos, desenvolvida pela Prooptica \u2013 Piper Baby, super resistente, flex\u00edvel e confort\u00e1vel que garante o conforto dos mais novos e facilita a escolha dos pais. Esta cole\u00e7\u00e3o foi desenhada tendo em aten\u00e7\u00e3o os detalhes ergon\u00f3micos da cara [&hellip;]<\/p>\n","protected":false},"author":2,"featured_media":15929,"comment_status":"open","ping_status":"open","sticky":false,"template":"","format":"standard","meta":{"footnotes":""},"categories":[189],"tags":[],"class_list":["post-15644","post","type-post","status-publish","format-standard","has-post-thumbnail","hentry","category-oculos"],"yoast_head":"<!-- This site is optimized with the Yoast SEO plugin v27.4 - https:\/\/yoast.com\/product\/yoast-seo-wordpress\/ -->\n<title>Nova Cole\u00e7\u00e3o Piper Baby - Prooptica<\/title>\n<meta name=\"robots\" content=\"index, follow, max-snippet:-1, max-image-preview:large, max-video-preview:-1\" \/>\n<link rel=\"canonical\" href=\"https:\/\/www.prooptica.pt\/en\/new-piper-baby-collection\/\" \/>\n<meta property=\"og:locale\" content=\"en_GB\" \/>\n<meta property=\"og:type\" content=\"article\" \/>\n<meta property=\"og:title\" content=\"Nova Cole\u00e7\u00e3o Piper Baby - Prooptica\" \/>\n<meta property=\"og:description\" content=\"Agora tem ao seu dispor uma linha de \u00f3culos destinada a crian\u00e7as e beb\u00e9s dos 0 aos 8 anos, desenvolvida pela Prooptica \u2013 Piper Baby, super resistente, flex\u00edvel e confort\u00e1vel que garante o conforto dos mais novos e facilita a escolha dos pais. Esta cole\u00e7\u00e3o foi desenhada tendo em aten\u00e7\u00e3o os detalhes ergon\u00f3micos da cara [&hellip;]\" \/>\n<meta property=\"og:url\" content=\"https:\/\/www.prooptica.pt\/en\/new-piper-baby-collection\/\" \/>\n<meta property=\"og:site_name\" content=\"Prooptica\" \/>\n<meta property=\"article:published_time\" content=\"2022-03-02T13:28:08+00:00\" \/>\n<meta property=\"article:modified_time\" content=\"2023-02-01T15:38:58+00:00\" \/>\n<meta property=\"og:image\" content=\"https:\/\/www.prooptica.pt\/wp-content\/uploads\/2023\/01\/Artboard-25-860x480-1.jpg\" \/>\n\t<meta property=\"og:image:width\" content=\"860\" \/>\n\t<meta property=\"og:image:height\" content=\"480\" \/>\n\t<meta property=\"og:image:type\" content=\"image\/jpeg\" \/>\n<meta name=\"author\" content=\"admin\" \/>\n<meta name=\"twitter:card\" content=\"summary_large_image\" \/>\n<meta name=\"twitter:label1\" content=\"Written by\" \/>\n\t<meta name=\"twitter:data1\" content=\"admin\" \/>\n\t<meta name=\"twitter:label2\" content=\"Estimated reading time\" \/>\n\t<meta name=\"twitter:data2\" content=\"1 minute\" \/>\n<script type=\"application\/ld+json\" class=\"yoast-schema-graph\">{\"@context\":\"https:\\\/\\\/schema.org\",\"@graph\":[{\"@type\":\"Article\",\"@id\":\"https:\\\/\\\/www.prooptica.pt\\\/nova-colecao-piper-baby\\\/#article\",\"isPartOf\":{\"@id\":\"https:\\\/\\\/www.prooptica.pt\\\/nova-colecao-piper-baby\\\/\"},\"author\":{\"name\":\"admin\",\"@id\":\"https:\\\/\\\/www.prooptica.pt\\\/home\\\/#\\\/schema\\\/person\\\/1cbd826a9322a3c38a052e43d1638306\"},\"headline\":\"Nova Cole\u00e7\u00e3o Piper Baby\",\"datePublished\":\"2022-03-02T13:28:08+00:00\",\"dateModified\":\"2023-02-01T15:38:58+00:00\",\"mainEntityOfPage\":{\"@id\":\"https:\\\/\\\/www.prooptica.pt\\\/nova-colecao-piper-baby\\\/\"},\"wordCount\":224,\"commentCount\":0,\"image\":{\"@id\":\"https:\\\/\\\/www.prooptica.pt\\\/nova-colecao-piper-baby\\\/#primaryimage\"},\"thumbnailUrl\":\"https:\\\/\\\/www.prooptica.pt\\\/wp-content\\\/uploads\\\/2023\\\/01\\\/Artboard-25-860x480-1.jpg\",\"articleSection\":[\"\u00d3culos\"],\"inLanguage\":\"en-GB\"},{\"@type\":\"WebPage\",\"@id\":\"https:\\\/\\\/www.prooptica.pt\\\/nova-colecao-piper-baby\\\/\",\"url\":\"https:\\\/\\\/www.prooptica.pt\\\/nova-colecao-piper-baby\\\/\",\"name\":\"Nova Cole\u00e7\u00e3o Piper Baby - Prooptica\",\"isPartOf\":{\"@id\":\"https:\\\/\\\/www.prooptica.pt\\\/home\\\/#website\"},\"primaryImageOfPage\":{\"@id\":\"https:\\\/\\\/www.prooptica.pt\\\/nova-colecao-piper-baby\\\/#primaryimage\"},\"image\":{\"@id\":\"https:\\\/\\\/www.prooptica.pt\\\/nova-colecao-piper-baby\\\/#primaryimage\"},\"thumbnailUrl\":\"https:\\\/\\\/www.prooptica.pt\\\/wp-content\\\/uploads\\\/2023\\\/01\\\/Artboard-25-860x480-1.jpg\",\"datePublished\":\"2022-03-02T13:28:08+00:00\",\"dateModified\":\"2023-02-01T15:38:58+00:00\",\"author\":{\"@id\":\"https:\\\/\\\/www.prooptica.pt\\\/home\\\/#\\\/schema\\\/person\\\/1cbd826a9322a3c38a052e43d1638306\"},\"breadcrumb\":{\"@id\":\"https:\\\/\\\/www.prooptica.pt\\\/nova-colecao-piper-baby\\\/#breadcrumb\"},\"inLanguage\":\"en-GB\",\"potentialAction\":[{\"@type\":\"ReadAction\",\"target\":[\"https:\\\/\\\/www.prooptica.pt\\\/nova-colecao-piper-baby\\\/\"]}]},{\"@type\":\"ImageObject\",\"inLanguage\":\"en-GB\",\"@id\":\"https:\\\/\\\/www.prooptica.pt\\\/nova-colecao-piper-baby\\\/#primaryimage\",\"url\":\"https:\\\/\\\/www.prooptica.pt\\\/wp-content\\\/uploads\\\/2023\\\/01\\\/Artboard-25-860x480-1.jpg\",\"contentUrl\":\"https:\\\/\\\/www.prooptica.pt\\\/wp-content\\\/uploads\\\/2023\\\/01\\\/Artboard-25-860x480-1.jpg\",\"width\":860,\"height\":480},{\"@type\":\"BreadcrumbList\",\"@id\":\"https:\\\/\\\/www.prooptica.pt\\\/nova-colecao-piper-baby\\\/#breadcrumb\",\"itemListElement\":[{\"@type\":\"ListItem\",\"position\":1,\"name\":\"In\u00edcio\",\"item\":\"https:\\\/\\\/www.prooptica.pt\\\/\"},{\"@type\":\"ListItem\",\"position\":2,\"name\":\"Nova Cole\u00e7\u00e3o Piper Baby\"}]},{\"@type\":\"WebSite\",\"@id\":\"https:\\\/\\\/www.prooptica.pt\\\/home\\\/#website\",\"url\":\"https:\\\/\\\/www.prooptica.pt\\\/home\\\/\",\"name\":\"Prooptica\",\"description\":\"Full Eyewear Concept\",\"potentialAction\":[{\"@type\":\"SearchAction\",\"target\":{\"@type\":\"EntryPoint\",\"urlTemplate\":\"https:\\\/\\\/www.prooptica.pt\\\/home\\\/?s={search_term_string}\"},\"query-input\":{\"@type\":\"PropertyValueSpecification\",\"valueRequired\":true,\"valueName\":\"search_term_string\"}}],\"inLanguage\":\"en-GB\"},{\"@type\":\"Person\",\"@id\":\"https:\\\/\\\/www.prooptica.pt\\\/home\\\/#\\\/schema\\\/person\\\/1cbd826a9322a3c38a052e43d1638306\",\"name\":\"admin\",\"image\":{\"@type\":\"ImageObject\",\"inLanguage\":\"en-GB\",\"@id\":\"https:\\\/\\\/secure.gravatar.com\\\/avatar\\\/528c714482569d81724b02603aa719344e9ad7c0b50becf07272b2086b2c1cfd?s=96&d=mm&r=g\",\"url\":\"https:\\\/\\\/secure.gravatar.com\\\/avatar\\\/528c714482569d81724b02603aa719344e9ad7c0b50becf07272b2086b2c1cfd?s=96&d=mm&r=g\",\"contentUrl\":\"https:\\\/\\\/secure.gravatar.com\\\/avatar\\\/528c714482569d81724b02603aa719344e9ad7c0b50becf07272b2086b2c1cfd?s=96&d=mm&r=g\",\"caption\":\"admin\"},\"url\":\"https:\\\/\\\/www.prooptica.pt\\\/en\\\/author\\\/admin\\\/\"}]}<\/script>\n<!-- \/ Yoast SEO plugin. -->","yoast_head_json":{"title":"New Piper Baby Collection - Prooptica","robots":{"index":"index","follow":"follow","max-snippet":"max-snippet:-1","max-image-preview":"max-image-preview:large","max-video-preview":"max-video-preview:-1"},"canonical":"https:\/\/www.prooptica.pt\/en\/new-piper-baby-collection\/","og_locale":"en_GB","og_type":"article","og_title":"Nova Cole\u00e7\u00e3o Piper Baby - Prooptica","og_description":"Agora tem ao seu dispor uma linha de \u00f3culos destinada a crian\u00e7as e beb\u00e9s dos 0 aos 8 anos, desenvolvida pela Prooptica \u2013 Piper Baby, super resistente, flex\u00edvel e confort\u00e1vel que garante o conforto dos mais novos e facilita a escolha dos pais. Esta cole\u00e7\u00e3o foi desenhada tendo em aten\u00e7\u00e3o os detalhes ergon\u00f3micos da cara [&hellip;]","og_url":"https:\/\/www.prooptica.pt\/en\/new-piper-baby-collection\/","og_site_name":"Prooptica","article_published_time":"2022-03-02T13:28:08+00:00","article_modified_time":"2023-02-01T15:38:58+00:00","og_image":[{"width":860,"height":480,"url":"https:\/\/www.prooptica.pt\/wp-content\/uploads\/2023\/01\/Artboard-25-860x480-1.jpg","type":"image\/jpeg"}],"author":"admin","twitter_card":"summary_large_image","twitter_misc":{"Written by":"admin","Estimated reading time":"1 minute"},"schema":{"@context":"https:\/\/schema.org","@graph":[{"@type":"Article","@id":"https:\/\/www.prooptica.pt\/nova-colecao-piper-baby\/#article","isPartOf":{"@id":"https:\/\/www.prooptica.pt\/nova-colecao-piper-baby\/"},"author":{"name":"admin","@id":"https:\/\/www.prooptica.pt\/home\/#\/schema\/person\/1cbd826a9322a3c38a052e43d1638306"},"headline":"Nova Cole\u00e7\u00e3o Piper Baby","datePublished":"2022-03-02T13:28:08+00:00","dateModified":"2023-02-01T15:38:58+00:00","mainEntityOfPage":{"@id":"https:\/\/www.prooptica.pt\/nova-colecao-piper-baby\/"},"wordCount":224,"commentCount":0,"image":{"@id":"https:\/\/www.prooptica.pt\/nova-colecao-piper-baby\/#primaryimage"},"thumbnailUrl":"https:\/\/www.prooptica.pt\/wp-content\/uploads\/2023\/01\/Artboard-25-860x480-1.jpg","articleSection":["\u00d3culos"],"inLanguage":"en-GB"},{"@type":"WebPage","@id":"https:\/\/www.prooptica.pt\/nova-colecao-piper-baby\/","url":"https:\/\/www.prooptica.pt\/nova-colecao-piper-baby\/","name":"New Piper Baby Collection - Prooptica","isPartOf":{"@id":"https:\/\/www.prooptica.pt\/home\/#website"},"primaryImageOfPage":{"@id":"https:\/\/www.prooptica.pt\/nova-colecao-piper-baby\/#primaryimage"},"image":{"@id":"https:\/\/www.prooptica.pt\/nova-colecao-piper-baby\/#primaryimage"},"thumbnailUrl":"https:\/\/www.prooptica.pt\/wp-content\/uploads\/2023\/01\/Artboard-25-860x480-1.jpg","datePublished":"2022-03-02T13:28:08+00:00","dateModified":"2023-02-01T15:38:58+00:00","author":{"@id":"https:\/\/www.prooptica.pt\/home\/#\/schema\/person\/1cbd826a9322a3c38a052e43d1638306"},"breadcrumb":{"@id":"https:\/\/www.prooptica.pt\/nova-colecao-piper-baby\/#breadcrumb"},"inLanguage":"en-GB","potentialAction":[{"@type":"ReadAction","target":["https:\/\/www.prooptica.pt\/nova-colecao-piper-baby\/"]}]},{"@type":"ImageObject","inLanguage":"en-GB","@id":"https:\/\/www.prooptica.pt\/nova-colecao-piper-baby\/#primaryimage","url":"https:\/\/www.prooptica.pt\/wp-content\/uploads\/2023\/01\/Artboard-25-860x480-1.jpg","contentUrl":"https:\/\/www.prooptica.pt\/wp-content\/uploads\/2023\/01\/Artboard-25-860x480-1.jpg","width":860,"height":480},{"@type":"BreadcrumbList","@id":"https:\/\/www.prooptica.pt\/nova-colecao-piper-baby\/#breadcrumb","itemListElement":[{"@type":"ListItem","position":1,"name":"In\u00edcio","item":"https:\/\/www.prooptica.pt\/"},{"@type":"ListItem","position":2,"name":"Nova Cole\u00e7\u00e3o Piper Baby"}]},{"@type":"WebSite","@id":"https:\/\/www.prooptica.pt\/home\/#website","url":"https:\/\/www.prooptica.pt\/home\/","name":"Prooptica","description":"Full Eyewear Concept","potentialAction":[{"@type":"SearchAction","target":{"@type":"EntryPoint","urlTemplate":"https:\/\/www.prooptica.pt\/home\/?s={search_term_string}"},"query-input":{"@type":"PropertyValueSpecification","valueRequired":true,"valueName":"search_term_string"}}],"inLanguage":"en-GB"},{"@type":"Person","@id":"https:\/\/www.prooptica.pt\/home\/#\/schema\/person\/1cbd826a9322a3c38a052e43d1638306","name":"admin","image":{"@type":"ImageObject","inLanguage":"en-GB","@id":"https:\/\/secure.gravatar.com\/avatar\/528c714482569d81724b02603aa719344e9ad7c0b50becf07272b2086b2c1cfd?s=96&d=mm&r=g","url":"https:\/\/secure.gravatar.com\/avatar\/528c714482569d81724b02603aa719344e9ad7c0b50becf07272b2086b2c1cfd?s=96&d=mm&r=g","contentUrl":"https:\/\/secure.gravatar.com\/avatar\/528c714482569d81724b02603aa719344e9ad7c0b50becf07272b2086b2c1cfd?s=96&d=mm&r=g","caption":"admin"},"url":"https:\/\/www.prooptica.pt\/en\/author\/admin\/"}]}},"_links":{"self":[{"href":"https:\/\/www.prooptica.pt\/en\/wp-json\/wp\/v2\/posts\/15644","targetHints":{"allow":["GET"]}}],"collection":[{"href":"https:\/\/www.prooptica.pt\/en\/wp-json\/wp\/v2\/posts"}],"about":[{"href":"https:\/\/www.prooptica.pt\/en\/wp-json\/wp\/v2\/types\/post"}],"author":[{"embeddable":true,"href":"https:\/\/www.prooptica.pt\/en\/wp-json\/wp\/v2\/users\/2"}],"replies":[{"embeddable":true,"href":"https:\/\/www.prooptica.pt\/en\/wp-json\/wp\/v2\/comments?post=15644"}],"version-history":[{"count":0,"href":"https:\/\/www.prooptica.pt\/en\/wp-json\/wp\/v2\/posts\/15644\/revisions"}],"wp:featuredmedia":[{"embeddable":true,"href":"https:\/\/www.prooptica.pt\/en\/wp-json\/wp\/v2\/media\/15929"}],"wp:attachment":[{"href":"https:\/\/www.prooptica.pt\/en\/wp-json\/wp\/v2\/media?parent=15644"}],"wp:term":[{"taxonomy":"category","embeddable":true,"href":"https:\/\/www.prooptica.pt\/en\/wp-json\/wp\/v2\/categories?post=15644"},{"taxonomy":"post_tag","embeddable":true,"href":"https:\/\/www.prooptica.pt\/en\/wp-json\/wp\/v2\/tags?post=15644"}],"curies":[{"name":"wp","href":"https:\/\/api.w.org\/{rel}","templated":true}]}}