{"id":15648,"date":"2022-09-20T13:29:54","date_gmt":"2022-09-20T13:29:54","guid":{"rendered":"https:\/\/prooptica.pt\/?p=15648"},"modified":"2023-02-01T15:37:30","modified_gmt":"2023-02-01T15:37:30","slug":"luis-justino-in-an-interview-with-opticapro-2-magazine","status":"publish","type":"post","link":"https:\/\/www.prooptica.pt\/en\/luis-justino-em-entrevista-a-revista-opticapro-2\/","title":{"rendered":"Lu\u00eds Justino in an interview with OpticaPro magazine"},"content":{"rendered":"<p>Under the theme 20 years of Portuguese Fashion and Culture, Lu\u00eds Justino, CEO of Prooptica, spoke to \u00d3pticaPro and revealed some of the news for next season: \"<em>Next year, the market can expect the launch of a new Portuguese brand (...), which will provide opticians with a great price\/quality opportunity and will allow for very interesting profitability within the segments we work in.\"<\/em><\/p>\r\n\r\n\r\n\r\n<p>Read the full interview here: <span style=\"color: #52a0d7;\"><a style=\"color: #52a0d7;\" href=\"https:\/\/prooptica.pt\/wp-content\/uploads\/2023\/01\/Entrevista-Luis-Justino-OpticaPro.pdf\" target=\"_blank\" rel=\"noreferrer noopener\">Interview Lu\u00eds Justino | OpticaPro<\/a><\/span><\/p>","protected":false},"excerpt":{"rendered":"<p>Sob o tema 20 anos de Moda e Cultura Portuguesa, Lu\u00eds Justino CEO da Prooptica, falou com a \u00d3pticaPro e \u00a0revela algumas novidades da pr\u00f3xima tem\u00adporada: \u201cO mercado pode esperar, no pr\u00f3ximo ano o lan\u00e7amento de uma nova marca portuguesa (\u2026),que proporcio\u00adnar\u00e1 aos \u00f3ticos uma \u00f3tima oportunidade de pre\u00e7o\/qualidade e permitir\u00e1 uma ren\u00adtabilidade muito interessante [&hellip;]<\/p>\n","protected":false},"author":2,"featured_media":15931,"comment_status":"open","ping_status":"open","sticky":false,"template":"","format":"standard","meta":{"footnotes":""},"categories":[195],"tags":[],"class_list":["post-15648","post","type-post","status-publish","format-standard","has-post-thumbnail","hentry","category-institucional"],"yoast_head":"<!-- This site is optimized with the Yoast SEO plugin v27.5 - https:\/\/yoast.com\/product\/yoast-seo-wordpress\/ -->\n<title>Lu\u00eds Justino em entrevista \u00e0 revista OpticaPro - Prooptica<\/title>\n<meta name=\"robots\" content=\"index, follow, max-snippet:-1, max-image-preview:large, max-video-preview:-1\" \/>\n<link rel=\"canonical\" href=\"https:\/\/www.prooptica.pt\/en\/luis-justino-in-an-interview-with-opticapro-2-magazine\/\" \/>\n<meta property=\"og:locale\" content=\"en_GB\" \/>\n<meta property=\"og:type\" content=\"article\" \/>\n<meta property=\"og:title\" content=\"Lu\u00eds Justino em entrevista \u00e0 revista OpticaPro - Prooptica\" \/>\n<meta property=\"og:description\" content=\"Sob o tema 20 anos de Moda e Cultura Portuguesa, Lu\u00eds Justino CEO da Prooptica, falou com a \u00d3pticaPro e \u00a0revela algumas novidades da pr\u00f3xima tem\u00adporada: \u201cO mercado pode esperar, no pr\u00f3ximo ano o lan\u00e7amento de uma nova marca portuguesa (\u2026),que proporcio\u00adnar\u00e1 aos \u00f3ticos uma \u00f3tima oportunidade de pre\u00e7o\/qualidade e permitir\u00e1 uma ren\u00adtabilidade muito interessante [&hellip;]\" \/>\n<meta property=\"og:url\" content=\"https:\/\/www.prooptica.pt\/en\/luis-justino-in-an-interview-with-opticapro-2-magazine\/\" \/>\n<meta property=\"og:site_name\" content=\"Prooptica\" \/>\n<meta property=\"article:published_time\" content=\"2022-09-20T13:29:54+00:00\" \/>\n<meta property=\"article:modified_time\" content=\"2023-02-01T15:37:30+00:00\" \/>\n<meta property=\"og:image\" content=\"https:\/\/www.prooptica.pt\/wp-content\/uploads\/2023\/01\/Social_Agosto_FBeLKD-AGOSTO-2_Entrevista-Optica-Pro_Entrevista-Optica-PRO_FB_Entrevista-Optica-PRO_FB_Entrevista-Optica-PRO_FB-scaled-1.jpg\" \/>\n\t<meta property=\"og:image:width\" content=\"2560\" \/>\n\t<meta property=\"og:image:height\" content=\"1395\" \/>\n\t<meta property=\"og:image:type\" content=\"image\/jpeg\" \/>\n<meta name=\"author\" content=\"admin\" \/>\n<meta name=\"twitter:card\" content=\"summary_large_image\" \/>\n<meta name=\"twitter:label1\" content=\"Written by\" \/>\n\t<meta name=\"twitter:data1\" content=\"admin\" \/>\n\t<meta name=\"twitter:label2\" content=\"Estimated reading time\" \/>\n\t<meta name=\"twitter:data2\" content=\"1 minute\" \/>\n<script type=\"application\/ld+json\" class=\"yoast-schema-graph\">{\"@context\":\"https:\\\/\\\/schema.org\",\"@graph\":[{\"@type\":\"Article\",\"@id\":\"https:\\\/\\\/www.prooptica.pt\\\/luis-justino-em-entrevista-a-revista-opticapro-2\\\/#article\",\"isPartOf\":{\"@id\":\"https:\\\/\\\/www.prooptica.pt\\\/luis-justino-em-entrevista-a-revista-opticapro-2\\\/\"},\"author\":{\"name\":\"admin\",\"@id\":\"https:\\\/\\\/www.prooptica.pt\\\/home\\\/#\\\/schema\\\/person\\\/1cbd826a9322a3c38a052e43d1638306\"},\"headline\":\"Lu\u00eds Justino em entrevista \u00e0 revista OpticaPro\",\"datePublished\":\"2022-09-20T13:29:54+00:00\",\"dateModified\":\"2023-02-01T15:37:30+00:00\",\"mainEntityOfPage\":{\"@id\":\"https:\\\/\\\/www.prooptica.pt\\\/luis-justino-em-entrevista-a-revista-opticapro-2\\\/\"},\"wordCount\":86,\"commentCount\":0,\"image\":{\"@id\":\"https:\\\/\\\/www.prooptica.pt\\\/luis-justino-em-entrevista-a-revista-opticapro-2\\\/#primaryimage\"},\"thumbnailUrl\":\"https:\\\/\\\/www.prooptica.pt\\\/wp-content\\\/uploads\\\/2023\\\/01\\\/Social_Agosto_FBeLKD-AGOSTO-2_Entrevista-Optica-Pro_Entrevista-Optica-PRO_FB_Entrevista-Optica-PRO_FB_Entrevista-Optica-PRO_FB-scaled-1.jpg\",\"articleSection\":[\"Institucional\"],\"inLanguage\":\"en-GB\"},{\"@type\":\"WebPage\",\"@id\":\"https:\\\/\\\/www.prooptica.pt\\\/luis-justino-em-entrevista-a-revista-opticapro-2\\\/\",\"url\":\"https:\\\/\\\/www.prooptica.pt\\\/luis-justino-em-entrevista-a-revista-opticapro-2\\\/\",\"name\":\"Lu\u00eds Justino em entrevista \u00e0 revista OpticaPro - Prooptica\",\"isPartOf\":{\"@id\":\"https:\\\/\\\/www.prooptica.pt\\\/home\\\/#website\"},\"primaryImageOfPage\":{\"@id\":\"https:\\\/\\\/www.prooptica.pt\\\/luis-justino-em-entrevista-a-revista-opticapro-2\\\/#primaryimage\"},\"image\":{\"@id\":\"https:\\\/\\\/www.prooptica.pt\\\/luis-justino-em-entrevista-a-revista-opticapro-2\\\/#primaryimage\"},\"thumbnailUrl\":\"https:\\\/\\\/www.prooptica.pt\\\/wp-content\\\/uploads\\\/2023\\\/01\\\/Social_Agosto_FBeLKD-AGOSTO-2_Entrevista-Optica-Pro_Entrevista-Optica-PRO_FB_Entrevista-Optica-PRO_FB_Entrevista-Optica-PRO_FB-scaled-1.jpg\",\"datePublished\":\"2022-09-20T13:29:54+00:00\",\"dateModified\":\"2023-02-01T15:37:30+00:00\",\"author\":{\"@id\":\"https:\\\/\\\/www.prooptica.pt\\\/home\\\/#\\\/schema\\\/person\\\/1cbd826a9322a3c38a052e43d1638306\"},\"breadcrumb\":{\"@id\":\"https:\\\/\\\/www.prooptica.pt\\\/luis-justino-em-entrevista-a-revista-opticapro-2\\\/#breadcrumb\"},\"inLanguage\":\"en-GB\",\"potentialAction\":[{\"@type\":\"ReadAction\",\"target\":[\"https:\\\/\\\/www.prooptica.pt\\\/luis-justino-em-entrevista-a-revista-opticapro-2\\\/\"]}]},{\"@type\":\"ImageObject\",\"inLanguage\":\"en-GB\",\"@id\":\"https:\\\/\\\/www.prooptica.pt\\\/luis-justino-em-entrevista-a-revista-opticapro-2\\\/#primaryimage\",\"url\":\"https:\\\/\\\/www.prooptica.pt\\\/wp-content\\\/uploads\\\/2023\\\/01\\\/Social_Agosto_FBeLKD-AGOSTO-2_Entrevista-Optica-Pro_Entrevista-Optica-PRO_FB_Entrevista-Optica-PRO_FB_Entrevista-Optica-PRO_FB-scaled-1.jpg\",\"contentUrl\":\"https:\\\/\\\/www.prooptica.pt\\\/wp-content\\\/uploads\\\/2023\\\/01\\\/Social_Agosto_FBeLKD-AGOSTO-2_Entrevista-Optica-Pro_Entrevista-Optica-PRO_FB_Entrevista-Optica-PRO_FB_Entrevista-Optica-PRO_FB-scaled-1.jpg\",\"width\":2560,\"height\":1395},{\"@type\":\"BreadcrumbList\",\"@id\":\"https:\\\/\\\/www.prooptica.pt\\\/luis-justino-em-entrevista-a-revista-opticapro-2\\\/#breadcrumb\",\"itemListElement\":[{\"@type\":\"ListItem\",\"position\":1,\"name\":\"In\u00edcio\",\"item\":\"https:\\\/\\\/www.prooptica.pt\\\/\"},{\"@type\":\"ListItem\",\"position\":2,\"name\":\"Lu\u00eds Justino em entrevista \u00e0 revista OpticaPro\"}]},{\"@type\":\"WebSite\",\"@id\":\"https:\\\/\\\/www.prooptica.pt\\\/home\\\/#website\",\"url\":\"https:\\\/\\\/www.prooptica.pt\\\/home\\\/\",\"name\":\"Prooptica\",\"description\":\"Full Eyewear Concept\",\"potentialAction\":[{\"@type\":\"SearchAction\",\"target\":{\"@type\":\"EntryPoint\",\"urlTemplate\":\"https:\\\/\\\/www.prooptica.pt\\\/home\\\/?s={search_term_string}\"},\"query-input\":{\"@type\":\"PropertyValueSpecification\",\"valueRequired\":true,\"valueName\":\"search_term_string\"}}],\"inLanguage\":\"en-GB\"},{\"@type\":\"Person\",\"@id\":\"https:\\\/\\\/www.prooptica.pt\\\/home\\\/#\\\/schema\\\/person\\\/1cbd826a9322a3c38a052e43d1638306\",\"name\":\"admin\",\"image\":{\"@type\":\"ImageObject\",\"inLanguage\":\"en-GB\",\"@id\":\"https:\\\/\\\/secure.gravatar.com\\\/avatar\\\/528c714482569d81724b02603aa719344e9ad7c0b50becf07272b2086b2c1cfd?s=96&d=mm&r=g\",\"url\":\"https:\\\/\\\/secure.gravatar.com\\\/avatar\\\/528c714482569d81724b02603aa719344e9ad7c0b50becf07272b2086b2c1cfd?s=96&d=mm&r=g\",\"contentUrl\":\"https:\\\/\\\/secure.gravatar.com\\\/avatar\\\/528c714482569d81724b02603aa719344e9ad7c0b50becf07272b2086b2c1cfd?s=96&d=mm&r=g\",\"caption\":\"admin\"},\"url\":\"https:\\\/\\\/www.prooptica.pt\\\/en\\\/author\\\/admin\\\/\"}]}<\/script>\n<!-- \/ Yoast SEO plugin. -->","yoast_head_json":{"title":"Lu\u00eds Justino in an interview with OpticaPro magazine - Prooptica","robots":{"index":"index","follow":"follow","max-snippet":"max-snippet:-1","max-image-preview":"max-image-preview:large","max-video-preview":"max-video-preview:-1"},"canonical":"https:\/\/www.prooptica.pt\/en\/luis-justino-in-an-interview-with-opticapro-2-magazine\/","og_locale":"en_GB","og_type":"article","og_title":"Lu\u00eds Justino em entrevista \u00e0 revista OpticaPro - Prooptica","og_description":"Sob o tema 20 anos de Moda e Cultura Portuguesa, Lu\u00eds Justino CEO da Prooptica, falou com a \u00d3pticaPro e \u00a0revela algumas novidades da pr\u00f3xima tem\u00adporada: \u201cO mercado pode esperar, no pr\u00f3ximo ano o lan\u00e7amento de uma nova marca portuguesa (\u2026),que proporcio\u00adnar\u00e1 aos \u00f3ticos uma \u00f3tima oportunidade de pre\u00e7o\/qualidade e permitir\u00e1 uma ren\u00adtabilidade muito interessante [&hellip;]","og_url":"https:\/\/www.prooptica.pt\/en\/luis-justino-in-an-interview-with-opticapro-2-magazine\/","og_site_name":"Prooptica","article_published_time":"2022-09-20T13:29:54+00:00","article_modified_time":"2023-02-01T15:37:30+00:00","og_image":[{"width":2560,"height":1395,"url":"https:\/\/www.prooptica.pt\/wp-content\/uploads\/2023\/01\/Social_Agosto_FBeLKD-AGOSTO-2_Entrevista-Optica-Pro_Entrevista-Optica-PRO_FB_Entrevista-Optica-PRO_FB_Entrevista-Optica-PRO_FB-scaled-1.jpg","type":"image\/jpeg"}],"author":"admin","twitter_card":"summary_large_image","twitter_misc":{"Written by":"admin","Estimated reading time":"1 minute"},"schema":{"@context":"https:\/\/schema.org","@graph":[{"@type":"Article","@id":"https:\/\/www.prooptica.pt\/luis-justino-em-entrevista-a-revista-opticapro-2\/#article","isPartOf":{"@id":"https:\/\/www.prooptica.pt\/luis-justino-em-entrevista-a-revista-opticapro-2\/"},"author":{"name":"admin","@id":"https:\/\/www.prooptica.pt\/home\/#\/schema\/person\/1cbd826a9322a3c38a052e43d1638306"},"headline":"Lu\u00eds Justino em entrevista \u00e0 revista OpticaPro","datePublished":"2022-09-20T13:29:54+00:00","dateModified":"2023-02-01T15:37:30+00:00","mainEntityOfPage":{"@id":"https:\/\/www.prooptica.pt\/luis-justino-em-entrevista-a-revista-opticapro-2\/"},"wordCount":86,"commentCount":0,"image":{"@id":"https:\/\/www.prooptica.pt\/luis-justino-em-entrevista-a-revista-opticapro-2\/#primaryimage"},"thumbnailUrl":"https:\/\/www.prooptica.pt\/wp-content\/uploads\/2023\/01\/Social_Agosto_FBeLKD-AGOSTO-2_Entrevista-Optica-Pro_Entrevista-Optica-PRO_FB_Entrevista-Optica-PRO_FB_Entrevista-Optica-PRO_FB-scaled-1.jpg","articleSection":["Institucional"],"inLanguage":"en-GB"},{"@type":"WebPage","@id":"https:\/\/www.prooptica.pt\/luis-justino-em-entrevista-a-revista-opticapro-2\/","url":"https:\/\/www.prooptica.pt\/luis-justino-em-entrevista-a-revista-opticapro-2\/","name":"Lu\u00eds Justino in an interview with OpticaPro magazine - Prooptica","isPartOf":{"@id":"https:\/\/www.prooptica.pt\/home\/#website"},"primaryImageOfPage":{"@id":"https:\/\/www.prooptica.pt\/luis-justino-em-entrevista-a-revista-opticapro-2\/#primaryimage"},"image":{"@id":"https:\/\/www.prooptica.pt\/luis-justino-em-entrevista-a-revista-opticapro-2\/#primaryimage"},"thumbnailUrl":"https:\/\/www.prooptica.pt\/wp-content\/uploads\/2023\/01\/Social_Agosto_FBeLKD-AGOSTO-2_Entrevista-Optica-Pro_Entrevista-Optica-PRO_FB_Entrevista-Optica-PRO_FB_Entrevista-Optica-PRO_FB-scaled-1.jpg","datePublished":"2022-09-20T13:29:54+00:00","dateModified":"2023-02-01T15:37:30+00:00","author":{"@id":"https:\/\/www.prooptica.pt\/home\/#\/schema\/person\/1cbd826a9322a3c38a052e43d1638306"},"breadcrumb":{"@id":"https:\/\/www.prooptica.pt\/luis-justino-em-entrevista-a-revista-opticapro-2\/#breadcrumb"},"inLanguage":"en-GB","potentialAction":[{"@type":"ReadAction","target":["https:\/\/www.prooptica.pt\/luis-justino-em-entrevista-a-revista-opticapro-2\/"]}]},{"@type":"ImageObject","inLanguage":"en-GB","@id":"https:\/\/www.prooptica.pt\/luis-justino-em-entrevista-a-revista-opticapro-2\/#primaryimage","url":"https:\/\/www.prooptica.pt\/wp-content\/uploads\/2023\/01\/Social_Agosto_FBeLKD-AGOSTO-2_Entrevista-Optica-Pro_Entrevista-Optica-PRO_FB_Entrevista-Optica-PRO_FB_Entrevista-Optica-PRO_FB-scaled-1.jpg","contentUrl":"https:\/\/www.prooptica.pt\/wp-content\/uploads\/2023\/01\/Social_Agosto_FBeLKD-AGOSTO-2_Entrevista-Optica-Pro_Entrevista-Optica-PRO_FB_Entrevista-Optica-PRO_FB_Entrevista-Optica-PRO_FB-scaled-1.jpg","width":2560,"height":1395},{"@type":"BreadcrumbList","@id":"https:\/\/www.prooptica.pt\/luis-justino-em-entrevista-a-revista-opticapro-2\/#breadcrumb","itemListElement":[{"@type":"ListItem","position":1,"name":"In\u00edcio","item":"https:\/\/www.prooptica.pt\/"},{"@type":"ListItem","position":2,"name":"Lu\u00eds Justino em entrevista \u00e0 revista OpticaPro"}]},{"@type":"WebSite","@id":"https:\/\/www.prooptica.pt\/home\/#website","url":"https:\/\/www.prooptica.pt\/home\/","name":"Prooptica","description":"Full Eyewear Concept","potentialAction":[{"@type":"SearchAction","target":{"@type":"EntryPoint","urlTemplate":"https:\/\/www.prooptica.pt\/home\/?s={search_term_string}"},"query-input":{"@type":"PropertyValueSpecification","valueRequired":true,"valueName":"search_term_string"}}],"inLanguage":"en-GB"},{"@type":"Person","@id":"https:\/\/www.prooptica.pt\/home\/#\/schema\/person\/1cbd826a9322a3c38a052e43d1638306","name":"admin","image":{"@type":"ImageObject","inLanguage":"en-GB","@id":"https:\/\/secure.gravatar.com\/avatar\/528c714482569d81724b02603aa719344e9ad7c0b50becf07272b2086b2c1cfd?s=96&d=mm&r=g","url":"https:\/\/secure.gravatar.com\/avatar\/528c714482569d81724b02603aa719344e9ad7c0b50becf07272b2086b2c1cfd?s=96&d=mm&r=g","contentUrl":"https:\/\/secure.gravatar.com\/avatar\/528c714482569d81724b02603aa719344e9ad7c0b50becf07272b2086b2c1cfd?s=96&d=mm&r=g","caption":"admin"},"url":"https:\/\/www.prooptica.pt\/en\/author\/admin\/"}]}},"_links":{"self":[{"href":"https:\/\/www.prooptica.pt\/en\/wp-json\/wp\/v2\/posts\/15648","targetHints":{"allow":["GET"]}}],"collection":[{"href":"https:\/\/www.prooptica.pt\/en\/wp-json\/wp\/v2\/posts"}],"about":[{"href":"https:\/\/www.prooptica.pt\/en\/wp-json\/wp\/v2\/types\/post"}],"author":[{"embeddable":true,"href":"https:\/\/www.prooptica.pt\/en\/wp-json\/wp\/v2\/users\/2"}],"replies":[{"embeddable":true,"href":"https:\/\/www.prooptica.pt\/en\/wp-json\/wp\/v2\/comments?post=15648"}],"version-history":[{"count":0,"href":"https:\/\/www.prooptica.pt\/en\/wp-json\/wp\/v2\/posts\/15648\/revisions"}],"wp:featuredmedia":[{"embeddable":true,"href":"https:\/\/www.prooptica.pt\/en\/wp-json\/wp\/v2\/media\/15931"}],"wp:attachment":[{"href":"https:\/\/www.prooptica.pt\/en\/wp-json\/wp\/v2\/media?parent=15648"}],"wp:term":[{"taxonomy":"category","embeddable":true,"href":"https:\/\/www.prooptica.pt\/en\/wp-json\/wp\/v2\/categories?post=15648"},{"taxonomy":"post_tag","embeddable":true,"href":"https:\/\/www.prooptica.pt\/en\/wp-json\/wp\/v2\/tags?post=15648"}],"curies":[{"name":"wp","href":"https:\/\/api.w.org\/{rel}","templated":true}]}}