{"id":16010,"date":"2023-01-26T10:09:19","date_gmt":"2023-01-26T10:09:19","guid":{"rendered":"https:\/\/prooptica.pt\/?p=16010"},"modified":"2023-02-01T10:24:42","modified_gmt":"2023-02-01T10:24:42","slug":"prooptica-recognised-among-the-best-smes-in-2022","status":"publish","type":"post","link":"https:\/\/www.prooptica.pt\/en\/prooptica-reconhecida-entre-as-melhores-pmes-em-2022\/","title":{"rendered":"Prooptica recognised among the best SMEs in 2022"},"content":{"rendered":"<p>Prooptica was recognised with PME L\u00edder status in 2022 for the twelfth time.<\/p>\r\n<p>PME L\u00edder status is a seal of reputation created by the Institute for the Support of Small and Medium-sized Enterprises and Innovation (IAPMEI) to recognise the merit of national SMEs with superior performance. It is awarded under the FINCRESCE Programme, in partnership with Turismo de Portugal and a group of Partner Banks, based on the best ratings and economic-financial and management indicators.<\/p>\r\n<p>Prooptica has been in business for 30 years now and the award of this certification once again recognises our hard work and dedication over the years. We have achieved sustained strategic growth, based on the quality and differentiation of our services, as well as our ability to adapt to the needs and challenges of the market.<\/p>\r\n<p>All of this is possible thanks to a highly motivated and involved team and the trust that our clients place in us year after year. It's a source of pride and also a sense of responsibility to keep improving, always building relationships of respect, trust and proximity with our clients and partners.<\/p>\r\n<p>&nbsp;<\/p>\r\n<p>&nbsp;<\/p>\r\n<p>&nbsp;<\/p>\r\n<p>&nbsp;<\/p>\r\n<p style=\"text-align: center;\">\u00a0<\/p>","protected":false},"excerpt":{"rendered":"<p>A Prooptica foi reconhecida com o estatuto PME L\u00edder em 2022, pela d\u00e9cima segunda vez. O estatuto PME L\u00edder \u00e9 um selo de reputa\u00e7\u00e3o criado pelo Instituto de Apoio \u00e0s Pequenas e M\u00e9dias Empresas e \u00e0 Inova\u00e7\u00e3o (IAPMEI) para distinguir o m\u00e9rito das PME nacionais com desempenhos superiores. \u00c9 atribu\u00eddo no \u00e2mbito do Programa FINCRESCE, [&hellip;]<\/p>\n","protected":false},"author":3,"featured_media":16011,"comment_status":"open","ping_status":"open","sticky":false,"template":"","format":"standard","meta":{"footnotes":""},"categories":[195],"tags":[],"class_list":["post-16010","post","type-post","status-publish","format-standard","has-post-thumbnail","hentry","category-institucional"],"yoast_head":"<!-- This site is optimized with the Yoast SEO plugin v27.4 - https:\/\/yoast.com\/product\/yoast-seo-wordpress\/ -->\n<title>Prooptica reconhecida entre as melhores PME&#039;s em 2022 - Prooptica<\/title>\n<meta name=\"description\" content=\"A Prooptica foi reconhecida com o estatuto PME L\u00edder em 2022, pela d\u00e9cima segunda vez. J\u00e1 s\u00e3o 30 anos de hist\u00f3ria da Prooptica e a atribui\u00e7\u00e3o desta certifica\u00e7\u00e3o representa, mais uma vez, o reconhecimento do nosso esfor\u00e7o e dedica\u00e7\u00e3o ao longo destes anos.\" \/>\n<meta name=\"robots\" content=\"index, follow, max-snippet:-1, max-image-preview:large, max-video-preview:-1\" \/>\n<link rel=\"canonical\" href=\"https:\/\/www.prooptica.pt\/en\/prooptica-recognised-among-the-best-smes-in-2022\/\" \/>\n<meta property=\"og:locale\" content=\"en_GB\" \/>\n<meta property=\"og:type\" content=\"article\" \/>\n<meta property=\"og:title\" content=\"Prooptica reconhecida entre as melhores PME&#039;s em 2022 - Prooptica\" \/>\n<meta property=\"og:description\" content=\"A Prooptica foi reconhecida com o estatuto PME L\u00edder em 2022, pela d\u00e9cima segunda vez. J\u00e1 s\u00e3o 30 anos de hist\u00f3ria da Prooptica e a atribui\u00e7\u00e3o desta certifica\u00e7\u00e3o representa, mais uma vez, o reconhecimento do nosso esfor\u00e7o e dedica\u00e7\u00e3o ao longo destes anos.\" \/>\n<meta property=\"og:url\" content=\"https:\/\/www.prooptica.pt\/en\/prooptica-recognised-among-the-best-smes-in-2022\/\" \/>\n<meta property=\"og:site_name\" content=\"Prooptica\" \/>\n<meta property=\"article:published_time\" content=\"2023-01-26T10:09:19+00:00\" \/>\n<meta property=\"article:modified_time\" content=\"2023-02-01T10:24:42+00:00\" \/>\n<meta property=\"og:image\" content=\"https:\/\/www.prooptica.pt\/wp-content\/uploads\/2023\/02\/PME-Stamp-scaled.jpg\" \/>\n\t<meta property=\"og:image:width\" content=\"2560\" \/>\n\t<meta property=\"og:image:height\" content=\"1706\" \/>\n\t<meta property=\"og:image:type\" content=\"image\/jpeg\" \/>\n<meta name=\"author\" content=\"Marketing Prooptica\" \/>\n<meta name=\"twitter:card\" content=\"summary_large_image\" \/>\n<meta name=\"twitter:label1\" content=\"Written by\" \/>\n\t<meta name=\"twitter:data1\" content=\"Marketing Prooptica\" \/>\n\t<meta name=\"twitter:label2\" content=\"Estimated reading time\" \/>\n\t<meta name=\"twitter:data2\" content=\"2 minutes\" \/>\n<script type=\"application\/ld+json\" class=\"yoast-schema-graph\">{\"@context\":\"https:\\\/\\\/schema.org\",\"@graph\":[{\"@type\":\"Article\",\"@id\":\"https:\\\/\\\/www.prooptica.pt\\\/prooptica-reconhecida-entre-as-melhores-pmes-em-2022\\\/#article\",\"isPartOf\":{\"@id\":\"https:\\\/\\\/www.prooptica.pt\\\/prooptica-reconhecida-entre-as-melhores-pmes-em-2022\\\/\"},\"author\":{\"name\":\"Marketing Prooptica\",\"@id\":\"https:\\\/\\\/www.prooptica.pt\\\/home\\\/#\\\/schema\\\/person\\\/c3afe955f42eef7c9c157838d5be4f29\"},\"headline\":\"Prooptica reconhecida entre as melhores PME&#8217;s em 2022\",\"datePublished\":\"2023-01-26T10:09:19+00:00\",\"dateModified\":\"2023-02-01T10:24:42+00:00\",\"mainEntityOfPage\":{\"@id\":\"https:\\\/\\\/www.prooptica.pt\\\/prooptica-reconhecida-entre-as-melhores-pmes-em-2022\\\/\"},\"wordCount\":229,\"commentCount\":0,\"image\":{\"@id\":\"https:\\\/\\\/www.prooptica.pt\\\/prooptica-reconhecida-entre-as-melhores-pmes-em-2022\\\/#primaryimage\"},\"thumbnailUrl\":\"https:\\\/\\\/www.prooptica.pt\\\/wp-content\\\/uploads\\\/2023\\\/02\\\/PME-Stamp-scaled.jpg\",\"articleSection\":[\"Institucional\"],\"inLanguage\":\"en-GB\"},{\"@type\":\"WebPage\",\"@id\":\"https:\\\/\\\/www.prooptica.pt\\\/prooptica-reconhecida-entre-as-melhores-pmes-em-2022\\\/\",\"url\":\"https:\\\/\\\/www.prooptica.pt\\\/prooptica-reconhecida-entre-as-melhores-pmes-em-2022\\\/\",\"name\":\"Prooptica reconhecida entre as melhores PME's em 2022 - Prooptica\",\"isPartOf\":{\"@id\":\"https:\\\/\\\/www.prooptica.pt\\\/home\\\/#website\"},\"primaryImageOfPage\":{\"@id\":\"https:\\\/\\\/www.prooptica.pt\\\/prooptica-reconhecida-entre-as-melhores-pmes-em-2022\\\/#primaryimage\"},\"image\":{\"@id\":\"https:\\\/\\\/www.prooptica.pt\\\/prooptica-reconhecida-entre-as-melhores-pmes-em-2022\\\/#primaryimage\"},\"thumbnailUrl\":\"https:\\\/\\\/www.prooptica.pt\\\/wp-content\\\/uploads\\\/2023\\\/02\\\/PME-Stamp-scaled.jpg\",\"datePublished\":\"2023-01-26T10:09:19+00:00\",\"dateModified\":\"2023-02-01T10:24:42+00:00\",\"author\":{\"@id\":\"https:\\\/\\\/www.prooptica.pt\\\/home\\\/#\\\/schema\\\/person\\\/c3afe955f42eef7c9c157838d5be4f29\"},\"description\":\"A Prooptica foi reconhecida com o estatuto PME L\u00edder em 2022, pela d\u00e9cima segunda vez. J\u00e1 s\u00e3o 30 anos de hist\u00f3ria da Prooptica e a atribui\u00e7\u00e3o desta certifica\u00e7\u00e3o representa, mais uma vez, o reconhecimento do nosso esfor\u00e7o e dedica\u00e7\u00e3o ao longo destes anos.\",\"breadcrumb\":{\"@id\":\"https:\\\/\\\/www.prooptica.pt\\\/prooptica-reconhecida-entre-as-melhores-pmes-em-2022\\\/#breadcrumb\"},\"inLanguage\":\"en-GB\",\"potentialAction\":[{\"@type\":\"ReadAction\",\"target\":[\"https:\\\/\\\/www.prooptica.pt\\\/prooptica-reconhecida-entre-as-melhores-pmes-em-2022\\\/\"]}]},{\"@type\":\"ImageObject\",\"inLanguage\":\"en-GB\",\"@id\":\"https:\\\/\\\/www.prooptica.pt\\\/prooptica-reconhecida-entre-as-melhores-pmes-em-2022\\\/#primaryimage\",\"url\":\"https:\\\/\\\/www.prooptica.pt\\\/wp-content\\\/uploads\\\/2023\\\/02\\\/PME-Stamp-scaled.jpg\",\"contentUrl\":\"https:\\\/\\\/www.prooptica.pt\\\/wp-content\\\/uploads\\\/2023\\\/02\\\/PME-Stamp-scaled.jpg\",\"width\":2560,\"height\":1706},{\"@type\":\"BreadcrumbList\",\"@id\":\"https:\\\/\\\/www.prooptica.pt\\\/prooptica-reconhecida-entre-as-melhores-pmes-em-2022\\\/#breadcrumb\",\"itemListElement\":[{\"@type\":\"ListItem\",\"position\":1,\"name\":\"In\u00edcio\",\"item\":\"https:\\\/\\\/www.prooptica.pt\\\/\"},{\"@type\":\"ListItem\",\"position\":2,\"name\":\"Prooptica reconhecida entre as melhores PME&#8217;s em 2022\"}]},{\"@type\":\"WebSite\",\"@id\":\"https:\\\/\\\/www.prooptica.pt\\\/home\\\/#website\",\"url\":\"https:\\\/\\\/www.prooptica.pt\\\/home\\\/\",\"name\":\"Prooptica\",\"description\":\"Full Eyewear Concept\",\"potentialAction\":[{\"@type\":\"SearchAction\",\"target\":{\"@type\":\"EntryPoint\",\"urlTemplate\":\"https:\\\/\\\/www.prooptica.pt\\\/home\\\/?s={search_term_string}\"},\"query-input\":{\"@type\":\"PropertyValueSpecification\",\"valueRequired\":true,\"valueName\":\"search_term_string\"}}],\"inLanguage\":\"en-GB\"},{\"@type\":\"Person\",\"@id\":\"https:\\\/\\\/www.prooptica.pt\\\/home\\\/#\\\/schema\\\/person\\\/c3afe955f42eef7c9c157838d5be4f29\",\"name\":\"Marketing Prooptica\",\"image\":{\"@type\":\"ImageObject\",\"inLanguage\":\"en-GB\",\"@id\":\"https:\\\/\\\/secure.gravatar.com\\\/avatar\\\/23248622405e2ce007d39ad746d368991c744fa6fce97036e33e8d9221859ae3?s=96&d=mm&r=g\",\"url\":\"https:\\\/\\\/secure.gravatar.com\\\/avatar\\\/23248622405e2ce007d39ad746d368991c744fa6fce97036e33e8d9221859ae3?s=96&d=mm&r=g\",\"contentUrl\":\"https:\\\/\\\/secure.gravatar.com\\\/avatar\\\/23248622405e2ce007d39ad746d368991c744fa6fce97036e33e8d9221859ae3?s=96&d=mm&r=g\",\"caption\":\"Marketing Prooptica\"},\"url\":\"https:\\\/\\\/www.prooptica.pt\\\/en\\\/author\\\/marketing\\\/\"}]}<\/script>\n<!-- \/ Yoast SEO plugin. -->","yoast_head_json":{"title":"Prooptica recognised among the best SMEs in 2022 - Prooptica","description":"Prooptica has been recognised with PME L\u00edder status for 2022, for the twelfth time. Prooptica has been in business for 30 years and the award of this certification once again recognises our efforts and dedication over the years.","robots":{"index":"index","follow":"follow","max-snippet":"max-snippet:-1","max-image-preview":"max-image-preview:large","max-video-preview":"max-video-preview:-1"},"canonical":"https:\/\/www.prooptica.pt\/en\/prooptica-recognised-among-the-best-smes-in-2022\/","og_locale":"en_GB","og_type":"article","og_title":"Prooptica reconhecida entre as melhores PME's em 2022 - Prooptica","og_description":"A Prooptica foi reconhecida com o estatuto PME L\u00edder em 2022, pela d\u00e9cima segunda vez. J\u00e1 s\u00e3o 30 anos de hist\u00f3ria da Prooptica e a atribui\u00e7\u00e3o desta certifica\u00e7\u00e3o representa, mais uma vez, o reconhecimento do nosso esfor\u00e7o e dedica\u00e7\u00e3o ao longo destes anos.","og_url":"https:\/\/www.prooptica.pt\/en\/prooptica-recognised-among-the-best-smes-in-2022\/","og_site_name":"Prooptica","article_published_time":"2023-01-26T10:09:19+00:00","article_modified_time":"2023-02-01T10:24:42+00:00","og_image":[{"width":2560,"height":1706,"url":"https:\/\/www.prooptica.pt\/wp-content\/uploads\/2023\/02\/PME-Stamp-scaled.jpg","type":"image\/jpeg"}],"author":"Marketing Prooptica","twitter_card":"summary_large_image","twitter_misc":{"Written by":"Marketing Prooptica","Estimated reading time":"2 minutes"},"schema":{"@context":"https:\/\/schema.org","@graph":[{"@type":"Article","@id":"https:\/\/www.prooptica.pt\/prooptica-reconhecida-entre-as-melhores-pmes-em-2022\/#article","isPartOf":{"@id":"https:\/\/www.prooptica.pt\/prooptica-reconhecida-entre-as-melhores-pmes-em-2022\/"},"author":{"name":"Marketing Prooptica","@id":"https:\/\/www.prooptica.pt\/home\/#\/schema\/person\/c3afe955f42eef7c9c157838d5be4f29"},"headline":"Prooptica reconhecida entre as melhores PME&#8217;s em 2022","datePublished":"2023-01-26T10:09:19+00:00","dateModified":"2023-02-01T10:24:42+00:00","mainEntityOfPage":{"@id":"https:\/\/www.prooptica.pt\/prooptica-reconhecida-entre-as-melhores-pmes-em-2022\/"},"wordCount":229,"commentCount":0,"image":{"@id":"https:\/\/www.prooptica.pt\/prooptica-reconhecida-entre-as-melhores-pmes-em-2022\/#primaryimage"},"thumbnailUrl":"https:\/\/www.prooptica.pt\/wp-content\/uploads\/2023\/02\/PME-Stamp-scaled.jpg","articleSection":["Institucional"],"inLanguage":"en-GB"},{"@type":"WebPage","@id":"https:\/\/www.prooptica.pt\/prooptica-reconhecida-entre-as-melhores-pmes-em-2022\/","url":"https:\/\/www.prooptica.pt\/prooptica-reconhecida-entre-as-melhores-pmes-em-2022\/","name":"Prooptica recognised among the best SMEs in 2022 - Prooptica","isPartOf":{"@id":"https:\/\/www.prooptica.pt\/home\/#website"},"primaryImageOfPage":{"@id":"https:\/\/www.prooptica.pt\/prooptica-reconhecida-entre-as-melhores-pmes-em-2022\/#primaryimage"},"image":{"@id":"https:\/\/www.prooptica.pt\/prooptica-reconhecida-entre-as-melhores-pmes-em-2022\/#primaryimage"},"thumbnailUrl":"https:\/\/www.prooptica.pt\/wp-content\/uploads\/2023\/02\/PME-Stamp-scaled.jpg","datePublished":"2023-01-26T10:09:19+00:00","dateModified":"2023-02-01T10:24:42+00:00","author":{"@id":"https:\/\/www.prooptica.pt\/home\/#\/schema\/person\/c3afe955f42eef7c9c157838d5be4f29"},"description":"Prooptica has been recognised with PME L\u00edder status for 2022, for the twelfth time. Prooptica has been in business for 30 years and the award of this certification once again recognises our efforts and dedication over the years.","breadcrumb":{"@id":"https:\/\/www.prooptica.pt\/prooptica-reconhecida-entre-as-melhores-pmes-em-2022\/#breadcrumb"},"inLanguage":"en-GB","potentialAction":[{"@type":"ReadAction","target":["https:\/\/www.prooptica.pt\/prooptica-reconhecida-entre-as-melhores-pmes-em-2022\/"]}]},{"@type":"ImageObject","inLanguage":"en-GB","@id":"https:\/\/www.prooptica.pt\/prooptica-reconhecida-entre-as-melhores-pmes-em-2022\/#primaryimage","url":"https:\/\/www.prooptica.pt\/wp-content\/uploads\/2023\/02\/PME-Stamp-scaled.jpg","contentUrl":"https:\/\/www.prooptica.pt\/wp-content\/uploads\/2023\/02\/PME-Stamp-scaled.jpg","width":2560,"height":1706},{"@type":"BreadcrumbList","@id":"https:\/\/www.prooptica.pt\/prooptica-reconhecida-entre-as-melhores-pmes-em-2022\/#breadcrumb","itemListElement":[{"@type":"ListItem","position":1,"name":"In\u00edcio","item":"https:\/\/www.prooptica.pt\/"},{"@type":"ListItem","position":2,"name":"Prooptica reconhecida entre as melhores PME&#8217;s em 2022"}]},{"@type":"WebSite","@id":"https:\/\/www.prooptica.pt\/home\/#website","url":"https:\/\/www.prooptica.pt\/home\/","name":"Prooptica","description":"Full Eyewear Concept","potentialAction":[{"@type":"SearchAction","target":{"@type":"EntryPoint","urlTemplate":"https:\/\/www.prooptica.pt\/home\/?s={search_term_string}"},"query-input":{"@type":"PropertyValueSpecification","valueRequired":true,"valueName":"search_term_string"}}],"inLanguage":"en-GB"},{"@type":"Person","@id":"https:\/\/www.prooptica.pt\/home\/#\/schema\/person\/c3afe955f42eef7c9c157838d5be4f29","name":"Marketing Prooptica","image":{"@type":"ImageObject","inLanguage":"en-GB","@id":"https:\/\/secure.gravatar.com\/avatar\/23248622405e2ce007d39ad746d368991c744fa6fce97036e33e8d9221859ae3?s=96&d=mm&r=g","url":"https:\/\/secure.gravatar.com\/avatar\/23248622405e2ce007d39ad746d368991c744fa6fce97036e33e8d9221859ae3?s=96&d=mm&r=g","contentUrl":"https:\/\/secure.gravatar.com\/avatar\/23248622405e2ce007d39ad746d368991c744fa6fce97036e33e8d9221859ae3?s=96&d=mm&r=g","caption":"Marketing Prooptica"},"url":"https:\/\/www.prooptica.pt\/en\/author\/marketing\/"}]}},"_links":{"self":[{"href":"https:\/\/www.prooptica.pt\/en\/wp-json\/wp\/v2\/posts\/16010","targetHints":{"allow":["GET"]}}],"collection":[{"href":"https:\/\/www.prooptica.pt\/en\/wp-json\/wp\/v2\/posts"}],"about":[{"href":"https:\/\/www.prooptica.pt\/en\/wp-json\/wp\/v2\/types\/post"}],"author":[{"embeddable":true,"href":"https:\/\/www.prooptica.pt\/en\/wp-json\/wp\/v2\/users\/3"}],"replies":[{"embeddable":true,"href":"https:\/\/www.prooptica.pt\/en\/wp-json\/wp\/v2\/comments?post=16010"}],"version-history":[{"count":0,"href":"https:\/\/www.prooptica.pt\/en\/wp-json\/wp\/v2\/posts\/16010\/revisions"}],"wp:featuredmedia":[{"embeddable":true,"href":"https:\/\/www.prooptica.pt\/en\/wp-json\/wp\/v2\/media\/16011"}],"wp:attachment":[{"href":"https:\/\/www.prooptica.pt\/en\/wp-json\/wp\/v2\/media?parent=16010"}],"wp:term":[{"taxonomy":"category","embeddable":true,"href":"https:\/\/www.prooptica.pt\/en\/wp-json\/wp\/v2\/categories?post=16010"},{"taxonomy":"post_tag","embeddable":true,"href":"https:\/\/www.prooptica.pt\/en\/wp-json\/wp\/v2\/tags?post=16010"}],"curies":[{"name":"wp","href":"https:\/\/api.w.org\/{rel}","templated":true}]}}