{"id":16048,"date":"2023-02-03T17:09:55","date_gmt":"2023-02-03T17:09:55","guid":{"rendered":"https:\/\/prooptica.pt\/?p=16048"},"modified":"2023-11-02T15:05:36","modified_gmt":"2023-11-02T15:05:36","slug":"solution-lenses-progressive-ultimate","status":"publish","type":"post","link":"https:\/\/www.prooptica.pt\/en\/solution-lenses-progressivas-ultimate\/","title":{"rendered":"Solution Lenses - Ultimate Progressives"},"content":{"rendered":"<p>In the manufacture of our progressive SOLUTION LENS ULTIMATE we use a special patella (Camber \u2122) that combines complex surfaces on both faces of the lens to provide exceptional visual quality?<br \/><br \/>Its unique front surface has a continuous curvature variation, specially designed to increase reading areas and obtain better optical quality.<\/p>\r\n<p>A progressive lens incorporates multiple powers; it therefore has many ideal base curves, increasing in power from top to bottom. The power of the far zone requires a flatter base, while the power of the near zone requires a more curved base. When a freeform progressive lens is processed from a \"traditional\" patella, the various powers must share a single base curve, which is usually not ideal for the power\/near zone...<\/p>\r\n\r\n\r\n\r\n\r\n\r\n\r\n\r\n<p><strong>Find out more in our article<\/strong> about SOLUTIONS LENS ULTIMATE progressive lenses...<\/p>\r\n\r\n\r\n\r\n<p><span style=\"color: #52a0d7;\"><a style=\"color: #52a0d7;\" href=\"https:\/\/www.prooptica.pt\/wp-content\/uploads\/2023\/11\/Artigo-SL-FEV_web.pdf\" target=\"_blank\" rel=\"noopener\">FIND OUT MORE IN OUR ARTICLE<\/a><\/span><\/p>","protected":false},"excerpt":{"rendered":"<p>No fabrico do nosso progressivo SOLUTION LENS ULTIMATE usamos uma patela especial (Camber \u2122) que combina superf\u00edcies complexas em ambas as faces da lente para fornecer uma excepcional qualidade visual? A sua superf\u00edcie frontal \u00fanica tem uma varia\u00e7\u00e3o de curvatura cont\u00ednua, especialmente desenhada para aumentar as \u00e1reas de leitura e obter melhor qualidade \u00f3ptica. Uma [&hellip;]<\/p>\n","protected":false},"author":3,"featured_media":16050,"comment_status":"closed","ping_status":"closed","sticky":false,"template":"","format":"standard","meta":{"footnotes":""},"categories":[187],"tags":[],"class_list":["post-16048","post","type-post","status-publish","format-standard","has-post-thumbnail","hentry","category-lentes"],"yoast_head":"<!-- This site is optimized with the Yoast SEO plugin v27.4 - https:\/\/yoast.com\/product\/yoast-seo-wordpress\/ -->\n<title>Solution Lenses - Progressivas Ultimate - Prooptica<\/title>\n<meta name=\"robots\" content=\"index, follow, max-snippet:-1, max-image-preview:large, max-video-preview:-1\" \/>\n<link rel=\"canonical\" href=\"https:\/\/www.prooptica.pt\/en\/solution-lenses-progressive-ultimate\/\" \/>\n<meta property=\"og:locale\" content=\"en_GB\" \/>\n<meta property=\"og:type\" content=\"article\" \/>\n<meta property=\"og:title\" content=\"Solution Lenses - Progressivas Ultimate - Prooptica\" \/>\n<meta property=\"og:description\" content=\"No fabrico do nosso progressivo SOLUTION LENS ULTIMATE usamos uma patela especial (Camber \u2122) que combina superf\u00edcies complexas em ambas as faces da lente para fornecer uma excepcional qualidade visual? A sua superf\u00edcie frontal \u00fanica tem uma varia\u00e7\u00e3o de curvatura cont\u00ednua, especialmente desenhada para aumentar as \u00e1reas de leitura e obter melhor qualidade \u00f3ptica. Uma [&hellip;]\" \/>\n<meta property=\"og:url\" content=\"https:\/\/www.prooptica.pt\/en\/solution-lenses-progressive-ultimate\/\" \/>\n<meta property=\"og:site_name\" content=\"Prooptica\" \/>\n<meta property=\"article:published_time\" content=\"2023-02-03T17:09:55+00:00\" \/>\n<meta property=\"article:modified_time\" content=\"2023-11-02T15:05:36+00:00\" \/>\n<meta property=\"og:image\" content=\"https:\/\/www.prooptica.pt\/wp-content\/uploads\/2023\/02\/Artboard-5.png\" \/>\n\t<meta property=\"og:image:width\" content=\"1955\" \/>\n\t<meta property=\"og:image:height\" content=\"1268\" \/>\n\t<meta property=\"og:image:type\" content=\"image\/png\" \/>\n<meta name=\"author\" content=\"Marketing Prooptica\" \/>\n<meta name=\"twitter:card\" content=\"summary_large_image\" \/>\n<meta name=\"twitter:label1\" content=\"Written by\" \/>\n\t<meta name=\"twitter:data1\" content=\"Marketing Prooptica\" \/>\n\t<meta name=\"twitter:label2\" content=\"Estimated reading time\" \/>\n\t<meta name=\"twitter:data2\" content=\"1 minute\" \/>\n<script type=\"application\/ld+json\" class=\"yoast-schema-graph\">{\"@context\":\"https:\\\/\\\/schema.org\",\"@graph\":[{\"@type\":\"Article\",\"@id\":\"https:\\\/\\\/www.prooptica.pt\\\/solution-lenses-progressivas-ultimate\\\/#article\",\"isPartOf\":{\"@id\":\"https:\\\/\\\/www.prooptica.pt\\\/solution-lenses-progressivas-ultimate\\\/\"},\"author\":{\"name\":\"Marketing Prooptica\",\"@id\":\"https:\\\/\\\/www.prooptica.pt\\\/home\\\/#\\\/schema\\\/person\\\/c3afe955f42eef7c9c157838d5be4f29\"},\"headline\":\"Solution Lenses &#8211; Progressivas Ultimate\",\"datePublished\":\"2023-02-03T17:09:55+00:00\",\"dateModified\":\"2023-11-02T15:05:36+00:00\",\"mainEntityOfPage\":{\"@id\":\"https:\\\/\\\/www.prooptica.pt\\\/solution-lenses-progressivas-ultimate\\\/\"},\"wordCount\":163,\"image\":{\"@id\":\"https:\\\/\\\/www.prooptica.pt\\\/solution-lenses-progressivas-ultimate\\\/#primaryimage\"},\"thumbnailUrl\":\"https:\\\/\\\/www.prooptica.pt\\\/wp-content\\\/uploads\\\/2023\\\/02\\\/Artboard-5.png\",\"articleSection\":[\"Lentes\"],\"inLanguage\":\"en-GB\"},{\"@type\":\"WebPage\",\"@id\":\"https:\\\/\\\/www.prooptica.pt\\\/solution-lenses-progressivas-ultimate\\\/\",\"url\":\"https:\\\/\\\/www.prooptica.pt\\\/solution-lenses-progressivas-ultimate\\\/\",\"name\":\"Solution Lenses - Progressivas Ultimate - Prooptica\",\"isPartOf\":{\"@id\":\"https:\\\/\\\/www.prooptica.pt\\\/home\\\/#website\"},\"primaryImageOfPage\":{\"@id\":\"https:\\\/\\\/www.prooptica.pt\\\/solution-lenses-progressivas-ultimate\\\/#primaryimage\"},\"image\":{\"@id\":\"https:\\\/\\\/www.prooptica.pt\\\/solution-lenses-progressivas-ultimate\\\/#primaryimage\"},\"thumbnailUrl\":\"https:\\\/\\\/www.prooptica.pt\\\/wp-content\\\/uploads\\\/2023\\\/02\\\/Artboard-5.png\",\"datePublished\":\"2023-02-03T17:09:55+00:00\",\"dateModified\":\"2023-11-02T15:05:36+00:00\",\"author\":{\"@id\":\"https:\\\/\\\/www.prooptica.pt\\\/home\\\/#\\\/schema\\\/person\\\/c3afe955f42eef7c9c157838d5be4f29\"},\"breadcrumb\":{\"@id\":\"https:\\\/\\\/www.prooptica.pt\\\/solution-lenses-progressivas-ultimate\\\/#breadcrumb\"},\"inLanguage\":\"en-GB\",\"potentialAction\":[{\"@type\":\"ReadAction\",\"target\":[\"https:\\\/\\\/www.prooptica.pt\\\/solution-lenses-progressivas-ultimate\\\/\"]}]},{\"@type\":\"ImageObject\",\"inLanguage\":\"en-GB\",\"@id\":\"https:\\\/\\\/www.prooptica.pt\\\/solution-lenses-progressivas-ultimate\\\/#primaryimage\",\"url\":\"https:\\\/\\\/www.prooptica.pt\\\/wp-content\\\/uploads\\\/2023\\\/02\\\/Artboard-5.png\",\"contentUrl\":\"https:\\\/\\\/www.prooptica.pt\\\/wp-content\\\/uploads\\\/2023\\\/02\\\/Artboard-5.png\",\"width\":1955,\"height\":1268},{\"@type\":\"BreadcrumbList\",\"@id\":\"https:\\\/\\\/www.prooptica.pt\\\/solution-lenses-progressivas-ultimate\\\/#breadcrumb\",\"itemListElement\":[{\"@type\":\"ListItem\",\"position\":1,\"name\":\"In\u00edcio\",\"item\":\"https:\\\/\\\/www.prooptica.pt\\\/\"},{\"@type\":\"ListItem\",\"position\":2,\"name\":\"Solution Lenses &#8211; Progressivas Ultimate\"}]},{\"@type\":\"WebSite\",\"@id\":\"https:\\\/\\\/www.prooptica.pt\\\/home\\\/#website\",\"url\":\"https:\\\/\\\/www.prooptica.pt\\\/home\\\/\",\"name\":\"Prooptica\",\"description\":\"Full Eyewear Concept\",\"potentialAction\":[{\"@type\":\"SearchAction\",\"target\":{\"@type\":\"EntryPoint\",\"urlTemplate\":\"https:\\\/\\\/www.prooptica.pt\\\/home\\\/?s={search_term_string}\"},\"query-input\":{\"@type\":\"PropertyValueSpecification\",\"valueRequired\":true,\"valueName\":\"search_term_string\"}}],\"inLanguage\":\"en-GB\"},{\"@type\":\"Person\",\"@id\":\"https:\\\/\\\/www.prooptica.pt\\\/home\\\/#\\\/schema\\\/person\\\/c3afe955f42eef7c9c157838d5be4f29\",\"name\":\"Marketing Prooptica\",\"image\":{\"@type\":\"ImageObject\",\"inLanguage\":\"en-GB\",\"@id\":\"https:\\\/\\\/secure.gravatar.com\\\/avatar\\\/23248622405e2ce007d39ad746d368991c744fa6fce97036e33e8d9221859ae3?s=96&d=mm&r=g\",\"url\":\"https:\\\/\\\/secure.gravatar.com\\\/avatar\\\/23248622405e2ce007d39ad746d368991c744fa6fce97036e33e8d9221859ae3?s=96&d=mm&r=g\",\"contentUrl\":\"https:\\\/\\\/secure.gravatar.com\\\/avatar\\\/23248622405e2ce007d39ad746d368991c744fa6fce97036e33e8d9221859ae3?s=96&d=mm&r=g\",\"caption\":\"Marketing Prooptica\"},\"url\":\"https:\\\/\\\/www.prooptica.pt\\\/en\\\/author\\\/marketing\\\/\"}]}<\/script>\n<!-- \/ Yoast SEO plugin. -->","yoast_head_json":{"title":"Solution Lenses - Ultimate Progressives - Prooptica","robots":{"index":"index","follow":"follow","max-snippet":"max-snippet:-1","max-image-preview":"max-image-preview:large","max-video-preview":"max-video-preview:-1"},"canonical":"https:\/\/www.prooptica.pt\/en\/solution-lenses-progressive-ultimate\/","og_locale":"en_GB","og_type":"article","og_title":"Solution Lenses - Progressivas Ultimate - Prooptica","og_description":"No fabrico do nosso progressivo SOLUTION LENS ULTIMATE usamos uma patela especial (Camber \u2122) que combina superf\u00edcies complexas em ambas as faces da lente para fornecer uma excepcional qualidade visual? A sua superf\u00edcie frontal \u00fanica tem uma varia\u00e7\u00e3o de curvatura cont\u00ednua, especialmente desenhada para aumentar as \u00e1reas de leitura e obter melhor qualidade \u00f3ptica. Uma [&hellip;]","og_url":"https:\/\/www.prooptica.pt\/en\/solution-lenses-progressive-ultimate\/","og_site_name":"Prooptica","article_published_time":"2023-02-03T17:09:55+00:00","article_modified_time":"2023-11-02T15:05:36+00:00","og_image":[{"width":1955,"height":1268,"url":"https:\/\/www.prooptica.pt\/wp-content\/uploads\/2023\/02\/Artboard-5.png","type":"image\/png"}],"author":"Marketing Prooptica","twitter_card":"summary_large_image","twitter_misc":{"Written by":"Marketing Prooptica","Estimated reading time":"1 minute"},"schema":{"@context":"https:\/\/schema.org","@graph":[{"@type":"Article","@id":"https:\/\/www.prooptica.pt\/solution-lenses-progressivas-ultimate\/#article","isPartOf":{"@id":"https:\/\/www.prooptica.pt\/solution-lenses-progressivas-ultimate\/"},"author":{"name":"Marketing Prooptica","@id":"https:\/\/www.prooptica.pt\/home\/#\/schema\/person\/c3afe955f42eef7c9c157838d5be4f29"},"headline":"Solution Lenses &#8211; Progressivas Ultimate","datePublished":"2023-02-03T17:09:55+00:00","dateModified":"2023-11-02T15:05:36+00:00","mainEntityOfPage":{"@id":"https:\/\/www.prooptica.pt\/solution-lenses-progressivas-ultimate\/"},"wordCount":163,"image":{"@id":"https:\/\/www.prooptica.pt\/solution-lenses-progressivas-ultimate\/#primaryimage"},"thumbnailUrl":"https:\/\/www.prooptica.pt\/wp-content\/uploads\/2023\/02\/Artboard-5.png","articleSection":["Lentes"],"inLanguage":"en-GB"},{"@type":"WebPage","@id":"https:\/\/www.prooptica.pt\/solution-lenses-progressivas-ultimate\/","url":"https:\/\/www.prooptica.pt\/solution-lenses-progressivas-ultimate\/","name":"Solution Lenses - Ultimate Progressives - Prooptica","isPartOf":{"@id":"https:\/\/www.prooptica.pt\/home\/#website"},"primaryImageOfPage":{"@id":"https:\/\/www.prooptica.pt\/solution-lenses-progressivas-ultimate\/#primaryimage"},"image":{"@id":"https:\/\/www.prooptica.pt\/solution-lenses-progressivas-ultimate\/#primaryimage"},"thumbnailUrl":"https:\/\/www.prooptica.pt\/wp-content\/uploads\/2023\/02\/Artboard-5.png","datePublished":"2023-02-03T17:09:55+00:00","dateModified":"2023-11-02T15:05:36+00:00","author":{"@id":"https:\/\/www.prooptica.pt\/home\/#\/schema\/person\/c3afe955f42eef7c9c157838d5be4f29"},"breadcrumb":{"@id":"https:\/\/www.prooptica.pt\/solution-lenses-progressivas-ultimate\/#breadcrumb"},"inLanguage":"en-GB","potentialAction":[{"@type":"ReadAction","target":["https:\/\/www.prooptica.pt\/solution-lenses-progressivas-ultimate\/"]}]},{"@type":"ImageObject","inLanguage":"en-GB","@id":"https:\/\/www.prooptica.pt\/solution-lenses-progressivas-ultimate\/#primaryimage","url":"https:\/\/www.prooptica.pt\/wp-content\/uploads\/2023\/02\/Artboard-5.png","contentUrl":"https:\/\/www.prooptica.pt\/wp-content\/uploads\/2023\/02\/Artboard-5.png","width":1955,"height":1268},{"@type":"BreadcrumbList","@id":"https:\/\/www.prooptica.pt\/solution-lenses-progressivas-ultimate\/#breadcrumb","itemListElement":[{"@type":"ListItem","position":1,"name":"In\u00edcio","item":"https:\/\/www.prooptica.pt\/"},{"@type":"ListItem","position":2,"name":"Solution Lenses &#8211; Progressivas Ultimate"}]},{"@type":"WebSite","@id":"https:\/\/www.prooptica.pt\/home\/#website","url":"https:\/\/www.prooptica.pt\/home\/","name":"Prooptica","description":"Full Eyewear Concept","potentialAction":[{"@type":"SearchAction","target":{"@type":"EntryPoint","urlTemplate":"https:\/\/www.prooptica.pt\/home\/?s={search_term_string}"},"query-input":{"@type":"PropertyValueSpecification","valueRequired":true,"valueName":"search_term_string"}}],"inLanguage":"en-GB"},{"@type":"Person","@id":"https:\/\/www.prooptica.pt\/home\/#\/schema\/person\/c3afe955f42eef7c9c157838d5be4f29","name":"Marketing Prooptica","image":{"@type":"ImageObject","inLanguage":"en-GB","@id":"https:\/\/secure.gravatar.com\/avatar\/23248622405e2ce007d39ad746d368991c744fa6fce97036e33e8d9221859ae3?s=96&d=mm&r=g","url":"https:\/\/secure.gravatar.com\/avatar\/23248622405e2ce007d39ad746d368991c744fa6fce97036e33e8d9221859ae3?s=96&d=mm&r=g","contentUrl":"https:\/\/secure.gravatar.com\/avatar\/23248622405e2ce007d39ad746d368991c744fa6fce97036e33e8d9221859ae3?s=96&d=mm&r=g","caption":"Marketing Prooptica"},"url":"https:\/\/www.prooptica.pt\/en\/author\/marketing\/"}]}},"_links":{"self":[{"href":"https:\/\/www.prooptica.pt\/en\/wp-json\/wp\/v2\/posts\/16048","targetHints":{"allow":["GET"]}}],"collection":[{"href":"https:\/\/www.prooptica.pt\/en\/wp-json\/wp\/v2\/posts"}],"about":[{"href":"https:\/\/www.prooptica.pt\/en\/wp-json\/wp\/v2\/types\/post"}],"author":[{"embeddable":true,"href":"https:\/\/www.prooptica.pt\/en\/wp-json\/wp\/v2\/users\/3"}],"replies":[{"embeddable":true,"href":"https:\/\/www.prooptica.pt\/en\/wp-json\/wp\/v2\/comments?post=16048"}],"version-history":[{"count":1,"href":"https:\/\/www.prooptica.pt\/en\/wp-json\/wp\/v2\/posts\/16048\/revisions"}],"predecessor-version":[{"id":18343,"href":"https:\/\/www.prooptica.pt\/en\/wp-json\/wp\/v2\/posts\/16048\/revisions\/18343"}],"wp:featuredmedia":[{"embeddable":true,"href":"https:\/\/www.prooptica.pt\/en\/wp-json\/wp\/v2\/media\/16050"}],"wp:attachment":[{"href":"https:\/\/www.prooptica.pt\/en\/wp-json\/wp\/v2\/media?parent=16048"}],"wp:term":[{"taxonomy":"category","embeddable":true,"href":"https:\/\/www.prooptica.pt\/en\/wp-json\/wp\/v2\/categories?post=16048"},{"taxonomy":"post_tag","embeddable":true,"href":"https:\/\/www.prooptica.pt\/en\/wp-json\/wp\/v2\/tags?post=16048"}],"curies":[{"name":"wp","href":"https:\/\/api.w.org\/{rel}","templated":true}]}}