{"id":16115,"date":"2023-02-15T09:24:15","date_gmt":"2023-02-15T09:24:15","guid":{"rendered":"https:\/\/prooptica.pt\/?p=16115"},"modified":"2023-03-31T11:04:47","modified_gmt":"2023-03-31T11:04:47","slug":"dielmar-the-most-prestigious-portuguese-catering-brand","status":"publish","type":"post","link":"https:\/\/www.prooptica.pt\/en\/dielmar-a-marca-portuguesa-de-alfeitaria-mais-prestigiada\/","title":{"rendered":"DIELMAR - THE MOST PRESTIGIOUS PORTUGUESE TAILORING BRAND"},"content":{"rendered":"<h4>\u00a0<\/h4>\r\n<h4><img decoding=\"async\" class=\"size-medium wp-image-16168 aligncenter\" src=\"https:\/\/prooptica.pt\/wp-content\/uploads\/2023\/03\/Dielmar-logo-300x106.png\" alt=\"\" width=\"300\" height=\"106\" srcset=\"https:\/\/www.prooptica.pt\/wp-content\/uploads\/2023\/03\/Dielmar-logo-300x106.png 300w, https:\/\/www.prooptica.pt\/wp-content\/uploads\/2023\/03\/Dielmar-logo-1024x362.png 1024w, https:\/\/www.prooptica.pt\/wp-content\/uploads\/2023\/03\/Dielmar-logo-768x271.png 768w, https:\/\/www.prooptica.pt\/wp-content\/uploads\/2023\/03\/Dielmar-logo.png 1263w\" sizes=\"(max-width: 300px) 100vw, 300px\" \/><\/h4>\r\n<p>&nbsp;<\/p>\r\n<h4><strong>History and Rebranding<br \/><\/strong><\/h4>\r\n<p>Founded on 12 May 1965, Dielmar, a 100% Portuguese brand, started its small traditional tailoring business in Alcains, Castelo Branco. It's a distant but memorable date that marked the beginning of one of the most prestigious menswear houses.<\/p>\r\n<p>The name came from the first syllables of the names of its four founders - Dias, H\u00e9lder, Mateus and Ramiro - and has translated over the decades into a firm alliance between quality, excellence and elegance.\u00a0<\/p>\r\n<p>After more than 50 years, Dielmar is an internationally recognised and reputable brand.<\/p>\r\n<p>Integrated into the Val\u00e9rius Group in 2022, the brand has undergone a revitalisation plan which, by harnessing the know-how, passion, skill and dedication of its team, has enabled the implementation of more efficient production techniques.<\/p>\r\n<p>And with this in mind, the brand is also undergoing a rebranding process, in an act of homage to its roots and its Portuguese descent, drawing inspiration from the national flag and the symbolic weight of the quinas for the new logo. The result is a quadrilateral insignia that serves as a tribute to each of Dielmar's four founders, presenting a more elegant and simple logo, faithful to the brand's principles and quality standards.<\/p>\r\n<p><img fetchpriority=\"high\" decoding=\"async\" class=\"wp-image-16165 aligncenter\" src=\"https:\/\/prooptica.pt\/wp-content\/uploads\/2023\/03\/Dielmar-Rebracing-logo-300x107.png\" alt=\"\" width=\"500\" height=\"178\" srcset=\"https:\/\/www.prooptica.pt\/wp-content\/uploads\/2023\/03\/Dielmar-Rebracing-logo-300x107.png 300w, https:\/\/www.prooptica.pt\/wp-content\/uploads\/2023\/03\/Dielmar-Rebracing-logo-1024x365.png 1024w, https:\/\/www.prooptica.pt\/wp-content\/uploads\/2023\/03\/Dielmar-Rebracing-logo-768x274.png 768w, https:\/\/www.prooptica.pt\/wp-content\/uploads\/2023\/03\/Dielmar-Rebracing-logo-1536x548.png 1536w, https:\/\/www.prooptica.pt\/wp-content\/uploads\/2023\/03\/Dielmar-Rebracing-logo-2048x730.png 2048w\" sizes=\"(max-width: 500px) 100vw, 500px\" \/><\/p>\r\n<p>&nbsp;<\/p>\r\n<h4><strong>New Eyewear Collection<\/strong><\/h4>\r\n<p>In 2008, the Eyewear collection was born, with a timeless design and conceived for the day-to-day life of the contemporary man. The pieces are simple and soft, with impeccable details and finishes. The colours tend to be monochrome, but always elegant and carefully selected for a confident and secure man.<\/p>\r\n<p>We begin 2023 with a new collection totally dedicated to this national honour and prestige. Just as the artisans of needlework dedicate their passion, expertise and skill to perfecting every detail, the new eyewear collection has put into its pieces the details that make Dielmar a brand of refinement.<\/p>\r\n<p>&nbsp;<\/p>\r\n<p><img decoding=\"async\" class=\"aligncenter wp-image-16178\" src=\"https:\/\/prooptica.pt\/wp-content\/uploads\/2023\/03\/Dielmar-modelos-300x128.png\" alt=\"\" width=\"800\" height=\"340\" srcset=\"https:\/\/www.prooptica.pt\/wp-content\/uploads\/2023\/03\/Dielmar-modelos-300x128.png 300w, https:\/\/www.prooptica.pt\/wp-content\/uploads\/2023\/03\/Dielmar-modelos-1024x435.png 1024w, https:\/\/www.prooptica.pt\/wp-content\/uploads\/2023\/03\/Dielmar-modelos-768x326.png 768w, https:\/\/www.prooptica.pt\/wp-content\/uploads\/2023\/03\/Dielmar-modelos-1536x653.png 1536w, https:\/\/www.prooptica.pt\/wp-content\/uploads\/2023\/03\/Dielmar-modelos.png 1769w\" sizes=\"(max-width: 800px) 100vw, 800px\" \/><\/p>","protected":false},"excerpt":{"rendered":"<p>\u00a0 &nbsp; Hist\u00f3ria e Rebranding Fundada em 12 de maio de 1965, a Dielmar, uma marca 100% Portuguesa, come\u00e7ou o seu pequeno neg\u00f3cio tradicional de alfaiataria em Alcains, Castelo Branco. \u00c9 uma data distante, mas memor\u00e1vel, que marcou o in\u00edcio de uma das mais prestigiosas casas de moda masculina. O nome surgiu das primeiras s\u00edlabas [&hellip;]<\/p>\n","protected":false},"author":3,"featured_media":16164,"comment_status":"open","ping_status":"open","sticky":false,"template":"","format":"standard","meta":{"footnotes":""},"categories":[67,189],"tags":[],"class_list":["post-16115","post","type-post","status-publish","format-standard","has-post-thumbnail","hentry","category-moda-portuguesa","category-oculos"],"yoast_head":"<!-- This site is optimized with the Yoast SEO plugin v27.5 - https:\/\/yoast.com\/product\/yoast-seo-wordpress\/ -->\n<title>DIELMAR - A MARCA PORTUGUESA DE ALFAIATARIA MAIS PRESTIGIADA - Prooptica<\/title>\n<meta name=\"description\" content=\"Fundada em 12 de maio de 1965, a Dielmar, uma marca 100% portuguesa, come\u00e7ou o seu pequeno neg\u00f3cio tradicional de alfaiataria em Alcains, Castelo Branco. \u00c9 uma data distante, mas memor\u00e1vel, que marcou o in\u00edcio de uma das mais prestigiosas casas de moda masculina.\" \/>\n<meta name=\"robots\" content=\"index, follow, max-snippet:-1, max-image-preview:large, max-video-preview:-1\" \/>\n<link rel=\"canonical\" href=\"https:\/\/www.prooptica.pt\/en\/dielmar-the-most-prestigious-portuguese-catering-brand\/\" \/>\n<meta property=\"og:locale\" content=\"en_GB\" \/>\n<meta property=\"og:type\" content=\"article\" \/>\n<meta property=\"og:title\" content=\"DIELMAR - A MARCA PORTUGUESA DE ALFAIATARIA MAIS PRESTIGIADA - Prooptica\" \/>\n<meta property=\"og:description\" content=\"Fundada em 12 de maio de 1965, a Dielmar, uma marca 100% portuguesa, come\u00e7ou o seu pequeno neg\u00f3cio tradicional de alfaiataria em Alcains, Castelo Branco. \u00c9 uma data distante, mas memor\u00e1vel, que marcou o in\u00edcio de uma das mais prestigiosas casas de moda masculina.\" \/>\n<meta property=\"og:url\" content=\"https:\/\/www.prooptica.pt\/en\/dielmar-the-most-prestigious-portuguese-catering-brand\/\" \/>\n<meta property=\"og:site_name\" content=\"Prooptica\" \/>\n<meta property=\"article:published_time\" content=\"2023-02-15T09:24:15+00:00\" \/>\n<meta property=\"article:modified_time\" content=\"2023-03-31T11:04:47+00:00\" \/>\n<meta property=\"og:image\" content=\"https:\/\/www.prooptica.pt\/wp-content\/uploads\/2023\/03\/Dielmar-Rebrading-1024x574.png\" \/>\n\t<meta property=\"og:image:width\" content=\"1024\" \/>\n\t<meta property=\"og:image:height\" content=\"574\" \/>\n\t<meta property=\"og:image:type\" content=\"image\/png\" \/>\n<meta name=\"author\" content=\"Marketing Prooptica\" \/>\n<meta name=\"twitter:card\" content=\"summary_large_image\" \/>\n<meta name=\"twitter:label1\" content=\"Written by\" \/>\n\t<meta name=\"twitter:data1\" content=\"Marketing Prooptica\" \/>\n\t<meta name=\"twitter:label2\" content=\"Estimated reading time\" \/>\n\t<meta name=\"twitter:data2\" content=\"3 minutes\" \/>\n<script type=\"application\/ld+json\" class=\"yoast-schema-graph\">{\"@context\":\"https:\\\/\\\/schema.org\",\"@graph\":[{\"@type\":\"Article\",\"@id\":\"https:\\\/\\\/www.prooptica.pt\\\/dielmar-a-marca-portuguesa-de-alfeitaria-mais-prestigiada\\\/#article\",\"isPartOf\":{\"@id\":\"https:\\\/\\\/www.prooptica.pt\\\/dielmar-a-marca-portuguesa-de-alfeitaria-mais-prestigiada\\\/\"},\"author\":{\"name\":\"Marketing Prooptica\",\"@id\":\"https:\\\/\\\/www.prooptica.pt\\\/home\\\/#\\\/schema\\\/person\\\/c3afe955f42eef7c9c157838d5be4f29\"},\"headline\":\"DIELMAR &#8211; A MARCA PORTUGUESA DE ALFAIATARIA MAIS PRESTIGIADA\",\"datePublished\":\"2023-02-15T09:24:15+00:00\",\"dateModified\":\"2023-03-31T11:04:47+00:00\",\"mainEntityOfPage\":{\"@id\":\"https:\\\/\\\/www.prooptica.pt\\\/dielmar-a-marca-portuguesa-de-alfeitaria-mais-prestigiada\\\/\"},\"wordCount\":344,\"commentCount\":0,\"image\":{\"@id\":\"https:\\\/\\\/www.prooptica.pt\\\/dielmar-a-marca-portuguesa-de-alfeitaria-mais-prestigiada\\\/#primaryimage\"},\"thumbnailUrl\":\"https:\\\/\\\/www.prooptica.pt\\\/wp-content\\\/uploads\\\/2023\\\/03\\\/Dielmar-Rebrading.png\",\"articleSection\":[\"Moda Portuguesa\",\"\u00d3culos\"],\"inLanguage\":\"en-GB\"},{\"@type\":\"WebPage\",\"@id\":\"https:\\\/\\\/www.prooptica.pt\\\/dielmar-a-marca-portuguesa-de-alfeitaria-mais-prestigiada\\\/\",\"url\":\"https:\\\/\\\/www.prooptica.pt\\\/dielmar-a-marca-portuguesa-de-alfeitaria-mais-prestigiada\\\/\",\"name\":\"DIELMAR - A MARCA PORTUGUESA DE ALFAIATARIA MAIS PRESTIGIADA - Prooptica\",\"isPartOf\":{\"@id\":\"https:\\\/\\\/www.prooptica.pt\\\/home\\\/#website\"},\"primaryImageOfPage\":{\"@id\":\"https:\\\/\\\/www.prooptica.pt\\\/dielmar-a-marca-portuguesa-de-alfeitaria-mais-prestigiada\\\/#primaryimage\"},\"image\":{\"@id\":\"https:\\\/\\\/www.prooptica.pt\\\/dielmar-a-marca-portuguesa-de-alfeitaria-mais-prestigiada\\\/#primaryimage\"},\"thumbnailUrl\":\"https:\\\/\\\/www.prooptica.pt\\\/wp-content\\\/uploads\\\/2023\\\/03\\\/Dielmar-Rebrading.png\",\"datePublished\":\"2023-02-15T09:24:15+00:00\",\"dateModified\":\"2023-03-31T11:04:47+00:00\",\"author\":{\"@id\":\"https:\\\/\\\/www.prooptica.pt\\\/home\\\/#\\\/schema\\\/person\\\/c3afe955f42eef7c9c157838d5be4f29\"},\"description\":\"Fundada em 12 de maio de 1965, a Dielmar, uma marca 100% portuguesa, come\u00e7ou o seu pequeno neg\u00f3cio tradicional de alfaiataria em Alcains, Castelo Branco. \u00c9 uma data distante, mas memor\u00e1vel, que marcou o in\u00edcio de uma das mais prestigiosas casas de moda masculina.\",\"breadcrumb\":{\"@id\":\"https:\\\/\\\/www.prooptica.pt\\\/dielmar-a-marca-portuguesa-de-alfeitaria-mais-prestigiada\\\/#breadcrumb\"},\"inLanguage\":\"en-GB\",\"potentialAction\":[{\"@type\":\"ReadAction\",\"target\":[\"https:\\\/\\\/www.prooptica.pt\\\/dielmar-a-marca-portuguesa-de-alfeitaria-mais-prestigiada\\\/\"]}]},{\"@type\":\"ImageObject\",\"inLanguage\":\"en-GB\",\"@id\":\"https:\\\/\\\/www.prooptica.pt\\\/dielmar-a-marca-portuguesa-de-alfeitaria-mais-prestigiada\\\/#primaryimage\",\"url\":\"https:\\\/\\\/www.prooptica.pt\\\/wp-content\\\/uploads\\\/2023\\\/03\\\/Dielmar-Rebrading.png\",\"contentUrl\":\"https:\\\/\\\/www.prooptica.pt\\\/wp-content\\\/uploads\\\/2023\\\/03\\\/Dielmar-Rebrading.png\",\"width\":1696,\"height\":950},{\"@type\":\"BreadcrumbList\",\"@id\":\"https:\\\/\\\/www.prooptica.pt\\\/dielmar-a-marca-portuguesa-de-alfeitaria-mais-prestigiada\\\/#breadcrumb\",\"itemListElement\":[{\"@type\":\"ListItem\",\"position\":1,\"name\":\"In\u00edcio\",\"item\":\"https:\\\/\\\/www.prooptica.pt\\\/\"},{\"@type\":\"ListItem\",\"position\":2,\"name\":\"DIELMAR &#8211; A MARCA PORTUGUESA DE ALFAIATARIA MAIS PRESTIGIADA\"}]},{\"@type\":\"WebSite\",\"@id\":\"https:\\\/\\\/www.prooptica.pt\\\/home\\\/#website\",\"url\":\"https:\\\/\\\/www.prooptica.pt\\\/home\\\/\",\"name\":\"Prooptica\",\"description\":\"Full Eyewear Concept\",\"potentialAction\":[{\"@type\":\"SearchAction\",\"target\":{\"@type\":\"EntryPoint\",\"urlTemplate\":\"https:\\\/\\\/www.prooptica.pt\\\/home\\\/?s={search_term_string}\"},\"query-input\":{\"@type\":\"PropertyValueSpecification\",\"valueRequired\":true,\"valueName\":\"search_term_string\"}}],\"inLanguage\":\"en-GB\"},{\"@type\":\"Person\",\"@id\":\"https:\\\/\\\/www.prooptica.pt\\\/home\\\/#\\\/schema\\\/person\\\/c3afe955f42eef7c9c157838d5be4f29\",\"name\":\"Marketing Prooptica\",\"image\":{\"@type\":\"ImageObject\",\"inLanguage\":\"en-GB\",\"@id\":\"https:\\\/\\\/secure.gravatar.com\\\/avatar\\\/23248622405e2ce007d39ad746d368991c744fa6fce97036e33e8d9221859ae3?s=96&d=mm&r=g\",\"url\":\"https:\\\/\\\/secure.gravatar.com\\\/avatar\\\/23248622405e2ce007d39ad746d368991c744fa6fce97036e33e8d9221859ae3?s=96&d=mm&r=g\",\"contentUrl\":\"https:\\\/\\\/secure.gravatar.com\\\/avatar\\\/23248622405e2ce007d39ad746d368991c744fa6fce97036e33e8d9221859ae3?s=96&d=mm&r=g\",\"caption\":\"Marketing Prooptica\"},\"url\":\"https:\\\/\\\/www.prooptica.pt\\\/en\\\/author\\\/marketing\\\/\"}]}<\/script>\n<!-- \/ Yoast SEO plugin. -->","yoast_head_json":{"title":"DIELMAR - THE MOST PRESTIGIOUS PORTUGUESE CUSTOMISING BRAND - Prooptica","description":"Founded on 12 May 1965, Dielmar, a Portuguese 100% brand, started its small traditional tailoring business in Alcains, Castelo Branco. It's a distant but memorable date that marked the beginning of one of the most prestigious menswear houses.","robots":{"index":"index","follow":"follow","max-snippet":"max-snippet:-1","max-image-preview":"max-image-preview:large","max-video-preview":"max-video-preview:-1"},"canonical":"https:\/\/www.prooptica.pt\/en\/dielmar-the-most-prestigious-portuguese-catering-brand\/","og_locale":"en_GB","og_type":"article","og_title":"DIELMAR - A MARCA PORTUGUESA DE ALFAIATARIA MAIS PRESTIGIADA - Prooptica","og_description":"Fundada em 12 de maio de 1965, a Dielmar, uma marca 100% portuguesa, come\u00e7ou o seu pequeno neg\u00f3cio tradicional de alfaiataria em Alcains, Castelo Branco. \u00c9 uma data distante, mas memor\u00e1vel, que marcou o in\u00edcio de uma das mais prestigiosas casas de moda masculina.","og_url":"https:\/\/www.prooptica.pt\/en\/dielmar-the-most-prestigious-portuguese-catering-brand\/","og_site_name":"Prooptica","article_published_time":"2023-02-15T09:24:15+00:00","article_modified_time":"2023-03-31T11:04:47+00:00","og_image":[{"width":1024,"height":574,"url":"https:\/\/www.prooptica.pt\/wp-content\/uploads\/2023\/03\/Dielmar-Rebrading-1024x574.png","type":"image\/png"}],"author":"Marketing Prooptica","twitter_card":"summary_large_image","twitter_misc":{"Written by":"Marketing Prooptica","Estimated reading time":"3 minutes"},"schema":{"@context":"https:\/\/schema.org","@graph":[{"@type":"Article","@id":"https:\/\/www.prooptica.pt\/dielmar-a-marca-portuguesa-de-alfeitaria-mais-prestigiada\/#article","isPartOf":{"@id":"https:\/\/www.prooptica.pt\/dielmar-a-marca-portuguesa-de-alfeitaria-mais-prestigiada\/"},"author":{"name":"Marketing Prooptica","@id":"https:\/\/www.prooptica.pt\/home\/#\/schema\/person\/c3afe955f42eef7c9c157838d5be4f29"},"headline":"DIELMAR &#8211; A MARCA PORTUGUESA DE ALFAIATARIA MAIS PRESTIGIADA","datePublished":"2023-02-15T09:24:15+00:00","dateModified":"2023-03-31T11:04:47+00:00","mainEntityOfPage":{"@id":"https:\/\/www.prooptica.pt\/dielmar-a-marca-portuguesa-de-alfeitaria-mais-prestigiada\/"},"wordCount":344,"commentCount":0,"image":{"@id":"https:\/\/www.prooptica.pt\/dielmar-a-marca-portuguesa-de-alfeitaria-mais-prestigiada\/#primaryimage"},"thumbnailUrl":"https:\/\/www.prooptica.pt\/wp-content\/uploads\/2023\/03\/Dielmar-Rebrading.png","articleSection":["Moda Portuguesa","\u00d3culos"],"inLanguage":"en-GB"},{"@type":"WebPage","@id":"https:\/\/www.prooptica.pt\/dielmar-a-marca-portuguesa-de-alfeitaria-mais-prestigiada\/","url":"https:\/\/www.prooptica.pt\/dielmar-a-marca-portuguesa-de-alfeitaria-mais-prestigiada\/","name":"DIELMAR - THE MOST PRESTIGIOUS PORTUGUESE CUSTOMISING BRAND - Prooptica","isPartOf":{"@id":"https:\/\/www.prooptica.pt\/home\/#website"},"primaryImageOfPage":{"@id":"https:\/\/www.prooptica.pt\/dielmar-a-marca-portuguesa-de-alfeitaria-mais-prestigiada\/#primaryimage"},"image":{"@id":"https:\/\/www.prooptica.pt\/dielmar-a-marca-portuguesa-de-alfeitaria-mais-prestigiada\/#primaryimage"},"thumbnailUrl":"https:\/\/www.prooptica.pt\/wp-content\/uploads\/2023\/03\/Dielmar-Rebrading.png","datePublished":"2023-02-15T09:24:15+00:00","dateModified":"2023-03-31T11:04:47+00:00","author":{"@id":"https:\/\/www.prooptica.pt\/home\/#\/schema\/person\/c3afe955f42eef7c9c157838d5be4f29"},"description":"Founded on 12 May 1965, Dielmar, a Portuguese 100% brand, started its small traditional tailoring business in Alcains, Castelo Branco. It's a distant but memorable date that marked the beginning of one of the most prestigious menswear houses.","breadcrumb":{"@id":"https:\/\/www.prooptica.pt\/dielmar-a-marca-portuguesa-de-alfeitaria-mais-prestigiada\/#breadcrumb"},"inLanguage":"en-GB","potentialAction":[{"@type":"ReadAction","target":["https:\/\/www.prooptica.pt\/dielmar-a-marca-portuguesa-de-alfeitaria-mais-prestigiada\/"]}]},{"@type":"ImageObject","inLanguage":"en-GB","@id":"https:\/\/www.prooptica.pt\/dielmar-a-marca-portuguesa-de-alfeitaria-mais-prestigiada\/#primaryimage","url":"https:\/\/www.prooptica.pt\/wp-content\/uploads\/2023\/03\/Dielmar-Rebrading.png","contentUrl":"https:\/\/www.prooptica.pt\/wp-content\/uploads\/2023\/03\/Dielmar-Rebrading.png","width":1696,"height":950},{"@type":"BreadcrumbList","@id":"https:\/\/www.prooptica.pt\/dielmar-a-marca-portuguesa-de-alfeitaria-mais-prestigiada\/#breadcrumb","itemListElement":[{"@type":"ListItem","position":1,"name":"In\u00edcio","item":"https:\/\/www.prooptica.pt\/"},{"@type":"ListItem","position":2,"name":"DIELMAR &#8211; A MARCA PORTUGUESA DE ALFAIATARIA MAIS PRESTIGIADA"}]},{"@type":"WebSite","@id":"https:\/\/www.prooptica.pt\/home\/#website","url":"https:\/\/www.prooptica.pt\/home\/","name":"Prooptica","description":"Full Eyewear Concept","potentialAction":[{"@type":"SearchAction","target":{"@type":"EntryPoint","urlTemplate":"https:\/\/www.prooptica.pt\/home\/?s={search_term_string}"},"query-input":{"@type":"PropertyValueSpecification","valueRequired":true,"valueName":"search_term_string"}}],"inLanguage":"en-GB"},{"@type":"Person","@id":"https:\/\/www.prooptica.pt\/home\/#\/schema\/person\/c3afe955f42eef7c9c157838d5be4f29","name":"Marketing Prooptica","image":{"@type":"ImageObject","inLanguage":"en-GB","@id":"https:\/\/secure.gravatar.com\/avatar\/23248622405e2ce007d39ad746d368991c744fa6fce97036e33e8d9221859ae3?s=96&d=mm&r=g","url":"https:\/\/secure.gravatar.com\/avatar\/23248622405e2ce007d39ad746d368991c744fa6fce97036e33e8d9221859ae3?s=96&d=mm&r=g","contentUrl":"https:\/\/secure.gravatar.com\/avatar\/23248622405e2ce007d39ad746d368991c744fa6fce97036e33e8d9221859ae3?s=96&d=mm&r=g","caption":"Marketing Prooptica"},"url":"https:\/\/www.prooptica.pt\/en\/author\/marketing\/"}]}},"_links":{"self":[{"href":"https:\/\/www.prooptica.pt\/en\/wp-json\/wp\/v2\/posts\/16115","targetHints":{"allow":["GET"]}}],"collection":[{"href":"https:\/\/www.prooptica.pt\/en\/wp-json\/wp\/v2\/posts"}],"about":[{"href":"https:\/\/www.prooptica.pt\/en\/wp-json\/wp\/v2\/types\/post"}],"author":[{"embeddable":true,"href":"https:\/\/www.prooptica.pt\/en\/wp-json\/wp\/v2\/users\/3"}],"replies":[{"embeddable":true,"href":"https:\/\/www.prooptica.pt\/en\/wp-json\/wp\/v2\/comments?post=16115"}],"version-history":[{"count":0,"href":"https:\/\/www.prooptica.pt\/en\/wp-json\/wp\/v2\/posts\/16115\/revisions"}],"wp:featuredmedia":[{"embeddable":true,"href":"https:\/\/www.prooptica.pt\/en\/wp-json\/wp\/v2\/media\/16164"}],"wp:attachment":[{"href":"https:\/\/www.prooptica.pt\/en\/wp-json\/wp\/v2\/media?parent=16115"}],"wp:term":[{"taxonomy":"category","embeddable":true,"href":"https:\/\/www.prooptica.pt\/en\/wp-json\/wp\/v2\/categories?post=16115"},{"taxonomy":"post_tag","embeddable":true,"href":"https:\/\/www.prooptica.pt\/en\/wp-json\/wp\/v2\/tags?post=16115"}],"curies":[{"name":"wp","href":"https:\/\/api.w.org\/{rel}","templated":true}]}}