{"id":16486,"date":"2023-04-14T08:00:34","date_gmt":"2023-04-14T08:00:34","guid":{"rendered":"https:\/\/prooptica.pt\/?p=16486"},"modified":"2023-04-14T13:27:47","modified_gmt":"2023-04-14T13:27:47","slug":"prooptica-in-the-spotlight-at-millioneyes","status":"publish","type":"post","link":"https:\/\/www.prooptica.pt\/en\/prooptica-em-destaque-na-millioneyes\/","title":{"rendered":"Prooptica in the spotlight at MillionEyes"},"content":{"rendered":"<p>Millioneyes was with Prooptica at the most recent showroom in Porto and had the opportunity to see the collections and talk to our team, including the managing director, Lu\u00eds Justino.<\/p>\r\n<p>The article shares news from our collections, as well as information on the launch of the Duyos eyewear collection, the first Spanish brand in Prooptica's eyewear portfolio.<\/p>\r\n<p>Find out all the details at <strong><span style=\"color: #52a0d7;\"><a style=\"color: #52a0d7;\" href=\"https:\/\/prooptica.pt\/wp-content\/uploads\/2023\/04\/Millioneyes-120.pdf\" target=\"_blank\" rel=\"noreferrer noopener\">Article Millioneyes.<\/a><\/span><\/strong><\/p>","protected":false},"excerpt":{"rendered":"<p>A Millioneyes esteve com a Prooptica no mais recente Showroom realizado no Porto e teve a oportunidade de conhecer as cole\u00e7\u00f5es e conversar com a nossa equipa, incluindo o diretor geral, Lu\u00eds Justino. No artigo s\u00e3o partilhadas as novidades das nossas cole\u00e7\u00f5es, bem como informa\u00e7\u00e3o sobre o lan\u00e7amento da cole\u00e7\u00e3o eyewear da marca Duyos, a [&hellip;]<\/p>\n","protected":false},"author":3,"featured_media":16492,"comment_status":"open","ping_status":"open","sticky":false,"template":"","format":"standard","meta":{"footnotes":""},"categories":[195],"tags":[],"class_list":["post-16486","post","type-post","status-publish","format-standard","has-post-thumbnail","hentry","category-institucional"],"yoast_head":"<!-- This site is optimized with the Yoast SEO plugin v27.5 - https:\/\/yoast.com\/product\/yoast-seo-wordpress\/ -->\n<title>Prooptica em destaque na MillionEyes - Prooptica<\/title>\n<meta name=\"description\" content=\"No \u00e2mbito do seu 30\u00ba anivers\u00e1rio, a Prooptica levou a sua equipa e alguns clientes ao Teatro.\u00a0A pe\u00e7a escolhida foi &quot;Trair e Co\u00e7ar \u00e9 s\u00f3 come\u00e7ar&quot;\" \/>\n<meta name=\"robots\" content=\"index, follow, max-snippet:-1, max-image-preview:large, max-video-preview:-1\" \/>\n<link rel=\"canonical\" href=\"https:\/\/www.prooptica.pt\/en\/prooptica-in-the-spotlight-at-millioneyes\/\" \/>\n<meta property=\"og:locale\" content=\"en_GB\" \/>\n<meta property=\"og:type\" content=\"article\" \/>\n<meta property=\"og:title\" content=\"Prooptica em destaque na MillionEyes - Prooptica\" \/>\n<meta property=\"og:description\" content=\"No \u00e2mbito do seu 30\u00ba anivers\u00e1rio, a Prooptica levou a sua equipa e alguns clientes ao Teatro.\u00a0A pe\u00e7a escolhida foi &quot;Trair e Co\u00e7ar \u00e9 s\u00f3 come\u00e7ar&quot;\" \/>\n<meta property=\"og:url\" content=\"https:\/\/www.prooptica.pt\/en\/prooptica-in-the-spotlight-at-millioneyes\/\" \/>\n<meta property=\"og:site_name\" content=\"Prooptica\" \/>\n<meta property=\"article:published_time\" content=\"2023-04-14T08:00:34+00:00\" \/>\n<meta property=\"article:modified_time\" content=\"2023-04-14T13:27:47+00:00\" \/>\n<meta property=\"og:image\" content=\"https:\/\/www.prooptica.pt\/wp-content\/uploads\/2023\/04\/Abril_2023_MillionEyes-scaled.jpg\" \/>\n\t<meta property=\"og:image:width\" content=\"2560\" \/>\n\t<meta property=\"og:image:height\" content=\"1920\" \/>\n\t<meta property=\"og:image:type\" content=\"image\/jpeg\" \/>\n<meta name=\"author\" content=\"Marketing Prooptica\" \/>\n<meta name=\"twitter:card\" content=\"summary_large_image\" \/>\n<meta name=\"twitter:label1\" content=\"Written by\" \/>\n\t<meta name=\"twitter:data1\" content=\"Marketing Prooptica\" \/>\n\t<meta name=\"twitter:label2\" content=\"Estimated reading time\" \/>\n\t<meta name=\"twitter:data2\" content=\"1 minute\" \/>\n<script type=\"application\/ld+json\" class=\"yoast-schema-graph\">{\"@context\":\"https:\\\/\\\/schema.org\",\"@graph\":[{\"@type\":\"Article\",\"@id\":\"https:\\\/\\\/www.prooptica.pt\\\/prooptica-em-destaque-na-millioneyes\\\/#article\",\"isPartOf\":{\"@id\":\"https:\\\/\\\/www.prooptica.pt\\\/prooptica-em-destaque-na-millioneyes\\\/\"},\"author\":{\"name\":\"Marketing Prooptica\",\"@id\":\"https:\\\/\\\/www.prooptica.pt\\\/home\\\/#\\\/schema\\\/person\\\/c3afe955f42eef7c9c157838d5be4f29\"},\"headline\":\"Prooptica em destaque na MillionEyes\",\"datePublished\":\"2023-04-14T08:00:34+00:00\",\"dateModified\":\"2023-04-14T13:27:47+00:00\",\"mainEntityOfPage\":{\"@id\":\"https:\\\/\\\/www.prooptica.pt\\\/prooptica-em-destaque-na-millioneyes\\\/\"},\"wordCount\":84,\"commentCount\":0,\"image\":{\"@id\":\"https:\\\/\\\/www.prooptica.pt\\\/prooptica-em-destaque-na-millioneyes\\\/#primaryimage\"},\"thumbnailUrl\":\"https:\\\/\\\/www.prooptica.pt\\\/wp-content\\\/uploads\\\/2023\\\/04\\\/Abril_2023_MillionEyes-scaled.jpg\",\"articleSection\":[\"Institucional\"],\"inLanguage\":\"en-GB\"},{\"@type\":\"WebPage\",\"@id\":\"https:\\\/\\\/www.prooptica.pt\\\/prooptica-em-destaque-na-millioneyes\\\/\",\"url\":\"https:\\\/\\\/www.prooptica.pt\\\/prooptica-em-destaque-na-millioneyes\\\/\",\"name\":\"Prooptica em destaque na MillionEyes - Prooptica\",\"isPartOf\":{\"@id\":\"https:\\\/\\\/www.prooptica.pt\\\/home\\\/#website\"},\"primaryImageOfPage\":{\"@id\":\"https:\\\/\\\/www.prooptica.pt\\\/prooptica-em-destaque-na-millioneyes\\\/#primaryimage\"},\"image\":{\"@id\":\"https:\\\/\\\/www.prooptica.pt\\\/prooptica-em-destaque-na-millioneyes\\\/#primaryimage\"},\"thumbnailUrl\":\"https:\\\/\\\/www.prooptica.pt\\\/wp-content\\\/uploads\\\/2023\\\/04\\\/Abril_2023_MillionEyes-scaled.jpg\",\"datePublished\":\"2023-04-14T08:00:34+00:00\",\"dateModified\":\"2023-04-14T13:27:47+00:00\",\"author\":{\"@id\":\"https:\\\/\\\/www.prooptica.pt\\\/home\\\/#\\\/schema\\\/person\\\/c3afe955f42eef7c9c157838d5be4f29\"},\"description\":\"No \u00e2mbito do seu 30\u00ba anivers\u00e1rio, a Prooptica levou a sua equipa e alguns clientes ao Teatro.\u00a0A pe\u00e7a escolhida foi \\\"Trair e Co\u00e7ar \u00e9 s\u00f3 come\u00e7ar\\\"\",\"breadcrumb\":{\"@id\":\"https:\\\/\\\/www.prooptica.pt\\\/prooptica-em-destaque-na-millioneyes\\\/#breadcrumb\"},\"inLanguage\":\"en-GB\",\"potentialAction\":[{\"@type\":\"ReadAction\",\"target\":[\"https:\\\/\\\/www.prooptica.pt\\\/prooptica-em-destaque-na-millioneyes\\\/\"]}]},{\"@type\":\"ImageObject\",\"inLanguage\":\"en-GB\",\"@id\":\"https:\\\/\\\/www.prooptica.pt\\\/prooptica-em-destaque-na-millioneyes\\\/#primaryimage\",\"url\":\"https:\\\/\\\/www.prooptica.pt\\\/wp-content\\\/uploads\\\/2023\\\/04\\\/Abril_2023_MillionEyes-scaled.jpg\",\"contentUrl\":\"https:\\\/\\\/www.prooptica.pt\\\/wp-content\\\/uploads\\\/2023\\\/04\\\/Abril_2023_MillionEyes-scaled.jpg\",\"width\":2560,\"height\":1920},{\"@type\":\"BreadcrumbList\",\"@id\":\"https:\\\/\\\/www.prooptica.pt\\\/prooptica-em-destaque-na-millioneyes\\\/#breadcrumb\",\"itemListElement\":[{\"@type\":\"ListItem\",\"position\":1,\"name\":\"In\u00edcio\",\"item\":\"https:\\\/\\\/www.prooptica.pt\\\/\"},{\"@type\":\"ListItem\",\"position\":2,\"name\":\"Prooptica em destaque na MillionEyes\"}]},{\"@type\":\"WebSite\",\"@id\":\"https:\\\/\\\/www.prooptica.pt\\\/home\\\/#website\",\"url\":\"https:\\\/\\\/www.prooptica.pt\\\/home\\\/\",\"name\":\"Prooptica\",\"description\":\"Full Eyewear Concept\",\"potentialAction\":[{\"@type\":\"SearchAction\",\"target\":{\"@type\":\"EntryPoint\",\"urlTemplate\":\"https:\\\/\\\/www.prooptica.pt\\\/home\\\/?s={search_term_string}\"},\"query-input\":{\"@type\":\"PropertyValueSpecification\",\"valueRequired\":true,\"valueName\":\"search_term_string\"}}],\"inLanguage\":\"en-GB\"},{\"@type\":\"Person\",\"@id\":\"https:\\\/\\\/www.prooptica.pt\\\/home\\\/#\\\/schema\\\/person\\\/c3afe955f42eef7c9c157838d5be4f29\",\"name\":\"Marketing Prooptica\",\"image\":{\"@type\":\"ImageObject\",\"inLanguage\":\"en-GB\",\"@id\":\"https:\\\/\\\/secure.gravatar.com\\\/avatar\\\/23248622405e2ce007d39ad746d368991c744fa6fce97036e33e8d9221859ae3?s=96&d=mm&r=g\",\"url\":\"https:\\\/\\\/secure.gravatar.com\\\/avatar\\\/23248622405e2ce007d39ad746d368991c744fa6fce97036e33e8d9221859ae3?s=96&d=mm&r=g\",\"contentUrl\":\"https:\\\/\\\/secure.gravatar.com\\\/avatar\\\/23248622405e2ce007d39ad746d368991c744fa6fce97036e33e8d9221859ae3?s=96&d=mm&r=g\",\"caption\":\"Marketing Prooptica\"},\"url\":\"https:\\\/\\\/www.prooptica.pt\\\/en\\\/author\\\/marketing\\\/\"}]}<\/script>\n<!-- \/ Yoast SEO plugin. -->","yoast_head_json":{"title":"Prooptica in the spotlight at MillionEyes - Prooptica","description":"As part of its 30th anniversary, Prooptica took its team and some of its customers to the theatre. The play chosen was \"Betraying and Scratching is just beginning\"","robots":{"index":"index","follow":"follow","max-snippet":"max-snippet:-1","max-image-preview":"max-image-preview:large","max-video-preview":"max-video-preview:-1"},"canonical":"https:\/\/www.prooptica.pt\/en\/prooptica-in-the-spotlight-at-millioneyes\/","og_locale":"en_GB","og_type":"article","og_title":"Prooptica em destaque na MillionEyes - Prooptica","og_description":"No \u00e2mbito do seu 30\u00ba anivers\u00e1rio, a Prooptica levou a sua equipa e alguns clientes ao Teatro.\u00a0A pe\u00e7a escolhida foi \"Trair e Co\u00e7ar \u00e9 s\u00f3 come\u00e7ar\"","og_url":"https:\/\/www.prooptica.pt\/en\/prooptica-in-the-spotlight-at-millioneyes\/","og_site_name":"Prooptica","article_published_time":"2023-04-14T08:00:34+00:00","article_modified_time":"2023-04-14T13:27:47+00:00","og_image":[{"width":2560,"height":1920,"url":"https:\/\/www.prooptica.pt\/wp-content\/uploads\/2023\/04\/Abril_2023_MillionEyes-scaled.jpg","type":"image\/jpeg"}],"author":"Marketing Prooptica","twitter_card":"summary_large_image","twitter_misc":{"Written by":"Marketing Prooptica","Estimated reading time":"1 minute"},"schema":{"@context":"https:\/\/schema.org","@graph":[{"@type":"Article","@id":"https:\/\/www.prooptica.pt\/prooptica-em-destaque-na-millioneyes\/#article","isPartOf":{"@id":"https:\/\/www.prooptica.pt\/prooptica-em-destaque-na-millioneyes\/"},"author":{"name":"Marketing Prooptica","@id":"https:\/\/www.prooptica.pt\/home\/#\/schema\/person\/c3afe955f42eef7c9c157838d5be4f29"},"headline":"Prooptica em destaque na MillionEyes","datePublished":"2023-04-14T08:00:34+00:00","dateModified":"2023-04-14T13:27:47+00:00","mainEntityOfPage":{"@id":"https:\/\/www.prooptica.pt\/prooptica-em-destaque-na-millioneyes\/"},"wordCount":84,"commentCount":0,"image":{"@id":"https:\/\/www.prooptica.pt\/prooptica-em-destaque-na-millioneyes\/#primaryimage"},"thumbnailUrl":"https:\/\/www.prooptica.pt\/wp-content\/uploads\/2023\/04\/Abril_2023_MillionEyes-scaled.jpg","articleSection":["Institucional"],"inLanguage":"en-GB"},{"@type":"WebPage","@id":"https:\/\/www.prooptica.pt\/prooptica-em-destaque-na-millioneyes\/","url":"https:\/\/www.prooptica.pt\/prooptica-em-destaque-na-millioneyes\/","name":"Prooptica in the spotlight at MillionEyes - Prooptica","isPartOf":{"@id":"https:\/\/www.prooptica.pt\/home\/#website"},"primaryImageOfPage":{"@id":"https:\/\/www.prooptica.pt\/prooptica-em-destaque-na-millioneyes\/#primaryimage"},"image":{"@id":"https:\/\/www.prooptica.pt\/prooptica-em-destaque-na-millioneyes\/#primaryimage"},"thumbnailUrl":"https:\/\/www.prooptica.pt\/wp-content\/uploads\/2023\/04\/Abril_2023_MillionEyes-scaled.jpg","datePublished":"2023-04-14T08:00:34+00:00","dateModified":"2023-04-14T13:27:47+00:00","author":{"@id":"https:\/\/www.prooptica.pt\/home\/#\/schema\/person\/c3afe955f42eef7c9c157838d5be4f29"},"description":"As part of its 30th anniversary, Prooptica took its team and some of its customers to the theatre. The play chosen was \"Betraying and Scratching is just beginning\"","breadcrumb":{"@id":"https:\/\/www.prooptica.pt\/prooptica-em-destaque-na-millioneyes\/#breadcrumb"},"inLanguage":"en-GB","potentialAction":[{"@type":"ReadAction","target":["https:\/\/www.prooptica.pt\/prooptica-em-destaque-na-millioneyes\/"]}]},{"@type":"ImageObject","inLanguage":"en-GB","@id":"https:\/\/www.prooptica.pt\/prooptica-em-destaque-na-millioneyes\/#primaryimage","url":"https:\/\/www.prooptica.pt\/wp-content\/uploads\/2023\/04\/Abril_2023_MillionEyes-scaled.jpg","contentUrl":"https:\/\/www.prooptica.pt\/wp-content\/uploads\/2023\/04\/Abril_2023_MillionEyes-scaled.jpg","width":2560,"height":1920},{"@type":"BreadcrumbList","@id":"https:\/\/www.prooptica.pt\/prooptica-em-destaque-na-millioneyes\/#breadcrumb","itemListElement":[{"@type":"ListItem","position":1,"name":"In\u00edcio","item":"https:\/\/www.prooptica.pt\/"},{"@type":"ListItem","position":2,"name":"Prooptica em destaque na MillionEyes"}]},{"@type":"WebSite","@id":"https:\/\/www.prooptica.pt\/home\/#website","url":"https:\/\/www.prooptica.pt\/home\/","name":"Prooptica","description":"Full Eyewear Concept","potentialAction":[{"@type":"SearchAction","target":{"@type":"EntryPoint","urlTemplate":"https:\/\/www.prooptica.pt\/home\/?s={search_term_string}"},"query-input":{"@type":"PropertyValueSpecification","valueRequired":true,"valueName":"search_term_string"}}],"inLanguage":"en-GB"},{"@type":"Person","@id":"https:\/\/www.prooptica.pt\/home\/#\/schema\/person\/c3afe955f42eef7c9c157838d5be4f29","name":"Marketing Prooptica","image":{"@type":"ImageObject","inLanguage":"en-GB","@id":"https:\/\/secure.gravatar.com\/avatar\/23248622405e2ce007d39ad746d368991c744fa6fce97036e33e8d9221859ae3?s=96&d=mm&r=g","url":"https:\/\/secure.gravatar.com\/avatar\/23248622405e2ce007d39ad746d368991c744fa6fce97036e33e8d9221859ae3?s=96&d=mm&r=g","contentUrl":"https:\/\/secure.gravatar.com\/avatar\/23248622405e2ce007d39ad746d368991c744fa6fce97036e33e8d9221859ae3?s=96&d=mm&r=g","caption":"Marketing Prooptica"},"url":"https:\/\/www.prooptica.pt\/en\/author\/marketing\/"}]}},"_links":{"self":[{"href":"https:\/\/www.prooptica.pt\/en\/wp-json\/wp\/v2\/posts\/16486","targetHints":{"allow":["GET"]}}],"collection":[{"href":"https:\/\/www.prooptica.pt\/en\/wp-json\/wp\/v2\/posts"}],"about":[{"href":"https:\/\/www.prooptica.pt\/en\/wp-json\/wp\/v2\/types\/post"}],"author":[{"embeddable":true,"href":"https:\/\/www.prooptica.pt\/en\/wp-json\/wp\/v2\/users\/3"}],"replies":[{"embeddable":true,"href":"https:\/\/www.prooptica.pt\/en\/wp-json\/wp\/v2\/comments?post=16486"}],"version-history":[{"count":0,"href":"https:\/\/www.prooptica.pt\/en\/wp-json\/wp\/v2\/posts\/16486\/revisions"}],"wp:featuredmedia":[{"embeddable":true,"href":"https:\/\/www.prooptica.pt\/en\/wp-json\/wp\/v2\/media\/16492"}],"wp:attachment":[{"href":"https:\/\/www.prooptica.pt\/en\/wp-json\/wp\/v2\/media?parent=16486"}],"wp:term":[{"taxonomy":"category","embeddable":true,"href":"https:\/\/www.prooptica.pt\/en\/wp-json\/wp\/v2\/categories?post=16486"},{"taxonomy":"post_tag","embeddable":true,"href":"https:\/\/www.prooptica.pt\/en\/wp-json\/wp\/v2\/tags?post=16486"}],"curies":[{"name":"wp","href":"https:\/\/api.w.org\/{rel}","templated":true}]}}