{"id":16493,"date":"2023-04-20T08:00:55","date_gmt":"2023-04-20T08:00:55","guid":{"rendered":"https:\/\/prooptica.pt\/?p=16493"},"modified":"2023-04-20T16:40:49","modified_gmt":"2023-04-20T16:40:49","slug":"world-book-day-protect-your-eyesight-and-posture","status":"publish","type":"post","link":"https:\/\/www.prooptica.pt\/en\/dia-mundial-do-livro-proteja-a-sua-visao-e-postura\/","title":{"rendered":"World Book Day - Protect your eyesight and posture!"},"content":{"rendered":"\r\n\r\n\r\n<p>Os livros s\u00e3o um importante meio de transmiss\u00e3o de cultura e informa\u00e7\u00e3o, s\u00e3o elementos fundamentais no nosso processo educativo. Al\u00e9m disso, para muitos ler um livro \u00e9 tamb\u00e9m um momento de relaxamento e lazer.<\/p>\r\n<p><strong>No dia 23 de Abril celebra-se o Dia Mundial do Livro<\/strong> e esta data relembra-nos que os h\u00e1bitos de leitura requerem alguns cuidados com a nossa vis\u00e3o e postura corporal, de modo a tornar estes momentos confort\u00e1veis e agrad\u00e1veis.<\/p>\r\n<p>&nbsp;<\/p>\r\n<p><em><b>Qual a melhor posi\u00e7\u00e3o de leitura?<\/b>\u00a0<\/em><\/p>\r\n<p>De acordo com os princ\u00edpios ergon\u00f3micos, a melhor posi\u00e7\u00e3o de leitura \u00e9 sentarmo-nos numa cadeira, com as costas direitas e o pesco\u00e7o ligeiramente inclinado para a frente. Os p\u00e9s devem ser colocados no ch\u00e3o com firmeza e os joelhos devem ficar dobrados num \u00e2ngulo de 90\u00ba.\u00a0<\/p>\r\n<p>Nesta postura vamos conseguir ler os nossos livros favoritos sem sobrecarregar desnecessariamente as articula\u00e7\u00f5es, as costas e os m\u00fasculos do pesco\u00e7o, para al\u00e9m de garantir um bom fluxo sangu\u00edneo em todo o corpo.\u00a0<\/p>\r\n<p><span data-ccp-props=\"{&quot;201341983&quot;:0,&quot;335551550&quot;:6,&quot;335551620&quot;:6,&quot;335559739&quot;:0,&quot;335559740&quot;:240}\">\u00a0<\/span><\/p>\r\n<p><em><b>Qual \u00e9 a melhor posi\u00e7\u00e3o para ler um livro na cama?<\/b>\u00a0<\/em><\/p>\r\n<p>Mesmo sabendo qual deveria ser a posi\u00e7\u00e3o ideal, a verdade \u00e9 que nem sempre o fazemos e, na verdade, ler na cama \u00e9 provavelmente muito mais comum do que gostar\u00edamos de admitir.<span data-ccp-props=\"{&quot;201341983&quot;:0,&quot;335551550&quot;:6,&quot;335551620&quot;:6,&quot;335559739&quot;:0,&quot;335559740&quot;:240}\">\u00a0<\/span><\/p>\r\n<p><b><span data-contrast=\"auto\">Os perigos de ler na cama<\/span><\/b><span data-ccp-props=\"{&quot;201341983&quot;:0,&quot;335551550&quot;:6,&quot;335551620&quot;:6,&quot;335559739&quot;:0,&quot;335559740&quot;:240}\">\u00a0<\/span><\/p>\r\n<ul>\r\n<li data-leveltext=\"\uf0b7\" data-font=\"Symbol\" data-listid=\"1\" data-list-defn-props=\"{&quot;335552541&quot;:1,&quot;335559684&quot;:-2,&quot;335559685&quot;:360,&quot;335559991&quot;:360,&quot;469769226&quot;:&quot;Symbol&quot;,&quot;469769242&quot;:[8226],&quot;469777803&quot;:&quot;left&quot;,&quot;469777804&quot;:&quot;\uf0b7&quot;,&quot;469777815&quot;:&quot;hybridMultilevel&quot;}\" aria-setsize=\"-1\" data-aria-posinset=\"1\" data-aria-level=\"1\">\r\n<ul>\r\n<li>Excessiva tens\u00e3o nos m\u00fasculos oculares: Ao ler na cama, deitados, for\u00e7amos nossos olhos a focar em um \u00e2ngulo estranho, o que pode gerar dor de cabe\u00e7a e\/ou fadiga ocular.\u00a0<\/li>\r\n<li>Esfor\u00e7o acrescido para os olhos causado pela luz mais fraca: Os nossos quartos t\u00eam normalmente uma luz difusa e pouco intensa. Isso faz com que tenhamos de ler com uma baixa luminosidade, o que promove um esfor\u00e7o adicional no sistema visual, potenciando a fadiga ocular e poss\u00edvel o aparecimento de dores de cabe\u00e7a.\u00a0<\/li>\r\n<\/ul>\r\n<ul>\r\n<li>Postura incorreta: Encontrar a melhor postura para ler na cama \u00e9 bastante dif\u00edcil se levarmos em conta a posi\u00e7\u00e3o ideal j\u00e1 referida. Ler na cama, promove uma maior tens\u00e3o nos m\u00fasculos do pesco\u00e7o e das costas, o que pode levar a dores persistentes e bastante inc\u00f3modas.\u00a0<\/li>\r\n<\/ul>\r\n<\/li>\r\n<\/ul>\r\n<p><span data-ccp-props=\"{&quot;201341983&quot;:0,&quot;335551550&quot;:6,&quot;335551620&quot;:6,&quot;335559739&quot;:0,&quot;335559740&quot;:240}\">\u00a0<\/span><b><span data-contrast=\"auto\">A maneira correta de ler na cama<\/span><\/b><span data-ccp-props=\"{&quot;201341983&quot;:0,&quot;335551550&quot;:6,&quot;335551620&quot;:6,&quot;335559739&quot;:0,&quot;335559740&quot;:240}\">\u00a0<\/span><\/p>\r\n<p><img fetchpriority=\"high\" decoding=\"async\" class=\"alignnone wp-image-16511 size-large\" src=\"https:\/\/prooptica.pt\/wp-content\/uploads\/2023\/05\/Asset-2-100-1024x336.jpg\" alt=\"\" width=\"1024\" height=\"336\" srcset=\"https:\/\/www.prooptica.pt\/wp-content\/uploads\/2023\/05\/Asset-2-100-1024x336.jpg 1024w, https:\/\/www.prooptica.pt\/wp-content\/uploads\/2023\/05\/Asset-2-100-300x98.jpg 300w, https:\/\/www.prooptica.pt\/wp-content\/uploads\/2023\/05\/Asset-2-100-768x252.jpg 768w, https:\/\/www.prooptica.pt\/wp-content\/uploads\/2023\/05\/Asset-2-100-1536x504.jpg 1536w, https:\/\/www.prooptica.pt\/wp-content\/uploads\/2023\/05\/Asset-2-100.jpg 1601w\" sizes=\"(max-width: 1024px) 100vw, 1024px\" \/><\/p>\r\n<p>Embora n\u00e3o exista efetivamente uma \u201cmaneira correta\u201d de ler na cama, existem algumas recomenda\u00e7\u00f5es que podemos seguir para tentar minimizar os aspetos negativos mencionados.\u00a0<\/p>\r\n<p>Primeiro, sendo que a posi\u00e7\u00e3o de leitura ideal \u00e9 a mais vertical poss\u00edvel, na cama devemos criar o h\u00e1bito de ler encostado \u00e0 cabeceira da cama com as costas apoiadas numa almofada grande ou um conjunto de almofadas.\u00a0<\/p>\r\n<p>Por outro lado, as pernas devem estar esticadas e numa posi\u00e7\u00e3o relaxada, evitando cruz\u00e1-las, pois isso promove uma m\u00e1 circula\u00e7\u00e3o e o aparecimento de dorm\u00eancia.<\/p>\r\n<p>Outra considera\u00e7\u00e3o a ter em conta \u00e9 a posi\u00e7\u00e3o em que seguramos o livro. Idealmente, o pesco\u00e7o deve estar direito, n\u00e3o inclinado para a frente, e os olhos tamb\u00e9m devem focar num suave angulo descendente. Colocar o livro sobre as pernas n\u00e3o \u00e9 o ideal, pois vai obrigar a uma curva muito prenunciada do pesco\u00e7o e um \u00e2ngulo estranho dos olhos.<\/p>\r\n<p>Al\u00e9m destas recomenda\u00e7\u00f5es, o que devemos mesmo evitar \u00e9 ler deitado de lado ou de barriga para baixo. Ambas as posi\u00e7\u00f5es podem parecer confort\u00e1veis, mas sobrecarregam fortemente os olhos, m\u00fasculos e articula\u00e7\u00f5es.\u00a0<\/p>\r\n<p>Por \u00faltimo, mas n\u00e3o menos importante, n\u00e3o esquecer as visitas regulares a um especialista para realizar exames preventivos e despistar eventuais problemas oculares.<\/p>\r\n<p>Conhe\u00e7a as nossas solu\u00e7\u00f5es de lentes indicadas para leitura: <strong><span style=\"color: #52a0d7;\"><a style=\"color: #52a0d7;\" href=\"https:\/\/loja.prooptica.pt\/media-solutions-lenses\/\" target=\"_blank\" rel=\"noreferrer noopener\">Prooptica Solution Lenses.<\/a><\/span><\/strong><\/p>\r\n<p>Vamos manter a sa\u00fade visual em dia e ler os nossos livros de forma confort\u00e1vel e prazerosa!<\/p>\r\n\r\n\r\n\r\n\r\n\r\n\r\n","protected":false},"excerpt":{"rendered":"<p>Os livros s\u00e3o um importante meio de transmiss\u00e3o de cultura e informa\u00e7\u00e3o, s\u00e3o elementos fundamentais no nosso processo educativo. Al\u00e9m disso, para muitos ler um livro \u00e9 tamb\u00e9m um momento de relaxamento e lazer. No dia 23 de Abril celebra-se o Dia Mundial do Livro e esta data relembra-nos que os h\u00e1bitos de leitura requerem [&hellip;]<\/p>\n","protected":false},"author":3,"featured_media":16505,"comment_status":"open","ping_status":"open","sticky":false,"template":"","format":"standard","meta":{"footnotes":""},"categories":[187],"tags":[],"class_list":["post-16493","post","type-post","status-publish","format-standard","has-post-thumbnail","hentry","category-lentes"],"yoast_head":"<!-- This site is optimized with the Yoast SEO plugin v27.5 - https:\/\/yoast.com\/product\/yoast-seo-wordpress\/ -->\n<title>Dia Mundial do Livro - Proteja a sua vis\u00e3o e postura! - Prooptica<\/title>\n<meta name=\"robots\" content=\"index, follow, max-snippet:-1, max-image-preview:large, max-video-preview:-1\" \/>\n<link rel=\"canonical\" href=\"https:\/\/www.prooptica.pt\/en\/world-book-day-protect-your-eyesight-and-posture\/\" \/>\n<meta property=\"og:locale\" content=\"en_GB\" \/>\n<meta property=\"og:type\" content=\"article\" \/>\n<meta property=\"og:title\" content=\"Dia Mundial do Livro - Proteja a sua vis\u00e3o e postura! - Prooptica\" \/>\n<meta property=\"og:description\" content=\"Os livros s\u00e3o um importante meio de transmiss\u00e3o de cultura e informa\u00e7\u00e3o, s\u00e3o elementos fundamentais no nosso processo educativo. Al\u00e9m disso, para muitos ler um livro \u00e9 tamb\u00e9m um momento de relaxamento e lazer. No dia 23 de Abril celebra-se o Dia Mundial do Livro e esta data relembra-nos que os h\u00e1bitos de leitura requerem [&hellip;]\" \/>\n<meta property=\"og:url\" content=\"https:\/\/www.prooptica.pt\/en\/world-book-day-protect-your-eyesight-and-posture\/\" \/>\n<meta property=\"og:site_name\" content=\"Prooptica\" \/>\n<meta property=\"article:published_time\" content=\"2023-04-20T08:00:55+00:00\" \/>\n<meta property=\"article:modified_time\" content=\"2023-04-20T16:40:49+00:00\" \/>\n<meta property=\"og:image\" content=\"https:\/\/www.prooptica.pt\/wp-content\/uploads\/2023\/05\/shutterstock_737779735-scaled-e1681489259995.jpg\" \/>\n\t<meta property=\"og:image:width\" content=\"2560\" \/>\n\t<meta property=\"og:image:height\" content=\"1707\" \/>\n\t<meta property=\"og:image:type\" content=\"image\/jpeg\" \/>\n<meta name=\"author\" content=\"Marketing Prooptica\" \/>\n<meta name=\"twitter:card\" content=\"summary_large_image\" \/>\n<meta name=\"twitter:label1\" content=\"Written by\" \/>\n\t<meta name=\"twitter:data1\" content=\"Marketing Prooptica\" \/>\n\t<meta name=\"twitter:label2\" content=\"Estimated reading time\" \/>\n\t<meta name=\"twitter:data2\" content=\"4 minutes\" \/>\n<script type=\"application\/ld+json\" class=\"yoast-schema-graph\">{\"@context\":\"https:\\\/\\\/schema.org\",\"@graph\":[{\"@type\":\"Article\",\"@id\":\"https:\\\/\\\/www.prooptica.pt\\\/dia-mundial-do-livro-proteja-a-sua-visao-e-postura\\\/#article\",\"isPartOf\":{\"@id\":\"https:\\\/\\\/www.prooptica.pt\\\/dia-mundial-do-livro-proteja-a-sua-visao-e-postura\\\/\"},\"author\":{\"name\":\"Marketing Prooptica\",\"@id\":\"https:\\\/\\\/www.prooptica.pt\\\/home\\\/#\\\/schema\\\/person\\\/c3afe955f42eef7c9c157838d5be4f29\"},\"headline\":\"Dia Mundial do Livro &#8211; Proteja a sua vis\u00e3o e postura!\",\"datePublished\":\"2023-04-20T08:00:55+00:00\",\"dateModified\":\"2023-04-20T16:40:49+00:00\",\"mainEntityOfPage\":{\"@id\":\"https:\\\/\\\/www.prooptica.pt\\\/dia-mundial-do-livro-proteja-a-sua-visao-e-postura\\\/\"},\"wordCount\":643,\"commentCount\":0,\"image\":{\"@id\":\"https:\\\/\\\/www.prooptica.pt\\\/dia-mundial-do-livro-proteja-a-sua-visao-e-postura\\\/#primaryimage\"},\"thumbnailUrl\":\"https:\\\/\\\/www.prooptica.pt\\\/wp-content\\\/uploads\\\/2023\\\/05\\\/shutterstock_737779735-scaled-e1681489259995.jpg\",\"articleSection\":[\"Lentes\"],\"inLanguage\":\"en-GB\"},{\"@type\":\"WebPage\",\"@id\":\"https:\\\/\\\/www.prooptica.pt\\\/dia-mundial-do-livro-proteja-a-sua-visao-e-postura\\\/\",\"url\":\"https:\\\/\\\/www.prooptica.pt\\\/dia-mundial-do-livro-proteja-a-sua-visao-e-postura\\\/\",\"name\":\"Dia Mundial do Livro - Proteja a sua vis\u00e3o e postura! - Prooptica\",\"isPartOf\":{\"@id\":\"https:\\\/\\\/www.prooptica.pt\\\/home\\\/#website\"},\"primaryImageOfPage\":{\"@id\":\"https:\\\/\\\/www.prooptica.pt\\\/dia-mundial-do-livro-proteja-a-sua-visao-e-postura\\\/#primaryimage\"},\"image\":{\"@id\":\"https:\\\/\\\/www.prooptica.pt\\\/dia-mundial-do-livro-proteja-a-sua-visao-e-postura\\\/#primaryimage\"},\"thumbnailUrl\":\"https:\\\/\\\/www.prooptica.pt\\\/wp-content\\\/uploads\\\/2023\\\/05\\\/shutterstock_737779735-scaled-e1681489259995.jpg\",\"datePublished\":\"2023-04-20T08:00:55+00:00\",\"dateModified\":\"2023-04-20T16:40:49+00:00\",\"author\":{\"@id\":\"https:\\\/\\\/www.prooptica.pt\\\/home\\\/#\\\/schema\\\/person\\\/c3afe955f42eef7c9c157838d5be4f29\"},\"breadcrumb\":{\"@id\":\"https:\\\/\\\/www.prooptica.pt\\\/dia-mundial-do-livro-proteja-a-sua-visao-e-postura\\\/#breadcrumb\"},\"inLanguage\":\"en-GB\",\"potentialAction\":[{\"@type\":\"ReadAction\",\"target\":[\"https:\\\/\\\/www.prooptica.pt\\\/dia-mundial-do-livro-proteja-a-sua-visao-e-postura\\\/\"]}]},{\"@type\":\"ImageObject\",\"inLanguage\":\"en-GB\",\"@id\":\"https:\\\/\\\/www.prooptica.pt\\\/dia-mundial-do-livro-proteja-a-sua-visao-e-postura\\\/#primaryimage\",\"url\":\"https:\\\/\\\/www.prooptica.pt\\\/wp-content\\\/uploads\\\/2023\\\/05\\\/shutterstock_737779735-scaled-e1681489259995.jpg\",\"contentUrl\":\"https:\\\/\\\/www.prooptica.pt\\\/wp-content\\\/uploads\\\/2023\\\/05\\\/shutterstock_737779735-scaled-e1681489259995.jpg\",\"width\":2560,\"height\":1707},{\"@type\":\"BreadcrumbList\",\"@id\":\"https:\\\/\\\/www.prooptica.pt\\\/dia-mundial-do-livro-proteja-a-sua-visao-e-postura\\\/#breadcrumb\",\"itemListElement\":[{\"@type\":\"ListItem\",\"position\":1,\"name\":\"In\u00edcio\",\"item\":\"https:\\\/\\\/www.prooptica.pt\\\/\"},{\"@type\":\"ListItem\",\"position\":2,\"name\":\"Dia Mundial do Livro &#8211; Proteja a sua vis\u00e3o e postura!\"}]},{\"@type\":\"WebSite\",\"@id\":\"https:\\\/\\\/www.prooptica.pt\\\/home\\\/#website\",\"url\":\"https:\\\/\\\/www.prooptica.pt\\\/home\\\/\",\"name\":\"Prooptica\",\"description\":\"Full Eyewear Concept\",\"potentialAction\":[{\"@type\":\"SearchAction\",\"target\":{\"@type\":\"EntryPoint\",\"urlTemplate\":\"https:\\\/\\\/www.prooptica.pt\\\/home\\\/?s={search_term_string}\"},\"query-input\":{\"@type\":\"PropertyValueSpecification\",\"valueRequired\":true,\"valueName\":\"search_term_string\"}}],\"inLanguage\":\"en-GB\"},{\"@type\":\"Person\",\"@id\":\"https:\\\/\\\/www.prooptica.pt\\\/home\\\/#\\\/schema\\\/person\\\/c3afe955f42eef7c9c157838d5be4f29\",\"name\":\"Marketing Prooptica\",\"image\":{\"@type\":\"ImageObject\",\"inLanguage\":\"en-GB\",\"@id\":\"https:\\\/\\\/secure.gravatar.com\\\/avatar\\\/23248622405e2ce007d39ad746d368991c744fa6fce97036e33e8d9221859ae3?s=96&d=mm&r=g\",\"url\":\"https:\\\/\\\/secure.gravatar.com\\\/avatar\\\/23248622405e2ce007d39ad746d368991c744fa6fce97036e33e8d9221859ae3?s=96&d=mm&r=g\",\"contentUrl\":\"https:\\\/\\\/secure.gravatar.com\\\/avatar\\\/23248622405e2ce007d39ad746d368991c744fa6fce97036e33e8d9221859ae3?s=96&d=mm&r=g\",\"caption\":\"Marketing Prooptica\"},\"url\":\"https:\\\/\\\/www.prooptica.pt\\\/en\\\/author\\\/marketing\\\/\"}]}<\/script>\n<!-- \/ Yoast SEO plugin. -->","yoast_head_json":{"title":"World Book Day - Protect your eyesight and posture! - Prooptica","robots":{"index":"index","follow":"follow","max-snippet":"max-snippet:-1","max-image-preview":"max-image-preview:large","max-video-preview":"max-video-preview:-1"},"canonical":"https:\/\/www.prooptica.pt\/en\/world-book-day-protect-your-eyesight-and-posture\/","og_locale":"en_GB","og_type":"article","og_title":"Dia Mundial do Livro - Proteja a sua vis\u00e3o e postura! - Prooptica","og_description":"Os livros s\u00e3o um importante meio de transmiss\u00e3o de cultura e informa\u00e7\u00e3o, s\u00e3o elementos fundamentais no nosso processo educativo. Al\u00e9m disso, para muitos ler um livro \u00e9 tamb\u00e9m um momento de relaxamento e lazer. No dia 23 de Abril celebra-se o Dia Mundial do Livro e esta data relembra-nos que os h\u00e1bitos de leitura requerem [&hellip;]","og_url":"https:\/\/www.prooptica.pt\/en\/world-book-day-protect-your-eyesight-and-posture\/","og_site_name":"Prooptica","article_published_time":"2023-04-20T08:00:55+00:00","article_modified_time":"2023-04-20T16:40:49+00:00","og_image":[{"width":2560,"height":1707,"url":"https:\/\/www.prooptica.pt\/wp-content\/uploads\/2023\/05\/shutterstock_737779735-scaled-e1681489259995.jpg","type":"image\/jpeg"}],"author":"Marketing Prooptica","twitter_card":"summary_large_image","twitter_misc":{"Written by":"Marketing Prooptica","Estimated reading time":"4 minutes"},"schema":{"@context":"https:\/\/schema.org","@graph":[{"@type":"Article","@id":"https:\/\/www.prooptica.pt\/dia-mundial-do-livro-proteja-a-sua-visao-e-postura\/#article","isPartOf":{"@id":"https:\/\/www.prooptica.pt\/dia-mundial-do-livro-proteja-a-sua-visao-e-postura\/"},"author":{"name":"Marketing Prooptica","@id":"https:\/\/www.prooptica.pt\/home\/#\/schema\/person\/c3afe955f42eef7c9c157838d5be4f29"},"headline":"Dia Mundial do Livro &#8211; Proteja a sua vis\u00e3o e postura!","datePublished":"2023-04-20T08:00:55+00:00","dateModified":"2023-04-20T16:40:49+00:00","mainEntityOfPage":{"@id":"https:\/\/www.prooptica.pt\/dia-mundial-do-livro-proteja-a-sua-visao-e-postura\/"},"wordCount":643,"commentCount":0,"image":{"@id":"https:\/\/www.prooptica.pt\/dia-mundial-do-livro-proteja-a-sua-visao-e-postura\/#primaryimage"},"thumbnailUrl":"https:\/\/www.prooptica.pt\/wp-content\/uploads\/2023\/05\/shutterstock_737779735-scaled-e1681489259995.jpg","articleSection":["Lentes"],"inLanguage":"en-GB"},{"@type":"WebPage","@id":"https:\/\/www.prooptica.pt\/dia-mundial-do-livro-proteja-a-sua-visao-e-postura\/","url":"https:\/\/www.prooptica.pt\/dia-mundial-do-livro-proteja-a-sua-visao-e-postura\/","name":"World Book Day - Protect your eyesight and posture! - Prooptica","isPartOf":{"@id":"https:\/\/www.prooptica.pt\/home\/#website"},"primaryImageOfPage":{"@id":"https:\/\/www.prooptica.pt\/dia-mundial-do-livro-proteja-a-sua-visao-e-postura\/#primaryimage"},"image":{"@id":"https:\/\/www.prooptica.pt\/dia-mundial-do-livro-proteja-a-sua-visao-e-postura\/#primaryimage"},"thumbnailUrl":"https:\/\/www.prooptica.pt\/wp-content\/uploads\/2023\/05\/shutterstock_737779735-scaled-e1681489259995.jpg","datePublished":"2023-04-20T08:00:55+00:00","dateModified":"2023-04-20T16:40:49+00:00","author":{"@id":"https:\/\/www.prooptica.pt\/home\/#\/schema\/person\/c3afe955f42eef7c9c157838d5be4f29"},"breadcrumb":{"@id":"https:\/\/www.prooptica.pt\/dia-mundial-do-livro-proteja-a-sua-visao-e-postura\/#breadcrumb"},"inLanguage":"en-GB","potentialAction":[{"@type":"ReadAction","target":["https:\/\/www.prooptica.pt\/dia-mundial-do-livro-proteja-a-sua-visao-e-postura\/"]}]},{"@type":"ImageObject","inLanguage":"en-GB","@id":"https:\/\/www.prooptica.pt\/dia-mundial-do-livro-proteja-a-sua-visao-e-postura\/#primaryimage","url":"https:\/\/www.prooptica.pt\/wp-content\/uploads\/2023\/05\/shutterstock_737779735-scaled-e1681489259995.jpg","contentUrl":"https:\/\/www.prooptica.pt\/wp-content\/uploads\/2023\/05\/shutterstock_737779735-scaled-e1681489259995.jpg","width":2560,"height":1707},{"@type":"BreadcrumbList","@id":"https:\/\/www.prooptica.pt\/dia-mundial-do-livro-proteja-a-sua-visao-e-postura\/#breadcrumb","itemListElement":[{"@type":"ListItem","position":1,"name":"In\u00edcio","item":"https:\/\/www.prooptica.pt\/"},{"@type":"ListItem","position":2,"name":"Dia Mundial do Livro &#8211; Proteja a sua vis\u00e3o e postura!"}]},{"@type":"WebSite","@id":"https:\/\/www.prooptica.pt\/home\/#website","url":"https:\/\/www.prooptica.pt\/home\/","name":"Prooptica","description":"Full Eyewear Concept","potentialAction":[{"@type":"SearchAction","target":{"@type":"EntryPoint","urlTemplate":"https:\/\/www.prooptica.pt\/home\/?s={search_term_string}"},"query-input":{"@type":"PropertyValueSpecification","valueRequired":true,"valueName":"search_term_string"}}],"inLanguage":"en-GB"},{"@type":"Person","@id":"https:\/\/www.prooptica.pt\/home\/#\/schema\/person\/c3afe955f42eef7c9c157838d5be4f29","name":"Marketing Prooptica","image":{"@type":"ImageObject","inLanguage":"en-GB","@id":"https:\/\/secure.gravatar.com\/avatar\/23248622405e2ce007d39ad746d368991c744fa6fce97036e33e8d9221859ae3?s=96&d=mm&r=g","url":"https:\/\/secure.gravatar.com\/avatar\/23248622405e2ce007d39ad746d368991c744fa6fce97036e33e8d9221859ae3?s=96&d=mm&r=g","contentUrl":"https:\/\/secure.gravatar.com\/avatar\/23248622405e2ce007d39ad746d368991c744fa6fce97036e33e8d9221859ae3?s=96&d=mm&r=g","caption":"Marketing Prooptica"},"url":"https:\/\/www.prooptica.pt\/en\/author\/marketing\/"}]}},"_links":{"self":[{"href":"https:\/\/www.prooptica.pt\/en\/wp-json\/wp\/v2\/posts\/16493","targetHints":{"allow":["GET"]}}],"collection":[{"href":"https:\/\/www.prooptica.pt\/en\/wp-json\/wp\/v2\/posts"}],"about":[{"href":"https:\/\/www.prooptica.pt\/en\/wp-json\/wp\/v2\/types\/post"}],"author":[{"embeddable":true,"href":"https:\/\/www.prooptica.pt\/en\/wp-json\/wp\/v2\/users\/3"}],"replies":[{"embeddable":true,"href":"https:\/\/www.prooptica.pt\/en\/wp-json\/wp\/v2\/comments?post=16493"}],"version-history":[{"count":0,"href":"https:\/\/www.prooptica.pt\/en\/wp-json\/wp\/v2\/posts\/16493\/revisions"}],"wp:featuredmedia":[{"embeddable":true,"href":"https:\/\/www.prooptica.pt\/en\/wp-json\/wp\/v2\/media\/16505"}],"wp:attachment":[{"href":"https:\/\/www.prooptica.pt\/en\/wp-json\/wp\/v2\/media?parent=16493"}],"wp:term":[{"taxonomy":"category","embeddable":true,"href":"https:\/\/www.prooptica.pt\/en\/wp-json\/wp\/v2\/categories?post=16493"},{"taxonomy":"post_tag","embeddable":true,"href":"https:\/\/www.prooptica.pt\/en\/wp-json\/wp\/v2\/tags?post=16493"}],"curies":[{"name":"wp","href":"https:\/\/api.w.org\/{rel}","templated":true}]}}