{"id":16518,"date":"2023-04-20T08:49:37","date_gmt":"2023-04-20T08:49:37","guid":{"rendered":"https:\/\/prooptica.pt\/?p=16518"},"modified":"2023-04-20T08:49:37","modified_gmt":"2023-04-20T08:49:37","slug":"prooptica-presents-live-news-article-in-opticapro-spotlight","status":"publish","type":"post","link":"https:\/\/www.prooptica.pt\/en\/prooptica-apresenta-as-novidades-ao-vivo-artigo-em-destaque-na-opticapro\/","title":{"rendered":"Prooptica presents news \"live\" | Featured article on OpticaPro"},"content":{"rendered":"<p>OpticaPro was with Prooptica at the most recent showroom in Porto and spoke to our team, in particular Alexandra Fernandes, Director of the eyewear area, who gave her opinion on what's new in our collections and on the launch of the Duyos eyewear collection.<\/p>\r\n<p>Find out all the details at <strong><span style=\"color: #52a0d7;\"><a style=\"color: #52a0d7;\" href=\"https:\/\/prooptica.pt\/wp-content\/uploads\/2023\/04\/Optica-Pro-238.pdf\" target=\"_blank\" rel=\"noreferrer noopener\">Article Opticapro.<\/a><\/span><\/strong><\/p>","protected":false},"excerpt":{"rendered":"<p>A OpticaPro esteve com a Prooptica no mais recente Showroom realizado no Porto e esteve \u00e0 conversa com a nossa equipa, nomeadamente com a Alexandra Fernandes, Diretora da \u00e1rea de \u00f3culos, que deu o seu parecer sobre as novidades das nossas cole\u00e7\u00f5es e sobre o lan\u00e7amento da cole\u00e7\u00e3o eyewear da marca Duyos. Saiba todos os [&hellip;]<\/p>\n","protected":false},"author":3,"featured_media":16521,"comment_status":"open","ping_status":"open","sticky":false,"template":"","format":"standard","meta":{"footnotes":""},"categories":[195],"tags":[],"class_list":["post-16518","post","type-post","status-publish","format-standard","has-post-thumbnail","hentry","category-institucional"],"yoast_head":"<!-- This site is optimized with the Yoast SEO plugin v27.5 - https:\/\/yoast.com\/product\/yoast-seo-wordpress\/ -->\n<title>Prooptica apresenta as novidades \u201cao vivo\u201d | Artigo em destaque na OpticaPro - Prooptica<\/title>\n<meta name=\"description\" content=\"No \u00e2mbito do seu 30\u00ba anivers\u00e1rio, a Prooptica levou a sua equipa e alguns clientes ao Teatro.\u00a0A pe\u00e7a escolhida foi &quot;Trair e Co\u00e7ar \u00e9 s\u00f3 come\u00e7ar&quot;\" \/>\n<meta name=\"robots\" content=\"index, follow, max-snippet:-1, max-image-preview:large, max-video-preview:-1\" \/>\n<link rel=\"canonical\" href=\"https:\/\/www.prooptica.pt\/en\/prooptica-presents-live-news-article-in-opticapro-spotlight\/\" \/>\n<meta property=\"og:locale\" content=\"en_GB\" \/>\n<meta property=\"og:type\" content=\"article\" \/>\n<meta property=\"og:title\" content=\"Prooptica apresenta as novidades \u201cao vivo\u201d | Artigo em destaque na OpticaPro - Prooptica\" \/>\n<meta property=\"og:description\" content=\"No \u00e2mbito do seu 30\u00ba anivers\u00e1rio, a Prooptica levou a sua equipa e alguns clientes ao Teatro.\u00a0A pe\u00e7a escolhida foi &quot;Trair e Co\u00e7ar \u00e9 s\u00f3 come\u00e7ar&quot;\" \/>\n<meta property=\"og:url\" content=\"https:\/\/www.prooptica.pt\/en\/prooptica-presents-live-news-article-in-opticapro-spotlight\/\" \/>\n<meta property=\"og:site_name\" content=\"Prooptica\" \/>\n<meta property=\"article:published_time\" content=\"2023-04-20T08:49:37+00:00\" \/>\n<meta property=\"og:image\" content=\"https:\/\/www.prooptica.pt\/wp-content\/uploads\/2023\/04\/DSC_2789-scaled.jpg\" \/>\n\t<meta property=\"og:image:width\" content=\"2560\" \/>\n\t<meta property=\"og:image:height\" content=\"1707\" \/>\n\t<meta property=\"og:image:type\" content=\"image\/jpeg\" \/>\n<meta name=\"author\" content=\"Marketing Prooptica\" \/>\n<meta name=\"twitter:card\" content=\"summary_large_image\" \/>\n<meta name=\"twitter:label1\" content=\"Written by\" \/>\n\t<meta name=\"twitter:data1\" content=\"Marketing Prooptica\" \/>\n\t<meta name=\"twitter:label2\" content=\"Estimated reading time\" \/>\n\t<meta name=\"twitter:data2\" content=\"1 minute\" \/>\n<script type=\"application\/ld+json\" class=\"yoast-schema-graph\">{\"@context\":\"https:\\\/\\\/schema.org\",\"@graph\":[{\"@type\":\"Article\",\"@id\":\"https:\\\/\\\/www.prooptica.pt\\\/prooptica-apresenta-as-novidades-ao-vivo-artigo-em-destaque-na-opticapro\\\/#article\",\"isPartOf\":{\"@id\":\"https:\\\/\\\/www.prooptica.pt\\\/prooptica-apresenta-as-novidades-ao-vivo-artigo-em-destaque-na-opticapro\\\/\"},\"author\":{\"name\":\"Marketing Prooptica\",\"@id\":\"https:\\\/\\\/www.prooptica.pt\\\/home\\\/#\\\/schema\\\/person\\\/c3afe955f42eef7c9c157838d5be4f29\"},\"headline\":\"Prooptica apresenta as novidades \u201cao vivo\u201d | Artigo em destaque na OpticaPro\",\"datePublished\":\"2023-04-20T08:49:37+00:00\",\"mainEntityOfPage\":{\"@id\":\"https:\\\/\\\/www.prooptica.pt\\\/prooptica-apresenta-as-novidades-ao-vivo-artigo-em-destaque-na-opticapro\\\/\"},\"wordCount\":72,\"commentCount\":0,\"image\":{\"@id\":\"https:\\\/\\\/www.prooptica.pt\\\/prooptica-apresenta-as-novidades-ao-vivo-artigo-em-destaque-na-opticapro\\\/#primaryimage\"},\"thumbnailUrl\":\"https:\\\/\\\/www.prooptica.pt\\\/wp-content\\\/uploads\\\/2023\\\/04\\\/DSC_2789-scaled.jpg\",\"articleSection\":[\"Institucional\"],\"inLanguage\":\"en-GB\"},{\"@type\":\"WebPage\",\"@id\":\"https:\\\/\\\/www.prooptica.pt\\\/prooptica-apresenta-as-novidades-ao-vivo-artigo-em-destaque-na-opticapro\\\/\",\"url\":\"https:\\\/\\\/www.prooptica.pt\\\/prooptica-apresenta-as-novidades-ao-vivo-artigo-em-destaque-na-opticapro\\\/\",\"name\":\"Prooptica apresenta as novidades \u201cao vivo\u201d | Artigo em destaque na OpticaPro - Prooptica\",\"isPartOf\":{\"@id\":\"https:\\\/\\\/www.prooptica.pt\\\/home\\\/#website\"},\"primaryImageOfPage\":{\"@id\":\"https:\\\/\\\/www.prooptica.pt\\\/prooptica-apresenta-as-novidades-ao-vivo-artigo-em-destaque-na-opticapro\\\/#primaryimage\"},\"image\":{\"@id\":\"https:\\\/\\\/www.prooptica.pt\\\/prooptica-apresenta-as-novidades-ao-vivo-artigo-em-destaque-na-opticapro\\\/#primaryimage\"},\"thumbnailUrl\":\"https:\\\/\\\/www.prooptica.pt\\\/wp-content\\\/uploads\\\/2023\\\/04\\\/DSC_2789-scaled.jpg\",\"datePublished\":\"2023-04-20T08:49:37+00:00\",\"author\":{\"@id\":\"https:\\\/\\\/www.prooptica.pt\\\/home\\\/#\\\/schema\\\/person\\\/c3afe955f42eef7c9c157838d5be4f29\"},\"description\":\"No \u00e2mbito do seu 30\u00ba anivers\u00e1rio, a Prooptica levou a sua equipa e alguns clientes ao Teatro.\u00a0A pe\u00e7a escolhida foi \\\"Trair e Co\u00e7ar \u00e9 s\u00f3 come\u00e7ar\\\"\",\"breadcrumb\":{\"@id\":\"https:\\\/\\\/www.prooptica.pt\\\/prooptica-apresenta-as-novidades-ao-vivo-artigo-em-destaque-na-opticapro\\\/#breadcrumb\"},\"inLanguage\":\"en-GB\",\"potentialAction\":[{\"@type\":\"ReadAction\",\"target\":[\"https:\\\/\\\/www.prooptica.pt\\\/prooptica-apresenta-as-novidades-ao-vivo-artigo-em-destaque-na-opticapro\\\/\"]}]},{\"@type\":\"ImageObject\",\"inLanguage\":\"en-GB\",\"@id\":\"https:\\\/\\\/www.prooptica.pt\\\/prooptica-apresenta-as-novidades-ao-vivo-artigo-em-destaque-na-opticapro\\\/#primaryimage\",\"url\":\"https:\\\/\\\/www.prooptica.pt\\\/wp-content\\\/uploads\\\/2023\\\/04\\\/DSC_2789-scaled.jpg\",\"contentUrl\":\"https:\\\/\\\/www.prooptica.pt\\\/wp-content\\\/uploads\\\/2023\\\/04\\\/DSC_2789-scaled.jpg\",\"width\":2560,\"height\":1707},{\"@type\":\"BreadcrumbList\",\"@id\":\"https:\\\/\\\/www.prooptica.pt\\\/prooptica-apresenta-as-novidades-ao-vivo-artigo-em-destaque-na-opticapro\\\/#breadcrumb\",\"itemListElement\":[{\"@type\":\"ListItem\",\"position\":1,\"name\":\"In\u00edcio\",\"item\":\"https:\\\/\\\/www.prooptica.pt\\\/\"},{\"@type\":\"ListItem\",\"position\":2,\"name\":\"Prooptica apresenta as novidades \u201cao vivo\u201d | Artigo em destaque na OpticaPro\"}]},{\"@type\":\"WebSite\",\"@id\":\"https:\\\/\\\/www.prooptica.pt\\\/home\\\/#website\",\"url\":\"https:\\\/\\\/www.prooptica.pt\\\/home\\\/\",\"name\":\"Prooptica\",\"description\":\"Full Eyewear Concept\",\"potentialAction\":[{\"@type\":\"SearchAction\",\"target\":{\"@type\":\"EntryPoint\",\"urlTemplate\":\"https:\\\/\\\/www.prooptica.pt\\\/home\\\/?s={search_term_string}\"},\"query-input\":{\"@type\":\"PropertyValueSpecification\",\"valueRequired\":true,\"valueName\":\"search_term_string\"}}],\"inLanguage\":\"en-GB\"},{\"@type\":\"Person\",\"@id\":\"https:\\\/\\\/www.prooptica.pt\\\/home\\\/#\\\/schema\\\/person\\\/c3afe955f42eef7c9c157838d5be4f29\",\"name\":\"Marketing Prooptica\",\"image\":{\"@type\":\"ImageObject\",\"inLanguage\":\"en-GB\",\"@id\":\"https:\\\/\\\/secure.gravatar.com\\\/avatar\\\/23248622405e2ce007d39ad746d368991c744fa6fce97036e33e8d9221859ae3?s=96&d=mm&r=g\",\"url\":\"https:\\\/\\\/secure.gravatar.com\\\/avatar\\\/23248622405e2ce007d39ad746d368991c744fa6fce97036e33e8d9221859ae3?s=96&d=mm&r=g\",\"contentUrl\":\"https:\\\/\\\/secure.gravatar.com\\\/avatar\\\/23248622405e2ce007d39ad746d368991c744fa6fce97036e33e8d9221859ae3?s=96&d=mm&r=g\",\"caption\":\"Marketing Prooptica\"},\"url\":\"https:\\\/\\\/www.prooptica.pt\\\/en\\\/author\\\/marketing\\\/\"}]}<\/script>\n<!-- \/ Yoast SEO plugin. -->","yoast_head_json":{"title":"Prooptica presents news \"live\" | Featured article on OpticaPro - Prooptica","description":"As part of its 30th anniversary, Prooptica took its team and some of its customers to the theatre. The play chosen was \"Betraying and Scratching is just beginning\"","robots":{"index":"index","follow":"follow","max-snippet":"max-snippet:-1","max-image-preview":"max-image-preview:large","max-video-preview":"max-video-preview:-1"},"canonical":"https:\/\/www.prooptica.pt\/en\/prooptica-presents-live-news-article-in-opticapro-spotlight\/","og_locale":"en_GB","og_type":"article","og_title":"Prooptica apresenta as novidades \u201cao vivo\u201d | Artigo em destaque na OpticaPro - Prooptica","og_description":"No \u00e2mbito do seu 30\u00ba anivers\u00e1rio, a Prooptica levou a sua equipa e alguns clientes ao Teatro.\u00a0A pe\u00e7a escolhida foi \"Trair e Co\u00e7ar \u00e9 s\u00f3 come\u00e7ar\"","og_url":"https:\/\/www.prooptica.pt\/en\/prooptica-presents-live-news-article-in-opticapro-spotlight\/","og_site_name":"Prooptica","article_published_time":"2023-04-20T08:49:37+00:00","og_image":[{"width":2560,"height":1707,"url":"https:\/\/www.prooptica.pt\/wp-content\/uploads\/2023\/04\/DSC_2789-scaled.jpg","type":"image\/jpeg"}],"author":"Marketing Prooptica","twitter_card":"summary_large_image","twitter_misc":{"Written by":"Marketing Prooptica","Estimated reading time":"1 minute"},"schema":{"@context":"https:\/\/schema.org","@graph":[{"@type":"Article","@id":"https:\/\/www.prooptica.pt\/prooptica-apresenta-as-novidades-ao-vivo-artigo-em-destaque-na-opticapro\/#article","isPartOf":{"@id":"https:\/\/www.prooptica.pt\/prooptica-apresenta-as-novidades-ao-vivo-artigo-em-destaque-na-opticapro\/"},"author":{"name":"Marketing Prooptica","@id":"https:\/\/www.prooptica.pt\/home\/#\/schema\/person\/c3afe955f42eef7c9c157838d5be4f29"},"headline":"Prooptica apresenta as novidades \u201cao vivo\u201d | Artigo em destaque na OpticaPro","datePublished":"2023-04-20T08:49:37+00:00","mainEntityOfPage":{"@id":"https:\/\/www.prooptica.pt\/prooptica-apresenta-as-novidades-ao-vivo-artigo-em-destaque-na-opticapro\/"},"wordCount":72,"commentCount":0,"image":{"@id":"https:\/\/www.prooptica.pt\/prooptica-apresenta-as-novidades-ao-vivo-artigo-em-destaque-na-opticapro\/#primaryimage"},"thumbnailUrl":"https:\/\/www.prooptica.pt\/wp-content\/uploads\/2023\/04\/DSC_2789-scaled.jpg","articleSection":["Institucional"],"inLanguage":"en-GB"},{"@type":"WebPage","@id":"https:\/\/www.prooptica.pt\/prooptica-apresenta-as-novidades-ao-vivo-artigo-em-destaque-na-opticapro\/","url":"https:\/\/www.prooptica.pt\/prooptica-apresenta-as-novidades-ao-vivo-artigo-em-destaque-na-opticapro\/","name":"Prooptica presents news \"live\" | Featured article on OpticaPro - Prooptica","isPartOf":{"@id":"https:\/\/www.prooptica.pt\/home\/#website"},"primaryImageOfPage":{"@id":"https:\/\/www.prooptica.pt\/prooptica-apresenta-as-novidades-ao-vivo-artigo-em-destaque-na-opticapro\/#primaryimage"},"image":{"@id":"https:\/\/www.prooptica.pt\/prooptica-apresenta-as-novidades-ao-vivo-artigo-em-destaque-na-opticapro\/#primaryimage"},"thumbnailUrl":"https:\/\/www.prooptica.pt\/wp-content\/uploads\/2023\/04\/DSC_2789-scaled.jpg","datePublished":"2023-04-20T08:49:37+00:00","author":{"@id":"https:\/\/www.prooptica.pt\/home\/#\/schema\/person\/c3afe955f42eef7c9c157838d5be4f29"},"description":"As part of its 30th anniversary, Prooptica took its team and some of its customers to the theatre. The play chosen was \"Betraying and Scratching is just beginning\"","breadcrumb":{"@id":"https:\/\/www.prooptica.pt\/prooptica-apresenta-as-novidades-ao-vivo-artigo-em-destaque-na-opticapro\/#breadcrumb"},"inLanguage":"en-GB","potentialAction":[{"@type":"ReadAction","target":["https:\/\/www.prooptica.pt\/prooptica-apresenta-as-novidades-ao-vivo-artigo-em-destaque-na-opticapro\/"]}]},{"@type":"ImageObject","inLanguage":"en-GB","@id":"https:\/\/www.prooptica.pt\/prooptica-apresenta-as-novidades-ao-vivo-artigo-em-destaque-na-opticapro\/#primaryimage","url":"https:\/\/www.prooptica.pt\/wp-content\/uploads\/2023\/04\/DSC_2789-scaled.jpg","contentUrl":"https:\/\/www.prooptica.pt\/wp-content\/uploads\/2023\/04\/DSC_2789-scaled.jpg","width":2560,"height":1707},{"@type":"BreadcrumbList","@id":"https:\/\/www.prooptica.pt\/prooptica-apresenta-as-novidades-ao-vivo-artigo-em-destaque-na-opticapro\/#breadcrumb","itemListElement":[{"@type":"ListItem","position":1,"name":"In\u00edcio","item":"https:\/\/www.prooptica.pt\/"},{"@type":"ListItem","position":2,"name":"Prooptica apresenta as novidades \u201cao vivo\u201d | Artigo em destaque na OpticaPro"}]},{"@type":"WebSite","@id":"https:\/\/www.prooptica.pt\/home\/#website","url":"https:\/\/www.prooptica.pt\/home\/","name":"Prooptica","description":"Full Eyewear Concept","potentialAction":[{"@type":"SearchAction","target":{"@type":"EntryPoint","urlTemplate":"https:\/\/www.prooptica.pt\/home\/?s={search_term_string}"},"query-input":{"@type":"PropertyValueSpecification","valueRequired":true,"valueName":"search_term_string"}}],"inLanguage":"en-GB"},{"@type":"Person","@id":"https:\/\/www.prooptica.pt\/home\/#\/schema\/person\/c3afe955f42eef7c9c157838d5be4f29","name":"Marketing Prooptica","image":{"@type":"ImageObject","inLanguage":"en-GB","@id":"https:\/\/secure.gravatar.com\/avatar\/23248622405e2ce007d39ad746d368991c744fa6fce97036e33e8d9221859ae3?s=96&d=mm&r=g","url":"https:\/\/secure.gravatar.com\/avatar\/23248622405e2ce007d39ad746d368991c744fa6fce97036e33e8d9221859ae3?s=96&d=mm&r=g","contentUrl":"https:\/\/secure.gravatar.com\/avatar\/23248622405e2ce007d39ad746d368991c744fa6fce97036e33e8d9221859ae3?s=96&d=mm&r=g","caption":"Marketing Prooptica"},"url":"https:\/\/www.prooptica.pt\/en\/author\/marketing\/"}]}},"_links":{"self":[{"href":"https:\/\/www.prooptica.pt\/en\/wp-json\/wp\/v2\/posts\/16518","targetHints":{"allow":["GET"]}}],"collection":[{"href":"https:\/\/www.prooptica.pt\/en\/wp-json\/wp\/v2\/posts"}],"about":[{"href":"https:\/\/www.prooptica.pt\/en\/wp-json\/wp\/v2\/types\/post"}],"author":[{"embeddable":true,"href":"https:\/\/www.prooptica.pt\/en\/wp-json\/wp\/v2\/users\/3"}],"replies":[{"embeddable":true,"href":"https:\/\/www.prooptica.pt\/en\/wp-json\/wp\/v2\/comments?post=16518"}],"version-history":[{"count":0,"href":"https:\/\/www.prooptica.pt\/en\/wp-json\/wp\/v2\/posts\/16518\/revisions"}],"wp:featuredmedia":[{"embeddable":true,"href":"https:\/\/www.prooptica.pt\/en\/wp-json\/wp\/v2\/media\/16521"}],"wp:attachment":[{"href":"https:\/\/www.prooptica.pt\/en\/wp-json\/wp\/v2\/media?parent=16518"}],"wp:term":[{"taxonomy":"category","embeddable":true,"href":"https:\/\/www.prooptica.pt\/en\/wp-json\/wp\/v2\/categories?post=16518"},{"taxonomy":"post_tag","embeddable":true,"href":"https:\/\/www.prooptica.pt\/en\/wp-json\/wp\/v2\/tags?post=16518"}],"curies":[{"name":"wp","href":"https:\/\/api.w.org\/{rel}","templated":true}]}}