{"id":16981,"date":"2023-06-15T14:59:06","date_gmt":"2023-06-15T14:59:06","guid":{"rendered":"https:\/\/prooptica.pt\/?p=16981"},"modified":"2023-06-15T14:59:06","modified_gmt":"2023-06-15T14:59:06","slug":"30-years-of-prooptics","status":"publish","type":"post","link":"https:\/\/www.prooptica.pt\/en\/30-anos-prooptica\/","title":{"rendered":"Today is a landmark day for Prooptica!"},"content":{"rendered":"<p>It is with great satisfaction that today, 15 June 2023, Prooptica celebrates 30 years of success. Since it was founded in 1993, the company has left an indelible mark on the sector, surpassing expectations and becoming <span class=\"pl-s\">currently <\/span>into one of the market leaders. It's a milestone that fills us with pride and makes us reflect on the journey we've travelled over these three decades.<\/p>\n<p>Prooptica's history is filled with thirty years of learning, changes, adaptations, victories and a few mistakes, which have certainly helped us mould and strengthen the company we are today. It's a story punctuated by challenges that we've faced with courage, and victories that we've celebrated together.<\/p>\n<p>Today we celebrate not only the company's longevity, but above all the tenacity, determination and entrepreneurial spirit that have made it the force it is today. We celebrate the fact that we are a happy, motivated and restless team, always ready to explore new horizons and face new challenges.<\/p>\n<p><img fetchpriority=\"high\" decoding=\"async\" class=\"aligncenter wp-image-16988\" src=\"https:\/\/prooptica.pt\/wp-content\/uploads\/2023\/06\/20221219_223458-copy-300x119.jpg\" alt=\"\" width=\"1000\" height=\"397\" srcset=\"https:\/\/www.prooptica.pt\/wp-content\/uploads\/2023\/06\/20221219_223458-copy-300x119.jpg 300w, https:\/\/www.prooptica.pt\/wp-content\/uploads\/2023\/06\/20221219_223458-copy-1024x406.jpg 1024w, https:\/\/www.prooptica.pt\/wp-content\/uploads\/2023\/06\/20221219_223458-copy-768x305.jpg 768w, https:\/\/www.prooptica.pt\/wp-content\/uploads\/2023\/06\/20221219_223458-copy-1536x610.jpg 1536w, https:\/\/www.prooptica.pt\/wp-content\/uploads\/2023\/06\/20221219_223458-copy-2048x813.jpg 2048w\" sizes=\"(max-width: 1000px) 100vw, 1000px\" \/><\/p>\n<p>We would like to take this opportunity to express our deep gratitude to all the clients who have accompanied us over the last 30 years. It is to them that we dedicate our history and it is for them that we work every day. We thank every member of our talented team who has contributed to our success story and accompanied us on this incredible journey.<\/p>\n<p>Here we go, \"looking to the future\", ready for another thirty years (and many more) of excellence and success. We will capitalise on the lessons of the past, the success of the present and the opportunities of the future to continue building our legacy.<\/p>\n<p><strong><span style=\"font-family: 'Calibri',sans-serif;\">Happy 30th birthday, Prooptica!<\/span><\/strong><\/p>\n<p>&nbsp;<\/p>","protected":false},"excerpt":{"rendered":"<p>\u00c9 com grande satisfa\u00e7\u00e3o que hoje, 15 de junho de 2023, a Prooptica celebra 30 anos de uma hist\u00f3ria de sucesso. Desde a sua funda\u00e7\u00e3o, em 1993, a empresa tem deixado uma marca indel\u00e9vel no sector, superando expectativas e tornando-se atualmente num dos l\u00edderes do mercado.\u00a0\u00c9 um marco que nos enche de orgulho e nos [&hellip;]<\/p>\n","protected":false},"author":3,"featured_media":16985,"comment_status":"closed","ping_status":"closed","sticky":false,"template":"","format":"standard","meta":{"footnotes":""},"categories":[195],"tags":[],"class_list":["post-16981","post","type-post","status-publish","format-standard","has-post-thumbnail","hentry","category-institucional"],"yoast_head":"<!-- This site is optimized with the Yoast SEO plugin v27.4 - https:\/\/yoast.com\/product\/yoast-seo-wordpress\/ -->\n<title>30 anos Prooptica<\/title>\n<meta name=\"description\" content=\"A Prooptica celebra hoje 30 anos de uma hist\u00f3ria de sucesso. \u00c9 um marco que nos enche de orgulho e nos faz refletir sobre esta jornada.\" \/>\n<meta name=\"robots\" content=\"index, follow, max-snippet:-1, max-image-preview:large, max-video-preview:-1\" \/>\n<link rel=\"canonical\" href=\"https:\/\/www.prooptica.pt\/en\/30-years-of-prooptics\/\" \/>\n<meta property=\"og:locale\" content=\"en_GB\" \/>\n<meta property=\"og:type\" content=\"article\" \/>\n<meta property=\"og:title\" content=\"30 anos Prooptica\" \/>\n<meta property=\"og:description\" content=\"A Prooptica celebra hoje 30 anos de uma hist\u00f3ria de sucesso. \u00c9 um marco que nos enche de orgulho e nos faz refletir sobre esta jornada.\" \/>\n<meta property=\"og:url\" content=\"https:\/\/www.prooptica.pt\/en\/30-years-of-prooptics\/\" \/>\n<meta property=\"og:site_name\" content=\"Prooptica\" \/>\n<meta property=\"article:published_time\" content=\"2023-06-15T14:59:06+00:00\" \/>\n<meta property=\"og:image\" content=\"https:\/\/www.prooptica.pt\/wp-content\/uploads\/2023\/06\/PS_7801-scaled.jpg\" \/>\n\t<meta property=\"og:image:width\" content=\"2560\" \/>\n\t<meta property=\"og:image:height\" content=\"1707\" \/>\n\t<meta property=\"og:image:type\" content=\"image\/jpeg\" \/>\n<meta name=\"author\" content=\"Marketing Prooptica\" \/>\n<meta name=\"twitter:card\" content=\"summary_large_image\" \/>\n<meta name=\"twitter:label1\" content=\"Written by\" \/>\n\t<meta name=\"twitter:data1\" content=\"Marketing Prooptica\" \/>\n\t<meta name=\"twitter:label2\" content=\"Estimated reading time\" \/>\n\t<meta name=\"twitter:data2\" content=\"2 minutes\" \/>\n<script type=\"application\/ld+json\" class=\"yoast-schema-graph\">{\"@context\":\"https:\\\/\\\/schema.org\",\"@graph\":[{\"@type\":\"Article\",\"@id\":\"https:\\\/\\\/www.prooptica.pt\\\/30-anos-prooptica\\\/#article\",\"isPartOf\":{\"@id\":\"https:\\\/\\\/www.prooptica.pt\\\/30-anos-prooptica\\\/\"},\"author\":{\"name\":\"Marketing Prooptica\",\"@id\":\"https:\\\/\\\/www.prooptica.pt\\\/home\\\/#\\\/schema\\\/person\\\/c3afe955f42eef7c9c157838d5be4f29\"},\"headline\":\"Hoje \u00e9 um dia marcante para a Prooptica!\",\"datePublished\":\"2023-06-15T14:59:06+00:00\",\"mainEntityOfPage\":{\"@id\":\"https:\\\/\\\/www.prooptica.pt\\\/30-anos-prooptica\\\/\"},\"wordCount\":287,\"image\":{\"@id\":\"https:\\\/\\\/www.prooptica.pt\\\/30-anos-prooptica\\\/#primaryimage\"},\"thumbnailUrl\":\"https:\\\/\\\/www.prooptica.pt\\\/wp-content\\\/uploads\\\/2023\\\/06\\\/PS_7801-scaled.jpg\",\"articleSection\":[\"Institucional\"],\"inLanguage\":\"en-GB\"},{\"@type\":\"WebPage\",\"@id\":\"https:\\\/\\\/www.prooptica.pt\\\/30-anos-prooptica\\\/\",\"url\":\"https:\\\/\\\/www.prooptica.pt\\\/30-anos-prooptica\\\/\",\"name\":\"30 anos Prooptica\",\"isPartOf\":{\"@id\":\"https:\\\/\\\/www.prooptica.pt\\\/home\\\/#website\"},\"primaryImageOfPage\":{\"@id\":\"https:\\\/\\\/www.prooptica.pt\\\/30-anos-prooptica\\\/#primaryimage\"},\"image\":{\"@id\":\"https:\\\/\\\/www.prooptica.pt\\\/30-anos-prooptica\\\/#primaryimage\"},\"thumbnailUrl\":\"https:\\\/\\\/www.prooptica.pt\\\/wp-content\\\/uploads\\\/2023\\\/06\\\/PS_7801-scaled.jpg\",\"datePublished\":\"2023-06-15T14:59:06+00:00\",\"author\":{\"@id\":\"https:\\\/\\\/www.prooptica.pt\\\/home\\\/#\\\/schema\\\/person\\\/c3afe955f42eef7c9c157838d5be4f29\"},\"description\":\"A Prooptica celebra hoje 30 anos de uma hist\u00f3ria de sucesso. \u00c9 um marco que nos enche de orgulho e nos faz refletir sobre esta jornada.\",\"breadcrumb\":{\"@id\":\"https:\\\/\\\/www.prooptica.pt\\\/30-anos-prooptica\\\/#breadcrumb\"},\"inLanguage\":\"en-GB\",\"potentialAction\":[{\"@type\":\"ReadAction\",\"target\":[\"https:\\\/\\\/www.prooptica.pt\\\/30-anos-prooptica\\\/\"]}]},{\"@type\":\"ImageObject\",\"inLanguage\":\"en-GB\",\"@id\":\"https:\\\/\\\/www.prooptica.pt\\\/30-anos-prooptica\\\/#primaryimage\",\"url\":\"https:\\\/\\\/www.prooptica.pt\\\/wp-content\\\/uploads\\\/2023\\\/06\\\/PS_7801-scaled.jpg\",\"contentUrl\":\"https:\\\/\\\/www.prooptica.pt\\\/wp-content\\\/uploads\\\/2023\\\/06\\\/PS_7801-scaled.jpg\",\"width\":2560,\"height\":1707},{\"@type\":\"BreadcrumbList\",\"@id\":\"https:\\\/\\\/www.prooptica.pt\\\/30-anos-prooptica\\\/#breadcrumb\",\"itemListElement\":[{\"@type\":\"ListItem\",\"position\":1,\"name\":\"In\u00edcio\",\"item\":\"https:\\\/\\\/www.prooptica.pt\\\/\"},{\"@type\":\"ListItem\",\"position\":2,\"name\":\"Hoje \u00e9 um dia marcante para a Prooptica!\"}]},{\"@type\":\"WebSite\",\"@id\":\"https:\\\/\\\/www.prooptica.pt\\\/home\\\/#website\",\"url\":\"https:\\\/\\\/www.prooptica.pt\\\/home\\\/\",\"name\":\"Prooptica\",\"description\":\"Full Eyewear Concept\",\"potentialAction\":[{\"@type\":\"SearchAction\",\"target\":{\"@type\":\"EntryPoint\",\"urlTemplate\":\"https:\\\/\\\/www.prooptica.pt\\\/home\\\/?s={search_term_string}\"},\"query-input\":{\"@type\":\"PropertyValueSpecification\",\"valueRequired\":true,\"valueName\":\"search_term_string\"}}],\"inLanguage\":\"en-GB\"},{\"@type\":\"Person\",\"@id\":\"https:\\\/\\\/www.prooptica.pt\\\/home\\\/#\\\/schema\\\/person\\\/c3afe955f42eef7c9c157838d5be4f29\",\"name\":\"Marketing Prooptica\",\"image\":{\"@type\":\"ImageObject\",\"inLanguage\":\"en-GB\",\"@id\":\"https:\\\/\\\/secure.gravatar.com\\\/avatar\\\/23248622405e2ce007d39ad746d368991c744fa6fce97036e33e8d9221859ae3?s=96&d=mm&r=g\",\"url\":\"https:\\\/\\\/secure.gravatar.com\\\/avatar\\\/23248622405e2ce007d39ad746d368991c744fa6fce97036e33e8d9221859ae3?s=96&d=mm&r=g\",\"contentUrl\":\"https:\\\/\\\/secure.gravatar.com\\\/avatar\\\/23248622405e2ce007d39ad746d368991c744fa6fce97036e33e8d9221859ae3?s=96&d=mm&r=g\",\"caption\":\"Marketing Prooptica\"},\"url\":\"https:\\\/\\\/www.prooptica.pt\\\/en\\\/author\\\/marketing\\\/\"}]}<\/script>\n<!-- \/ Yoast SEO plugin. -->","yoast_head_json":{"title":"30 years Prooptica","description":"Today Prooptica celebrates 30 years of success. It's a milestone that fills us with pride and makes us reflect on this journey.","robots":{"index":"index","follow":"follow","max-snippet":"max-snippet:-1","max-image-preview":"max-image-preview:large","max-video-preview":"max-video-preview:-1"},"canonical":"https:\/\/www.prooptica.pt\/en\/30-years-of-prooptics\/","og_locale":"en_GB","og_type":"article","og_title":"30 anos Prooptica","og_description":"A Prooptica celebra hoje 30 anos de uma hist\u00f3ria de sucesso. \u00c9 um marco que nos enche de orgulho e nos faz refletir sobre esta jornada.","og_url":"https:\/\/www.prooptica.pt\/en\/30-years-of-prooptics\/","og_site_name":"Prooptica","article_published_time":"2023-06-15T14:59:06+00:00","og_image":[{"width":2560,"height":1707,"url":"https:\/\/www.prooptica.pt\/wp-content\/uploads\/2023\/06\/PS_7801-scaled.jpg","type":"image\/jpeg"}],"author":"Marketing Prooptica","twitter_card":"summary_large_image","twitter_misc":{"Written by":"Marketing Prooptica","Estimated reading time":"2 minutes"},"schema":{"@context":"https:\/\/schema.org","@graph":[{"@type":"Article","@id":"https:\/\/www.prooptica.pt\/30-anos-prooptica\/#article","isPartOf":{"@id":"https:\/\/www.prooptica.pt\/30-anos-prooptica\/"},"author":{"name":"Marketing Prooptica","@id":"https:\/\/www.prooptica.pt\/home\/#\/schema\/person\/c3afe955f42eef7c9c157838d5be4f29"},"headline":"Hoje \u00e9 um dia marcante para a Prooptica!","datePublished":"2023-06-15T14:59:06+00:00","mainEntityOfPage":{"@id":"https:\/\/www.prooptica.pt\/30-anos-prooptica\/"},"wordCount":287,"image":{"@id":"https:\/\/www.prooptica.pt\/30-anos-prooptica\/#primaryimage"},"thumbnailUrl":"https:\/\/www.prooptica.pt\/wp-content\/uploads\/2023\/06\/PS_7801-scaled.jpg","articleSection":["Institucional"],"inLanguage":"en-GB"},{"@type":"WebPage","@id":"https:\/\/www.prooptica.pt\/30-anos-prooptica\/","url":"https:\/\/www.prooptica.pt\/30-anos-prooptica\/","name":"30 years Prooptica","isPartOf":{"@id":"https:\/\/www.prooptica.pt\/home\/#website"},"primaryImageOfPage":{"@id":"https:\/\/www.prooptica.pt\/30-anos-prooptica\/#primaryimage"},"image":{"@id":"https:\/\/www.prooptica.pt\/30-anos-prooptica\/#primaryimage"},"thumbnailUrl":"https:\/\/www.prooptica.pt\/wp-content\/uploads\/2023\/06\/PS_7801-scaled.jpg","datePublished":"2023-06-15T14:59:06+00:00","author":{"@id":"https:\/\/www.prooptica.pt\/home\/#\/schema\/person\/c3afe955f42eef7c9c157838d5be4f29"},"description":"Today Prooptica celebrates 30 years of success. It's a milestone that fills us with pride and makes us reflect on this journey.","breadcrumb":{"@id":"https:\/\/www.prooptica.pt\/30-anos-prooptica\/#breadcrumb"},"inLanguage":"en-GB","potentialAction":[{"@type":"ReadAction","target":["https:\/\/www.prooptica.pt\/30-anos-prooptica\/"]}]},{"@type":"ImageObject","inLanguage":"en-GB","@id":"https:\/\/www.prooptica.pt\/30-anos-prooptica\/#primaryimage","url":"https:\/\/www.prooptica.pt\/wp-content\/uploads\/2023\/06\/PS_7801-scaled.jpg","contentUrl":"https:\/\/www.prooptica.pt\/wp-content\/uploads\/2023\/06\/PS_7801-scaled.jpg","width":2560,"height":1707},{"@type":"BreadcrumbList","@id":"https:\/\/www.prooptica.pt\/30-anos-prooptica\/#breadcrumb","itemListElement":[{"@type":"ListItem","position":1,"name":"In\u00edcio","item":"https:\/\/www.prooptica.pt\/"},{"@type":"ListItem","position":2,"name":"Hoje \u00e9 um dia marcante para a Prooptica!"}]},{"@type":"WebSite","@id":"https:\/\/www.prooptica.pt\/home\/#website","url":"https:\/\/www.prooptica.pt\/home\/","name":"Prooptica","description":"Full Eyewear Concept","potentialAction":[{"@type":"SearchAction","target":{"@type":"EntryPoint","urlTemplate":"https:\/\/www.prooptica.pt\/home\/?s={search_term_string}"},"query-input":{"@type":"PropertyValueSpecification","valueRequired":true,"valueName":"search_term_string"}}],"inLanguage":"en-GB"},{"@type":"Person","@id":"https:\/\/www.prooptica.pt\/home\/#\/schema\/person\/c3afe955f42eef7c9c157838d5be4f29","name":"Marketing Prooptica","image":{"@type":"ImageObject","inLanguage":"en-GB","@id":"https:\/\/secure.gravatar.com\/avatar\/23248622405e2ce007d39ad746d368991c744fa6fce97036e33e8d9221859ae3?s=96&d=mm&r=g","url":"https:\/\/secure.gravatar.com\/avatar\/23248622405e2ce007d39ad746d368991c744fa6fce97036e33e8d9221859ae3?s=96&d=mm&r=g","contentUrl":"https:\/\/secure.gravatar.com\/avatar\/23248622405e2ce007d39ad746d368991c744fa6fce97036e33e8d9221859ae3?s=96&d=mm&r=g","caption":"Marketing Prooptica"},"url":"https:\/\/www.prooptica.pt\/en\/author\/marketing\/"}]}},"_links":{"self":[{"href":"https:\/\/www.prooptica.pt\/en\/wp-json\/wp\/v2\/posts\/16981","targetHints":{"allow":["GET"]}}],"collection":[{"href":"https:\/\/www.prooptica.pt\/en\/wp-json\/wp\/v2\/posts"}],"about":[{"href":"https:\/\/www.prooptica.pt\/en\/wp-json\/wp\/v2\/types\/post"}],"author":[{"embeddable":true,"href":"https:\/\/www.prooptica.pt\/en\/wp-json\/wp\/v2\/users\/3"}],"replies":[{"embeddable":true,"href":"https:\/\/www.prooptica.pt\/en\/wp-json\/wp\/v2\/comments?post=16981"}],"version-history":[{"count":0,"href":"https:\/\/www.prooptica.pt\/en\/wp-json\/wp\/v2\/posts\/16981\/revisions"}],"wp:featuredmedia":[{"embeddable":true,"href":"https:\/\/www.prooptica.pt\/en\/wp-json\/wp\/v2\/media\/16985"}],"wp:attachment":[{"href":"https:\/\/www.prooptica.pt\/en\/wp-json\/wp\/v2\/media?parent=16981"}],"wp:term":[{"taxonomy":"category","embeddable":true,"href":"https:\/\/www.prooptica.pt\/en\/wp-json\/wp\/v2\/categories?post=16981"},{"taxonomy":"post_tag","embeddable":true,"href":"https:\/\/www.prooptica.pt\/en\/wp-json\/wp\/v2\/tags?post=16981"}],"curies":[{"name":"wp","href":"https:\/\/api.w.org\/{rel}","templated":true}]}}