{"id":17529,"date":"2023-07-28T17:37:09","date_gmt":"2023-07-28T17:37:09","guid":{"rendered":"https:\/\/www.prooptica.pt\/?p=17529"},"modified":"2023-07-28T17:37:09","modified_gmt":"2023-07-28T17:37:09","slug":"ricardo-guedes-new-face-of-the-dielmar-eyewear-collection","status":"publish","type":"post","link":"https:\/\/www.prooptica.pt\/en\/ricardo-guedes-novo-rosto-da-colecao-dielmar-eyewear\/","title":{"rendered":"Ricardo Guedes| new face of the Dielmar Eyewear collection"},"content":{"rendered":"<p>Dielmar is a renowned Portuguese brand that stands out as an outstanding example of success and excellence. Founded in 1965, the company has a rich history and an impressive track record that has made it a benchmark brand.<\/p>\n<p>The founders of the Dielmar brand had a clear vision: to create elegant men's clothing with high-quality fabric and meticulous attention to detail. More than 50 years later, Dielmar remains true to its principles with a creative philosophy that is governed by the simple purpose of timelessness, of drawing and designing in a format that is impervious to fashion cycles and the passage of time.<\/p>\n<p>Its unique combination of traditional craftsmanship, quality, innovation and style makes the<span style=\"color: #000080;\"><a style=\"color: #000080;\" href=\"https:\/\/www.prooptica.pt\/en\/dielmar\/\" target=\"_blank\" rel=\"noopener\"> Dielmar<\/a><\/span> is currently a dominant force on the men's fashion scene. These characteristics so characteristic of the brand are incorporated into its Eyewear collection, designed for the day-to-day life of the contemporary man looking for elegant and timeless pieces.<\/p>\n<p>Focussing on classic designs and exploring some contemporary details, the collection features a variety of frames and sunglasses that convey sophistication and style, appealing to both classic and modern consumers.<\/p>\n<p><img fetchpriority=\"high\" decoding=\"async\" class=\"aligncenter wp-image-17530 size-large\" src=\"https:\/\/www.prooptica.pt\/wp-content\/uploads\/2023\/07\/Imagens-Blog-Dielmar-02-02-1024x719.jpg\" alt=\"New Ricardo Guedes images for Dielmar Eyewear\" width=\"1024\" height=\"719\" srcset=\"https:\/\/www.prooptica.pt\/wp-content\/uploads\/2023\/07\/Imagens-Blog-Dielmar-02-02-1024x719.jpg 1024w, https:\/\/www.prooptica.pt\/wp-content\/uploads\/2023\/07\/Imagens-Blog-Dielmar-02-02-300x211.jpg 300w, https:\/\/www.prooptica.pt\/wp-content\/uploads\/2023\/07\/Imagens-Blog-Dielmar-02-02-768x539.jpg 768w, https:\/\/www.prooptica.pt\/wp-content\/uploads\/2023\/07\/Imagens-Blog-Dielmar-02-02-1536x1078.jpg 1536w, https:\/\/www.prooptica.pt\/wp-content\/uploads\/2023\/07\/Imagens-Blog-Dielmar-02-02-2048x1438.jpg 2048w\" sizes=\"(max-width: 1024px) 100vw, 1024px\" \/><\/p>\n<h5><strong>Ricardo Guedes and Dielmar Eyewear<\/strong><\/h5>\n<p>Renowned Portuguese model Ricardo Guedes is a reference in the world of excellent men's fashion in Portugal and abroad.<\/p>\n<p>Known for his striking presence and impeccable style, he was the perfect choice to be the new face of Dielmar Eyewear. Undeniably, Ricardo perfectly embodies the brand's values, conveying sophistication, style and elegance.<\/p>","protected":false},"excerpt":{"rendered":"<p>A Dielmar \u00e9 uma marca portuguesa de renome que se destaca como um exemplo not\u00e1vel de sucesso e excel\u00eancia. Fundada em 1965, a empresa tem uma hist\u00f3ria rica e uma trajet\u00f3ria impressionante que a tornou uma marca de refer\u00eancia. Os fundadores da marca Dielmar tinham uma vis\u00e3o clara: criar roupas masculinas elegantes, com tecido de [&hellip;]<\/p>\n","protected":false},"author":2,"featured_media":17533,"comment_status":"closed","ping_status":"closed","sticky":false,"template":"","format":"standard","meta":{"footnotes":""},"categories":[67,189],"tags":[],"class_list":["post-17529","post","type-post","status-publish","format-standard","has-post-thumbnail","hentry","category-moda-portuguesa","category-oculos"],"yoast_head":"<!-- This site is optimized with the Yoast SEO plugin v27.5 - https:\/\/yoast.com\/product\/yoast-seo-wordpress\/ -->\n<title>Ricardo Guedes| novo rosto da cole\u00e7\u00e3o Dielmar Eyewear<\/title>\n<meta name=\"description\" content=\"A cole\u00e7\u00e3o Dielmar eyewear tem um novo rosto. O conhecido modelo Ricardo Guedes personifica e transmite na perfei\u00e7\u00e3o os valores da marca.\" \/>\n<meta name=\"robots\" content=\"index, follow, max-snippet:-1, max-image-preview:large, max-video-preview:-1\" \/>\n<link rel=\"canonical\" href=\"https:\/\/www.prooptica.pt\/en\/ricardo-guedes-new-face-of-the-dielmar-eyewear-collection\/\" \/>\n<meta property=\"og:locale\" content=\"en_GB\" \/>\n<meta property=\"og:type\" content=\"article\" \/>\n<meta property=\"og:title\" content=\"Ricardo Guedes| novo rosto da cole\u00e7\u00e3o Dielmar Eyewear\" \/>\n<meta property=\"og:description\" content=\"A cole\u00e7\u00e3o Dielmar eyewear tem um novo rosto. O conhecido modelo Ricardo Guedes personifica e transmite na perfei\u00e7\u00e3o os valores da marca.\" \/>\n<meta property=\"og:url\" content=\"https:\/\/www.prooptica.pt\/en\/ricardo-guedes-new-face-of-the-dielmar-eyewear-collection\/\" \/>\n<meta property=\"og:site_name\" content=\"Prooptica\" \/>\n<meta property=\"article:published_time\" content=\"2023-07-28T17:37:09+00:00\" \/>\n<meta property=\"og:image\" content=\"https:\/\/www.prooptica.pt\/wp-content\/uploads\/2023\/07\/Imagens-Blog-Dielmar-01-01-scaled.jpg\" \/>\n\t<meta property=\"og:image:width\" content=\"2560\" \/>\n\t<meta property=\"og:image:height\" content=\"1408\" \/>\n\t<meta property=\"og:image:type\" content=\"image\/jpeg\" \/>\n<meta name=\"author\" content=\"admin\" \/>\n<meta name=\"twitter:card\" content=\"summary_large_image\" \/>\n<meta name=\"twitter:label1\" content=\"Written by\" \/>\n\t<meta name=\"twitter:data1\" content=\"admin\" \/>\n\t<meta name=\"twitter:label2\" content=\"Estimated reading time\" \/>\n\t<meta name=\"twitter:data2\" content=\"2 minutes\" \/>\n<script type=\"application\/ld+json\" class=\"yoast-schema-graph\">{\"@context\":\"https:\\\/\\\/schema.org\",\"@graph\":[{\"@type\":\"Article\",\"@id\":\"https:\\\/\\\/www.prooptica.pt\\\/ricardo-guedes-novo-rosto-da-colecao-dielmar-eyewear\\\/#article\",\"isPartOf\":{\"@id\":\"https:\\\/\\\/www.prooptica.pt\\\/ricardo-guedes-novo-rosto-da-colecao-dielmar-eyewear\\\/\"},\"author\":{\"name\":\"admin\",\"@id\":\"https:\\\/\\\/www.prooptica.pt\\\/home\\\/#\\\/schema\\\/person\\\/1cbd826a9322a3c38a052e43d1638306\"},\"headline\":\"Ricardo Guedes| novo rosto da cole\u00e7\u00e3o Dielmar Eyewear\",\"datePublished\":\"2023-07-28T17:37:09+00:00\",\"mainEntityOfPage\":{\"@id\":\"https:\\\/\\\/www.prooptica.pt\\\/ricardo-guedes-novo-rosto-da-colecao-dielmar-eyewear\\\/\"},\"wordCount\":297,\"image\":{\"@id\":\"https:\\\/\\\/www.prooptica.pt\\\/ricardo-guedes-novo-rosto-da-colecao-dielmar-eyewear\\\/#primaryimage\"},\"thumbnailUrl\":\"https:\\\/\\\/www.prooptica.pt\\\/wp-content\\\/uploads\\\/2023\\\/07\\\/Imagens-Blog-Dielmar-01-01-scaled.jpg\",\"articleSection\":[\"Moda Portuguesa\",\"\u00d3culos\"],\"inLanguage\":\"en-GB\"},{\"@type\":\"WebPage\",\"@id\":\"https:\\\/\\\/www.prooptica.pt\\\/ricardo-guedes-novo-rosto-da-colecao-dielmar-eyewear\\\/\",\"url\":\"https:\\\/\\\/www.prooptica.pt\\\/ricardo-guedes-novo-rosto-da-colecao-dielmar-eyewear\\\/\",\"name\":\"Ricardo Guedes| novo rosto da cole\u00e7\u00e3o Dielmar Eyewear\",\"isPartOf\":{\"@id\":\"https:\\\/\\\/www.prooptica.pt\\\/home\\\/#website\"},\"primaryImageOfPage\":{\"@id\":\"https:\\\/\\\/www.prooptica.pt\\\/ricardo-guedes-novo-rosto-da-colecao-dielmar-eyewear\\\/#primaryimage\"},\"image\":{\"@id\":\"https:\\\/\\\/www.prooptica.pt\\\/ricardo-guedes-novo-rosto-da-colecao-dielmar-eyewear\\\/#primaryimage\"},\"thumbnailUrl\":\"https:\\\/\\\/www.prooptica.pt\\\/wp-content\\\/uploads\\\/2023\\\/07\\\/Imagens-Blog-Dielmar-01-01-scaled.jpg\",\"datePublished\":\"2023-07-28T17:37:09+00:00\",\"author\":{\"@id\":\"https:\\\/\\\/www.prooptica.pt\\\/home\\\/#\\\/schema\\\/person\\\/1cbd826a9322a3c38a052e43d1638306\"},\"description\":\"A cole\u00e7\u00e3o Dielmar eyewear tem um novo rosto. O conhecido modelo Ricardo Guedes personifica e transmite na perfei\u00e7\u00e3o os valores da marca.\",\"breadcrumb\":{\"@id\":\"https:\\\/\\\/www.prooptica.pt\\\/ricardo-guedes-novo-rosto-da-colecao-dielmar-eyewear\\\/#breadcrumb\"},\"inLanguage\":\"en-GB\",\"potentialAction\":[{\"@type\":\"ReadAction\",\"target\":[\"https:\\\/\\\/www.prooptica.pt\\\/ricardo-guedes-novo-rosto-da-colecao-dielmar-eyewear\\\/\"]}]},{\"@type\":\"ImageObject\",\"inLanguage\":\"en-GB\",\"@id\":\"https:\\\/\\\/www.prooptica.pt\\\/ricardo-guedes-novo-rosto-da-colecao-dielmar-eyewear\\\/#primaryimage\",\"url\":\"https:\\\/\\\/www.prooptica.pt\\\/wp-content\\\/uploads\\\/2023\\\/07\\\/Imagens-Blog-Dielmar-01-01-scaled.jpg\",\"contentUrl\":\"https:\\\/\\\/www.prooptica.pt\\\/wp-content\\\/uploads\\\/2023\\\/07\\\/Imagens-Blog-Dielmar-01-01-scaled.jpg\",\"width\":2560,\"height\":1408,\"caption\":\"Ricardo Guedes - novo rosto da Dielmar eyewear\"},{\"@type\":\"BreadcrumbList\",\"@id\":\"https:\\\/\\\/www.prooptica.pt\\\/ricardo-guedes-novo-rosto-da-colecao-dielmar-eyewear\\\/#breadcrumb\",\"itemListElement\":[{\"@type\":\"ListItem\",\"position\":1,\"name\":\"In\u00edcio\",\"item\":\"https:\\\/\\\/www.prooptica.pt\\\/\"},{\"@type\":\"ListItem\",\"position\":2,\"name\":\"Ricardo Guedes| novo rosto da cole\u00e7\u00e3o Dielmar Eyewear\"}]},{\"@type\":\"WebSite\",\"@id\":\"https:\\\/\\\/www.prooptica.pt\\\/home\\\/#website\",\"url\":\"https:\\\/\\\/www.prooptica.pt\\\/home\\\/\",\"name\":\"Prooptica\",\"description\":\"Full Eyewear Concept\",\"potentialAction\":[{\"@type\":\"SearchAction\",\"target\":{\"@type\":\"EntryPoint\",\"urlTemplate\":\"https:\\\/\\\/www.prooptica.pt\\\/home\\\/?s={search_term_string}\"},\"query-input\":{\"@type\":\"PropertyValueSpecification\",\"valueRequired\":true,\"valueName\":\"search_term_string\"}}],\"inLanguage\":\"en-GB\"},{\"@type\":\"Person\",\"@id\":\"https:\\\/\\\/www.prooptica.pt\\\/home\\\/#\\\/schema\\\/person\\\/1cbd826a9322a3c38a052e43d1638306\",\"name\":\"admin\",\"image\":{\"@type\":\"ImageObject\",\"inLanguage\":\"en-GB\",\"@id\":\"https:\\\/\\\/secure.gravatar.com\\\/avatar\\\/528c714482569d81724b02603aa719344e9ad7c0b50becf07272b2086b2c1cfd?s=96&d=mm&r=g\",\"url\":\"https:\\\/\\\/secure.gravatar.com\\\/avatar\\\/528c714482569d81724b02603aa719344e9ad7c0b50becf07272b2086b2c1cfd?s=96&d=mm&r=g\",\"contentUrl\":\"https:\\\/\\\/secure.gravatar.com\\\/avatar\\\/528c714482569d81724b02603aa719344e9ad7c0b50becf07272b2086b2c1cfd?s=96&d=mm&r=g\",\"caption\":\"admin\"},\"url\":\"https:\\\/\\\/www.prooptica.pt\\\/en\\\/author\\\/admin\\\/\"}]}<\/script>\n<!-- \/ Yoast SEO plugin. -->","yoast_head_json":{"title":"Ricardo Guedes| new face of the Dielmar Eyewear collection","description":"The Dielmar eyewear collection has a new face. Well-known model Ricardo Guedes perfectly embodies and conveys the brand's values.","robots":{"index":"index","follow":"follow","max-snippet":"max-snippet:-1","max-image-preview":"max-image-preview:large","max-video-preview":"max-video-preview:-1"},"canonical":"https:\/\/www.prooptica.pt\/en\/ricardo-guedes-new-face-of-the-dielmar-eyewear-collection\/","og_locale":"en_GB","og_type":"article","og_title":"Ricardo Guedes| novo rosto da cole\u00e7\u00e3o Dielmar Eyewear","og_description":"A cole\u00e7\u00e3o Dielmar eyewear tem um novo rosto. O conhecido modelo Ricardo Guedes personifica e transmite na perfei\u00e7\u00e3o os valores da marca.","og_url":"https:\/\/www.prooptica.pt\/en\/ricardo-guedes-new-face-of-the-dielmar-eyewear-collection\/","og_site_name":"Prooptica","article_published_time":"2023-07-28T17:37:09+00:00","og_image":[{"width":2560,"height":1408,"url":"https:\/\/www.prooptica.pt\/wp-content\/uploads\/2023\/07\/Imagens-Blog-Dielmar-01-01-scaled.jpg","type":"image\/jpeg"}],"author":"admin","twitter_card":"summary_large_image","twitter_misc":{"Written by":"admin","Estimated reading time":"2 minutes"},"schema":{"@context":"https:\/\/schema.org","@graph":[{"@type":"Article","@id":"https:\/\/www.prooptica.pt\/ricardo-guedes-novo-rosto-da-colecao-dielmar-eyewear\/#article","isPartOf":{"@id":"https:\/\/www.prooptica.pt\/ricardo-guedes-novo-rosto-da-colecao-dielmar-eyewear\/"},"author":{"name":"admin","@id":"https:\/\/www.prooptica.pt\/home\/#\/schema\/person\/1cbd826a9322a3c38a052e43d1638306"},"headline":"Ricardo Guedes| novo rosto da cole\u00e7\u00e3o Dielmar Eyewear","datePublished":"2023-07-28T17:37:09+00:00","mainEntityOfPage":{"@id":"https:\/\/www.prooptica.pt\/ricardo-guedes-novo-rosto-da-colecao-dielmar-eyewear\/"},"wordCount":297,"image":{"@id":"https:\/\/www.prooptica.pt\/ricardo-guedes-novo-rosto-da-colecao-dielmar-eyewear\/#primaryimage"},"thumbnailUrl":"https:\/\/www.prooptica.pt\/wp-content\/uploads\/2023\/07\/Imagens-Blog-Dielmar-01-01-scaled.jpg","articleSection":["Moda Portuguesa","\u00d3culos"],"inLanguage":"en-GB"},{"@type":"WebPage","@id":"https:\/\/www.prooptica.pt\/ricardo-guedes-novo-rosto-da-colecao-dielmar-eyewear\/","url":"https:\/\/www.prooptica.pt\/ricardo-guedes-novo-rosto-da-colecao-dielmar-eyewear\/","name":"Ricardo Guedes| new face of the Dielmar Eyewear collection","isPartOf":{"@id":"https:\/\/www.prooptica.pt\/home\/#website"},"primaryImageOfPage":{"@id":"https:\/\/www.prooptica.pt\/ricardo-guedes-novo-rosto-da-colecao-dielmar-eyewear\/#primaryimage"},"image":{"@id":"https:\/\/www.prooptica.pt\/ricardo-guedes-novo-rosto-da-colecao-dielmar-eyewear\/#primaryimage"},"thumbnailUrl":"https:\/\/www.prooptica.pt\/wp-content\/uploads\/2023\/07\/Imagens-Blog-Dielmar-01-01-scaled.jpg","datePublished":"2023-07-28T17:37:09+00:00","author":{"@id":"https:\/\/www.prooptica.pt\/home\/#\/schema\/person\/1cbd826a9322a3c38a052e43d1638306"},"description":"The Dielmar eyewear collection has a new face. Well-known model Ricardo Guedes perfectly embodies and conveys the brand's values.","breadcrumb":{"@id":"https:\/\/www.prooptica.pt\/ricardo-guedes-novo-rosto-da-colecao-dielmar-eyewear\/#breadcrumb"},"inLanguage":"en-GB","potentialAction":[{"@type":"ReadAction","target":["https:\/\/www.prooptica.pt\/ricardo-guedes-novo-rosto-da-colecao-dielmar-eyewear\/"]}]},{"@type":"ImageObject","inLanguage":"en-GB","@id":"https:\/\/www.prooptica.pt\/ricardo-guedes-novo-rosto-da-colecao-dielmar-eyewear\/#primaryimage","url":"https:\/\/www.prooptica.pt\/wp-content\/uploads\/2023\/07\/Imagens-Blog-Dielmar-01-01-scaled.jpg","contentUrl":"https:\/\/www.prooptica.pt\/wp-content\/uploads\/2023\/07\/Imagens-Blog-Dielmar-01-01-scaled.jpg","width":2560,"height":1408,"caption":"Ricardo Guedes - novo rosto da Dielmar eyewear"},{"@type":"BreadcrumbList","@id":"https:\/\/www.prooptica.pt\/ricardo-guedes-novo-rosto-da-colecao-dielmar-eyewear\/#breadcrumb","itemListElement":[{"@type":"ListItem","position":1,"name":"In\u00edcio","item":"https:\/\/www.prooptica.pt\/"},{"@type":"ListItem","position":2,"name":"Ricardo Guedes| novo rosto da cole\u00e7\u00e3o Dielmar Eyewear"}]},{"@type":"WebSite","@id":"https:\/\/www.prooptica.pt\/home\/#website","url":"https:\/\/www.prooptica.pt\/home\/","name":"Prooptica","description":"Full Eyewear Concept","potentialAction":[{"@type":"SearchAction","target":{"@type":"EntryPoint","urlTemplate":"https:\/\/www.prooptica.pt\/home\/?s={search_term_string}"},"query-input":{"@type":"PropertyValueSpecification","valueRequired":true,"valueName":"search_term_string"}}],"inLanguage":"en-GB"},{"@type":"Person","@id":"https:\/\/www.prooptica.pt\/home\/#\/schema\/person\/1cbd826a9322a3c38a052e43d1638306","name":"admin","image":{"@type":"ImageObject","inLanguage":"en-GB","@id":"https:\/\/secure.gravatar.com\/avatar\/528c714482569d81724b02603aa719344e9ad7c0b50becf07272b2086b2c1cfd?s=96&d=mm&r=g","url":"https:\/\/secure.gravatar.com\/avatar\/528c714482569d81724b02603aa719344e9ad7c0b50becf07272b2086b2c1cfd?s=96&d=mm&r=g","contentUrl":"https:\/\/secure.gravatar.com\/avatar\/528c714482569d81724b02603aa719344e9ad7c0b50becf07272b2086b2c1cfd?s=96&d=mm&r=g","caption":"admin"},"url":"https:\/\/www.prooptica.pt\/en\/author\/admin\/"}]}},"_links":{"self":[{"href":"https:\/\/www.prooptica.pt\/en\/wp-json\/wp\/v2\/posts\/17529","targetHints":{"allow":["GET"]}}],"collection":[{"href":"https:\/\/www.prooptica.pt\/en\/wp-json\/wp\/v2\/posts"}],"about":[{"href":"https:\/\/www.prooptica.pt\/en\/wp-json\/wp\/v2\/types\/post"}],"author":[{"embeddable":true,"href":"https:\/\/www.prooptica.pt\/en\/wp-json\/wp\/v2\/users\/2"}],"replies":[{"embeddable":true,"href":"https:\/\/www.prooptica.pt\/en\/wp-json\/wp\/v2\/comments?post=17529"}],"version-history":[{"count":4,"href":"https:\/\/www.prooptica.pt\/en\/wp-json\/wp\/v2\/posts\/17529\/revisions"}],"predecessor-version":[{"id":17647,"href":"https:\/\/www.prooptica.pt\/en\/wp-json\/wp\/v2\/posts\/17529\/revisions\/17647"}],"wp:featuredmedia":[{"embeddable":true,"href":"https:\/\/www.prooptica.pt\/en\/wp-json\/wp\/v2\/media\/17533"}],"wp:attachment":[{"href":"https:\/\/www.prooptica.pt\/en\/wp-json\/wp\/v2\/media?parent=17529"}],"wp:term":[{"taxonomy":"category","embeddable":true,"href":"https:\/\/www.prooptica.pt\/en\/wp-json\/wp\/v2\/categories?post=17529"},{"taxonomy":"post_tag","embeddable":true,"href":"https:\/\/www.prooptica.pt\/en\/wp-json\/wp\/v2\/tags?post=17529"}],"curies":[{"name":"wp","href":"https:\/\/api.w.org\/{rel}","templated":true}]}}