{"id":17628,"date":"2023-07-28T17:55:47","date_gmt":"2023-07-28T17:55:47","guid":{"rendered":"https:\/\/www.prooptica.pt\/?p=17628"},"modified":"2023-07-28T17:55:47","modified_gmt":"2023-07-28T17:55:47","slug":"uv-protection-on-prescription-glasses","status":"publish","type":"post","link":"https:\/\/www.prooptica.pt\/en\/proteccao-uv-em-oculos-graduados\/","title":{"rendered":"UV Protection in Prescription Glasses: Safeguarding Visual Health"},"content":{"rendered":"<p>UV protection is one of the most discussed issues when it comes to sunglasses, but it's just as important when it comes to prescription glasses because they must also offer protection against harmful ultraviolet (UV) rays. In this article, we'll discuss the importance of UV protection in prescription glasses and how this measure can safeguard long-term visual health.<\/p>\n<h6><strong>Knowing the Risks of Exposure to UV Rays:<\/strong><\/h6>\n<p>Excessive exposure to UV rays can cause significant damage to our eyes. The UVA and UVB rays present in sunlight can penetrate the eyes and affect the eye structures, including the cornea, lens and retina. Over time, continuous exposure to UV rays can lead to the development of various eye conditions such as cataracts, macular degeneration, pterygium, etc. UV protection is therefore essential to preserve eye health and prevent the onset of these conditions.<\/p>\n<h6><strong>Protecting Your Eyes in All Situations:<\/strong><\/h6>\n<p>People associate UV protection only with wearing sunglasses and during outdoor activities or on sunny days. However, even on cloudy days or indoors, UV rays are still present and can affect your eye health. Wearing prescription glasses with this protection is an important preventative measure, as it ensures that your eyes are protected regardless of your environment.<\/p>\n<p><img fetchpriority=\"high\" decoding=\"async\" class=\"aligncenter wp-image-17676\" src=\"https:\/\/www.prooptica.pt\/wp-content\/uploads\/2023\/07\/Lentes-graduadas-protecao-UV-300x200.jpg\" alt=\"Graduated lenses - UV protection - image of a man wearing glasses in the street\" width=\"400\" height=\"267\" srcset=\"https:\/\/www.prooptica.pt\/wp-content\/uploads\/2023\/07\/Lentes-graduadas-protecao-UV-300x200.jpg 300w, https:\/\/www.prooptica.pt\/wp-content\/uploads\/2023\/07\/Lentes-graduadas-protecao-UV-1024x683.jpg 1024w, https:\/\/www.prooptica.pt\/wp-content\/uploads\/2023\/07\/Lentes-graduadas-protecao-UV-768x512.jpg 768w, https:\/\/www.prooptica.pt\/wp-content\/uploads\/2023\/07\/Lentes-graduadas-protecao-UV-1536x1024.jpg 1536w, https:\/\/www.prooptica.pt\/wp-content\/uploads\/2023\/07\/Lentes-graduadas-protecao-UV-2048x1365.jpg 2048w\" sizes=\"(max-width: 400px) 100vw, 400px\" \/><\/p>\n<h6><strong>Graduated glasses:<\/strong><\/h6>\n<p>To ensure adequate UV protection, it is essential to choose prescription glasses with lenses that have a quality UV filter. It is essential to consult a professional at your optician of choice to ensure that your lenses offer adequate protection and meet your specific visual needs.<\/p>\n<h6><strong>Children : <\/strong><\/h6>\n<p>UV protection is especially important for children, as their visual system is still developing and they are more vulnerable to UV damage and are not aware of the risks of sun exposure. It is therefore essential to ensure that their prescription glasses have the right protection.<\/p>\n<p><img decoding=\"async\" class=\"aligncenter wp-image-17679\" src=\"https:\/\/www.prooptica.pt\/wp-content\/uploads\/2023\/07\/Lentes-graduadas-protecao-UV_criancas-300x189.jpg\" alt=\"Graduated lenses-UV protection_child with glasses\" width=\"400\" height=\"252\" srcset=\"https:\/\/www.prooptica.pt\/wp-content\/uploads\/2023\/07\/Lentes-graduadas-protecao-UV_criancas-300x189.jpg 300w, https:\/\/www.prooptica.pt\/wp-content\/uploads\/2023\/07\/Lentes-graduadas-protecao-UV_criancas-1024x646.jpg 1024w, https:\/\/www.prooptica.pt\/wp-content\/uploads\/2023\/07\/Lentes-graduadas-protecao-UV_criancas-768x485.jpg 768w, https:\/\/www.prooptica.pt\/wp-content\/uploads\/2023\/07\/Lentes-graduadas-protecao-UV_criancas-1536x969.jpg 1536w, https:\/\/www.prooptica.pt\/wp-content\/uploads\/2023\/07\/Lentes-graduadas-protecao-UV_criancas-2048x1292.jpg 2048w\" sizes=\"(max-width: 400px) 100vw, 400px\" \/><\/p>\n<h6><strong>Style and protection:<\/strong><\/h6>\n<p>UV-protected prescription glasses are also available in a wide variety of styles and designs. You can choose from several frame and lens options to find the perfect combination that meets your visual needs and reflects your personal style. This way, you can get glasses that not only look after your vision, but also enhance your overall appearance.<\/p>\n<p>&nbsp;<\/p>\n<p>To summarise, UV protection in prescription glasses is extremely important for preserving visual health and preventing the onset of eye diseases related to sun exposure. Regardless of the environment or weather conditions, protecting your eyes from UV rays should be a priority. Consulting an optical professional is essential to ensure that your prescription glasses offer adequate UV protection and meet your specific visual needs. Remember that taking care of your eye health is a valuable investment in your quality of life and general well-being.<\/p>","protected":false},"excerpt":{"rendered":"<p>A protec\u00e7\u00e3o UV \u00e9 uma das quest\u00f5es mais discutidas quando se trata de \u00f3culos de sol, mas \u00e9 igualmente importante quando falamos de \u00f3culos graduados pois eles tamb\u00e9m devem oferecer protec\u00e7\u00e3o contra os raios ultravioleta (UV) prejudiciais. Neste artigo, abordaremos a import\u00e2ncia da protec\u00e7\u00e3o UV em \u00f3culos graduados e como essa medida pode salvaguardar a [&hellip;]<\/p>\n","protected":false},"author":2,"featured_media":17675,"comment_status":"closed","ping_status":"closed","sticky":false,"template":"","format":"standard","meta":{"footnotes":""},"categories":[187],"tags":[],"class_list":["post-17628","post","type-post","status-publish","format-standard","has-post-thumbnail","hentry","category-lentes"],"yoast_head":"<!-- This site is optimized with the Yoast SEO plugin v27.5 - https:\/\/yoast.com\/product\/yoast-seo-wordpress\/ -->\n<title>Protec\u00e7\u00e3o UV em \u00d3culos Graduados<\/title>\n<meta name=\"description\" content=\"A protec\u00e7\u00e3o UV \u00e9 uma quest\u00e3o muito discutida quando se trata de \u00f3culos de sol, no entanto \u00e9 igualmente importante em \u00f3culos graduados.\" \/>\n<meta name=\"robots\" content=\"index, follow, max-snippet:-1, max-image-preview:large, max-video-preview:-1\" \/>\n<link rel=\"canonical\" href=\"https:\/\/www.prooptica.pt\/en\/uv-protection-on-prescription-glasses\/\" \/>\n<meta property=\"og:locale\" content=\"en_GB\" \/>\n<meta property=\"og:type\" content=\"article\" \/>\n<meta property=\"og:title\" content=\"Protec\u00e7\u00e3o UV em \u00d3culos Graduados\" \/>\n<meta property=\"og:description\" content=\"A protec\u00e7\u00e3o UV \u00e9 uma quest\u00e3o muito discutida quando se trata de \u00f3culos de sol, no entanto \u00e9 igualmente importante em \u00f3culos graduados.\" \/>\n<meta property=\"og:url\" content=\"https:\/\/www.prooptica.pt\/en\/uv-protection-on-prescription-glasses\/\" \/>\n<meta property=\"og:site_name\" content=\"Prooptica\" \/>\n<meta property=\"article:published_time\" content=\"2023-07-28T17:55:47+00:00\" \/>\n<meta property=\"og:image\" content=\"https:\/\/www.prooptica.pt\/wp-content\/uploads\/2023\/07\/Prooptica-Lentes-protecao-UV-oculos-graduados-scaled.jpg\" \/>\n\t<meta property=\"og:image:width\" content=\"2560\" \/>\n\t<meta property=\"og:image:height\" content=\"1707\" \/>\n\t<meta property=\"og:image:type\" content=\"image\/jpeg\" \/>\n<meta name=\"author\" content=\"admin\" \/>\n<meta name=\"twitter:card\" content=\"summary_large_image\" \/>\n<meta name=\"twitter:label1\" content=\"Written by\" \/>\n\t<meta name=\"twitter:data1\" content=\"admin\" \/>\n\t<meta name=\"twitter:label2\" content=\"Estimated reading time\" \/>\n\t<meta name=\"twitter:data2\" content=\"4 minutes\" \/>\n<script type=\"application\/ld+json\" class=\"yoast-schema-graph\">{\"@context\":\"https:\\\/\\\/schema.org\",\"@graph\":[{\"@type\":\"Article\",\"@id\":\"https:\\\/\\\/www.prooptica.pt\\\/proteccao-uv-em-oculos-graduados\\\/#article\",\"isPartOf\":{\"@id\":\"https:\\\/\\\/www.prooptica.pt\\\/proteccao-uv-em-oculos-graduados\\\/\"},\"author\":{\"name\":\"admin\",\"@id\":\"https:\\\/\\\/www.prooptica.pt\\\/home\\\/#\\\/schema\\\/person\\\/1cbd826a9322a3c38a052e43d1638306\"},\"headline\":\"Protec\u00e7\u00e3o UV em \u00d3culos Graduados: Salvaguardando a Sa\u00fade Visual\",\"datePublished\":\"2023-07-28T17:55:47+00:00\",\"mainEntityOfPage\":{\"@id\":\"https:\\\/\\\/www.prooptica.pt\\\/proteccao-uv-em-oculos-graduados\\\/\"},\"wordCount\":545,\"image\":{\"@id\":\"https:\\\/\\\/www.prooptica.pt\\\/proteccao-uv-em-oculos-graduados\\\/#primaryimage\"},\"thumbnailUrl\":\"https:\\\/\\\/www.prooptica.pt\\\/wp-content\\\/uploads\\\/2023\\\/07\\\/Prooptica-Lentes-protecao-UV-oculos-graduados-scaled.jpg\",\"articleSection\":[\"Lentes\"],\"inLanguage\":\"en-GB\"},{\"@type\":\"WebPage\",\"@id\":\"https:\\\/\\\/www.prooptica.pt\\\/proteccao-uv-em-oculos-graduados\\\/\",\"url\":\"https:\\\/\\\/www.prooptica.pt\\\/proteccao-uv-em-oculos-graduados\\\/\",\"name\":\"Protec\u00e7\u00e3o UV em \u00d3culos Graduados\",\"isPartOf\":{\"@id\":\"https:\\\/\\\/www.prooptica.pt\\\/home\\\/#website\"},\"primaryImageOfPage\":{\"@id\":\"https:\\\/\\\/www.prooptica.pt\\\/proteccao-uv-em-oculos-graduados\\\/#primaryimage\"},\"image\":{\"@id\":\"https:\\\/\\\/www.prooptica.pt\\\/proteccao-uv-em-oculos-graduados\\\/#primaryimage\"},\"thumbnailUrl\":\"https:\\\/\\\/www.prooptica.pt\\\/wp-content\\\/uploads\\\/2023\\\/07\\\/Prooptica-Lentes-protecao-UV-oculos-graduados-scaled.jpg\",\"datePublished\":\"2023-07-28T17:55:47+00:00\",\"author\":{\"@id\":\"https:\\\/\\\/www.prooptica.pt\\\/home\\\/#\\\/schema\\\/person\\\/1cbd826a9322a3c38a052e43d1638306\"},\"description\":\"A protec\u00e7\u00e3o UV \u00e9 uma quest\u00e3o muito discutida quando se trata de \u00f3culos de sol, no entanto \u00e9 igualmente importante em \u00f3culos graduados.\",\"breadcrumb\":{\"@id\":\"https:\\\/\\\/www.prooptica.pt\\\/proteccao-uv-em-oculos-graduados\\\/#breadcrumb\"},\"inLanguage\":\"en-GB\",\"potentialAction\":[{\"@type\":\"ReadAction\",\"target\":[\"https:\\\/\\\/www.prooptica.pt\\\/proteccao-uv-em-oculos-graduados\\\/\"]}]},{\"@type\":\"ImageObject\",\"inLanguage\":\"en-GB\",\"@id\":\"https:\\\/\\\/www.prooptica.pt\\\/proteccao-uv-em-oculos-graduados\\\/#primaryimage\",\"url\":\"https:\\\/\\\/www.prooptica.pt\\\/wp-content\\\/uploads\\\/2023\\\/07\\\/Prooptica-Lentes-protecao-UV-oculos-graduados-scaled.jpg\",\"contentUrl\":\"https:\\\/\\\/www.prooptica.pt\\\/wp-content\\\/uploads\\\/2023\\\/07\\\/Prooptica-Lentes-protecao-UV-oculos-graduados-scaled.jpg\",\"width\":2560,\"height\":1707},{\"@type\":\"BreadcrumbList\",\"@id\":\"https:\\\/\\\/www.prooptica.pt\\\/proteccao-uv-em-oculos-graduados\\\/#breadcrumb\",\"itemListElement\":[{\"@type\":\"ListItem\",\"position\":1,\"name\":\"In\u00edcio\",\"item\":\"https:\\\/\\\/www.prooptica.pt\\\/\"},{\"@type\":\"ListItem\",\"position\":2,\"name\":\"Protec\u00e7\u00e3o UV em \u00d3culos Graduados: Salvaguardando a Sa\u00fade Visual\"}]},{\"@type\":\"WebSite\",\"@id\":\"https:\\\/\\\/www.prooptica.pt\\\/home\\\/#website\",\"url\":\"https:\\\/\\\/www.prooptica.pt\\\/home\\\/\",\"name\":\"Prooptica\",\"description\":\"Full Eyewear Concept\",\"potentialAction\":[{\"@type\":\"SearchAction\",\"target\":{\"@type\":\"EntryPoint\",\"urlTemplate\":\"https:\\\/\\\/www.prooptica.pt\\\/home\\\/?s={search_term_string}\"},\"query-input\":{\"@type\":\"PropertyValueSpecification\",\"valueRequired\":true,\"valueName\":\"search_term_string\"}}],\"inLanguage\":\"en-GB\"},{\"@type\":\"Person\",\"@id\":\"https:\\\/\\\/www.prooptica.pt\\\/home\\\/#\\\/schema\\\/person\\\/1cbd826a9322a3c38a052e43d1638306\",\"name\":\"admin\",\"image\":{\"@type\":\"ImageObject\",\"inLanguage\":\"en-GB\",\"@id\":\"https:\\\/\\\/secure.gravatar.com\\\/avatar\\\/528c714482569d81724b02603aa719344e9ad7c0b50becf07272b2086b2c1cfd?s=96&d=mm&r=g\",\"url\":\"https:\\\/\\\/secure.gravatar.com\\\/avatar\\\/528c714482569d81724b02603aa719344e9ad7c0b50becf07272b2086b2c1cfd?s=96&d=mm&r=g\",\"contentUrl\":\"https:\\\/\\\/secure.gravatar.com\\\/avatar\\\/528c714482569d81724b02603aa719344e9ad7c0b50becf07272b2086b2c1cfd?s=96&d=mm&r=g\",\"caption\":\"admin\"},\"url\":\"https:\\\/\\\/www.prooptica.pt\\\/en\\\/author\\\/admin\\\/\"}]}<\/script>\n<!-- \/ Yoast SEO plugin. -->","yoast_head_json":{"title":"UV protection in prescription glasses","description":"UV protection is a much-discussed issue when it comes to sunglasses, but it's just as important with prescription glasses.","robots":{"index":"index","follow":"follow","max-snippet":"max-snippet:-1","max-image-preview":"max-image-preview:large","max-video-preview":"max-video-preview:-1"},"canonical":"https:\/\/www.prooptica.pt\/en\/uv-protection-on-prescription-glasses\/","og_locale":"en_GB","og_type":"article","og_title":"Protec\u00e7\u00e3o UV em \u00d3culos Graduados","og_description":"A protec\u00e7\u00e3o UV \u00e9 uma quest\u00e3o muito discutida quando se trata de \u00f3culos de sol, no entanto \u00e9 igualmente importante em \u00f3culos graduados.","og_url":"https:\/\/www.prooptica.pt\/en\/uv-protection-on-prescription-glasses\/","og_site_name":"Prooptica","article_published_time":"2023-07-28T17:55:47+00:00","og_image":[{"width":2560,"height":1707,"url":"https:\/\/www.prooptica.pt\/wp-content\/uploads\/2023\/07\/Prooptica-Lentes-protecao-UV-oculos-graduados-scaled.jpg","type":"image\/jpeg"}],"author":"admin","twitter_card":"summary_large_image","twitter_misc":{"Written by":"admin","Estimated reading time":"4 minutes"},"schema":{"@context":"https:\/\/schema.org","@graph":[{"@type":"Article","@id":"https:\/\/www.prooptica.pt\/proteccao-uv-em-oculos-graduados\/#article","isPartOf":{"@id":"https:\/\/www.prooptica.pt\/proteccao-uv-em-oculos-graduados\/"},"author":{"name":"admin","@id":"https:\/\/www.prooptica.pt\/home\/#\/schema\/person\/1cbd826a9322a3c38a052e43d1638306"},"headline":"Protec\u00e7\u00e3o UV em \u00d3culos Graduados: Salvaguardando a Sa\u00fade Visual","datePublished":"2023-07-28T17:55:47+00:00","mainEntityOfPage":{"@id":"https:\/\/www.prooptica.pt\/proteccao-uv-em-oculos-graduados\/"},"wordCount":545,"image":{"@id":"https:\/\/www.prooptica.pt\/proteccao-uv-em-oculos-graduados\/#primaryimage"},"thumbnailUrl":"https:\/\/www.prooptica.pt\/wp-content\/uploads\/2023\/07\/Prooptica-Lentes-protecao-UV-oculos-graduados-scaled.jpg","articleSection":["Lentes"],"inLanguage":"en-GB"},{"@type":"WebPage","@id":"https:\/\/www.prooptica.pt\/proteccao-uv-em-oculos-graduados\/","url":"https:\/\/www.prooptica.pt\/proteccao-uv-em-oculos-graduados\/","name":"UV protection in prescription glasses","isPartOf":{"@id":"https:\/\/www.prooptica.pt\/home\/#website"},"primaryImageOfPage":{"@id":"https:\/\/www.prooptica.pt\/proteccao-uv-em-oculos-graduados\/#primaryimage"},"image":{"@id":"https:\/\/www.prooptica.pt\/proteccao-uv-em-oculos-graduados\/#primaryimage"},"thumbnailUrl":"https:\/\/www.prooptica.pt\/wp-content\/uploads\/2023\/07\/Prooptica-Lentes-protecao-UV-oculos-graduados-scaled.jpg","datePublished":"2023-07-28T17:55:47+00:00","author":{"@id":"https:\/\/www.prooptica.pt\/home\/#\/schema\/person\/1cbd826a9322a3c38a052e43d1638306"},"description":"UV protection is a much-discussed issue when it comes to sunglasses, but it's just as important with prescription glasses.","breadcrumb":{"@id":"https:\/\/www.prooptica.pt\/proteccao-uv-em-oculos-graduados\/#breadcrumb"},"inLanguage":"en-GB","potentialAction":[{"@type":"ReadAction","target":["https:\/\/www.prooptica.pt\/proteccao-uv-em-oculos-graduados\/"]}]},{"@type":"ImageObject","inLanguage":"en-GB","@id":"https:\/\/www.prooptica.pt\/proteccao-uv-em-oculos-graduados\/#primaryimage","url":"https:\/\/www.prooptica.pt\/wp-content\/uploads\/2023\/07\/Prooptica-Lentes-protecao-UV-oculos-graduados-scaled.jpg","contentUrl":"https:\/\/www.prooptica.pt\/wp-content\/uploads\/2023\/07\/Prooptica-Lentes-protecao-UV-oculos-graduados-scaled.jpg","width":2560,"height":1707},{"@type":"BreadcrumbList","@id":"https:\/\/www.prooptica.pt\/proteccao-uv-em-oculos-graduados\/#breadcrumb","itemListElement":[{"@type":"ListItem","position":1,"name":"In\u00edcio","item":"https:\/\/www.prooptica.pt\/"},{"@type":"ListItem","position":2,"name":"Protec\u00e7\u00e3o UV em \u00d3culos Graduados: Salvaguardando a Sa\u00fade Visual"}]},{"@type":"WebSite","@id":"https:\/\/www.prooptica.pt\/home\/#website","url":"https:\/\/www.prooptica.pt\/home\/","name":"Prooptica","description":"Full Eyewear Concept","potentialAction":[{"@type":"SearchAction","target":{"@type":"EntryPoint","urlTemplate":"https:\/\/www.prooptica.pt\/home\/?s={search_term_string}"},"query-input":{"@type":"PropertyValueSpecification","valueRequired":true,"valueName":"search_term_string"}}],"inLanguage":"en-GB"},{"@type":"Person","@id":"https:\/\/www.prooptica.pt\/home\/#\/schema\/person\/1cbd826a9322a3c38a052e43d1638306","name":"admin","image":{"@type":"ImageObject","inLanguage":"en-GB","@id":"https:\/\/secure.gravatar.com\/avatar\/528c714482569d81724b02603aa719344e9ad7c0b50becf07272b2086b2c1cfd?s=96&d=mm&r=g","url":"https:\/\/secure.gravatar.com\/avatar\/528c714482569d81724b02603aa719344e9ad7c0b50becf07272b2086b2c1cfd?s=96&d=mm&r=g","contentUrl":"https:\/\/secure.gravatar.com\/avatar\/528c714482569d81724b02603aa719344e9ad7c0b50becf07272b2086b2c1cfd?s=96&d=mm&r=g","caption":"admin"},"url":"https:\/\/www.prooptica.pt\/en\/author\/admin\/"}]}},"_links":{"self":[{"href":"https:\/\/www.prooptica.pt\/en\/wp-json\/wp\/v2\/posts\/17628","targetHints":{"allow":["GET"]}}],"collection":[{"href":"https:\/\/www.prooptica.pt\/en\/wp-json\/wp\/v2\/posts"}],"about":[{"href":"https:\/\/www.prooptica.pt\/en\/wp-json\/wp\/v2\/types\/post"}],"author":[{"embeddable":true,"href":"https:\/\/www.prooptica.pt\/en\/wp-json\/wp\/v2\/users\/2"}],"replies":[{"embeddable":true,"href":"https:\/\/www.prooptica.pt\/en\/wp-json\/wp\/v2\/comments?post=17628"}],"version-history":[{"count":11,"href":"https:\/\/www.prooptica.pt\/en\/wp-json\/wp\/v2\/posts\/17628\/revisions"}],"predecessor-version":[{"id":17680,"href":"https:\/\/www.prooptica.pt\/en\/wp-json\/wp\/v2\/posts\/17628\/revisions\/17680"}],"wp:featuredmedia":[{"embeddable":true,"href":"https:\/\/www.prooptica.pt\/en\/wp-json\/wp\/v2\/media\/17675"}],"wp:attachment":[{"href":"https:\/\/www.prooptica.pt\/en\/wp-json\/wp\/v2\/media?parent=17628"}],"wp:term":[{"taxonomy":"category","embeddable":true,"href":"https:\/\/www.prooptica.pt\/en\/wp-json\/wp\/v2\/categories?post=17628"},{"taxonomy":"post_tag","embeddable":true,"href":"https:\/\/www.prooptica.pt\/en\/wp-json\/wp\/v2\/tags?post=17628"}],"curies":[{"name":"wp","href":"https:\/\/api.w.org\/{rel}","templated":true}]}}