{"id":18091,"date":"2023-10-19T10:42:14","date_gmt":"2023-10-19T10:42:14","guid":{"rendered":"https:\/\/www.prooptica.pt\/?p=18091"},"modified":"2023-11-02T14:51:59","modified_gmt":"2023-11-02T14:51:59","slug":"diario-de-noticias-interview","status":"publish","type":"post","link":"https:\/\/www.prooptica.pt\/en\/entrevista-ao-diario-de-noticias\/","title":{"rendered":"Interview with Di\u00e1rio de Not\u00edcias | Prooptica, an avant-garde vision"},"content":{"rendered":"<p>&nbsp;<\/p>\n<p><strong>\"Prooptica is not only a business success story, but also\u00a0<\/strong><strong>an example of how resilience, innovation and a clear vision can\u00a0<\/strong><strong>lead to significant impact and sustained success.\"<\/strong><\/p>\n<p>These are the words that mark the beginning of an engaging and captivating interview with the Director of Prooptica, Luis Justino.<\/p>\n<p>In this interview, published in Di\u00e1rio de Not\u00edcias, Lu\u00eds Justino shares the story of Prooptica's sustainable growth over its 30 years of existence, full of challenges and achievements that inspire us with each passing year.<\/p>\n<p>You can read the interview <span style=\"color: #000080;\"><strong><a style=\"color: #000080;\" href=\"https:\/\/www.prooptica.pt\/wp-content\/uploads\/2023\/11\/Valor-Economico_Entrevista-Luis-Justino_30-anos-Prooptica_web.pdf\" target=\"_blank\" rel=\"noopener\">here<\/a>.<\/strong><\/span><\/p>","protected":false},"excerpt":{"rendered":"<p>&nbsp; \u201cA Prooptica n\u00e3o \u00e9 apenas um caso de sucesso empresarial, mas tamb\u00e9m\u00a0um exemplo de como a resili\u00eancia, a inova\u00e7\u00e3o e uma vis\u00e3o clara podem\u00a0levar a um impacto significativo e a um sucesso sustentado.\u201d Estas s\u00e3o as palavras que marcam o in\u00edcio de uma entrevista envolvente e cativante com o Administrador da Prooptica, Luis Justino. [&hellip;]<\/p>\n","protected":false},"author":2,"featured_media":18094,"comment_status":"closed","ping_status":"closed","sticky":false,"template":"","format":"standard","meta":{"footnotes":""},"categories":[195],"tags":[],"class_list":["post-18091","post","type-post","status-publish","format-standard","has-post-thumbnail","hentry","category-institucional"],"yoast_head":"<!-- This site is optimized with the Yoast SEO plugin v27.4 - https:\/\/yoast.com\/product\/yoast-seo-wordpress\/ -->\n<title>Entrevista ao Di\u00e1rio de Not\u00edcias | Prooptica, uma vis\u00e3o vanguardista - Prooptica<\/title>\n<meta name=\"robots\" content=\"index, follow, max-snippet:-1, max-image-preview:large, max-video-preview:-1\" \/>\n<link rel=\"canonical\" href=\"https:\/\/www.prooptica.pt\/en\/diario-de-noticias-interview\/\" \/>\n<meta property=\"og:locale\" content=\"en_GB\" \/>\n<meta property=\"og:type\" content=\"article\" \/>\n<meta property=\"og:title\" content=\"Entrevista ao Di\u00e1rio de Not\u00edcias | Prooptica, uma vis\u00e3o vanguardista - Prooptica\" \/>\n<meta property=\"og:description\" content=\"&nbsp; \u201cA Prooptica n\u00e3o \u00e9 apenas um caso de sucesso empresarial, mas tamb\u00e9m\u00a0um exemplo de como a resili\u00eancia, a inova\u00e7\u00e3o e uma vis\u00e3o clara podem\u00a0levar a um impacto significativo e a um sucesso sustentado.\u201d Estas s\u00e3o as palavras que marcam o in\u00edcio de uma entrevista envolvente e cativante com o Administrador da Prooptica, Luis Justino. [&hellip;]\" \/>\n<meta property=\"og:url\" content=\"https:\/\/www.prooptica.pt\/en\/diario-de-noticias-interview\/\" \/>\n<meta property=\"og:site_name\" content=\"Prooptica\" \/>\n<meta property=\"article:published_time\" content=\"2023-10-19T10:42:14+00:00\" \/>\n<meta property=\"article:modified_time\" content=\"2023-11-02T14:51:59+00:00\" \/>\n<meta property=\"og:image\" content=\"https:\/\/www.prooptica.pt\/wp-content\/uploads\/2023\/10\/Prooptica-uma-visao-vanguardista-entrevista-DN-scaled.jpg\" \/>\n\t<meta property=\"og:image:width\" content=\"2560\" \/>\n\t<meta property=\"og:image:height\" content=\"1661\" \/>\n\t<meta property=\"og:image:type\" content=\"image\/jpeg\" \/>\n<meta name=\"author\" content=\"admin\" \/>\n<meta name=\"twitter:card\" content=\"summary_large_image\" \/>\n<meta name=\"twitter:label1\" content=\"Written by\" \/>\n\t<meta name=\"twitter:data1\" content=\"admin\" \/>\n\t<meta name=\"twitter:label2\" content=\"Estimated reading time\" \/>\n\t<meta name=\"twitter:data2\" content=\"1 minute\" \/>\n<script type=\"application\/ld+json\" class=\"yoast-schema-graph\">{\"@context\":\"https:\\\/\\\/schema.org\",\"@graph\":[{\"@type\":\"Article\",\"@id\":\"https:\\\/\\\/www.prooptica.pt\\\/entrevista-ao-diario-de-noticias\\\/#article\",\"isPartOf\":{\"@id\":\"https:\\\/\\\/www.prooptica.pt\\\/entrevista-ao-diario-de-noticias\\\/\"},\"author\":{\"name\":\"admin\",\"@id\":\"https:\\\/\\\/www.prooptica.pt\\\/home\\\/#\\\/schema\\\/person\\\/1cbd826a9322a3c38a052e43d1638306\"},\"headline\":\"Entrevista ao Di\u00e1rio de Not\u00edcias | Prooptica, uma vis\u00e3o vanguardista\",\"datePublished\":\"2023-10-19T10:42:14+00:00\",\"dateModified\":\"2023-11-02T14:51:59+00:00\",\"mainEntityOfPage\":{\"@id\":\"https:\\\/\\\/www.prooptica.pt\\\/entrevista-ao-diario-de-noticias\\\/\"},\"wordCount\":123,\"image\":{\"@id\":\"https:\\\/\\\/www.prooptica.pt\\\/entrevista-ao-diario-de-noticias\\\/#primaryimage\"},\"thumbnailUrl\":\"https:\\\/\\\/www.prooptica.pt\\\/wp-content\\\/uploads\\\/2023\\\/10\\\/Prooptica-uma-visao-vanguardista-entrevista-DN-scaled.jpg\",\"articleSection\":[\"Institucional\"],\"inLanguage\":\"en-GB\"},{\"@type\":\"WebPage\",\"@id\":\"https:\\\/\\\/www.prooptica.pt\\\/entrevista-ao-diario-de-noticias\\\/\",\"url\":\"https:\\\/\\\/www.prooptica.pt\\\/entrevista-ao-diario-de-noticias\\\/\",\"name\":\"Entrevista ao Di\u00e1rio de Not\u00edcias | Prooptica, uma vis\u00e3o vanguardista - Prooptica\",\"isPartOf\":{\"@id\":\"https:\\\/\\\/www.prooptica.pt\\\/home\\\/#website\"},\"primaryImageOfPage\":{\"@id\":\"https:\\\/\\\/www.prooptica.pt\\\/entrevista-ao-diario-de-noticias\\\/#primaryimage\"},\"image\":{\"@id\":\"https:\\\/\\\/www.prooptica.pt\\\/entrevista-ao-diario-de-noticias\\\/#primaryimage\"},\"thumbnailUrl\":\"https:\\\/\\\/www.prooptica.pt\\\/wp-content\\\/uploads\\\/2023\\\/10\\\/Prooptica-uma-visao-vanguardista-entrevista-DN-scaled.jpg\",\"datePublished\":\"2023-10-19T10:42:14+00:00\",\"dateModified\":\"2023-11-02T14:51:59+00:00\",\"author\":{\"@id\":\"https:\\\/\\\/www.prooptica.pt\\\/home\\\/#\\\/schema\\\/person\\\/1cbd826a9322a3c38a052e43d1638306\"},\"breadcrumb\":{\"@id\":\"https:\\\/\\\/www.prooptica.pt\\\/entrevista-ao-diario-de-noticias\\\/#breadcrumb\"},\"inLanguage\":\"en-GB\",\"potentialAction\":[{\"@type\":\"ReadAction\",\"target\":[\"https:\\\/\\\/www.prooptica.pt\\\/entrevista-ao-diario-de-noticias\\\/\"]}]},{\"@type\":\"ImageObject\",\"inLanguage\":\"en-GB\",\"@id\":\"https:\\\/\\\/www.prooptica.pt\\\/entrevista-ao-diario-de-noticias\\\/#primaryimage\",\"url\":\"https:\\\/\\\/www.prooptica.pt\\\/wp-content\\\/uploads\\\/2023\\\/10\\\/Prooptica-uma-visao-vanguardista-entrevista-DN-scaled.jpg\",\"contentUrl\":\"https:\\\/\\\/www.prooptica.pt\\\/wp-content\\\/uploads\\\/2023\\\/10\\\/Prooptica-uma-visao-vanguardista-entrevista-DN-scaled.jpg\",\"width\":2560,\"height\":1661},{\"@type\":\"BreadcrumbList\",\"@id\":\"https:\\\/\\\/www.prooptica.pt\\\/entrevista-ao-diario-de-noticias\\\/#breadcrumb\",\"itemListElement\":[{\"@type\":\"ListItem\",\"position\":1,\"name\":\"In\u00edcio\",\"item\":\"https:\\\/\\\/www.prooptica.pt\\\/\"},{\"@type\":\"ListItem\",\"position\":2,\"name\":\"Entrevista ao Di\u00e1rio de Not\u00edcias | Prooptica, uma vis\u00e3o vanguardista\"}]},{\"@type\":\"WebSite\",\"@id\":\"https:\\\/\\\/www.prooptica.pt\\\/home\\\/#website\",\"url\":\"https:\\\/\\\/www.prooptica.pt\\\/home\\\/\",\"name\":\"Prooptica\",\"description\":\"Full Eyewear Concept\",\"potentialAction\":[{\"@type\":\"SearchAction\",\"target\":{\"@type\":\"EntryPoint\",\"urlTemplate\":\"https:\\\/\\\/www.prooptica.pt\\\/home\\\/?s={search_term_string}\"},\"query-input\":{\"@type\":\"PropertyValueSpecification\",\"valueRequired\":true,\"valueName\":\"search_term_string\"}}],\"inLanguage\":\"en-GB\"},{\"@type\":\"Person\",\"@id\":\"https:\\\/\\\/www.prooptica.pt\\\/home\\\/#\\\/schema\\\/person\\\/1cbd826a9322a3c38a052e43d1638306\",\"name\":\"admin\",\"image\":{\"@type\":\"ImageObject\",\"inLanguage\":\"en-GB\",\"@id\":\"https:\\\/\\\/secure.gravatar.com\\\/avatar\\\/528c714482569d81724b02603aa719344e9ad7c0b50becf07272b2086b2c1cfd?s=96&d=mm&r=g\",\"url\":\"https:\\\/\\\/secure.gravatar.com\\\/avatar\\\/528c714482569d81724b02603aa719344e9ad7c0b50becf07272b2086b2c1cfd?s=96&d=mm&r=g\",\"contentUrl\":\"https:\\\/\\\/secure.gravatar.com\\\/avatar\\\/528c714482569d81724b02603aa719344e9ad7c0b50becf07272b2086b2c1cfd?s=96&d=mm&r=g\",\"caption\":\"admin\"},\"url\":\"https:\\\/\\\/www.prooptica.pt\\\/en\\\/author\\\/admin\\\/\"}]}<\/script>\n<!-- \/ Yoast SEO plugin. -->","yoast_head_json":{"title":"Interview with Di\u00e1rio de Not\u00edcias | Prooptica, an avant-garde vision - Prooptica","robots":{"index":"index","follow":"follow","max-snippet":"max-snippet:-1","max-image-preview":"max-image-preview:large","max-video-preview":"max-video-preview:-1"},"canonical":"https:\/\/www.prooptica.pt\/en\/diario-de-noticias-interview\/","og_locale":"en_GB","og_type":"article","og_title":"Entrevista ao Di\u00e1rio de Not\u00edcias | Prooptica, uma vis\u00e3o vanguardista - Prooptica","og_description":"&nbsp; \u201cA Prooptica n\u00e3o \u00e9 apenas um caso de sucesso empresarial, mas tamb\u00e9m\u00a0um exemplo de como a resili\u00eancia, a inova\u00e7\u00e3o e uma vis\u00e3o clara podem\u00a0levar a um impacto significativo e a um sucesso sustentado.\u201d Estas s\u00e3o as palavras que marcam o in\u00edcio de uma entrevista envolvente e cativante com o Administrador da Prooptica, Luis Justino. [&hellip;]","og_url":"https:\/\/www.prooptica.pt\/en\/diario-de-noticias-interview\/","og_site_name":"Prooptica","article_published_time":"2023-10-19T10:42:14+00:00","article_modified_time":"2023-11-02T14:51:59+00:00","og_image":[{"width":2560,"height":1661,"url":"https:\/\/www.prooptica.pt\/wp-content\/uploads\/2023\/10\/Prooptica-uma-visao-vanguardista-entrevista-DN-scaled.jpg","type":"image\/jpeg"}],"author":"admin","twitter_card":"summary_large_image","twitter_misc":{"Written by":"admin","Estimated reading time":"1 minute"},"schema":{"@context":"https:\/\/schema.org","@graph":[{"@type":"Article","@id":"https:\/\/www.prooptica.pt\/entrevista-ao-diario-de-noticias\/#article","isPartOf":{"@id":"https:\/\/www.prooptica.pt\/entrevista-ao-diario-de-noticias\/"},"author":{"name":"admin","@id":"https:\/\/www.prooptica.pt\/home\/#\/schema\/person\/1cbd826a9322a3c38a052e43d1638306"},"headline":"Entrevista ao Di\u00e1rio de Not\u00edcias | Prooptica, uma vis\u00e3o vanguardista","datePublished":"2023-10-19T10:42:14+00:00","dateModified":"2023-11-02T14:51:59+00:00","mainEntityOfPage":{"@id":"https:\/\/www.prooptica.pt\/entrevista-ao-diario-de-noticias\/"},"wordCount":123,"image":{"@id":"https:\/\/www.prooptica.pt\/entrevista-ao-diario-de-noticias\/#primaryimage"},"thumbnailUrl":"https:\/\/www.prooptica.pt\/wp-content\/uploads\/2023\/10\/Prooptica-uma-visao-vanguardista-entrevista-DN-scaled.jpg","articleSection":["Institucional"],"inLanguage":"en-GB"},{"@type":"WebPage","@id":"https:\/\/www.prooptica.pt\/entrevista-ao-diario-de-noticias\/","url":"https:\/\/www.prooptica.pt\/entrevista-ao-diario-de-noticias\/","name":"Interview with Di\u00e1rio de Not\u00edcias | Prooptica, an avant-garde vision - Prooptica","isPartOf":{"@id":"https:\/\/www.prooptica.pt\/home\/#website"},"primaryImageOfPage":{"@id":"https:\/\/www.prooptica.pt\/entrevista-ao-diario-de-noticias\/#primaryimage"},"image":{"@id":"https:\/\/www.prooptica.pt\/entrevista-ao-diario-de-noticias\/#primaryimage"},"thumbnailUrl":"https:\/\/www.prooptica.pt\/wp-content\/uploads\/2023\/10\/Prooptica-uma-visao-vanguardista-entrevista-DN-scaled.jpg","datePublished":"2023-10-19T10:42:14+00:00","dateModified":"2023-11-02T14:51:59+00:00","author":{"@id":"https:\/\/www.prooptica.pt\/home\/#\/schema\/person\/1cbd826a9322a3c38a052e43d1638306"},"breadcrumb":{"@id":"https:\/\/www.prooptica.pt\/entrevista-ao-diario-de-noticias\/#breadcrumb"},"inLanguage":"en-GB","potentialAction":[{"@type":"ReadAction","target":["https:\/\/www.prooptica.pt\/entrevista-ao-diario-de-noticias\/"]}]},{"@type":"ImageObject","inLanguage":"en-GB","@id":"https:\/\/www.prooptica.pt\/entrevista-ao-diario-de-noticias\/#primaryimage","url":"https:\/\/www.prooptica.pt\/wp-content\/uploads\/2023\/10\/Prooptica-uma-visao-vanguardista-entrevista-DN-scaled.jpg","contentUrl":"https:\/\/www.prooptica.pt\/wp-content\/uploads\/2023\/10\/Prooptica-uma-visao-vanguardista-entrevista-DN-scaled.jpg","width":2560,"height":1661},{"@type":"BreadcrumbList","@id":"https:\/\/www.prooptica.pt\/entrevista-ao-diario-de-noticias\/#breadcrumb","itemListElement":[{"@type":"ListItem","position":1,"name":"In\u00edcio","item":"https:\/\/www.prooptica.pt\/"},{"@type":"ListItem","position":2,"name":"Entrevista ao Di\u00e1rio de Not\u00edcias | Prooptica, uma vis\u00e3o vanguardista"}]},{"@type":"WebSite","@id":"https:\/\/www.prooptica.pt\/home\/#website","url":"https:\/\/www.prooptica.pt\/home\/","name":"Prooptica","description":"Full Eyewear Concept","potentialAction":[{"@type":"SearchAction","target":{"@type":"EntryPoint","urlTemplate":"https:\/\/www.prooptica.pt\/home\/?s={search_term_string}"},"query-input":{"@type":"PropertyValueSpecification","valueRequired":true,"valueName":"search_term_string"}}],"inLanguage":"en-GB"},{"@type":"Person","@id":"https:\/\/www.prooptica.pt\/home\/#\/schema\/person\/1cbd826a9322a3c38a052e43d1638306","name":"admin","image":{"@type":"ImageObject","inLanguage":"en-GB","@id":"https:\/\/secure.gravatar.com\/avatar\/528c714482569d81724b02603aa719344e9ad7c0b50becf07272b2086b2c1cfd?s=96&d=mm&r=g","url":"https:\/\/secure.gravatar.com\/avatar\/528c714482569d81724b02603aa719344e9ad7c0b50becf07272b2086b2c1cfd?s=96&d=mm&r=g","contentUrl":"https:\/\/secure.gravatar.com\/avatar\/528c714482569d81724b02603aa719344e9ad7c0b50becf07272b2086b2c1cfd?s=96&d=mm&r=g","caption":"admin"},"url":"https:\/\/www.prooptica.pt\/en\/author\/admin\/"}]}},"_links":{"self":[{"href":"https:\/\/www.prooptica.pt\/en\/wp-json\/wp\/v2\/posts\/18091","targetHints":{"allow":["GET"]}}],"collection":[{"href":"https:\/\/www.prooptica.pt\/en\/wp-json\/wp\/v2\/posts"}],"about":[{"href":"https:\/\/www.prooptica.pt\/en\/wp-json\/wp\/v2\/types\/post"}],"author":[{"embeddable":true,"href":"https:\/\/www.prooptica.pt\/en\/wp-json\/wp\/v2\/users\/2"}],"replies":[{"embeddable":true,"href":"https:\/\/www.prooptica.pt\/en\/wp-json\/wp\/v2\/comments?post=18091"}],"version-history":[{"count":6,"href":"https:\/\/www.prooptica.pt\/en\/wp-json\/wp\/v2\/posts\/18091\/revisions"}],"predecessor-version":[{"id":18341,"href":"https:\/\/www.prooptica.pt\/en\/wp-json\/wp\/v2\/posts\/18091\/revisions\/18341"}],"wp:featuredmedia":[{"embeddable":true,"href":"https:\/\/www.prooptica.pt\/en\/wp-json\/wp\/v2\/media\/18094"}],"wp:attachment":[{"href":"https:\/\/www.prooptica.pt\/en\/wp-json\/wp\/v2\/media?parent=18091"}],"wp:term":[{"taxonomy":"category","embeddable":true,"href":"https:\/\/www.prooptica.pt\/en\/wp-json\/wp\/v2\/categories?post=18091"},{"taxonomy":"post_tag","embeddable":true,"href":"https:\/\/www.prooptica.pt\/en\/wp-json\/wp\/v2\/tags?post=18091"}],"curies":[{"name":"wp","href":"https:\/\/api.w.org\/{rel}","templated":true}]}}