{"id":18381,"date":"2023-11-13T11:56:01","date_gmt":"2023-11-13T11:56:01","guid":{"rendered":"https:\/\/www.prooptica.pt\/?p=18381"},"modified":"2023-11-13T14:18:17","modified_gmt":"2023-11-13T14:18:17","slug":"prooptica-in-the-spotlight-at-optica-pro-showroom-porto","status":"publish","type":"post","link":"https:\/\/www.prooptica.pt\/en\/prooptica-em-destaque-na-optica-pro-showroom-porto\/","title":{"rendered":"Prooptica in the spotlight at Optica Pro | Showroom Porto"},"content":{"rendered":"<p>OpticaPro attended Prooptica's most recent showroom in Porto and had the opportunity to unveil the latest trends in the eyewear collections and talk to our team, namely the general manager, Lu\u00eds Justino, and the director of the eyewear area, Alexandra Fernandes.<\/p>\n<p>The article shares what's new in our eyewear collections, as well as information on the offers available in the 4 complementary areas of our unique and innovative \"Full Eyewear Concept\" business model.<\/p>\n<p>Find out all the details in the magazine article <span style=\"color: #000080;\"><a style=\"color: #000080;\" href=\"https:\/\/www.prooptica.pt\/wp-content\/uploads\/2023\/11\/OpticaPro_246_web.pdf\" target=\"_blank\" rel=\"noopener\"><strong><u>OpticaPro<\/u><\/strong><\/a>.<\/span><\/p>","protected":false},"excerpt":{"rendered":"<p>A OpticaPro marcou presen\u00e7a no mais recente Showroom da Prooptica realizado no Porto e teve a oportunidade de desvendar as \u00faltimas tend\u00eancias das cole\u00e7\u00f5es eyewear e conversar com a nossa equipa, nomeadamente com o diretor geral, Lu\u00eds Justino, e a diretora da \u00e1rea de \u00f3culos, Alexandra Fernandes. No artigo s\u00e3o partilhadas as novidades das nossas [&hellip;]<\/p>\n","protected":false},"author":2,"featured_media":18383,"comment_status":"closed","ping_status":"closed","sticky":false,"template":"","format":"standard","meta":{"footnotes":""},"categories":[195],"tags":[],"class_list":["post-18381","post","type-post","status-publish","format-standard","has-post-thumbnail","hentry","category-institucional"],"yoast_head":"<!-- This site is optimized with the Yoast SEO plugin v27.5 - https:\/\/yoast.com\/product\/yoast-seo-wordpress\/ -->\n<title>Prooptica em destaque na Optica Pro | Showroom Porto - Prooptica<\/title>\n<meta name=\"description\" content=\"A Optica Pro marcou presen\u00e7a no Showroom da Prooptica no Porto e teve a oportunidade de desvendar as novidades das cole\u00e7\u00f5es eyewear.\" \/>\n<meta name=\"robots\" content=\"index, follow, max-snippet:-1, max-image-preview:large, max-video-preview:-1\" \/>\n<link rel=\"canonical\" href=\"https:\/\/www.prooptica.pt\/en\/prooptica-in-the-spotlight-at-optica-pro-showroom-porto\/\" \/>\n<meta property=\"og:locale\" content=\"en_GB\" \/>\n<meta property=\"og:type\" content=\"article\" \/>\n<meta property=\"og:title\" content=\"Prooptica em destaque na Optica Pro | Showroom Porto - Prooptica\" \/>\n<meta property=\"og:description\" content=\"A Optica Pro marcou presen\u00e7a no Showroom da Prooptica no Porto e teve a oportunidade de desvendar as novidades das cole\u00e7\u00f5es eyewear.\" \/>\n<meta property=\"og:url\" content=\"https:\/\/www.prooptica.pt\/en\/prooptica-in-the-spotlight-at-optica-pro-showroom-porto\/\" \/>\n<meta property=\"og:site_name\" content=\"Prooptica\" \/>\n<meta property=\"article:published_time\" content=\"2023-11-13T11:56:01+00:00\" \/>\n<meta property=\"article:modified_time\" content=\"2023-11-13T14:18:17+00:00\" \/>\n<meta property=\"og:image\" content=\"https:\/\/www.prooptica.pt\/wp-content\/uploads\/2023\/11\/Optica-Pro-Showroom-Porto.jpg\" \/>\n\t<meta property=\"og:image:width\" content=\"794\" \/>\n\t<meta property=\"og:image:height\" content=\"537\" \/>\n\t<meta property=\"og:image:type\" content=\"image\/jpeg\" \/>\n<meta name=\"author\" content=\"admin\" \/>\n<meta name=\"twitter:card\" content=\"summary_large_image\" \/>\n<meta name=\"twitter:label1\" content=\"Written by\" \/>\n\t<meta name=\"twitter:data1\" content=\"admin\" \/>\n\t<meta name=\"twitter:label2\" content=\"Estimated reading time\" \/>\n\t<meta name=\"twitter:data2\" content=\"1 minute\" \/>\n<script type=\"application\/ld+json\" class=\"yoast-schema-graph\">{\"@context\":\"https:\\\/\\\/schema.org\",\"@graph\":[{\"@type\":\"Article\",\"@id\":\"https:\\\/\\\/www.prooptica.pt\\\/prooptica-em-destaque-na-optica-pro-showroom-porto\\\/#article\",\"isPartOf\":{\"@id\":\"https:\\\/\\\/www.prooptica.pt\\\/prooptica-em-destaque-na-optica-pro-showroom-porto\\\/\"},\"author\":{\"name\":\"admin\",\"@id\":\"https:\\\/\\\/www.prooptica.pt\\\/home\\\/#\\\/schema\\\/person\\\/1cbd826a9322a3c38a052e43d1638306\"},\"headline\":\"Prooptica em destaque na Optica Pro | Showroom Porto\",\"datePublished\":\"2023-11-13T11:56:01+00:00\",\"dateModified\":\"2023-11-13T14:18:17+00:00\",\"mainEntityOfPage\":{\"@id\":\"https:\\\/\\\/www.prooptica.pt\\\/prooptica-em-destaque-na-optica-pro-showroom-porto\\\/\"},\"wordCount\":104,\"image\":{\"@id\":\"https:\\\/\\\/www.prooptica.pt\\\/prooptica-em-destaque-na-optica-pro-showroom-porto\\\/#primaryimage\"},\"thumbnailUrl\":\"https:\\\/\\\/www.prooptica.pt\\\/wp-content\\\/uploads\\\/2023\\\/11\\\/Optica-Pro-Showroom-Porto.jpg\",\"articleSection\":[\"Institucional\"],\"inLanguage\":\"en-GB\"},{\"@type\":\"WebPage\",\"@id\":\"https:\\\/\\\/www.prooptica.pt\\\/prooptica-em-destaque-na-optica-pro-showroom-porto\\\/\",\"url\":\"https:\\\/\\\/www.prooptica.pt\\\/prooptica-em-destaque-na-optica-pro-showroom-porto\\\/\",\"name\":\"Prooptica em destaque na Optica Pro | Showroom Porto - Prooptica\",\"isPartOf\":{\"@id\":\"https:\\\/\\\/www.prooptica.pt\\\/home\\\/#website\"},\"primaryImageOfPage\":{\"@id\":\"https:\\\/\\\/www.prooptica.pt\\\/prooptica-em-destaque-na-optica-pro-showroom-porto\\\/#primaryimage\"},\"image\":{\"@id\":\"https:\\\/\\\/www.prooptica.pt\\\/prooptica-em-destaque-na-optica-pro-showroom-porto\\\/#primaryimage\"},\"thumbnailUrl\":\"https:\\\/\\\/www.prooptica.pt\\\/wp-content\\\/uploads\\\/2023\\\/11\\\/Optica-Pro-Showroom-Porto.jpg\",\"datePublished\":\"2023-11-13T11:56:01+00:00\",\"dateModified\":\"2023-11-13T14:18:17+00:00\",\"author\":{\"@id\":\"https:\\\/\\\/www.prooptica.pt\\\/home\\\/#\\\/schema\\\/person\\\/1cbd826a9322a3c38a052e43d1638306\"},\"description\":\"A Optica Pro marcou presen\u00e7a no Showroom da Prooptica no Porto e teve a oportunidade de desvendar as novidades das cole\u00e7\u00f5es eyewear.\",\"breadcrumb\":{\"@id\":\"https:\\\/\\\/www.prooptica.pt\\\/prooptica-em-destaque-na-optica-pro-showroom-porto\\\/#breadcrumb\"},\"inLanguage\":\"en-GB\",\"potentialAction\":[{\"@type\":\"ReadAction\",\"target\":[\"https:\\\/\\\/www.prooptica.pt\\\/prooptica-em-destaque-na-optica-pro-showroom-porto\\\/\"]}]},{\"@type\":\"ImageObject\",\"inLanguage\":\"en-GB\",\"@id\":\"https:\\\/\\\/www.prooptica.pt\\\/prooptica-em-destaque-na-optica-pro-showroom-porto\\\/#primaryimage\",\"url\":\"https:\\\/\\\/www.prooptica.pt\\\/wp-content\\\/uploads\\\/2023\\\/11\\\/Optica-Pro-Showroom-Porto.jpg\",\"contentUrl\":\"https:\\\/\\\/www.prooptica.pt\\\/wp-content\\\/uploads\\\/2023\\\/11\\\/Optica-Pro-Showroom-Porto.jpg\",\"width\":794,\"height\":537},{\"@type\":\"BreadcrumbList\",\"@id\":\"https:\\\/\\\/www.prooptica.pt\\\/prooptica-em-destaque-na-optica-pro-showroom-porto\\\/#breadcrumb\",\"itemListElement\":[{\"@type\":\"ListItem\",\"position\":1,\"name\":\"In\u00edcio\",\"item\":\"https:\\\/\\\/www.prooptica.pt\\\/\"},{\"@type\":\"ListItem\",\"position\":2,\"name\":\"Prooptica em destaque na Optica Pro | Showroom Porto\"}]},{\"@type\":\"WebSite\",\"@id\":\"https:\\\/\\\/www.prooptica.pt\\\/home\\\/#website\",\"url\":\"https:\\\/\\\/www.prooptica.pt\\\/home\\\/\",\"name\":\"Prooptica\",\"description\":\"Full Eyewear Concept\",\"potentialAction\":[{\"@type\":\"SearchAction\",\"target\":{\"@type\":\"EntryPoint\",\"urlTemplate\":\"https:\\\/\\\/www.prooptica.pt\\\/home\\\/?s={search_term_string}\"},\"query-input\":{\"@type\":\"PropertyValueSpecification\",\"valueRequired\":true,\"valueName\":\"search_term_string\"}}],\"inLanguage\":\"en-GB\"},{\"@type\":\"Person\",\"@id\":\"https:\\\/\\\/www.prooptica.pt\\\/home\\\/#\\\/schema\\\/person\\\/1cbd826a9322a3c38a052e43d1638306\",\"name\":\"admin\",\"image\":{\"@type\":\"ImageObject\",\"inLanguage\":\"en-GB\",\"@id\":\"https:\\\/\\\/secure.gravatar.com\\\/avatar\\\/528c714482569d81724b02603aa719344e9ad7c0b50becf07272b2086b2c1cfd?s=96&d=mm&r=g\",\"url\":\"https:\\\/\\\/secure.gravatar.com\\\/avatar\\\/528c714482569d81724b02603aa719344e9ad7c0b50becf07272b2086b2c1cfd?s=96&d=mm&r=g\",\"contentUrl\":\"https:\\\/\\\/secure.gravatar.com\\\/avatar\\\/528c714482569d81724b02603aa719344e9ad7c0b50becf07272b2086b2c1cfd?s=96&d=mm&r=g\",\"caption\":\"admin\"},\"url\":\"https:\\\/\\\/www.prooptica.pt\\\/en\\\/author\\\/admin\\\/\"}]}<\/script>\n<!-- \/ Yoast SEO plugin. -->","yoast_head_json":{"title":"Prooptica in the spotlight at Optica Pro | Showroom Porto - Prooptica","description":"Optica Pro was present at the Prooptica showroom in Porto and had the opportunity to unveil the latest eyewear collections.","robots":{"index":"index","follow":"follow","max-snippet":"max-snippet:-1","max-image-preview":"max-image-preview:large","max-video-preview":"max-video-preview:-1"},"canonical":"https:\/\/www.prooptica.pt\/en\/prooptica-in-the-spotlight-at-optica-pro-showroom-porto\/","og_locale":"en_GB","og_type":"article","og_title":"Prooptica em destaque na Optica Pro | Showroom Porto - Prooptica","og_description":"A Optica Pro marcou presen\u00e7a no Showroom da Prooptica no Porto e teve a oportunidade de desvendar as novidades das cole\u00e7\u00f5es eyewear.","og_url":"https:\/\/www.prooptica.pt\/en\/prooptica-in-the-spotlight-at-optica-pro-showroom-porto\/","og_site_name":"Prooptica","article_published_time":"2023-11-13T11:56:01+00:00","article_modified_time":"2023-11-13T14:18:17+00:00","og_image":[{"width":794,"height":537,"url":"https:\/\/www.prooptica.pt\/wp-content\/uploads\/2023\/11\/Optica-Pro-Showroom-Porto.jpg","type":"image\/jpeg"}],"author":"admin","twitter_card":"summary_large_image","twitter_misc":{"Written by":"admin","Estimated reading time":"1 minute"},"schema":{"@context":"https:\/\/schema.org","@graph":[{"@type":"Article","@id":"https:\/\/www.prooptica.pt\/prooptica-em-destaque-na-optica-pro-showroom-porto\/#article","isPartOf":{"@id":"https:\/\/www.prooptica.pt\/prooptica-em-destaque-na-optica-pro-showroom-porto\/"},"author":{"name":"admin","@id":"https:\/\/www.prooptica.pt\/home\/#\/schema\/person\/1cbd826a9322a3c38a052e43d1638306"},"headline":"Prooptica em destaque na Optica Pro | Showroom Porto","datePublished":"2023-11-13T11:56:01+00:00","dateModified":"2023-11-13T14:18:17+00:00","mainEntityOfPage":{"@id":"https:\/\/www.prooptica.pt\/prooptica-em-destaque-na-optica-pro-showroom-porto\/"},"wordCount":104,"image":{"@id":"https:\/\/www.prooptica.pt\/prooptica-em-destaque-na-optica-pro-showroom-porto\/#primaryimage"},"thumbnailUrl":"https:\/\/www.prooptica.pt\/wp-content\/uploads\/2023\/11\/Optica-Pro-Showroom-Porto.jpg","articleSection":["Institucional"],"inLanguage":"en-GB"},{"@type":"WebPage","@id":"https:\/\/www.prooptica.pt\/prooptica-em-destaque-na-optica-pro-showroom-porto\/","url":"https:\/\/www.prooptica.pt\/prooptica-em-destaque-na-optica-pro-showroom-porto\/","name":"Prooptica in the spotlight at Optica Pro | Showroom Porto - Prooptica","isPartOf":{"@id":"https:\/\/www.prooptica.pt\/home\/#website"},"primaryImageOfPage":{"@id":"https:\/\/www.prooptica.pt\/prooptica-em-destaque-na-optica-pro-showroom-porto\/#primaryimage"},"image":{"@id":"https:\/\/www.prooptica.pt\/prooptica-em-destaque-na-optica-pro-showroom-porto\/#primaryimage"},"thumbnailUrl":"https:\/\/www.prooptica.pt\/wp-content\/uploads\/2023\/11\/Optica-Pro-Showroom-Porto.jpg","datePublished":"2023-11-13T11:56:01+00:00","dateModified":"2023-11-13T14:18:17+00:00","author":{"@id":"https:\/\/www.prooptica.pt\/home\/#\/schema\/person\/1cbd826a9322a3c38a052e43d1638306"},"description":"Optica Pro was present at the Prooptica showroom in Porto and had the opportunity to unveil the latest eyewear collections.","breadcrumb":{"@id":"https:\/\/www.prooptica.pt\/prooptica-em-destaque-na-optica-pro-showroom-porto\/#breadcrumb"},"inLanguage":"en-GB","potentialAction":[{"@type":"ReadAction","target":["https:\/\/www.prooptica.pt\/prooptica-em-destaque-na-optica-pro-showroom-porto\/"]}]},{"@type":"ImageObject","inLanguage":"en-GB","@id":"https:\/\/www.prooptica.pt\/prooptica-em-destaque-na-optica-pro-showroom-porto\/#primaryimage","url":"https:\/\/www.prooptica.pt\/wp-content\/uploads\/2023\/11\/Optica-Pro-Showroom-Porto.jpg","contentUrl":"https:\/\/www.prooptica.pt\/wp-content\/uploads\/2023\/11\/Optica-Pro-Showroom-Porto.jpg","width":794,"height":537},{"@type":"BreadcrumbList","@id":"https:\/\/www.prooptica.pt\/prooptica-em-destaque-na-optica-pro-showroom-porto\/#breadcrumb","itemListElement":[{"@type":"ListItem","position":1,"name":"In\u00edcio","item":"https:\/\/www.prooptica.pt\/"},{"@type":"ListItem","position":2,"name":"Prooptica em destaque na Optica Pro | Showroom Porto"}]},{"@type":"WebSite","@id":"https:\/\/www.prooptica.pt\/home\/#website","url":"https:\/\/www.prooptica.pt\/home\/","name":"Prooptica","description":"Full Eyewear Concept","potentialAction":[{"@type":"SearchAction","target":{"@type":"EntryPoint","urlTemplate":"https:\/\/www.prooptica.pt\/home\/?s={search_term_string}"},"query-input":{"@type":"PropertyValueSpecification","valueRequired":true,"valueName":"search_term_string"}}],"inLanguage":"en-GB"},{"@type":"Person","@id":"https:\/\/www.prooptica.pt\/home\/#\/schema\/person\/1cbd826a9322a3c38a052e43d1638306","name":"admin","image":{"@type":"ImageObject","inLanguage":"en-GB","@id":"https:\/\/secure.gravatar.com\/avatar\/528c714482569d81724b02603aa719344e9ad7c0b50becf07272b2086b2c1cfd?s=96&d=mm&r=g","url":"https:\/\/secure.gravatar.com\/avatar\/528c714482569d81724b02603aa719344e9ad7c0b50becf07272b2086b2c1cfd?s=96&d=mm&r=g","contentUrl":"https:\/\/secure.gravatar.com\/avatar\/528c714482569d81724b02603aa719344e9ad7c0b50becf07272b2086b2c1cfd?s=96&d=mm&r=g","caption":"admin"},"url":"https:\/\/www.prooptica.pt\/en\/author\/admin\/"}]}},"_links":{"self":[{"href":"https:\/\/www.prooptica.pt\/en\/wp-json\/wp\/v2\/posts\/18381","targetHints":{"allow":["GET"]}}],"collection":[{"href":"https:\/\/www.prooptica.pt\/en\/wp-json\/wp\/v2\/posts"}],"about":[{"href":"https:\/\/www.prooptica.pt\/en\/wp-json\/wp\/v2\/types\/post"}],"author":[{"embeddable":true,"href":"https:\/\/www.prooptica.pt\/en\/wp-json\/wp\/v2\/users\/2"}],"replies":[{"embeddable":true,"href":"https:\/\/www.prooptica.pt\/en\/wp-json\/wp\/v2\/comments?post=18381"}],"version-history":[{"count":2,"href":"https:\/\/www.prooptica.pt\/en\/wp-json\/wp\/v2\/posts\/18381\/revisions"}],"predecessor-version":[{"id":18386,"href":"https:\/\/www.prooptica.pt\/en\/wp-json\/wp\/v2\/posts\/18381\/revisions\/18386"}],"wp:featuredmedia":[{"embeddable":true,"href":"https:\/\/www.prooptica.pt\/en\/wp-json\/wp\/v2\/media\/18383"}],"wp:attachment":[{"href":"https:\/\/www.prooptica.pt\/en\/wp-json\/wp\/v2\/media?parent=18381"}],"wp:term":[{"taxonomy":"category","embeddable":true,"href":"https:\/\/www.prooptica.pt\/en\/wp-json\/wp\/v2\/categories?post=18381"},{"taxonomy":"post_tag","embeddable":true,"href":"https:\/\/www.prooptica.pt\/en\/wp-json\/wp\/v2\/tags?post=18381"}],"curies":[{"name":"wp","href":"https:\/\/api.w.org\/{rel}","templated":true}]}}