{"id":18501,"date":"2023-11-20T10:09:32","date_gmt":"2023-11-20T10:09:32","guid":{"rendered":"https:\/\/www.prooptica.pt\/?p=18501"},"modified":"2023-11-22T12:52:25","modified_gmt":"2023-11-22T12:52:25","slug":"amalias-100-commemorative-wine-for-the-centenary-of-the-birth-of-amalia-rodrigues","status":"publish","type":"post","link":"https:\/\/www.prooptica.pt\/en\/amalias-100-vinho-comemorativo-do-centenario-do-nascimento-de-amalia-rodrigues\/","title":{"rendered":"Am\u00e1lias 100 | Wine to commemorate the centenary of the birth of Am\u00e1lia Rodrigues"},"content":{"rendered":"<p>Today, once again, Prooptica remembers Am\u00e1lia Rodrigues and her contribution to Portugal's culture.<\/p>\n<p>In October, Am\u00e1lias 100 wine was launched as a celebration of the centenary of the fado diva's birth and we also took this opportunity to pay tribute to the fado singer once again and honour the relationship that Prooptica has with the Am\u00e1lia Rodrigues Foundation.<\/p>\n<h6><strong>Am\u00e1lias 100 wine<\/strong><\/h6>\n<p>Am\u00e1lias 100 is a red wine from the 2020 harvest (the year in which the centenary of Am\u00e1lia's birth was celebrated), created by seven renowned Portuguese producers to honour Am\u00e1lia Rodrigues and raise public awareness of the Foundation that bears her name.<\/p>\n<p>Rita Nabeiro from Adega Mayor, Francisca Van Zeller from Van Zellers &amp; Co, Maria Manuel Maia from Po\u00e7as, Lu\u00edsa Amorim from Quinta Nova de Nossa Senhora do Carmo, Rita Pinto from Quinta do Pinto, Mafalda Guedes from Sogrape and Catarina Vieira from Herdade do Rocim are all taking part in this initiative, with the collaboration of oenologists Beatriz Cabral de Almeida (Sogrape), Carlos Rodrigues (Adega Mayor) and Jorge Alves (Quinta Nova Nossa Senhora do Carmo).<\/p>\n<p>Aged for 18 months in the barrel and, after unifying the blend, for a further 12 months in the bottle, this wine is described by its creators as \"complex, intense, elegant and with a high potential for evolution\".<\/p>\n<p>A limited edition of precisely 1920 bottles (the year of Am\u00e1lia's birth), Am\u00e1lias 100 is a blend of different geographical areas of Portugal, thus representing the national figure that was Am\u00e1lia Rodrigues.<\/p>\n<p>All the revenue generated by the Am\u00e1lias 100 wine goes to\u00a0<span style=\"color: #0000ff;\"><a style=\"color: #0000ff;\" href=\"http:\/\/www.amaliarodrigues.pt\/\">Am\u00e1lia Rodrigues Foundation<\/a>,<\/span> which will use the money raised for the institutions it supports, such as Casa do Artista, and also for restoration work on Am\u00e1lia Rodrigues' house, which is essential for the preservation of the artist's estate.<\/p>\n<p>The <span style=\"color: #0000ff;\"><a style=\"color: #0000ff;\" href=\"https:\/\/www.adegamayor.pt\/pt\/pt\/adega-mayor-amalias-100-tinto-1500ml\" target=\"_blank\" rel=\"noopener\">Am\u00e1lias 100<\/a> <\/span>(1.5 litre bottle) comes in a minimalist and elegant box and will be available in wine cellars, shops and restaurants.<\/p>\n<p><img fetchpriority=\"high\" decoding=\"async\" class=\"size-medium wp-image-18502 aligncenter\" src=\"https:\/\/www.prooptica.pt\/wp-content\/uploads\/2023\/11\/Garrafa-Amalias-100-614x1024-1-180x300.jpg\" alt=\"\" width=\"180\" height=\"300\" srcset=\"https:\/\/www.prooptica.pt\/wp-content\/uploads\/2023\/11\/Garrafa-Amalias-100-614x1024-1-180x300.jpg 180w, https:\/\/www.prooptica.pt\/wp-content\/uploads\/2023\/11\/Garrafa-Amalias-100-614x1024-1.jpg 614w\" sizes=\"(max-width: 180px) 100vw, 180px\" \/><\/p>\n<h6><strong>Am\u00e1lia Eyewear<\/strong><\/h6>\n<p>Also take the opportunity to discover the Am\u00e1lia Eyewear Collection. A collection developed taking into account the values and attributes of Am\u00e1lia Rodrigues and which aims to publicise and elevate Am\u00e1lia's legacy and memory, giving back so much that Am\u00e1lia gave to the Portuguese: creativity, courage, energy and life beyond borders.<\/p>\n<p>Prooptica supports Portuguese culture and honours the fado diva every day!<\/p>\n<p>See <a href=\"https:\/\/loja.prooptica.pt\/loja\/?swoof=1&amp;pwb-brand=amalia\" target=\"_blank\" rel=\"noopener\"><strong><span style=\"color: #000080;\"><span style=\"color: #0000ff;\">the collection.<\/span><\/span><\/strong><\/a><\/p>","protected":false},"excerpt":{"rendered":"<p>Hoje, mais uma vez, a Prooptica recorda Am\u00e1lia Rodrigues e o seu contributo para a cultura de Portugal. Em Outubro foi lan\u00e7ado o vinho Am\u00e1lias 100 como uma celebra\u00e7\u00e3o do centen\u00e1rio do nascimento da diva do fado e n\u00f3s aproveitamos tamb\u00e9m esta ocasi\u00e3o para homenagear novamente a fadista e honrar a rela\u00e7\u00e3o que a Prooptica [&hellip;]<\/p>\n","protected":false},"author":2,"featured_media":18504,"comment_status":"closed","ping_status":"closed","sticky":false,"template":"","format":"standard","meta":{"footnotes":""},"categories":[195,189],"tags":[],"class_list":["post-18501","post","type-post","status-publish","format-standard","has-post-thumbnail","hentry","category-institucional","category-oculos"],"yoast_head":"<!-- This site is optimized with the Yoast SEO plugin v27.5 - https:\/\/yoast.com\/product\/yoast-seo-wordpress\/ -->\n<title>AM\u00c1LIAS 100<\/title>\n<meta name=\"description\" content=\"Em Outubro foi lan\u00e7ado o vinho Am\u00e1lias 100 como uma celebra\u00e7\u00e3o do centen\u00e1rio do nascimento de Am\u00e1lia Rodrigues.\" \/>\n<meta name=\"robots\" content=\"index, follow, max-snippet:-1, max-image-preview:large, max-video-preview:-1\" \/>\n<link rel=\"canonical\" href=\"https:\/\/www.prooptica.pt\/en\/amalias-100-commemorative-wine-for-the-centenary-of-the-birth-of-amalia-rodrigues\/\" \/>\n<meta property=\"og:locale\" content=\"en_GB\" \/>\n<meta property=\"og:type\" content=\"article\" \/>\n<meta property=\"og:title\" content=\"AM\u00c1LIAS 100\" \/>\n<meta property=\"og:description\" content=\"Em Outubro foi lan\u00e7ado o vinho Am\u00e1lias 100 como uma celebra\u00e7\u00e3o do centen\u00e1rio do nascimento de Am\u00e1lia Rodrigues.\" \/>\n<meta property=\"og:url\" content=\"https:\/\/www.prooptica.pt\/en\/amalias-100-commemorative-wine-for-the-centenary-of-the-birth-of-amalia-rodrigues\/\" \/>\n<meta property=\"og:site_name\" content=\"Prooptica\" \/>\n<meta property=\"article:published_time\" content=\"2023-11-20T10:09:32+00:00\" \/>\n<meta property=\"article:modified_time\" content=\"2023-11-22T12:52:25+00:00\" \/>\n<meta property=\"og:image\" content=\"https:\/\/www.prooptica.pt\/wp-content\/uploads\/2023\/11\/Amalia-100-_-BLOG_top_Amalia.png\" \/>\n\t<meta property=\"og:image:width\" content=\"2874\" \/>\n\t<meta property=\"og:image:height\" content=\"1736\" \/>\n\t<meta property=\"og:image:type\" content=\"image\/png\" \/>\n<meta name=\"author\" content=\"admin\" \/>\n<meta name=\"twitter:card\" content=\"summary_large_image\" \/>\n<meta name=\"twitter:label1\" content=\"Written by\" \/>\n\t<meta name=\"twitter:data1\" content=\"admin\" \/>\n\t<meta name=\"twitter:label2\" content=\"Estimated reading time\" \/>\n\t<meta name=\"twitter:data2\" content=\"3 minutes\" \/>\n<script type=\"application\/ld+json\" class=\"yoast-schema-graph\">{\"@context\":\"https:\\\/\\\/schema.org\",\"@graph\":[{\"@type\":\"Article\",\"@id\":\"https:\\\/\\\/www.prooptica.pt\\\/amalias-100-vinho-comemorativo-do-centenario-do-nascimento-de-amalia-rodrigues\\\/#article\",\"isPartOf\":{\"@id\":\"https:\\\/\\\/www.prooptica.pt\\\/amalias-100-vinho-comemorativo-do-centenario-do-nascimento-de-amalia-rodrigues\\\/\"},\"author\":{\"name\":\"admin\",\"@id\":\"https:\\\/\\\/www.prooptica.pt\\\/home\\\/#\\\/schema\\\/person\\\/1cbd826a9322a3c38a052e43d1638306\"},\"headline\":\"Am\u00e1lias 100 | Vinho comemorativo do centen\u00e1rio do nascimento de Am\u00e1lia Rodrigues\",\"datePublished\":\"2023-11-20T10:09:32+00:00\",\"dateModified\":\"2023-11-22T12:52:25+00:00\",\"mainEntityOfPage\":{\"@id\":\"https:\\\/\\\/www.prooptica.pt\\\/amalias-100-vinho-comemorativo-do-centenario-do-nascimento-de-amalia-rodrigues\\\/\"},\"wordCount\":448,\"image\":{\"@id\":\"https:\\\/\\\/www.prooptica.pt\\\/amalias-100-vinho-comemorativo-do-centenario-do-nascimento-de-amalia-rodrigues\\\/#primaryimage\"},\"thumbnailUrl\":\"https:\\\/\\\/www.prooptica.pt\\\/wp-content\\\/uploads\\\/2023\\\/11\\\/Amalia-100-_-BLOG_top_Amalia.png\",\"articleSection\":[\"Institucional\",\"\u00d3culos\"],\"inLanguage\":\"en-GB\"},{\"@type\":\"WebPage\",\"@id\":\"https:\\\/\\\/www.prooptica.pt\\\/amalias-100-vinho-comemorativo-do-centenario-do-nascimento-de-amalia-rodrigues\\\/\",\"url\":\"https:\\\/\\\/www.prooptica.pt\\\/amalias-100-vinho-comemorativo-do-centenario-do-nascimento-de-amalia-rodrigues\\\/\",\"name\":\"AM\u00c1LIAS 100\",\"isPartOf\":{\"@id\":\"https:\\\/\\\/www.prooptica.pt\\\/home\\\/#website\"},\"primaryImageOfPage\":{\"@id\":\"https:\\\/\\\/www.prooptica.pt\\\/amalias-100-vinho-comemorativo-do-centenario-do-nascimento-de-amalia-rodrigues\\\/#primaryimage\"},\"image\":{\"@id\":\"https:\\\/\\\/www.prooptica.pt\\\/amalias-100-vinho-comemorativo-do-centenario-do-nascimento-de-amalia-rodrigues\\\/#primaryimage\"},\"thumbnailUrl\":\"https:\\\/\\\/www.prooptica.pt\\\/wp-content\\\/uploads\\\/2023\\\/11\\\/Amalia-100-_-BLOG_top_Amalia.png\",\"datePublished\":\"2023-11-20T10:09:32+00:00\",\"dateModified\":\"2023-11-22T12:52:25+00:00\",\"author\":{\"@id\":\"https:\\\/\\\/www.prooptica.pt\\\/home\\\/#\\\/schema\\\/person\\\/1cbd826a9322a3c38a052e43d1638306\"},\"description\":\"Em Outubro foi lan\u00e7ado o vinho Am\u00e1lias 100 como uma celebra\u00e7\u00e3o do centen\u00e1rio do nascimento de Am\u00e1lia Rodrigues.\",\"breadcrumb\":{\"@id\":\"https:\\\/\\\/www.prooptica.pt\\\/amalias-100-vinho-comemorativo-do-centenario-do-nascimento-de-amalia-rodrigues\\\/#breadcrumb\"},\"inLanguage\":\"en-GB\",\"potentialAction\":[{\"@type\":\"ReadAction\",\"target\":[\"https:\\\/\\\/www.prooptica.pt\\\/amalias-100-vinho-comemorativo-do-centenario-do-nascimento-de-amalia-rodrigues\\\/\"]}]},{\"@type\":\"ImageObject\",\"inLanguage\":\"en-GB\",\"@id\":\"https:\\\/\\\/www.prooptica.pt\\\/amalias-100-vinho-comemorativo-do-centenario-do-nascimento-de-amalia-rodrigues\\\/#primaryimage\",\"url\":\"https:\\\/\\\/www.prooptica.pt\\\/wp-content\\\/uploads\\\/2023\\\/11\\\/Amalia-100-_-BLOG_top_Amalia.png\",\"contentUrl\":\"https:\\\/\\\/www.prooptica.pt\\\/wp-content\\\/uploads\\\/2023\\\/11\\\/Amalia-100-_-BLOG_top_Amalia.png\",\"width\":2874,\"height\":1736},{\"@type\":\"BreadcrumbList\",\"@id\":\"https:\\\/\\\/www.prooptica.pt\\\/amalias-100-vinho-comemorativo-do-centenario-do-nascimento-de-amalia-rodrigues\\\/#breadcrumb\",\"itemListElement\":[{\"@type\":\"ListItem\",\"position\":1,\"name\":\"In\u00edcio\",\"item\":\"https:\\\/\\\/www.prooptica.pt\\\/\"},{\"@type\":\"ListItem\",\"position\":2,\"name\":\"Am\u00e1lias 100 | Vinho comemorativo do centen\u00e1rio do nascimento de Am\u00e1lia Rodrigues\"}]},{\"@type\":\"WebSite\",\"@id\":\"https:\\\/\\\/www.prooptica.pt\\\/home\\\/#website\",\"url\":\"https:\\\/\\\/www.prooptica.pt\\\/home\\\/\",\"name\":\"Prooptica\",\"description\":\"Full Eyewear Concept\",\"potentialAction\":[{\"@type\":\"SearchAction\",\"target\":{\"@type\":\"EntryPoint\",\"urlTemplate\":\"https:\\\/\\\/www.prooptica.pt\\\/home\\\/?s={search_term_string}\"},\"query-input\":{\"@type\":\"PropertyValueSpecification\",\"valueRequired\":true,\"valueName\":\"search_term_string\"}}],\"inLanguage\":\"en-GB\"},{\"@type\":\"Person\",\"@id\":\"https:\\\/\\\/www.prooptica.pt\\\/home\\\/#\\\/schema\\\/person\\\/1cbd826a9322a3c38a052e43d1638306\",\"name\":\"admin\",\"image\":{\"@type\":\"ImageObject\",\"inLanguage\":\"en-GB\",\"@id\":\"https:\\\/\\\/secure.gravatar.com\\\/avatar\\\/528c714482569d81724b02603aa719344e9ad7c0b50becf07272b2086b2c1cfd?s=96&d=mm&r=g\",\"url\":\"https:\\\/\\\/secure.gravatar.com\\\/avatar\\\/528c714482569d81724b02603aa719344e9ad7c0b50becf07272b2086b2c1cfd?s=96&d=mm&r=g\",\"contentUrl\":\"https:\\\/\\\/secure.gravatar.com\\\/avatar\\\/528c714482569d81724b02603aa719344e9ad7c0b50becf07272b2086b2c1cfd?s=96&d=mm&r=g\",\"caption\":\"admin\"},\"url\":\"https:\\\/\\\/www.prooptica.pt\\\/en\\\/author\\\/admin\\\/\"}]}<\/script>\n<!-- \/ Yoast SEO plugin. -->","yoast_head_json":{"title":"AMALIAS 100","description":"In October, the Am\u00e1lias 100 wine was launched as a celebration of the centenary of Am\u00e1lia Rodrigues' birth.","robots":{"index":"index","follow":"follow","max-snippet":"max-snippet:-1","max-image-preview":"max-image-preview:large","max-video-preview":"max-video-preview:-1"},"canonical":"https:\/\/www.prooptica.pt\/en\/amalias-100-commemorative-wine-for-the-centenary-of-the-birth-of-amalia-rodrigues\/","og_locale":"en_GB","og_type":"article","og_title":"AM\u00c1LIAS 100","og_description":"Em Outubro foi lan\u00e7ado o vinho Am\u00e1lias 100 como uma celebra\u00e7\u00e3o do centen\u00e1rio do nascimento de Am\u00e1lia Rodrigues.","og_url":"https:\/\/www.prooptica.pt\/en\/amalias-100-commemorative-wine-for-the-centenary-of-the-birth-of-amalia-rodrigues\/","og_site_name":"Prooptica","article_published_time":"2023-11-20T10:09:32+00:00","article_modified_time":"2023-11-22T12:52:25+00:00","og_image":[{"width":2874,"height":1736,"url":"https:\/\/www.prooptica.pt\/wp-content\/uploads\/2023\/11\/Amalia-100-_-BLOG_top_Amalia.png","type":"image\/png"}],"author":"admin","twitter_card":"summary_large_image","twitter_misc":{"Written by":"admin","Estimated reading time":"3 minutes"},"schema":{"@context":"https:\/\/schema.org","@graph":[{"@type":"Article","@id":"https:\/\/www.prooptica.pt\/amalias-100-vinho-comemorativo-do-centenario-do-nascimento-de-amalia-rodrigues\/#article","isPartOf":{"@id":"https:\/\/www.prooptica.pt\/amalias-100-vinho-comemorativo-do-centenario-do-nascimento-de-amalia-rodrigues\/"},"author":{"name":"admin","@id":"https:\/\/www.prooptica.pt\/home\/#\/schema\/person\/1cbd826a9322a3c38a052e43d1638306"},"headline":"Am\u00e1lias 100 | Vinho comemorativo do centen\u00e1rio do nascimento de Am\u00e1lia Rodrigues","datePublished":"2023-11-20T10:09:32+00:00","dateModified":"2023-11-22T12:52:25+00:00","mainEntityOfPage":{"@id":"https:\/\/www.prooptica.pt\/amalias-100-vinho-comemorativo-do-centenario-do-nascimento-de-amalia-rodrigues\/"},"wordCount":448,"image":{"@id":"https:\/\/www.prooptica.pt\/amalias-100-vinho-comemorativo-do-centenario-do-nascimento-de-amalia-rodrigues\/#primaryimage"},"thumbnailUrl":"https:\/\/www.prooptica.pt\/wp-content\/uploads\/2023\/11\/Amalia-100-_-BLOG_top_Amalia.png","articleSection":["Institucional","\u00d3culos"],"inLanguage":"en-GB"},{"@type":"WebPage","@id":"https:\/\/www.prooptica.pt\/amalias-100-vinho-comemorativo-do-centenario-do-nascimento-de-amalia-rodrigues\/","url":"https:\/\/www.prooptica.pt\/amalias-100-vinho-comemorativo-do-centenario-do-nascimento-de-amalia-rodrigues\/","name":"AMALIAS 100","isPartOf":{"@id":"https:\/\/www.prooptica.pt\/home\/#website"},"primaryImageOfPage":{"@id":"https:\/\/www.prooptica.pt\/amalias-100-vinho-comemorativo-do-centenario-do-nascimento-de-amalia-rodrigues\/#primaryimage"},"image":{"@id":"https:\/\/www.prooptica.pt\/amalias-100-vinho-comemorativo-do-centenario-do-nascimento-de-amalia-rodrigues\/#primaryimage"},"thumbnailUrl":"https:\/\/www.prooptica.pt\/wp-content\/uploads\/2023\/11\/Amalia-100-_-BLOG_top_Amalia.png","datePublished":"2023-11-20T10:09:32+00:00","dateModified":"2023-11-22T12:52:25+00:00","author":{"@id":"https:\/\/www.prooptica.pt\/home\/#\/schema\/person\/1cbd826a9322a3c38a052e43d1638306"},"description":"In October, the Am\u00e1lias 100 wine was launched as a celebration of the centenary of Am\u00e1lia Rodrigues' birth.","breadcrumb":{"@id":"https:\/\/www.prooptica.pt\/amalias-100-vinho-comemorativo-do-centenario-do-nascimento-de-amalia-rodrigues\/#breadcrumb"},"inLanguage":"en-GB","potentialAction":[{"@type":"ReadAction","target":["https:\/\/www.prooptica.pt\/amalias-100-vinho-comemorativo-do-centenario-do-nascimento-de-amalia-rodrigues\/"]}]},{"@type":"ImageObject","inLanguage":"en-GB","@id":"https:\/\/www.prooptica.pt\/amalias-100-vinho-comemorativo-do-centenario-do-nascimento-de-amalia-rodrigues\/#primaryimage","url":"https:\/\/www.prooptica.pt\/wp-content\/uploads\/2023\/11\/Amalia-100-_-BLOG_top_Amalia.png","contentUrl":"https:\/\/www.prooptica.pt\/wp-content\/uploads\/2023\/11\/Amalia-100-_-BLOG_top_Amalia.png","width":2874,"height":1736},{"@type":"BreadcrumbList","@id":"https:\/\/www.prooptica.pt\/amalias-100-vinho-comemorativo-do-centenario-do-nascimento-de-amalia-rodrigues\/#breadcrumb","itemListElement":[{"@type":"ListItem","position":1,"name":"In\u00edcio","item":"https:\/\/www.prooptica.pt\/"},{"@type":"ListItem","position":2,"name":"Am\u00e1lias 100 | Vinho comemorativo do centen\u00e1rio do nascimento de Am\u00e1lia Rodrigues"}]},{"@type":"WebSite","@id":"https:\/\/www.prooptica.pt\/home\/#website","url":"https:\/\/www.prooptica.pt\/home\/","name":"Prooptica","description":"Full Eyewear Concept","potentialAction":[{"@type":"SearchAction","target":{"@type":"EntryPoint","urlTemplate":"https:\/\/www.prooptica.pt\/home\/?s={search_term_string}"},"query-input":{"@type":"PropertyValueSpecification","valueRequired":true,"valueName":"search_term_string"}}],"inLanguage":"en-GB"},{"@type":"Person","@id":"https:\/\/www.prooptica.pt\/home\/#\/schema\/person\/1cbd826a9322a3c38a052e43d1638306","name":"admin","image":{"@type":"ImageObject","inLanguage":"en-GB","@id":"https:\/\/secure.gravatar.com\/avatar\/528c714482569d81724b02603aa719344e9ad7c0b50becf07272b2086b2c1cfd?s=96&d=mm&r=g","url":"https:\/\/secure.gravatar.com\/avatar\/528c714482569d81724b02603aa719344e9ad7c0b50becf07272b2086b2c1cfd?s=96&d=mm&r=g","contentUrl":"https:\/\/secure.gravatar.com\/avatar\/528c714482569d81724b02603aa719344e9ad7c0b50becf07272b2086b2c1cfd?s=96&d=mm&r=g","caption":"admin"},"url":"https:\/\/www.prooptica.pt\/en\/author\/admin\/"}]}},"_links":{"self":[{"href":"https:\/\/www.prooptica.pt\/en\/wp-json\/wp\/v2\/posts\/18501","targetHints":{"allow":["GET"]}}],"collection":[{"href":"https:\/\/www.prooptica.pt\/en\/wp-json\/wp\/v2\/posts"}],"about":[{"href":"https:\/\/www.prooptica.pt\/en\/wp-json\/wp\/v2\/types\/post"}],"author":[{"embeddable":true,"href":"https:\/\/www.prooptica.pt\/en\/wp-json\/wp\/v2\/users\/2"}],"replies":[{"embeddable":true,"href":"https:\/\/www.prooptica.pt\/en\/wp-json\/wp\/v2\/comments?post=18501"}],"version-history":[{"count":8,"href":"https:\/\/www.prooptica.pt\/en\/wp-json\/wp\/v2\/posts\/18501\/revisions"}],"predecessor-version":[{"id":18513,"href":"https:\/\/www.prooptica.pt\/en\/wp-json\/wp\/v2\/posts\/18501\/revisions\/18513"}],"wp:featuredmedia":[{"embeddable":true,"href":"https:\/\/www.prooptica.pt\/en\/wp-json\/wp\/v2\/media\/18504"}],"wp:attachment":[{"href":"https:\/\/www.prooptica.pt\/en\/wp-json\/wp\/v2\/media?parent=18501"}],"wp:term":[{"taxonomy":"category","embeddable":true,"href":"https:\/\/www.prooptica.pt\/en\/wp-json\/wp\/v2\/categories?post=18501"},{"taxonomy":"post_tag","embeddable":true,"href":"https:\/\/www.prooptica.pt\/en\/wp-json\/wp\/v2\/tags?post=18501"}],"curies":[{"name":"wp","href":"https:\/\/api.w.org\/{rel}","templated":true}]}}