{"id":18511,"date":"2023-11-24T16:14:34","date_gmt":"2023-11-24T16:14:34","guid":{"rendered":"https:\/\/www.prooptica.pt\/?p=18511"},"modified":"2023-11-28T12:46:45","modified_gmt":"2023-11-28T12:46:45","slug":"ophthalmic-lenses-frequently-asked-questions","status":"publish","type":"post","link":"https:\/\/www.prooptica.pt\/en\/lentes-oftalmicas-perguntas-frequentes\/","title":{"rendered":"Ophthalmic lenses | Frequently asked questions"},"content":{"rendered":"<p>Ophthalmic lenses play a crucial role in our visual perception, but doubts often arise about the best choice to suit our needs. Understanding the complexity behind ophthalmic lenses is crucial to ensuring an informed choice for eye health and visual comfort. In this article, we'll explore some of the most frequently asked questions that arise in this context.<\/p>\n<p>&nbsp;<\/p>\n<h6><strong>What are the different types of ophthalmic lenses available?<\/strong><\/h6>\n<p>There are various types, including monofocal, bifocal, trifocal, progressive, photochromatic and polarised.<\/p>\n<h6><strong>What is a monofocal lens?<\/strong><\/h6>\n<p>It's a lens with a graduation\/power suitable for just one particular focal plane (far, intermediate, near).<\/p>\n<h6><strong>What are progressive lenses?<\/strong><\/h6>\n<p>These are lenses with multiple graduations\/power distributed vertically, offering a smooth transition between far, intermediate and near vision.<\/p>\n<p><img fetchpriority=\"high\" decoding=\"async\" class=\"wp-image-18520 size-large aligncenter\" src=\"https:\/\/www.prooptica.pt\/wp-content\/uploads\/2023\/11\/Lentes-oftalmicas-lente-1024x683.jpg\" alt=\"Ophthalmic lenses - lens\" width=\"1024\" height=\"683\" srcset=\"https:\/\/www.prooptica.pt\/wp-content\/uploads\/2023\/11\/Lentes-oftalmicas-lente-1024x683.jpg 1024w, https:\/\/www.prooptica.pt\/wp-content\/uploads\/2023\/11\/Lentes-oftalmicas-lente-300x200.jpg 300w, https:\/\/www.prooptica.pt\/wp-content\/uploads\/2023\/11\/Lentes-oftalmicas-lente-768x512.jpg 768w, https:\/\/www.prooptica.pt\/wp-content\/uploads\/2023\/11\/Lentes-oftalmicas-lente-1536x1024.jpg 1536w, https:\/\/www.prooptica.pt\/wp-content\/uploads\/2023\/11\/Lentes-oftalmicas-lente-2048x1365.jpg 2048w\" sizes=\"(max-width: 1024px) 100vw, 1024px\" \/><\/p>\n<h6><strong>What are the differences between bifocals, trifocals and progressives?<\/strong><\/h6>\n<p>Bifocals have two graduations (far and near) and trifocals have three (far, intermediate and near), in well-defined steps and the separation of each zone is visible to the naked eye. They are clearly out of favour and have been replaced by progressive ones.<\/p>\n<h6><strong>How long do ophthalmic lenses last before they need replacing?<\/strong><\/h6>\n<p>It depends on use and care, but it is generally recommended to replace them every 2 years or according to changes in your vision.<\/p>\n<h6><strong>Can I use the same graduation for all my glasses?<\/strong><\/h6>\n<p>Usually yes, unless there are specific needs such as for desktop\/computer use that may require adjustments.<\/p>\n<p><img decoding=\"async\" class=\"wp-image-18519 size-large aligncenter\" src=\"https:\/\/www.prooptica.pt\/wp-content\/uploads\/2023\/11\/Lentes-oftalmicas-ao-computador-1024x683.jpg\" alt=\"Ophthalmic lenses - person at the computer\" width=\"1024\" height=\"683\" srcset=\"https:\/\/www.prooptica.pt\/wp-content\/uploads\/2023\/11\/Lentes-oftalmicas-ao-computador-1024x683.jpg 1024w, https:\/\/www.prooptica.pt\/wp-content\/uploads\/2023\/11\/Lentes-oftalmicas-ao-computador-300x200.jpg 300w, https:\/\/www.prooptica.pt\/wp-content\/uploads\/2023\/11\/Lentes-oftalmicas-ao-computador-768x512.jpg 768w, https:\/\/www.prooptica.pt\/wp-content\/uploads\/2023\/11\/Lentes-oftalmicas-ao-computador-1536x1024.jpg 1536w, https:\/\/www.prooptica.pt\/wp-content\/uploads\/2023\/11\/Lentes-oftalmicas-ao-computador-2048x1365.jpg 2048w\" sizes=\"(max-width: 1024px) 100vw, 1024px\" \/><\/p>\n<h6><strong>What is \"anti-scratch\" treatment?<\/strong><\/h6>\n<p>The use of the term \"anti-scratch\" is not correct, since in practice all lenses get scratched. Rather, this treatment improves the resistance of the lens surface by applying a hardening coat\/varnish.<\/p>\n<h6><strong>What are photochromic lenses?<\/strong><\/h6>\n<p>These are lenses that automatically darken and lighten in response to the presence or absence of UV light (i.e. sunlight).<\/p>\n<h6><strong>Can ophthalmic lenses have UV protection?<\/strong><\/h6>\n<p>Yes, contrary to what you might think, it's not just sun lenses that should have UV protection. \"Normal\" ophthalmic lenses can also have UV protection.<\/p>\n<p>&nbsp;<\/p>\n<p>Consulting an optician is always the best option. However, this information already gives us an idea of the best solution for different visual needs.<\/p>\n<p>&nbsp;<\/p>\n<p>See our <span style=\"color: #000080;\"><a style=\"color: #000080;\" href=\"https:\/\/www.prooptica.pt\/wp-content\/uploads\/2023\/09\/Brochura-Solution-Lenses.pdf\" target=\"_blank\" rel=\"noopener\">Solution Lenses brochure<\/a><\/span>.<\/p>","protected":false},"excerpt":{"rendered":"<p>As lentes oft\u00e1lmicas desempenham um papel crucial na nossa perce\u00e7\u00e3o visual, mas muitas vezes surgem d\u00favidas sobre a melhor escolha que se adapta \u00e0s nossas necessidades. Compreender a complexidade por tr\u00e1s das lentes oft\u00e1lmicas \u00e9 crucial para garantir uma escolha informada sobre a sa\u00fade ocular e o conforto visual. Neste artigo, exploraremos algumas das perguntas [&hellip;]<\/p>\n","protected":false},"author":2,"featured_media":18521,"comment_status":"closed","ping_status":"closed","sticky":false,"template":"","format":"standard","meta":{"footnotes":""},"categories":[187],"tags":[],"class_list":["post-18511","post","type-post","status-publish","format-standard","has-post-thumbnail","hentry","category-lentes"],"yoast_head":"<!-- This site is optimized with the Yoast SEO plugin v27.4 - https:\/\/yoast.com\/product\/yoast-seo-wordpress\/ -->\n<title>Lentes oft\u00e1lmicas | Perguntas frequentes<\/title>\n<meta name=\"description\" content=\"Neste artigo, exploraremos algumas das perguntas mais frequentes que surgem sobre a melhor escolha de lentes oft\u00e1lmicas.\" \/>\n<meta name=\"robots\" content=\"index, follow, max-snippet:-1, max-image-preview:large, max-video-preview:-1\" \/>\n<link rel=\"canonical\" href=\"https:\/\/www.prooptica.pt\/en\/ophthalmic-lenses-frequently-asked-questions\/\" \/>\n<meta property=\"og:locale\" content=\"en_GB\" \/>\n<meta property=\"og:type\" content=\"article\" \/>\n<meta property=\"og:title\" content=\"Lentes oft\u00e1lmicas | Perguntas frequentes\" \/>\n<meta property=\"og:description\" content=\"Neste artigo, exploraremos algumas das perguntas mais frequentes que surgem sobre a melhor escolha de lentes oft\u00e1lmicas.\" \/>\n<meta property=\"og:url\" content=\"https:\/\/www.prooptica.pt\/en\/ophthalmic-lenses-frequently-asked-questions\/\" \/>\n<meta property=\"og:site_name\" content=\"Prooptica\" \/>\n<meta property=\"article:published_time\" content=\"2023-11-24T16:14:34+00:00\" \/>\n<meta property=\"article:modified_time\" content=\"2023-11-28T12:46:45+00:00\" \/>\n<meta property=\"og:image\" content=\"https:\/\/www.prooptica.pt\/wp-content\/uploads\/2023\/11\/Lentes-oftalmicas-perguntas-frequentes-scaled.jpg\" \/>\n\t<meta property=\"og:image:width\" content=\"2560\" \/>\n\t<meta property=\"og:image:height\" content=\"1530\" \/>\n\t<meta property=\"og:image:type\" content=\"image\/jpeg\" \/>\n<meta name=\"author\" content=\"admin\" \/>\n<meta name=\"twitter:card\" content=\"summary_large_image\" \/>\n<meta name=\"twitter:label1\" content=\"Written by\" \/>\n\t<meta name=\"twitter:data1\" content=\"admin\" \/>\n\t<meta name=\"twitter:label2\" content=\"Estimated reading time\" \/>\n\t<meta name=\"twitter:data2\" content=\"3 minutes\" \/>\n<script type=\"application\/ld+json\" class=\"yoast-schema-graph\">{\"@context\":\"https:\\\/\\\/schema.org\",\"@graph\":[{\"@type\":\"Article\",\"@id\":\"https:\\\/\\\/www.prooptica.pt\\\/lentes-oftalmicas-perguntas-frequentes\\\/#article\",\"isPartOf\":{\"@id\":\"https:\\\/\\\/www.prooptica.pt\\\/lentes-oftalmicas-perguntas-frequentes\\\/\"},\"author\":{\"name\":\"admin\",\"@id\":\"https:\\\/\\\/www.prooptica.pt\\\/home\\\/#\\\/schema\\\/person\\\/1cbd826a9322a3c38a052e43d1638306\"},\"headline\":\"Lentes oft\u00e1lmicas | Perguntas frequentes\",\"datePublished\":\"2023-11-24T16:14:34+00:00\",\"dateModified\":\"2023-11-28T12:46:45+00:00\",\"mainEntityOfPage\":{\"@id\":\"https:\\\/\\\/www.prooptica.pt\\\/lentes-oftalmicas-perguntas-frequentes\\\/\"},\"wordCount\":450,\"image\":{\"@id\":\"https:\\\/\\\/www.prooptica.pt\\\/lentes-oftalmicas-perguntas-frequentes\\\/#primaryimage\"},\"thumbnailUrl\":\"https:\\\/\\\/www.prooptica.pt\\\/wp-content\\\/uploads\\\/2023\\\/11\\\/Lentes-oftalmicas-perguntas-frequentes-scaled.jpg\",\"articleSection\":[\"Lentes\"],\"inLanguage\":\"en-GB\"},{\"@type\":\"WebPage\",\"@id\":\"https:\\\/\\\/www.prooptica.pt\\\/lentes-oftalmicas-perguntas-frequentes\\\/\",\"url\":\"https:\\\/\\\/www.prooptica.pt\\\/lentes-oftalmicas-perguntas-frequentes\\\/\",\"name\":\"Lentes oft\u00e1lmicas | Perguntas frequentes\",\"isPartOf\":{\"@id\":\"https:\\\/\\\/www.prooptica.pt\\\/home\\\/#website\"},\"primaryImageOfPage\":{\"@id\":\"https:\\\/\\\/www.prooptica.pt\\\/lentes-oftalmicas-perguntas-frequentes\\\/#primaryimage\"},\"image\":{\"@id\":\"https:\\\/\\\/www.prooptica.pt\\\/lentes-oftalmicas-perguntas-frequentes\\\/#primaryimage\"},\"thumbnailUrl\":\"https:\\\/\\\/www.prooptica.pt\\\/wp-content\\\/uploads\\\/2023\\\/11\\\/Lentes-oftalmicas-perguntas-frequentes-scaled.jpg\",\"datePublished\":\"2023-11-24T16:14:34+00:00\",\"dateModified\":\"2023-11-28T12:46:45+00:00\",\"author\":{\"@id\":\"https:\\\/\\\/www.prooptica.pt\\\/home\\\/#\\\/schema\\\/person\\\/1cbd826a9322a3c38a052e43d1638306\"},\"description\":\"Neste artigo, exploraremos algumas das perguntas mais frequentes que surgem sobre a melhor escolha de lentes oft\u00e1lmicas.\",\"breadcrumb\":{\"@id\":\"https:\\\/\\\/www.prooptica.pt\\\/lentes-oftalmicas-perguntas-frequentes\\\/#breadcrumb\"},\"inLanguage\":\"en-GB\",\"potentialAction\":[{\"@type\":\"ReadAction\",\"target\":[\"https:\\\/\\\/www.prooptica.pt\\\/lentes-oftalmicas-perguntas-frequentes\\\/\"]}]},{\"@type\":\"ImageObject\",\"inLanguage\":\"en-GB\",\"@id\":\"https:\\\/\\\/www.prooptica.pt\\\/lentes-oftalmicas-perguntas-frequentes\\\/#primaryimage\",\"url\":\"https:\\\/\\\/www.prooptica.pt\\\/wp-content\\\/uploads\\\/2023\\\/11\\\/Lentes-oftalmicas-perguntas-frequentes-scaled.jpg\",\"contentUrl\":\"https:\\\/\\\/www.prooptica.pt\\\/wp-content\\\/uploads\\\/2023\\\/11\\\/Lentes-oftalmicas-perguntas-frequentes-scaled.jpg\",\"width\":2560,\"height\":1530,\"caption\":\"Lentes oft\u00e1lmicas - perguntas frequentes\"},{\"@type\":\"BreadcrumbList\",\"@id\":\"https:\\\/\\\/www.prooptica.pt\\\/lentes-oftalmicas-perguntas-frequentes\\\/#breadcrumb\",\"itemListElement\":[{\"@type\":\"ListItem\",\"position\":1,\"name\":\"In\u00edcio\",\"item\":\"https:\\\/\\\/www.prooptica.pt\\\/\"},{\"@type\":\"ListItem\",\"position\":2,\"name\":\"Lentes oft\u00e1lmicas | Perguntas frequentes\"}]},{\"@type\":\"WebSite\",\"@id\":\"https:\\\/\\\/www.prooptica.pt\\\/home\\\/#website\",\"url\":\"https:\\\/\\\/www.prooptica.pt\\\/home\\\/\",\"name\":\"Prooptica\",\"description\":\"Full Eyewear Concept\",\"potentialAction\":[{\"@type\":\"SearchAction\",\"target\":{\"@type\":\"EntryPoint\",\"urlTemplate\":\"https:\\\/\\\/www.prooptica.pt\\\/home\\\/?s={search_term_string}\"},\"query-input\":{\"@type\":\"PropertyValueSpecification\",\"valueRequired\":true,\"valueName\":\"search_term_string\"}}],\"inLanguage\":\"en-GB\"},{\"@type\":\"Person\",\"@id\":\"https:\\\/\\\/www.prooptica.pt\\\/home\\\/#\\\/schema\\\/person\\\/1cbd826a9322a3c38a052e43d1638306\",\"name\":\"admin\",\"image\":{\"@type\":\"ImageObject\",\"inLanguage\":\"en-GB\",\"@id\":\"https:\\\/\\\/secure.gravatar.com\\\/avatar\\\/528c714482569d81724b02603aa719344e9ad7c0b50becf07272b2086b2c1cfd?s=96&d=mm&r=g\",\"url\":\"https:\\\/\\\/secure.gravatar.com\\\/avatar\\\/528c714482569d81724b02603aa719344e9ad7c0b50becf07272b2086b2c1cfd?s=96&d=mm&r=g\",\"contentUrl\":\"https:\\\/\\\/secure.gravatar.com\\\/avatar\\\/528c714482569d81724b02603aa719344e9ad7c0b50becf07272b2086b2c1cfd?s=96&d=mm&r=g\",\"caption\":\"admin\"},\"url\":\"https:\\\/\\\/www.prooptica.pt\\\/en\\\/author\\\/admin\\\/\"}]}<\/script>\n<!-- \/ Yoast SEO plugin. -->","yoast_head_json":{"title":"Ophthalmic lenses | Frequently asked questions","description":"In this article, we'll explore some of the most frequently asked questions about the best choice of ophthalmic lenses.","robots":{"index":"index","follow":"follow","max-snippet":"max-snippet:-1","max-image-preview":"max-image-preview:large","max-video-preview":"max-video-preview:-1"},"canonical":"https:\/\/www.prooptica.pt\/en\/ophthalmic-lenses-frequently-asked-questions\/","og_locale":"en_GB","og_type":"article","og_title":"Lentes oft\u00e1lmicas | Perguntas frequentes","og_description":"Neste artigo, exploraremos algumas das perguntas mais frequentes que surgem sobre a melhor escolha de lentes oft\u00e1lmicas.","og_url":"https:\/\/www.prooptica.pt\/en\/ophthalmic-lenses-frequently-asked-questions\/","og_site_name":"Prooptica","article_published_time":"2023-11-24T16:14:34+00:00","article_modified_time":"2023-11-28T12:46:45+00:00","og_image":[{"width":2560,"height":1530,"url":"https:\/\/www.prooptica.pt\/wp-content\/uploads\/2023\/11\/Lentes-oftalmicas-perguntas-frequentes-scaled.jpg","type":"image\/jpeg"}],"author":"admin","twitter_card":"summary_large_image","twitter_misc":{"Written by":"admin","Estimated reading time":"3 minutes"},"schema":{"@context":"https:\/\/schema.org","@graph":[{"@type":"Article","@id":"https:\/\/www.prooptica.pt\/lentes-oftalmicas-perguntas-frequentes\/#article","isPartOf":{"@id":"https:\/\/www.prooptica.pt\/lentes-oftalmicas-perguntas-frequentes\/"},"author":{"name":"admin","@id":"https:\/\/www.prooptica.pt\/home\/#\/schema\/person\/1cbd826a9322a3c38a052e43d1638306"},"headline":"Lentes oft\u00e1lmicas | Perguntas frequentes","datePublished":"2023-11-24T16:14:34+00:00","dateModified":"2023-11-28T12:46:45+00:00","mainEntityOfPage":{"@id":"https:\/\/www.prooptica.pt\/lentes-oftalmicas-perguntas-frequentes\/"},"wordCount":450,"image":{"@id":"https:\/\/www.prooptica.pt\/lentes-oftalmicas-perguntas-frequentes\/#primaryimage"},"thumbnailUrl":"https:\/\/www.prooptica.pt\/wp-content\/uploads\/2023\/11\/Lentes-oftalmicas-perguntas-frequentes-scaled.jpg","articleSection":["Lentes"],"inLanguage":"en-GB"},{"@type":"WebPage","@id":"https:\/\/www.prooptica.pt\/lentes-oftalmicas-perguntas-frequentes\/","url":"https:\/\/www.prooptica.pt\/lentes-oftalmicas-perguntas-frequentes\/","name":"Ophthalmic lenses | Frequently asked questions","isPartOf":{"@id":"https:\/\/www.prooptica.pt\/home\/#website"},"primaryImageOfPage":{"@id":"https:\/\/www.prooptica.pt\/lentes-oftalmicas-perguntas-frequentes\/#primaryimage"},"image":{"@id":"https:\/\/www.prooptica.pt\/lentes-oftalmicas-perguntas-frequentes\/#primaryimage"},"thumbnailUrl":"https:\/\/www.prooptica.pt\/wp-content\/uploads\/2023\/11\/Lentes-oftalmicas-perguntas-frequentes-scaled.jpg","datePublished":"2023-11-24T16:14:34+00:00","dateModified":"2023-11-28T12:46:45+00:00","author":{"@id":"https:\/\/www.prooptica.pt\/home\/#\/schema\/person\/1cbd826a9322a3c38a052e43d1638306"},"description":"In this article, we'll explore some of the most frequently asked questions about the best choice of ophthalmic lenses.","breadcrumb":{"@id":"https:\/\/www.prooptica.pt\/lentes-oftalmicas-perguntas-frequentes\/#breadcrumb"},"inLanguage":"en-GB","potentialAction":[{"@type":"ReadAction","target":["https:\/\/www.prooptica.pt\/lentes-oftalmicas-perguntas-frequentes\/"]}]},{"@type":"ImageObject","inLanguage":"en-GB","@id":"https:\/\/www.prooptica.pt\/lentes-oftalmicas-perguntas-frequentes\/#primaryimage","url":"https:\/\/www.prooptica.pt\/wp-content\/uploads\/2023\/11\/Lentes-oftalmicas-perguntas-frequentes-scaled.jpg","contentUrl":"https:\/\/www.prooptica.pt\/wp-content\/uploads\/2023\/11\/Lentes-oftalmicas-perguntas-frequentes-scaled.jpg","width":2560,"height":1530,"caption":"Lentes oft\u00e1lmicas - perguntas frequentes"},{"@type":"BreadcrumbList","@id":"https:\/\/www.prooptica.pt\/lentes-oftalmicas-perguntas-frequentes\/#breadcrumb","itemListElement":[{"@type":"ListItem","position":1,"name":"In\u00edcio","item":"https:\/\/www.prooptica.pt\/"},{"@type":"ListItem","position":2,"name":"Lentes oft\u00e1lmicas | Perguntas frequentes"}]},{"@type":"WebSite","@id":"https:\/\/www.prooptica.pt\/home\/#website","url":"https:\/\/www.prooptica.pt\/home\/","name":"Prooptica","description":"Full Eyewear Concept","potentialAction":[{"@type":"SearchAction","target":{"@type":"EntryPoint","urlTemplate":"https:\/\/www.prooptica.pt\/home\/?s={search_term_string}"},"query-input":{"@type":"PropertyValueSpecification","valueRequired":true,"valueName":"search_term_string"}}],"inLanguage":"en-GB"},{"@type":"Person","@id":"https:\/\/www.prooptica.pt\/home\/#\/schema\/person\/1cbd826a9322a3c38a052e43d1638306","name":"admin","image":{"@type":"ImageObject","inLanguage":"en-GB","@id":"https:\/\/secure.gravatar.com\/avatar\/528c714482569d81724b02603aa719344e9ad7c0b50becf07272b2086b2c1cfd?s=96&d=mm&r=g","url":"https:\/\/secure.gravatar.com\/avatar\/528c714482569d81724b02603aa719344e9ad7c0b50becf07272b2086b2c1cfd?s=96&d=mm&r=g","contentUrl":"https:\/\/secure.gravatar.com\/avatar\/528c714482569d81724b02603aa719344e9ad7c0b50becf07272b2086b2c1cfd?s=96&d=mm&r=g","caption":"admin"},"url":"https:\/\/www.prooptica.pt\/en\/author\/admin\/"}]}},"_links":{"self":[{"href":"https:\/\/www.prooptica.pt\/en\/wp-json\/wp\/v2\/posts\/18511","targetHints":{"allow":["GET"]}}],"collection":[{"href":"https:\/\/www.prooptica.pt\/en\/wp-json\/wp\/v2\/posts"}],"about":[{"href":"https:\/\/www.prooptica.pt\/en\/wp-json\/wp\/v2\/types\/post"}],"author":[{"embeddable":true,"href":"https:\/\/www.prooptica.pt\/en\/wp-json\/wp\/v2\/users\/2"}],"replies":[{"embeddable":true,"href":"https:\/\/www.prooptica.pt\/en\/wp-json\/wp\/v2\/comments?post=18511"}],"version-history":[{"count":8,"href":"https:\/\/www.prooptica.pt\/en\/wp-json\/wp\/v2\/posts\/18511\/revisions"}],"predecessor-version":[{"id":18533,"href":"https:\/\/www.prooptica.pt\/en\/wp-json\/wp\/v2\/posts\/18511\/revisions\/18533"}],"wp:featuredmedia":[{"embeddable":true,"href":"https:\/\/www.prooptica.pt\/en\/wp-json\/wp\/v2\/media\/18521"}],"wp:attachment":[{"href":"https:\/\/www.prooptica.pt\/en\/wp-json\/wp\/v2\/media?parent=18511"}],"wp:term":[{"taxonomy":"category","embeddable":true,"href":"https:\/\/www.prooptica.pt\/en\/wp-json\/wp\/v2\/categories?post=18511"},{"taxonomy":"post_tag","embeddable":true,"href":"https:\/\/www.prooptica.pt\/en\/wp-json\/wp\/v2\/tags?post=18511"}],"curies":[{"name":"wp","href":"https:\/\/api.w.org\/{rel}","templated":true}]}}