{"id":18544,"date":"2023-12-14T16:26:59","date_gmt":"2023-12-14T16:26:59","guid":{"rendered":"https:\/\/www.prooptica.pt\/?p=18544"},"modified":"2023-12-20T16:18:56","modified_gmt":"2023-12-20T16:18:56","slug":"prooptica-carries-out-vision-screening-at-the-brejao-cultural-centre-dec2023","status":"publish","type":"post","link":"https:\/\/www.prooptica.pt\/en\/prooptica-realiza-acao-de-rastreio-visual-no-centro-cultural-do-brejao-dez2023\/","title":{"rendered":"Prooptica carries out vision screening at Brej\u00e3o Cultural Centre"},"content":{"rendered":"<p>On 11 December 2023, Prooptica carried out another visual diagnosis screening, which included offering lenses and frames to residents at socio-economic risk in the municipality of Odemira.<\/p>\r\n<p>These visual screening activities are carried out under the Cooperation Protocol signed with the <a href=\"https:\/\/www.cm-odemira.pt\/pages\/470?poi_id=64\" target=\"_blank\" rel=\"noopener\"><span style=\"color: #52a0d7;\">Brej\u00e3o Cultural Centre<\/span><\/a> and are the result of our partnership with <a href=\"https:\/\/amaliarodrigues.pt\/\" target=\"_blank\" rel=\"noopener\"><span style=\"color: #52a0d7;\">Am\u00e1lia Rodrigues Foundation<\/span><\/a><span style=\"color: #52a0d7;\">.<\/span><\/p>\r\n<p>Prooptica has the kind co-operation of <a href=\"https:\/\/www.facebook.com\/ProLente\" target=\"_blank\" rel=\"noopener\"><span style=\"color: #52a0d7;\">Prolente<\/span><\/a> which, in the person of Dr Rui Teixeira, carries out the screening consultations and provides all the necessary technical equipment, to whom we extend a special thank you.<\/p>\r\n<p><img fetchpriority=\"high\" decoding=\"async\" class=\"alignnone wp-image-18553 size-full\" src=\"https:\/\/www.prooptica.pt\/wp-content\/uploads\/2023\/12\/Prooptica-acao-de-rastreio-visual-Centro-Cultural-do-Brejao.png\" alt=\"Prooptica-acao-de- rastrereio visual-Centro-Cultural-do-Brejao\" width=\"940\" height=\"788\" srcset=\"https:\/\/www.prooptica.pt\/wp-content\/uploads\/2023\/12\/Prooptica-acao-de-rastreio-visual-Centro-Cultural-do-Brejao.png 940w, https:\/\/www.prooptica.pt\/wp-content\/uploads\/2023\/12\/Prooptica-acao-de-rastreio-visual-Centro-Cultural-do-Brejao-300x251.png 300w, https:\/\/www.prooptica.pt\/wp-content\/uploads\/2023\/12\/Prooptica-acao-de-rastreio-visual-Centro-Cultural-do-Brejao-768x644.png 768w\" sizes=\"(max-width: 940px) 100vw, 940px\" \/><\/p>\r\n<p>This is yet another initiative that is the result of a strong policy of social responsibility that we have been developing for several years with various institutions that support young people at risk and, more recently, have extended to the senior population. We feel it is extremely important to help organisations and projects that contribute to the eradication of poverty and to human and sustainable development, improving the day-to-day lives of so many people in need.<\/p>","protected":false},"excerpt":{"rendered":"<p>No dia 11 de Dezembro de 2023 a Prooptica realizou mais um rastreio de diagn\u00f3stico visual, que inclui a oferta de lentes e arma\u00e7\u00f5es a mun\u00edcipes em risco socio-econ\u00f3mico, no concelho de Odemira. Estas a\u00e7\u00f5es de rastreio visual s\u00e3o realizadas no \u00e2mbito do Protocolo de Coopera\u00e7\u00e3o assinado com o Centro Cultural do Brej\u00e3o e resultam [&hellip;]<\/p>\n","protected":false},"author":2,"featured_media":18555,"comment_status":"closed","ping_status":"closed","sticky":false,"template":"","format":"standard","meta":{"footnotes":""},"categories":[195,43],"tags":[],"class_list":["post-18544","post","type-post","status-publish","format-standard","has-post-thumbnail","hentry","category-institucional","category-solidariedade"],"yoast_head":"<!-- This site is optimized with the Yoast SEO plugin v27.5 - https:\/\/yoast.com\/product\/yoast-seo-wordpress\/ -->\n<title>Prooptica realiza a\u00e7\u00e3o de rastreio visual<\/title>\n<meta name=\"description\" content=\"No dia 11 de Dezembro de 2023 a Prooptica realizou mais um rastreio de diagn\u00f3stico visual, no Centro Cultural do Brej\u00e3o.\" \/>\n<meta name=\"robots\" content=\"index, follow, max-snippet:-1, max-image-preview:large, max-video-preview:-1\" \/>\n<link rel=\"canonical\" href=\"https:\/\/www.prooptica.pt\/en\/prooptica-carries-out-vision-screening-at-the-brejao-cultural-centre-dec2023\/\" \/>\n<meta property=\"og:locale\" content=\"en_GB\" \/>\n<meta property=\"og:type\" content=\"article\" \/>\n<meta property=\"og:title\" content=\"Prooptica realiza a\u00e7\u00e3o de rastreio visual\" \/>\n<meta property=\"og:description\" content=\"No dia 11 de Dezembro de 2023 a Prooptica realizou mais um rastreio de diagn\u00f3stico visual, no Centro Cultural do Brej\u00e3o.\" \/>\n<meta property=\"og:url\" content=\"https:\/\/www.prooptica.pt\/en\/prooptica-carries-out-vision-screening-at-the-brejao-cultural-centre-dec2023\/\" \/>\n<meta property=\"og:site_name\" content=\"Prooptica\" \/>\n<meta property=\"article:published_time\" content=\"2023-12-14T16:26:59+00:00\" \/>\n<meta property=\"article:modified_time\" content=\"2023-12-20T16:18:56+00:00\" \/>\n<meta property=\"og:image\" content=\"https:\/\/www.prooptica.pt\/wp-content\/uploads\/2023\/12\/Rastreio-centro-brejao-dez-2023-capa.jpg\" \/>\n\t<meta property=\"og:image:width\" content=\"854\" \/>\n\t<meta property=\"og:image:height\" content=\"514\" \/>\n\t<meta property=\"og:image:type\" content=\"image\/jpeg\" \/>\n<meta name=\"author\" content=\"admin\" \/>\n<meta name=\"twitter:card\" content=\"summary_large_image\" \/>\n<meta name=\"twitter:label1\" content=\"Written by\" \/>\n\t<meta name=\"twitter:data1\" content=\"admin\" \/>\n\t<meta name=\"twitter:label2\" content=\"Estimated reading time\" \/>\n\t<meta name=\"twitter:data2\" content=\"2 minutes\" \/>\n<script type=\"application\/ld+json\" class=\"yoast-schema-graph\">{\"@context\":\"https:\\\/\\\/schema.org\",\"@graph\":[{\"@type\":\"Article\",\"@id\":\"https:\\\/\\\/www.prooptica.pt\\\/prooptica-realiza-acao-de-rastreio-visual-no-centro-cultural-do-brejao-dez2023\\\/#article\",\"isPartOf\":{\"@id\":\"https:\\\/\\\/www.prooptica.pt\\\/prooptica-realiza-acao-de-rastreio-visual-no-centro-cultural-do-brejao-dez2023\\\/\"},\"author\":{\"name\":\"admin\",\"@id\":\"https:\\\/\\\/www.prooptica.pt\\\/home\\\/#\\\/schema\\\/person\\\/1cbd826a9322a3c38a052e43d1638306\"},\"headline\":\"Prooptica realiza a\u00e7\u00e3o de rastreio visual no Centro Cultural do Brej\u00e3o\",\"datePublished\":\"2023-12-14T16:26:59+00:00\",\"dateModified\":\"2023-12-20T16:18:56+00:00\",\"mainEntityOfPage\":{\"@id\":\"https:\\\/\\\/www.prooptica.pt\\\/prooptica-realiza-acao-de-rastreio-visual-no-centro-cultural-do-brejao-dez2023\\\/\"},\"wordCount\":198,\"image\":{\"@id\":\"https:\\\/\\\/www.prooptica.pt\\\/prooptica-realiza-acao-de-rastreio-visual-no-centro-cultural-do-brejao-dez2023\\\/#primaryimage\"},\"thumbnailUrl\":\"https:\\\/\\\/www.prooptica.pt\\\/wp-content\\\/uploads\\\/2023\\\/12\\\/Rastreio-centro-brejao-dez-2023-capa.jpg\",\"articleSection\":[\"Institucional\",\"Solidariedade\"],\"inLanguage\":\"en-GB\"},{\"@type\":\"WebPage\",\"@id\":\"https:\\\/\\\/www.prooptica.pt\\\/prooptica-realiza-acao-de-rastreio-visual-no-centro-cultural-do-brejao-dez2023\\\/\",\"url\":\"https:\\\/\\\/www.prooptica.pt\\\/prooptica-realiza-acao-de-rastreio-visual-no-centro-cultural-do-brejao-dez2023\\\/\",\"name\":\"Prooptica realiza a\u00e7\u00e3o de rastreio visual\",\"isPartOf\":{\"@id\":\"https:\\\/\\\/www.prooptica.pt\\\/home\\\/#website\"},\"primaryImageOfPage\":{\"@id\":\"https:\\\/\\\/www.prooptica.pt\\\/prooptica-realiza-acao-de-rastreio-visual-no-centro-cultural-do-brejao-dez2023\\\/#primaryimage\"},\"image\":{\"@id\":\"https:\\\/\\\/www.prooptica.pt\\\/prooptica-realiza-acao-de-rastreio-visual-no-centro-cultural-do-brejao-dez2023\\\/#primaryimage\"},\"thumbnailUrl\":\"https:\\\/\\\/www.prooptica.pt\\\/wp-content\\\/uploads\\\/2023\\\/12\\\/Rastreio-centro-brejao-dez-2023-capa.jpg\",\"datePublished\":\"2023-12-14T16:26:59+00:00\",\"dateModified\":\"2023-12-20T16:18:56+00:00\",\"author\":{\"@id\":\"https:\\\/\\\/www.prooptica.pt\\\/home\\\/#\\\/schema\\\/person\\\/1cbd826a9322a3c38a052e43d1638306\"},\"description\":\"No dia 11 de Dezembro de 2023 a Prooptica realizou mais um rastreio de diagn\u00f3stico visual, no Centro Cultural do Brej\u00e3o.\",\"breadcrumb\":{\"@id\":\"https:\\\/\\\/www.prooptica.pt\\\/prooptica-realiza-acao-de-rastreio-visual-no-centro-cultural-do-brejao-dez2023\\\/#breadcrumb\"},\"inLanguage\":\"en-GB\",\"potentialAction\":[{\"@type\":\"ReadAction\",\"target\":[\"https:\\\/\\\/www.prooptica.pt\\\/prooptica-realiza-acao-de-rastreio-visual-no-centro-cultural-do-brejao-dez2023\\\/\"]}]},{\"@type\":\"ImageObject\",\"inLanguage\":\"en-GB\",\"@id\":\"https:\\\/\\\/www.prooptica.pt\\\/prooptica-realiza-acao-de-rastreio-visual-no-centro-cultural-do-brejao-dez2023\\\/#primaryimage\",\"url\":\"https:\\\/\\\/www.prooptica.pt\\\/wp-content\\\/uploads\\\/2023\\\/12\\\/Rastreio-centro-brejao-dez-2023-capa.jpg\",\"contentUrl\":\"https:\\\/\\\/www.prooptica.pt\\\/wp-content\\\/uploads\\\/2023\\\/12\\\/Rastreio-centro-brejao-dez-2023-capa.jpg\",\"width\":854,\"height\":514},{\"@type\":\"BreadcrumbList\",\"@id\":\"https:\\\/\\\/www.prooptica.pt\\\/prooptica-realiza-acao-de-rastreio-visual-no-centro-cultural-do-brejao-dez2023\\\/#breadcrumb\",\"itemListElement\":[{\"@type\":\"ListItem\",\"position\":1,\"name\":\"In\u00edcio\",\"item\":\"https:\\\/\\\/www.prooptica.pt\\\/\"},{\"@type\":\"ListItem\",\"position\":2,\"name\":\"Prooptica realiza a\u00e7\u00e3o de rastreio visual no Centro Cultural do Brej\u00e3o\"}]},{\"@type\":\"WebSite\",\"@id\":\"https:\\\/\\\/www.prooptica.pt\\\/home\\\/#website\",\"url\":\"https:\\\/\\\/www.prooptica.pt\\\/home\\\/\",\"name\":\"Prooptica\",\"description\":\"Full Eyewear Concept\",\"potentialAction\":[{\"@type\":\"SearchAction\",\"target\":{\"@type\":\"EntryPoint\",\"urlTemplate\":\"https:\\\/\\\/www.prooptica.pt\\\/home\\\/?s={search_term_string}\"},\"query-input\":{\"@type\":\"PropertyValueSpecification\",\"valueRequired\":true,\"valueName\":\"search_term_string\"}}],\"inLanguage\":\"en-GB\"},{\"@type\":\"Person\",\"@id\":\"https:\\\/\\\/www.prooptica.pt\\\/home\\\/#\\\/schema\\\/person\\\/1cbd826a9322a3c38a052e43d1638306\",\"name\":\"admin\",\"image\":{\"@type\":\"ImageObject\",\"inLanguage\":\"en-GB\",\"@id\":\"https:\\\/\\\/secure.gravatar.com\\\/avatar\\\/528c714482569d81724b02603aa719344e9ad7c0b50becf07272b2086b2c1cfd?s=96&d=mm&r=g\",\"url\":\"https:\\\/\\\/secure.gravatar.com\\\/avatar\\\/528c714482569d81724b02603aa719344e9ad7c0b50becf07272b2086b2c1cfd?s=96&d=mm&r=g\",\"contentUrl\":\"https:\\\/\\\/secure.gravatar.com\\\/avatar\\\/528c714482569d81724b02603aa719344e9ad7c0b50becf07272b2086b2c1cfd?s=96&d=mm&r=g\",\"caption\":\"admin\"},\"url\":\"https:\\\/\\\/www.prooptica.pt\\\/en\\\/author\\\/admin\\\/\"}]}<\/script>\n<!-- \/ Yoast SEO plugin. -->","yoast_head_json":{"title":"Prooptica organises vision screening","description":"On 11 December 2023, Prooptica held another visual diagnosis screening at the Brej\u00e3o Cultural Centre.","robots":{"index":"index","follow":"follow","max-snippet":"max-snippet:-1","max-image-preview":"max-image-preview:large","max-video-preview":"max-video-preview:-1"},"canonical":"https:\/\/www.prooptica.pt\/en\/prooptica-carries-out-vision-screening-at-the-brejao-cultural-centre-dec2023\/","og_locale":"en_GB","og_type":"article","og_title":"Prooptica realiza a\u00e7\u00e3o de rastreio visual","og_description":"No dia 11 de Dezembro de 2023 a Prooptica realizou mais um rastreio de diagn\u00f3stico visual, no Centro Cultural do Brej\u00e3o.","og_url":"https:\/\/www.prooptica.pt\/en\/prooptica-carries-out-vision-screening-at-the-brejao-cultural-centre-dec2023\/","og_site_name":"Prooptica","article_published_time":"2023-12-14T16:26:59+00:00","article_modified_time":"2023-12-20T16:18:56+00:00","og_image":[{"width":854,"height":514,"url":"https:\/\/www.prooptica.pt\/wp-content\/uploads\/2023\/12\/Rastreio-centro-brejao-dez-2023-capa.jpg","type":"image\/jpeg"}],"author":"admin","twitter_card":"summary_large_image","twitter_misc":{"Written by":"admin","Estimated reading time":"2 minutes"},"schema":{"@context":"https:\/\/schema.org","@graph":[{"@type":"Article","@id":"https:\/\/www.prooptica.pt\/prooptica-realiza-acao-de-rastreio-visual-no-centro-cultural-do-brejao-dez2023\/#article","isPartOf":{"@id":"https:\/\/www.prooptica.pt\/prooptica-realiza-acao-de-rastreio-visual-no-centro-cultural-do-brejao-dez2023\/"},"author":{"name":"admin","@id":"https:\/\/www.prooptica.pt\/home\/#\/schema\/person\/1cbd826a9322a3c38a052e43d1638306"},"headline":"Prooptica realiza a\u00e7\u00e3o de rastreio visual no Centro Cultural do Brej\u00e3o","datePublished":"2023-12-14T16:26:59+00:00","dateModified":"2023-12-20T16:18:56+00:00","mainEntityOfPage":{"@id":"https:\/\/www.prooptica.pt\/prooptica-realiza-acao-de-rastreio-visual-no-centro-cultural-do-brejao-dez2023\/"},"wordCount":198,"image":{"@id":"https:\/\/www.prooptica.pt\/prooptica-realiza-acao-de-rastreio-visual-no-centro-cultural-do-brejao-dez2023\/#primaryimage"},"thumbnailUrl":"https:\/\/www.prooptica.pt\/wp-content\/uploads\/2023\/12\/Rastreio-centro-brejao-dez-2023-capa.jpg","articleSection":["Institucional","Solidariedade"],"inLanguage":"en-GB"},{"@type":"WebPage","@id":"https:\/\/www.prooptica.pt\/prooptica-realiza-acao-de-rastreio-visual-no-centro-cultural-do-brejao-dez2023\/","url":"https:\/\/www.prooptica.pt\/prooptica-realiza-acao-de-rastreio-visual-no-centro-cultural-do-brejao-dez2023\/","name":"Prooptica organises vision screening","isPartOf":{"@id":"https:\/\/www.prooptica.pt\/home\/#website"},"primaryImageOfPage":{"@id":"https:\/\/www.prooptica.pt\/prooptica-realiza-acao-de-rastreio-visual-no-centro-cultural-do-brejao-dez2023\/#primaryimage"},"image":{"@id":"https:\/\/www.prooptica.pt\/prooptica-realiza-acao-de-rastreio-visual-no-centro-cultural-do-brejao-dez2023\/#primaryimage"},"thumbnailUrl":"https:\/\/www.prooptica.pt\/wp-content\/uploads\/2023\/12\/Rastreio-centro-brejao-dez-2023-capa.jpg","datePublished":"2023-12-14T16:26:59+00:00","dateModified":"2023-12-20T16:18:56+00:00","author":{"@id":"https:\/\/www.prooptica.pt\/home\/#\/schema\/person\/1cbd826a9322a3c38a052e43d1638306"},"description":"On 11 December 2023, Prooptica held another visual diagnosis screening at the Brej\u00e3o Cultural Centre.","breadcrumb":{"@id":"https:\/\/www.prooptica.pt\/prooptica-realiza-acao-de-rastreio-visual-no-centro-cultural-do-brejao-dez2023\/#breadcrumb"},"inLanguage":"en-GB","potentialAction":[{"@type":"ReadAction","target":["https:\/\/www.prooptica.pt\/prooptica-realiza-acao-de-rastreio-visual-no-centro-cultural-do-brejao-dez2023\/"]}]},{"@type":"ImageObject","inLanguage":"en-GB","@id":"https:\/\/www.prooptica.pt\/prooptica-realiza-acao-de-rastreio-visual-no-centro-cultural-do-brejao-dez2023\/#primaryimage","url":"https:\/\/www.prooptica.pt\/wp-content\/uploads\/2023\/12\/Rastreio-centro-brejao-dez-2023-capa.jpg","contentUrl":"https:\/\/www.prooptica.pt\/wp-content\/uploads\/2023\/12\/Rastreio-centro-brejao-dez-2023-capa.jpg","width":854,"height":514},{"@type":"BreadcrumbList","@id":"https:\/\/www.prooptica.pt\/prooptica-realiza-acao-de-rastreio-visual-no-centro-cultural-do-brejao-dez2023\/#breadcrumb","itemListElement":[{"@type":"ListItem","position":1,"name":"In\u00edcio","item":"https:\/\/www.prooptica.pt\/"},{"@type":"ListItem","position":2,"name":"Prooptica realiza a\u00e7\u00e3o de rastreio visual no Centro Cultural do Brej\u00e3o"}]},{"@type":"WebSite","@id":"https:\/\/www.prooptica.pt\/home\/#website","url":"https:\/\/www.prooptica.pt\/home\/","name":"Prooptica","description":"Full Eyewear Concept","potentialAction":[{"@type":"SearchAction","target":{"@type":"EntryPoint","urlTemplate":"https:\/\/www.prooptica.pt\/home\/?s={search_term_string}"},"query-input":{"@type":"PropertyValueSpecification","valueRequired":true,"valueName":"search_term_string"}}],"inLanguage":"en-GB"},{"@type":"Person","@id":"https:\/\/www.prooptica.pt\/home\/#\/schema\/person\/1cbd826a9322a3c38a052e43d1638306","name":"admin","image":{"@type":"ImageObject","inLanguage":"en-GB","@id":"https:\/\/secure.gravatar.com\/avatar\/528c714482569d81724b02603aa719344e9ad7c0b50becf07272b2086b2c1cfd?s=96&d=mm&r=g","url":"https:\/\/secure.gravatar.com\/avatar\/528c714482569d81724b02603aa719344e9ad7c0b50becf07272b2086b2c1cfd?s=96&d=mm&r=g","contentUrl":"https:\/\/secure.gravatar.com\/avatar\/528c714482569d81724b02603aa719344e9ad7c0b50becf07272b2086b2c1cfd?s=96&d=mm&r=g","caption":"admin"},"url":"https:\/\/www.prooptica.pt\/en\/author\/admin\/"}]}},"_links":{"self":[{"href":"https:\/\/www.prooptica.pt\/en\/wp-json\/wp\/v2\/posts\/18544","targetHints":{"allow":["GET"]}}],"collection":[{"href":"https:\/\/www.prooptica.pt\/en\/wp-json\/wp\/v2\/posts"}],"about":[{"href":"https:\/\/www.prooptica.pt\/en\/wp-json\/wp\/v2\/types\/post"}],"author":[{"embeddable":true,"href":"https:\/\/www.prooptica.pt\/en\/wp-json\/wp\/v2\/users\/2"}],"replies":[{"embeddable":true,"href":"https:\/\/www.prooptica.pt\/en\/wp-json\/wp\/v2\/comments?post=18544"}],"version-history":[{"count":3,"href":"https:\/\/www.prooptica.pt\/en\/wp-json\/wp\/v2\/posts\/18544\/revisions"}],"predecessor-version":[{"id":18562,"href":"https:\/\/www.prooptica.pt\/en\/wp-json\/wp\/v2\/posts\/18544\/revisions\/18562"}],"wp:featuredmedia":[{"embeddable":true,"href":"https:\/\/www.prooptica.pt\/en\/wp-json\/wp\/v2\/media\/18555"}],"wp:attachment":[{"href":"https:\/\/www.prooptica.pt\/en\/wp-json\/wp\/v2\/media?parent=18544"}],"wp:term":[{"taxonomy":"category","embeddable":true,"href":"https:\/\/www.prooptica.pt\/en\/wp-json\/wp\/v2\/categories?post=18544"},{"taxonomy":"post_tag","embeddable":true,"href":"https:\/\/www.prooptica.pt\/en\/wp-json\/wp\/v2\/tags?post=18544"}],"curies":[{"name":"wp","href":"https:\/\/api.w.org\/{rel}","templated":true}]}}