{"id":18545,"date":"2023-12-12T18:43:46","date_gmt":"2023-12-12T18:43:46","guid":{"rendered":"https:\/\/www.prooptica.pt\/?p=18545"},"modified":"2023-12-14T18:20:41","modified_gmt":"2023-12-14T18:20:41","slug":"a-magical-evening-with-enchanted-ophthalmic-lenses","status":"publish","type":"post","link":"https:\/\/www.prooptica.pt\/en\/uma-noite-magica-com-lentes-oftalmicas-encantadas\/","title":{"rendered":"A magical evening with enchanted ophthalmic lenses"},"content":{"rendered":"<p>Imagine Father Christmas, not just as the jolly gift-giver, but also as a night vision professional! In this enchanted narrative, we accompany Father Christmas on a magical journey through the starry sky, equipped with the most advanced technology in ophthalmic lenses. A story that illuminates the importance of good eyesight, even for a night traveller as experienced as Father Christmas.<\/p>\n<h6>Father Christmas and his progressive ophthalmic lenses<\/h6>\n<p>It was Christmas Eve and Father Christmas was ready for his annual journey. This year he had an extra trick up his sleeve, or rather up his nose - a new pair of glasses with progressive ophthalmic lenses! However, these were no ordinary lenses; they were magic lenses, equipped with the most advanced technology for a perfect night journey.<\/p>\n<p>Equipped with progressive lenses, Father Christmas could now easily switch his attention between the list of presents and the vast starry sky. The small print? No problem! The house numbers below? Clear!<\/p>\n<p><img fetchpriority=\"high\" decoding=\"async\" class=\"aligncenter wp-image-18548 size-large\" src=\"https:\/\/www.prooptica.pt\/wp-content\/uploads\/2023\/12\/Uma-noite-magica-com-lentes-oftalmicas-_-vista-cidade-1024x694.jpg\" alt=\"A magical night with enchanted ophthalmic lenses - city image at night\" width=\"1024\" height=\"694\" srcset=\"https:\/\/www.prooptica.pt\/wp-content\/uploads\/2023\/12\/Uma-noite-magica-com-lentes-oftalmicas-_-vista-cidade-1024x694.jpg 1024w, https:\/\/www.prooptica.pt\/wp-content\/uploads\/2023\/12\/Uma-noite-magica-com-lentes-oftalmicas-_-vista-cidade-300x203.jpg 300w, https:\/\/www.prooptica.pt\/wp-content\/uploads\/2023\/12\/Uma-noite-magica-com-lentes-oftalmicas-_-vista-cidade-768x521.jpg 768w, https:\/\/www.prooptica.pt\/wp-content\/uploads\/2023\/12\/Uma-noite-magica-com-lentes-oftalmicas-_-vista-cidade-1536x1041.jpg 1536w, https:\/\/www.prooptica.pt\/wp-content\/uploads\/2023\/12\/Uma-noite-magica-com-lentes-oftalmicas-_-vista-cidade-2048x1389.jpg 2048w\" sizes=\"(max-width: 1024px) 100vw, 1024px\" \/><\/p>\n<p>But Father Christmas also faced some meteorological challenges. However, with progressive ophthalmic lenses equipped with the most advanced anti-reflective coating, with antistatic and hydrophobic properties, he could fly more easily through the densest snowstorm without losing sight of the stars, because his lenses fogged up much less and water didn't accumulate on their surface. Even the twinkling lights of the big cities didn't distract him, thanks to the power of his magic lenses.<\/p>\n<p>And for those homes with particularly curious children peering out to see if they could catch a glimpse of Father Christmas, lenses with a blue light filter were essential. They ensured that the glare from tablets, smartphones and\/or television, carelessly left near the Christmas tree, didn't get in the way of his secret mission.<\/p>\n<h6>Father Christmas' adventure is also ours<\/h6>\n<p>Father Christmas' adventure this Christmas Eve is a metaphor for the journey we all face to keep our eyesight in top condition. With his bag of optical tricks, he not only delivered presents, but also reminded us of something: <strong>looking after our eyesight is essential<\/strong>It doesn't matter whether we're delivering presents around the world or just reading an exciting book. This festive season, as we reflect on the magic of Father Christmas, let's also remember to value and care for the enormous gift that is our vision.<\/p>\n<p>Merry Christmas.<\/p>\n<p>P.S. See our <span style=\"color: #000080;\"><strong><a style=\"color: #000080;\" href=\"https:\/\/www.prooptica.pt\/wp-content\/uploads\/2023\/09\/Brochura-Solution-Lenses.pdf\" target=\"_blank\" rel=\"noopener\">Solution Lenses brochure<\/a><\/strong><\/span>.<\/p>","protected":false},"excerpt":{"rendered":"<p>Imagine o Pai Natal, n\u00e3o apenas como o alegre distribuidor de presentes, mas tamb\u00e9m como um profissional da vis\u00e3o nocturna! Nesta narrativa encantada, acompanhamos o Pai Natal numa viagem m\u00e1gica atrav\u00e9s do c\u00e9u estrelado, equipado com a mais avan\u00e7ada tecnologia em lentes oft\u00e1lmicas. Uma hist\u00f3ria que ilumina a import\u00e2ncia da boa vis\u00e3o, at\u00e9 mesmo para [&hellip;]<\/p>\n","protected":false},"author":2,"featured_media":18547,"comment_status":"closed","ping_status":"closed","sticky":false,"template":"","format":"standard","meta":{"footnotes":""},"categories":[187],"tags":[],"class_list":["post-18545","post","type-post","status-publish","format-standard","has-post-thumbnail","hentry","category-lentes"],"yoast_head":"<!-- This site is optimized with the Yoast SEO plugin v27.4 - https:\/\/yoast.com\/product\/yoast-seo-wordpress\/ -->\n<title>Uma noite m\u00e1gica com lentes oft\u00e1lmicas encantadas<\/title>\n<meta name=\"description\" content=\"Nesta narrativa, acompanhamos o Pai Natal na sua viagem m\u00e1gica no natal, com lentes oft\u00e1lmicas encantadas.\" \/>\n<meta name=\"robots\" content=\"index, follow, max-snippet:-1, max-image-preview:large, max-video-preview:-1\" \/>\n<link rel=\"canonical\" href=\"https:\/\/www.prooptica.pt\/en\/a-magical-evening-with-enchanted-ophthalmic-lenses\/\" \/>\n<meta property=\"og:locale\" content=\"en_GB\" \/>\n<meta property=\"og:type\" content=\"article\" \/>\n<meta property=\"og:title\" content=\"Uma noite m\u00e1gica com lentes oft\u00e1lmicas encantadas\" \/>\n<meta property=\"og:description\" content=\"Nesta narrativa, acompanhamos o Pai Natal na sua viagem m\u00e1gica no natal, com lentes oft\u00e1lmicas encantadas.\" \/>\n<meta property=\"og:url\" content=\"https:\/\/www.prooptica.pt\/en\/a-magical-evening-with-enchanted-ophthalmic-lenses\/\" \/>\n<meta property=\"og:site_name\" content=\"Prooptica\" \/>\n<meta property=\"article:published_time\" content=\"2023-12-12T18:43:46+00:00\" \/>\n<meta property=\"article:modified_time\" content=\"2023-12-14T18:20:41+00:00\" \/>\n<meta property=\"og:image\" content=\"https:\/\/www.prooptica.pt\/wp-content\/uploads\/2023\/12\/Uma-Noite-Magica-com-Lentes-Oftalmicas-Encantadas-pai-natal_web-1024x645.png\" \/>\n\t<meta property=\"og:image:width\" content=\"1024\" \/>\n\t<meta property=\"og:image:height\" content=\"645\" \/>\n\t<meta property=\"og:image:type\" content=\"image\/png\" \/>\n<meta name=\"author\" content=\"admin\" \/>\n<meta name=\"twitter:card\" content=\"summary_large_image\" \/>\n<meta name=\"twitter:label1\" content=\"Written by\" \/>\n\t<meta name=\"twitter:data1\" content=\"admin\" \/>\n\t<meta name=\"twitter:label2\" content=\"Estimated reading time\" \/>\n\t<meta name=\"twitter:data2\" content=\"3 minutes\" \/>\n<script type=\"application\/ld+json\" class=\"yoast-schema-graph\">{\"@context\":\"https:\\\/\\\/schema.org\",\"@graph\":[{\"@type\":\"Article\",\"@id\":\"https:\\\/\\\/www.prooptica.pt\\\/uma-noite-magica-com-lentes-oftalmicas-encantadas\\\/#article\",\"isPartOf\":{\"@id\":\"https:\\\/\\\/www.prooptica.pt\\\/uma-noite-magica-com-lentes-oftalmicas-encantadas\\\/\"},\"author\":{\"name\":\"admin\",\"@id\":\"https:\\\/\\\/www.prooptica.pt\\\/home\\\/#\\\/schema\\\/person\\\/1cbd826a9322a3c38a052e43d1638306\"},\"headline\":\"Uma noite m\u00e1gica com lentes oft\u00e1lmicas encantadas\",\"datePublished\":\"2023-12-12T18:43:46+00:00\",\"dateModified\":\"2023-12-14T18:20:41+00:00\",\"mainEntityOfPage\":{\"@id\":\"https:\\\/\\\/www.prooptica.pt\\\/uma-noite-magica-com-lentes-oftalmicas-encantadas\\\/\"},\"wordCount\":469,\"image\":{\"@id\":\"https:\\\/\\\/www.prooptica.pt\\\/uma-noite-magica-com-lentes-oftalmicas-encantadas\\\/#primaryimage\"},\"thumbnailUrl\":\"https:\\\/\\\/www.prooptica.pt\\\/wp-content\\\/uploads\\\/2023\\\/12\\\/Uma-Noite-Magica-com-Lentes-Oftalmicas-Encantadas-pai-natal_web.png\",\"articleSection\":[\"Lentes\"],\"inLanguage\":\"en-GB\"},{\"@type\":\"WebPage\",\"@id\":\"https:\\\/\\\/www.prooptica.pt\\\/uma-noite-magica-com-lentes-oftalmicas-encantadas\\\/\",\"url\":\"https:\\\/\\\/www.prooptica.pt\\\/uma-noite-magica-com-lentes-oftalmicas-encantadas\\\/\",\"name\":\"Uma noite m\u00e1gica com lentes oft\u00e1lmicas encantadas\",\"isPartOf\":{\"@id\":\"https:\\\/\\\/www.prooptica.pt\\\/home\\\/#website\"},\"primaryImageOfPage\":{\"@id\":\"https:\\\/\\\/www.prooptica.pt\\\/uma-noite-magica-com-lentes-oftalmicas-encantadas\\\/#primaryimage\"},\"image\":{\"@id\":\"https:\\\/\\\/www.prooptica.pt\\\/uma-noite-magica-com-lentes-oftalmicas-encantadas\\\/#primaryimage\"},\"thumbnailUrl\":\"https:\\\/\\\/www.prooptica.pt\\\/wp-content\\\/uploads\\\/2023\\\/12\\\/Uma-Noite-Magica-com-Lentes-Oftalmicas-Encantadas-pai-natal_web.png\",\"datePublished\":\"2023-12-12T18:43:46+00:00\",\"dateModified\":\"2023-12-14T18:20:41+00:00\",\"author\":{\"@id\":\"https:\\\/\\\/www.prooptica.pt\\\/home\\\/#\\\/schema\\\/person\\\/1cbd826a9322a3c38a052e43d1638306\"},\"description\":\"Nesta narrativa, acompanhamos o Pai Natal na sua viagem m\u00e1gica no natal, com lentes oft\u00e1lmicas encantadas.\",\"breadcrumb\":{\"@id\":\"https:\\\/\\\/www.prooptica.pt\\\/uma-noite-magica-com-lentes-oftalmicas-encantadas\\\/#breadcrumb\"},\"inLanguage\":\"en-GB\",\"potentialAction\":[{\"@type\":\"ReadAction\",\"target\":[\"https:\\\/\\\/www.prooptica.pt\\\/uma-noite-magica-com-lentes-oftalmicas-encantadas\\\/\"]}]},{\"@type\":\"ImageObject\",\"inLanguage\":\"en-GB\",\"@id\":\"https:\\\/\\\/www.prooptica.pt\\\/uma-noite-magica-com-lentes-oftalmicas-encantadas\\\/#primaryimage\",\"url\":\"https:\\\/\\\/www.prooptica.pt\\\/wp-content\\\/uploads\\\/2023\\\/12\\\/Uma-Noite-Magica-com-Lentes-Oftalmicas-Encantadas-pai-natal_web.png\",\"contentUrl\":\"https:\\\/\\\/www.prooptica.pt\\\/wp-content\\\/uploads\\\/2023\\\/12\\\/Uma-Noite-Magica-com-Lentes-Oftalmicas-Encantadas-pai-natal_web.png\",\"width\":5447,\"height\":3430,\"caption\":\"Uma noite m\u00e1gica com lentes oft\u00e1lmicas encantadas - imagem pai natal\"},{\"@type\":\"BreadcrumbList\",\"@id\":\"https:\\\/\\\/www.prooptica.pt\\\/uma-noite-magica-com-lentes-oftalmicas-encantadas\\\/#breadcrumb\",\"itemListElement\":[{\"@type\":\"ListItem\",\"position\":1,\"name\":\"In\u00edcio\",\"item\":\"https:\\\/\\\/www.prooptica.pt\\\/\"},{\"@type\":\"ListItem\",\"position\":2,\"name\":\"Uma noite m\u00e1gica com lentes oft\u00e1lmicas encantadas\"}]},{\"@type\":\"WebSite\",\"@id\":\"https:\\\/\\\/www.prooptica.pt\\\/home\\\/#website\",\"url\":\"https:\\\/\\\/www.prooptica.pt\\\/home\\\/\",\"name\":\"Prooptica\",\"description\":\"Full Eyewear Concept\",\"potentialAction\":[{\"@type\":\"SearchAction\",\"target\":{\"@type\":\"EntryPoint\",\"urlTemplate\":\"https:\\\/\\\/www.prooptica.pt\\\/home\\\/?s={search_term_string}\"},\"query-input\":{\"@type\":\"PropertyValueSpecification\",\"valueRequired\":true,\"valueName\":\"search_term_string\"}}],\"inLanguage\":\"en-GB\"},{\"@type\":\"Person\",\"@id\":\"https:\\\/\\\/www.prooptica.pt\\\/home\\\/#\\\/schema\\\/person\\\/1cbd826a9322a3c38a052e43d1638306\",\"name\":\"admin\",\"image\":{\"@type\":\"ImageObject\",\"inLanguage\":\"en-GB\",\"@id\":\"https:\\\/\\\/secure.gravatar.com\\\/avatar\\\/528c714482569d81724b02603aa719344e9ad7c0b50becf07272b2086b2c1cfd?s=96&d=mm&r=g\",\"url\":\"https:\\\/\\\/secure.gravatar.com\\\/avatar\\\/528c714482569d81724b02603aa719344e9ad7c0b50becf07272b2086b2c1cfd?s=96&d=mm&r=g\",\"contentUrl\":\"https:\\\/\\\/secure.gravatar.com\\\/avatar\\\/528c714482569d81724b02603aa719344e9ad7c0b50becf07272b2086b2c1cfd?s=96&d=mm&r=g\",\"caption\":\"admin\"},\"url\":\"https:\\\/\\\/www.prooptica.pt\\\/en\\\/author\\\/admin\\\/\"}]}<\/script>\n<!-- \/ Yoast SEO plugin. -->","yoast_head_json":{"title":"A magical evening with enchanted ophthalmic lenses","description":"In this story, we accompany Father Christmas on his magical Christmas journey with enchanted ophthalmic lenses.","robots":{"index":"index","follow":"follow","max-snippet":"max-snippet:-1","max-image-preview":"max-image-preview:large","max-video-preview":"max-video-preview:-1"},"canonical":"https:\/\/www.prooptica.pt\/en\/a-magical-evening-with-enchanted-ophthalmic-lenses\/","og_locale":"en_GB","og_type":"article","og_title":"Uma noite m\u00e1gica com lentes oft\u00e1lmicas encantadas","og_description":"Nesta narrativa, acompanhamos o Pai Natal na sua viagem m\u00e1gica no natal, com lentes oft\u00e1lmicas encantadas.","og_url":"https:\/\/www.prooptica.pt\/en\/a-magical-evening-with-enchanted-ophthalmic-lenses\/","og_site_name":"Prooptica","article_published_time":"2023-12-12T18:43:46+00:00","article_modified_time":"2023-12-14T18:20:41+00:00","og_image":[{"width":1024,"height":645,"url":"https:\/\/www.prooptica.pt\/wp-content\/uploads\/2023\/12\/Uma-Noite-Magica-com-Lentes-Oftalmicas-Encantadas-pai-natal_web-1024x645.png","type":"image\/png"}],"author":"admin","twitter_card":"summary_large_image","twitter_misc":{"Written by":"admin","Estimated reading time":"3 minutes"},"schema":{"@context":"https:\/\/schema.org","@graph":[{"@type":"Article","@id":"https:\/\/www.prooptica.pt\/uma-noite-magica-com-lentes-oftalmicas-encantadas\/#article","isPartOf":{"@id":"https:\/\/www.prooptica.pt\/uma-noite-magica-com-lentes-oftalmicas-encantadas\/"},"author":{"name":"admin","@id":"https:\/\/www.prooptica.pt\/home\/#\/schema\/person\/1cbd826a9322a3c38a052e43d1638306"},"headline":"Uma noite m\u00e1gica com lentes oft\u00e1lmicas encantadas","datePublished":"2023-12-12T18:43:46+00:00","dateModified":"2023-12-14T18:20:41+00:00","mainEntityOfPage":{"@id":"https:\/\/www.prooptica.pt\/uma-noite-magica-com-lentes-oftalmicas-encantadas\/"},"wordCount":469,"image":{"@id":"https:\/\/www.prooptica.pt\/uma-noite-magica-com-lentes-oftalmicas-encantadas\/#primaryimage"},"thumbnailUrl":"https:\/\/www.prooptica.pt\/wp-content\/uploads\/2023\/12\/Uma-Noite-Magica-com-Lentes-Oftalmicas-Encantadas-pai-natal_web.png","articleSection":["Lentes"],"inLanguage":"en-GB"},{"@type":"WebPage","@id":"https:\/\/www.prooptica.pt\/uma-noite-magica-com-lentes-oftalmicas-encantadas\/","url":"https:\/\/www.prooptica.pt\/uma-noite-magica-com-lentes-oftalmicas-encantadas\/","name":"A magical evening with enchanted ophthalmic lenses","isPartOf":{"@id":"https:\/\/www.prooptica.pt\/home\/#website"},"primaryImageOfPage":{"@id":"https:\/\/www.prooptica.pt\/uma-noite-magica-com-lentes-oftalmicas-encantadas\/#primaryimage"},"image":{"@id":"https:\/\/www.prooptica.pt\/uma-noite-magica-com-lentes-oftalmicas-encantadas\/#primaryimage"},"thumbnailUrl":"https:\/\/www.prooptica.pt\/wp-content\/uploads\/2023\/12\/Uma-Noite-Magica-com-Lentes-Oftalmicas-Encantadas-pai-natal_web.png","datePublished":"2023-12-12T18:43:46+00:00","dateModified":"2023-12-14T18:20:41+00:00","author":{"@id":"https:\/\/www.prooptica.pt\/home\/#\/schema\/person\/1cbd826a9322a3c38a052e43d1638306"},"description":"In this story, we accompany Father Christmas on his magical Christmas journey with enchanted ophthalmic lenses.","breadcrumb":{"@id":"https:\/\/www.prooptica.pt\/uma-noite-magica-com-lentes-oftalmicas-encantadas\/#breadcrumb"},"inLanguage":"en-GB","potentialAction":[{"@type":"ReadAction","target":["https:\/\/www.prooptica.pt\/uma-noite-magica-com-lentes-oftalmicas-encantadas\/"]}]},{"@type":"ImageObject","inLanguage":"en-GB","@id":"https:\/\/www.prooptica.pt\/uma-noite-magica-com-lentes-oftalmicas-encantadas\/#primaryimage","url":"https:\/\/www.prooptica.pt\/wp-content\/uploads\/2023\/12\/Uma-Noite-Magica-com-Lentes-Oftalmicas-Encantadas-pai-natal_web.png","contentUrl":"https:\/\/www.prooptica.pt\/wp-content\/uploads\/2023\/12\/Uma-Noite-Magica-com-Lentes-Oftalmicas-Encantadas-pai-natal_web.png","width":5447,"height":3430,"caption":"Uma noite m\u00e1gica com lentes oft\u00e1lmicas encantadas - imagem pai natal"},{"@type":"BreadcrumbList","@id":"https:\/\/www.prooptica.pt\/uma-noite-magica-com-lentes-oftalmicas-encantadas\/#breadcrumb","itemListElement":[{"@type":"ListItem","position":1,"name":"In\u00edcio","item":"https:\/\/www.prooptica.pt\/"},{"@type":"ListItem","position":2,"name":"Uma noite m\u00e1gica com lentes oft\u00e1lmicas encantadas"}]},{"@type":"WebSite","@id":"https:\/\/www.prooptica.pt\/home\/#website","url":"https:\/\/www.prooptica.pt\/home\/","name":"Prooptica","description":"Full Eyewear Concept","potentialAction":[{"@type":"SearchAction","target":{"@type":"EntryPoint","urlTemplate":"https:\/\/www.prooptica.pt\/home\/?s={search_term_string}"},"query-input":{"@type":"PropertyValueSpecification","valueRequired":true,"valueName":"search_term_string"}}],"inLanguage":"en-GB"},{"@type":"Person","@id":"https:\/\/www.prooptica.pt\/home\/#\/schema\/person\/1cbd826a9322a3c38a052e43d1638306","name":"admin","image":{"@type":"ImageObject","inLanguage":"en-GB","@id":"https:\/\/secure.gravatar.com\/avatar\/528c714482569d81724b02603aa719344e9ad7c0b50becf07272b2086b2c1cfd?s=96&d=mm&r=g","url":"https:\/\/secure.gravatar.com\/avatar\/528c714482569d81724b02603aa719344e9ad7c0b50becf07272b2086b2c1cfd?s=96&d=mm&r=g","contentUrl":"https:\/\/secure.gravatar.com\/avatar\/528c714482569d81724b02603aa719344e9ad7c0b50becf07272b2086b2c1cfd?s=96&d=mm&r=g","caption":"admin"},"url":"https:\/\/www.prooptica.pt\/en\/author\/admin\/"}]}},"_links":{"self":[{"href":"https:\/\/www.prooptica.pt\/en\/wp-json\/wp\/v2\/posts\/18545","targetHints":{"allow":["GET"]}}],"collection":[{"href":"https:\/\/www.prooptica.pt\/en\/wp-json\/wp\/v2\/posts"}],"about":[{"href":"https:\/\/www.prooptica.pt\/en\/wp-json\/wp\/v2\/types\/post"}],"author":[{"embeddable":true,"href":"https:\/\/www.prooptica.pt\/en\/wp-json\/wp\/v2\/users\/2"}],"replies":[{"embeddable":true,"href":"https:\/\/www.prooptica.pt\/en\/wp-json\/wp\/v2\/comments?post=18545"}],"version-history":[{"count":4,"href":"https:\/\/www.prooptica.pt\/en\/wp-json\/wp\/v2\/posts\/18545\/revisions"}],"predecessor-version":[{"id":18557,"href":"https:\/\/www.prooptica.pt\/en\/wp-json\/wp\/v2\/posts\/18545\/revisions\/18557"}],"wp:featuredmedia":[{"embeddable":true,"href":"https:\/\/www.prooptica.pt\/en\/wp-json\/wp\/v2\/media\/18547"}],"wp:attachment":[{"href":"https:\/\/www.prooptica.pt\/en\/wp-json\/wp\/v2\/media?parent=18545"}],"wp:term":[{"taxonomy":"category","embeddable":true,"href":"https:\/\/www.prooptica.pt\/en\/wp-json\/wp\/v2\/categories?post=18545"},{"taxonomy":"post_tag","embeddable":true,"href":"https:\/\/www.prooptica.pt\/en\/wp-json\/wp\/v2\/tags?post=18545"}],"curies":[{"name":"wp","href":"https:\/\/api.w.org\/{rel}","templated":true}]}}