{"id":18574,"date":"2023-12-27T11:04:30","date_gmt":"2023-12-27T11:04:30","guid":{"rendered":"https:\/\/www.prooptica.pt\/?p=18574"},"modified":"2023-12-22T18:06:12","modified_gmt":"2023-12-22T18:06:12","slug":"more-and-better-prooptics-luis-justino-in-an-interview-with-millioneyes","status":"publish","type":"post","link":"https:\/\/www.prooptica.pt\/en\/mais-e-melhor-prooptica-luis-justino-em-entrevista-a-millioneyes\/","title":{"rendered":"More and better Prooptica - Lu\u00eds Justino in an interview with Millioneyes"},"content":{"rendered":"<p>As they approach three decades of existence, the Prooptica team can toast to a growing body of work and the anticipation of a promising future. Focussed on being comprehensive, approachable and innovative, the members of this Portuguese house are an example of how resilience, innovation and a clear vision can lead to sustained success.<\/p>\n<p>In an interview with Millioneyes, Lu\u00eds Justino, CEO of Prooptica, talks about the company's thirtieth anniversary, how the company has evolved during this period and what we can expect for the future.<\/p>\n<p><strong>Read the full interview:\u00a0<\/strong><a href=\"https:\/\/www.prooptica.pt\/wp-content\/uploads\/2023\/12\/Entrevista-30-anos-Prooptica_MillionEyes127_web.pdf\" target=\"_blank\" rel=\"noopener\"><span style=\"color: #000080;\"><strong>Millioneyes<\/strong><\/span><\/a><\/p>","protected":false},"excerpt":{"rendered":"<p>\u00c0 chegada das tr\u00eas d\u00e9cadas de exist\u00eancia, a equipa da Prooptica pode brindar a um trabalho em crescendo e \u00e0 antecipa\u00e7\u00e3o de um futuro promissor. Focados em serem abrangentes, pr\u00f3ximos e inovadores, os membros desta casa portuguesa s\u00e3o um exemplo de como a resili\u00eancia, a inova\u00e7\u00e3o e uma vis\u00e3o clara podem levar a um sucesso [&hellip;]<\/p>\n","protected":false},"author":2,"featured_media":18578,"comment_status":"closed","ping_status":"closed","sticky":false,"template":"","format":"standard","meta":{"footnotes":""},"categories":[195],"tags":[],"class_list":["post-18574","post","type-post","status-publish","format-standard","has-post-thumbnail","hentry","category-institucional"],"yoast_head":"<!-- This site is optimized with the Yoast SEO plugin v27.5 - https:\/\/yoast.com\/product\/yoast-seo-wordpress\/ -->\n<title>Mais e melhor Prooptica - Lu\u00eds Justino em entrevista \u00e0 Millioneyes<\/title>\n<meta name=\"description\" content=\"Em entrevista \u00e0 Millioneyes, Lu\u00eds Justino, CEO da Prooptica, fala-nos nos 30 anos de hist\u00f3ria e o que podemos esperar para o futuro.\" \/>\n<meta name=\"robots\" content=\"index, follow, max-snippet:-1, max-image-preview:large, max-video-preview:-1\" \/>\n<link rel=\"canonical\" href=\"https:\/\/www.prooptica.pt\/en\/more-and-better-prooptics-luis-justino-in-an-interview-with-millioneyes\/\" \/>\n<meta property=\"og:locale\" content=\"en_GB\" \/>\n<meta property=\"og:type\" content=\"article\" \/>\n<meta property=\"og:title\" content=\"Mais e melhor Prooptica - Lu\u00eds Justino em entrevista \u00e0 Millioneyes\" \/>\n<meta property=\"og:description\" content=\"Em entrevista \u00e0 Millioneyes, Lu\u00eds Justino, CEO da Prooptica, fala-nos nos 30 anos de hist\u00f3ria e o que podemos esperar para o futuro.\" \/>\n<meta property=\"og:url\" content=\"https:\/\/www.prooptica.pt\/en\/more-and-better-prooptics-luis-justino-in-an-interview-with-millioneyes\/\" \/>\n<meta property=\"og:site_name\" content=\"Prooptica\" \/>\n<meta property=\"article:published_time\" content=\"2023-12-27T11:04:30+00:00\" \/>\n<meta property=\"og:image\" content=\"https:\/\/www.prooptica.pt\/wp-content\/uploads\/2023\/12\/Entrevista-Millioneyes.jpg\" \/>\n\t<meta property=\"og:image:width\" content=\"854\" \/>\n\t<meta property=\"og:image:height\" content=\"514\" \/>\n\t<meta property=\"og:image:type\" content=\"image\/jpeg\" \/>\n<meta name=\"author\" content=\"admin\" \/>\n<meta name=\"twitter:card\" content=\"summary_large_image\" \/>\n<meta name=\"twitter:label1\" content=\"Written by\" \/>\n\t<meta name=\"twitter:data1\" content=\"admin\" \/>\n\t<meta name=\"twitter:label2\" content=\"Estimated reading time\" \/>\n\t<meta name=\"twitter:data2\" content=\"1 minute\" \/>\n<script type=\"application\/ld+json\" class=\"yoast-schema-graph\">{\"@context\":\"https:\\\/\\\/schema.org\",\"@graph\":[{\"@type\":\"Article\",\"@id\":\"https:\\\/\\\/www.prooptica.pt\\\/mais-e-melhor-prooptica-luis-justino-em-entrevista-a-millioneyes\\\/#article\",\"isPartOf\":{\"@id\":\"https:\\\/\\\/www.prooptica.pt\\\/mais-e-melhor-prooptica-luis-justino-em-entrevista-a-millioneyes\\\/\"},\"author\":{\"name\":\"admin\",\"@id\":\"https:\\\/\\\/www.prooptica.pt\\\/home\\\/#\\\/schema\\\/person\\\/1cbd826a9322a3c38a052e43d1638306\"},\"headline\":\"Mais e melhor Prooptica &#8211; Lu\u00eds Justino em entrevista \u00e0 Millioneyes\",\"datePublished\":\"2023-12-27T11:04:30+00:00\",\"mainEntityOfPage\":{\"@id\":\"https:\\\/\\\/www.prooptica.pt\\\/mais-e-melhor-prooptica-luis-justino-em-entrevista-a-millioneyes\\\/\"},\"wordCount\":111,\"image\":{\"@id\":\"https:\\\/\\\/www.prooptica.pt\\\/mais-e-melhor-prooptica-luis-justino-em-entrevista-a-millioneyes\\\/#primaryimage\"},\"thumbnailUrl\":\"https:\\\/\\\/www.prooptica.pt\\\/wp-content\\\/uploads\\\/2023\\\/12\\\/Entrevista-Millioneyes.jpg\",\"articleSection\":[\"Institucional\"],\"inLanguage\":\"en-GB\"},{\"@type\":\"WebPage\",\"@id\":\"https:\\\/\\\/www.prooptica.pt\\\/mais-e-melhor-prooptica-luis-justino-em-entrevista-a-millioneyes\\\/\",\"url\":\"https:\\\/\\\/www.prooptica.pt\\\/mais-e-melhor-prooptica-luis-justino-em-entrevista-a-millioneyes\\\/\",\"name\":\"Mais e melhor Prooptica - Lu\u00eds Justino em entrevista \u00e0 Millioneyes\",\"isPartOf\":{\"@id\":\"https:\\\/\\\/www.prooptica.pt\\\/home\\\/#website\"},\"primaryImageOfPage\":{\"@id\":\"https:\\\/\\\/www.prooptica.pt\\\/mais-e-melhor-prooptica-luis-justino-em-entrevista-a-millioneyes\\\/#primaryimage\"},\"image\":{\"@id\":\"https:\\\/\\\/www.prooptica.pt\\\/mais-e-melhor-prooptica-luis-justino-em-entrevista-a-millioneyes\\\/#primaryimage\"},\"thumbnailUrl\":\"https:\\\/\\\/www.prooptica.pt\\\/wp-content\\\/uploads\\\/2023\\\/12\\\/Entrevista-Millioneyes.jpg\",\"datePublished\":\"2023-12-27T11:04:30+00:00\",\"author\":{\"@id\":\"https:\\\/\\\/www.prooptica.pt\\\/home\\\/#\\\/schema\\\/person\\\/1cbd826a9322a3c38a052e43d1638306\"},\"description\":\"Em entrevista \u00e0 Millioneyes, Lu\u00eds Justino, CEO da Prooptica, fala-nos nos 30 anos de hist\u00f3ria e o que podemos esperar para o futuro.\",\"breadcrumb\":{\"@id\":\"https:\\\/\\\/www.prooptica.pt\\\/mais-e-melhor-prooptica-luis-justino-em-entrevista-a-millioneyes\\\/#breadcrumb\"},\"inLanguage\":\"en-GB\",\"potentialAction\":[{\"@type\":\"ReadAction\",\"target\":[\"https:\\\/\\\/www.prooptica.pt\\\/mais-e-melhor-prooptica-luis-justino-em-entrevista-a-millioneyes\\\/\"]}]},{\"@type\":\"ImageObject\",\"inLanguage\":\"en-GB\",\"@id\":\"https:\\\/\\\/www.prooptica.pt\\\/mais-e-melhor-prooptica-luis-justino-em-entrevista-a-millioneyes\\\/#primaryimage\",\"url\":\"https:\\\/\\\/www.prooptica.pt\\\/wp-content\\\/uploads\\\/2023\\\/12\\\/Entrevista-Millioneyes.jpg\",\"contentUrl\":\"https:\\\/\\\/www.prooptica.pt\\\/wp-content\\\/uploads\\\/2023\\\/12\\\/Entrevista-Millioneyes.jpg\",\"width\":854,\"height\":514},{\"@type\":\"BreadcrumbList\",\"@id\":\"https:\\\/\\\/www.prooptica.pt\\\/mais-e-melhor-prooptica-luis-justino-em-entrevista-a-millioneyes\\\/#breadcrumb\",\"itemListElement\":[{\"@type\":\"ListItem\",\"position\":1,\"name\":\"In\u00edcio\",\"item\":\"https:\\\/\\\/www.prooptica.pt\\\/\"},{\"@type\":\"ListItem\",\"position\":2,\"name\":\"Mais e melhor Prooptica &#8211; Lu\u00eds Justino em entrevista \u00e0 Millioneyes\"}]},{\"@type\":\"WebSite\",\"@id\":\"https:\\\/\\\/www.prooptica.pt\\\/home\\\/#website\",\"url\":\"https:\\\/\\\/www.prooptica.pt\\\/home\\\/\",\"name\":\"Prooptica\",\"description\":\"Full Eyewear Concept\",\"potentialAction\":[{\"@type\":\"SearchAction\",\"target\":{\"@type\":\"EntryPoint\",\"urlTemplate\":\"https:\\\/\\\/www.prooptica.pt\\\/home\\\/?s={search_term_string}\"},\"query-input\":{\"@type\":\"PropertyValueSpecification\",\"valueRequired\":true,\"valueName\":\"search_term_string\"}}],\"inLanguage\":\"en-GB\"},{\"@type\":\"Person\",\"@id\":\"https:\\\/\\\/www.prooptica.pt\\\/home\\\/#\\\/schema\\\/person\\\/1cbd826a9322a3c38a052e43d1638306\",\"name\":\"admin\",\"image\":{\"@type\":\"ImageObject\",\"inLanguage\":\"en-GB\",\"@id\":\"https:\\\/\\\/secure.gravatar.com\\\/avatar\\\/528c714482569d81724b02603aa719344e9ad7c0b50becf07272b2086b2c1cfd?s=96&d=mm&r=g\",\"url\":\"https:\\\/\\\/secure.gravatar.com\\\/avatar\\\/528c714482569d81724b02603aa719344e9ad7c0b50becf07272b2086b2c1cfd?s=96&d=mm&r=g\",\"contentUrl\":\"https:\\\/\\\/secure.gravatar.com\\\/avatar\\\/528c714482569d81724b02603aa719344e9ad7c0b50becf07272b2086b2c1cfd?s=96&d=mm&r=g\",\"caption\":\"admin\"},\"url\":\"https:\\\/\\\/www.prooptica.pt\\\/en\\\/author\\\/admin\\\/\"}]}<\/script>\n<!-- \/ Yoast SEO plugin. -->","yoast_head_json":{"title":"More and better Prooptica - Lu\u00eds Justino in an interview with Millioneyes","description":"In an interview with Millioneyes, Lu\u00eds Justino, CEO of Prooptica, tells us about its 30-year history and what we can expect in the future.","robots":{"index":"index","follow":"follow","max-snippet":"max-snippet:-1","max-image-preview":"max-image-preview:large","max-video-preview":"max-video-preview:-1"},"canonical":"https:\/\/www.prooptica.pt\/en\/more-and-better-prooptics-luis-justino-in-an-interview-with-millioneyes\/","og_locale":"en_GB","og_type":"article","og_title":"Mais e melhor Prooptica - Lu\u00eds Justino em entrevista \u00e0 Millioneyes","og_description":"Em entrevista \u00e0 Millioneyes, Lu\u00eds Justino, CEO da Prooptica, fala-nos nos 30 anos de hist\u00f3ria e o que podemos esperar para o futuro.","og_url":"https:\/\/www.prooptica.pt\/en\/more-and-better-prooptics-luis-justino-in-an-interview-with-millioneyes\/","og_site_name":"Prooptica","article_published_time":"2023-12-27T11:04:30+00:00","og_image":[{"width":854,"height":514,"url":"https:\/\/www.prooptica.pt\/wp-content\/uploads\/2023\/12\/Entrevista-Millioneyes.jpg","type":"image\/jpeg"}],"author":"admin","twitter_card":"summary_large_image","twitter_misc":{"Written by":"admin","Estimated reading time":"1 minute"},"schema":{"@context":"https:\/\/schema.org","@graph":[{"@type":"Article","@id":"https:\/\/www.prooptica.pt\/mais-e-melhor-prooptica-luis-justino-em-entrevista-a-millioneyes\/#article","isPartOf":{"@id":"https:\/\/www.prooptica.pt\/mais-e-melhor-prooptica-luis-justino-em-entrevista-a-millioneyes\/"},"author":{"name":"admin","@id":"https:\/\/www.prooptica.pt\/home\/#\/schema\/person\/1cbd826a9322a3c38a052e43d1638306"},"headline":"Mais e melhor Prooptica &#8211; Lu\u00eds Justino em entrevista \u00e0 Millioneyes","datePublished":"2023-12-27T11:04:30+00:00","mainEntityOfPage":{"@id":"https:\/\/www.prooptica.pt\/mais-e-melhor-prooptica-luis-justino-em-entrevista-a-millioneyes\/"},"wordCount":111,"image":{"@id":"https:\/\/www.prooptica.pt\/mais-e-melhor-prooptica-luis-justino-em-entrevista-a-millioneyes\/#primaryimage"},"thumbnailUrl":"https:\/\/www.prooptica.pt\/wp-content\/uploads\/2023\/12\/Entrevista-Millioneyes.jpg","articleSection":["Institucional"],"inLanguage":"en-GB"},{"@type":"WebPage","@id":"https:\/\/www.prooptica.pt\/mais-e-melhor-prooptica-luis-justino-em-entrevista-a-millioneyes\/","url":"https:\/\/www.prooptica.pt\/mais-e-melhor-prooptica-luis-justino-em-entrevista-a-millioneyes\/","name":"More and better Prooptica - Lu\u00eds Justino in an interview with Millioneyes","isPartOf":{"@id":"https:\/\/www.prooptica.pt\/home\/#website"},"primaryImageOfPage":{"@id":"https:\/\/www.prooptica.pt\/mais-e-melhor-prooptica-luis-justino-em-entrevista-a-millioneyes\/#primaryimage"},"image":{"@id":"https:\/\/www.prooptica.pt\/mais-e-melhor-prooptica-luis-justino-em-entrevista-a-millioneyes\/#primaryimage"},"thumbnailUrl":"https:\/\/www.prooptica.pt\/wp-content\/uploads\/2023\/12\/Entrevista-Millioneyes.jpg","datePublished":"2023-12-27T11:04:30+00:00","author":{"@id":"https:\/\/www.prooptica.pt\/home\/#\/schema\/person\/1cbd826a9322a3c38a052e43d1638306"},"description":"In an interview with Millioneyes, Lu\u00eds Justino, CEO of Prooptica, tells us about its 30-year history and what we can expect in the future.","breadcrumb":{"@id":"https:\/\/www.prooptica.pt\/mais-e-melhor-prooptica-luis-justino-em-entrevista-a-millioneyes\/#breadcrumb"},"inLanguage":"en-GB","potentialAction":[{"@type":"ReadAction","target":["https:\/\/www.prooptica.pt\/mais-e-melhor-prooptica-luis-justino-em-entrevista-a-millioneyes\/"]}]},{"@type":"ImageObject","inLanguage":"en-GB","@id":"https:\/\/www.prooptica.pt\/mais-e-melhor-prooptica-luis-justino-em-entrevista-a-millioneyes\/#primaryimage","url":"https:\/\/www.prooptica.pt\/wp-content\/uploads\/2023\/12\/Entrevista-Millioneyes.jpg","contentUrl":"https:\/\/www.prooptica.pt\/wp-content\/uploads\/2023\/12\/Entrevista-Millioneyes.jpg","width":854,"height":514},{"@type":"BreadcrumbList","@id":"https:\/\/www.prooptica.pt\/mais-e-melhor-prooptica-luis-justino-em-entrevista-a-millioneyes\/#breadcrumb","itemListElement":[{"@type":"ListItem","position":1,"name":"In\u00edcio","item":"https:\/\/www.prooptica.pt\/"},{"@type":"ListItem","position":2,"name":"Mais e melhor Prooptica &#8211; Lu\u00eds Justino em entrevista \u00e0 Millioneyes"}]},{"@type":"WebSite","@id":"https:\/\/www.prooptica.pt\/home\/#website","url":"https:\/\/www.prooptica.pt\/home\/","name":"Prooptica","description":"Full Eyewear Concept","potentialAction":[{"@type":"SearchAction","target":{"@type":"EntryPoint","urlTemplate":"https:\/\/www.prooptica.pt\/home\/?s={search_term_string}"},"query-input":{"@type":"PropertyValueSpecification","valueRequired":true,"valueName":"search_term_string"}}],"inLanguage":"en-GB"},{"@type":"Person","@id":"https:\/\/www.prooptica.pt\/home\/#\/schema\/person\/1cbd826a9322a3c38a052e43d1638306","name":"admin","image":{"@type":"ImageObject","inLanguage":"en-GB","@id":"https:\/\/secure.gravatar.com\/avatar\/528c714482569d81724b02603aa719344e9ad7c0b50becf07272b2086b2c1cfd?s=96&d=mm&r=g","url":"https:\/\/secure.gravatar.com\/avatar\/528c714482569d81724b02603aa719344e9ad7c0b50becf07272b2086b2c1cfd?s=96&d=mm&r=g","contentUrl":"https:\/\/secure.gravatar.com\/avatar\/528c714482569d81724b02603aa719344e9ad7c0b50becf07272b2086b2c1cfd?s=96&d=mm&r=g","caption":"admin"},"url":"https:\/\/www.prooptica.pt\/en\/author\/admin\/"}]}},"_links":{"self":[{"href":"https:\/\/www.prooptica.pt\/en\/wp-json\/wp\/v2\/posts\/18574","targetHints":{"allow":["GET"]}}],"collection":[{"href":"https:\/\/www.prooptica.pt\/en\/wp-json\/wp\/v2\/posts"}],"about":[{"href":"https:\/\/www.prooptica.pt\/en\/wp-json\/wp\/v2\/types\/post"}],"author":[{"embeddable":true,"href":"https:\/\/www.prooptica.pt\/en\/wp-json\/wp\/v2\/users\/2"}],"replies":[{"embeddable":true,"href":"https:\/\/www.prooptica.pt\/en\/wp-json\/wp\/v2\/comments?post=18574"}],"version-history":[{"count":3,"href":"https:\/\/www.prooptica.pt\/en\/wp-json\/wp\/v2\/posts\/18574\/revisions"}],"predecessor-version":[{"id":18579,"href":"https:\/\/www.prooptica.pt\/en\/wp-json\/wp\/v2\/posts\/18574\/revisions\/18579"}],"wp:featuredmedia":[{"embeddable":true,"href":"https:\/\/www.prooptica.pt\/en\/wp-json\/wp\/v2\/media\/18578"}],"wp:attachment":[{"href":"https:\/\/www.prooptica.pt\/en\/wp-json\/wp\/v2\/media?parent=18574"}],"wp:term":[{"taxonomy":"category","embeddable":true,"href":"https:\/\/www.prooptica.pt\/en\/wp-json\/wp\/v2\/categories?post=18574"},{"taxonomy":"post_tag","embeddable":true,"href":"https:\/\/www.prooptica.pt\/en\/wp-json\/wp\/v2\/tags?post=18574"}],"curies":[{"name":"wp","href":"https:\/\/api.w.org\/{rel}","templated":true}]}}