{"id":18681,"date":"2024-01-11T12:54:48","date_gmt":"2024-01-11T12:54:48","guid":{"rendered":"https:\/\/www.prooptica.pt\/?p=18681"},"modified":"2024-01-11T13:03:45","modified_gmt":"2024-01-11T13:03:45","slug":"international-day-of-thanks","status":"publish","type":"post","link":"https:\/\/www.prooptica.pt\/en\/dia-internacional-do-obrigado\/","title":{"rendered":"International Day of Thanks"},"content":{"rendered":"<p style=\"text-align: left;\"><strong>Today is International Thank You Day and we want to celebrate it with you!<\/strong><\/p>\n<p style=\"text-align: left;\">Not just today, but every day, we are grateful to the people who are part of Prooptica's history and daily life.<\/p>\n<div dir=\"auto\">\n<p>We would like to thank our clients, partners and friends for all the trust they place in our company. Thank you for sharing with us your achievements and victories, as well as the challenges we have faced, which have taught us so much and allowed us to evolve together.<\/p>\n<p>We would also like to thank our employees who fight alongside us every day. Thanks to their commitment and dedication, our company has grown and prospered. And we believe it will continue to do so in the new year.<\/p>\n<p>&nbsp;<\/p>\n<p>A great <strong><u>Thank you<\/u><\/strong> from us!<\/p>\n<\/div>","protected":false},"excerpt":{"rendered":"<p>Hoje \u00e9 o Dia Internacional do Obrigado e queremos celebrar este dia consigo! N\u00e3o s\u00f3 hoje, mas todos os dias somos agradecidos \u00e0s pessoas que fazem parte da hist\u00f3ria e do dia-a-dia da Prooptica. Agradecemos aos nossos clientes, parceiros e amigos toda a confian\u00e7a que depositam na nossa empresa. Obrigado por partilharem connosco as conquistas [&hellip;]<\/p>\n","protected":false},"author":2,"featured_media":18682,"comment_status":"closed","ping_status":"closed","sticky":false,"template":"","format":"standard","meta":{"footnotes":""},"categories":[195],"tags":[],"class_list":["post-18681","post","type-post","status-publish","format-standard","has-post-thumbnail","hentry","category-institucional"],"yoast_head":"<!-- This site is optimized with the Yoast SEO plugin v27.5 - https:\/\/yoast.com\/product\/yoast-seo-wordpress\/ -->\n<title>Dia Internacional do Obrigado<\/title>\n<meta name=\"description\" content=\"N\u00e3o s\u00f3 hoje, mas todos os dias somos agradecidos \u00e0s pessoas que fazem parte da hist\u00f3ria e do dia-a-dia da Prooptica.\" \/>\n<meta name=\"robots\" content=\"index, follow, max-snippet:-1, max-image-preview:large, max-video-preview:-1\" \/>\n<link rel=\"canonical\" href=\"https:\/\/www.prooptica.pt\/en\/international-day-of-thanks\/\" \/>\n<meta property=\"og:locale\" content=\"en_GB\" \/>\n<meta property=\"og:type\" content=\"article\" \/>\n<meta property=\"og:title\" content=\"Dia Internacional do Obrigado\" \/>\n<meta property=\"og:description\" content=\"N\u00e3o s\u00f3 hoje, mas todos os dias somos agradecidos \u00e0s pessoas que fazem parte da hist\u00f3ria e do dia-a-dia da Prooptica.\" \/>\n<meta property=\"og:url\" content=\"https:\/\/www.prooptica.pt\/en\/international-day-of-thanks\/\" \/>\n<meta property=\"og:site_name\" content=\"Prooptica\" \/>\n<meta property=\"article:published_time\" content=\"2024-01-11T12:54:48+00:00\" \/>\n<meta property=\"article:modified_time\" content=\"2024-01-11T13:03:45+00:00\" \/>\n<meta property=\"og:image\" content=\"https:\/\/www.prooptica.pt\/wp-content\/uploads\/2024\/01\/Dia-internacional-do-Obrigado_blog.jpg\" \/>\n\t<meta property=\"og:image:width\" content=\"854\" \/>\n\t<meta property=\"og:image:height\" content=\"514\" \/>\n\t<meta property=\"og:image:type\" content=\"image\/jpeg\" \/>\n<meta name=\"author\" content=\"admin\" \/>\n<meta name=\"twitter:card\" content=\"summary_large_image\" \/>\n<meta name=\"twitter:label1\" content=\"Written by\" \/>\n\t<meta name=\"twitter:data1\" content=\"admin\" \/>\n\t<meta name=\"twitter:label2\" content=\"Estimated reading time\" \/>\n\t<meta name=\"twitter:data2\" content=\"1 minute\" \/>\n<script type=\"application\/ld+json\" class=\"yoast-schema-graph\">{\"@context\":\"https:\\\/\\\/schema.org\",\"@graph\":[{\"@type\":\"Article\",\"@id\":\"https:\\\/\\\/www.prooptica.pt\\\/dia-internacional-do-obrigado\\\/#article\",\"isPartOf\":{\"@id\":\"https:\\\/\\\/www.prooptica.pt\\\/dia-internacional-do-obrigado\\\/\"},\"author\":{\"name\":\"admin\",\"@id\":\"https:\\\/\\\/www.prooptica.pt\\\/home\\\/#\\\/schema\\\/person\\\/1cbd826a9322a3c38a052e43d1638306\"},\"headline\":\"Dia Internacional do Obrigado\",\"datePublished\":\"2024-01-11T12:54:48+00:00\",\"dateModified\":\"2024-01-11T13:03:45+00:00\",\"mainEntityOfPage\":{\"@id\":\"https:\\\/\\\/www.prooptica.pt\\\/dia-internacional-do-obrigado\\\/\"},\"wordCount\":123,\"image\":{\"@id\":\"https:\\\/\\\/www.prooptica.pt\\\/dia-internacional-do-obrigado\\\/#primaryimage\"},\"thumbnailUrl\":\"https:\\\/\\\/www.prooptica.pt\\\/wp-content\\\/uploads\\\/2024\\\/01\\\/Dia-internacional-do-Obrigado_blog.jpg\",\"articleSection\":[\"Institucional\"],\"inLanguage\":\"en-GB\"},{\"@type\":\"WebPage\",\"@id\":\"https:\\\/\\\/www.prooptica.pt\\\/dia-internacional-do-obrigado\\\/\",\"url\":\"https:\\\/\\\/www.prooptica.pt\\\/dia-internacional-do-obrigado\\\/\",\"name\":\"Dia Internacional do Obrigado\",\"isPartOf\":{\"@id\":\"https:\\\/\\\/www.prooptica.pt\\\/home\\\/#website\"},\"primaryImageOfPage\":{\"@id\":\"https:\\\/\\\/www.prooptica.pt\\\/dia-internacional-do-obrigado\\\/#primaryimage\"},\"image\":{\"@id\":\"https:\\\/\\\/www.prooptica.pt\\\/dia-internacional-do-obrigado\\\/#primaryimage\"},\"thumbnailUrl\":\"https:\\\/\\\/www.prooptica.pt\\\/wp-content\\\/uploads\\\/2024\\\/01\\\/Dia-internacional-do-Obrigado_blog.jpg\",\"datePublished\":\"2024-01-11T12:54:48+00:00\",\"dateModified\":\"2024-01-11T13:03:45+00:00\",\"author\":{\"@id\":\"https:\\\/\\\/www.prooptica.pt\\\/home\\\/#\\\/schema\\\/person\\\/1cbd826a9322a3c38a052e43d1638306\"},\"description\":\"N\u00e3o s\u00f3 hoje, mas todos os dias somos agradecidos \u00e0s pessoas que fazem parte da hist\u00f3ria e do dia-a-dia da Prooptica.\",\"breadcrumb\":{\"@id\":\"https:\\\/\\\/www.prooptica.pt\\\/dia-internacional-do-obrigado\\\/#breadcrumb\"},\"inLanguage\":\"en-GB\",\"potentialAction\":[{\"@type\":\"ReadAction\",\"target\":[\"https:\\\/\\\/www.prooptica.pt\\\/dia-internacional-do-obrigado\\\/\"]}]},{\"@type\":\"ImageObject\",\"inLanguage\":\"en-GB\",\"@id\":\"https:\\\/\\\/www.prooptica.pt\\\/dia-internacional-do-obrigado\\\/#primaryimage\",\"url\":\"https:\\\/\\\/www.prooptica.pt\\\/wp-content\\\/uploads\\\/2024\\\/01\\\/Dia-internacional-do-Obrigado_blog.jpg\",\"contentUrl\":\"https:\\\/\\\/www.prooptica.pt\\\/wp-content\\\/uploads\\\/2024\\\/01\\\/Dia-internacional-do-Obrigado_blog.jpg\",\"width\":854,\"height\":514},{\"@type\":\"BreadcrumbList\",\"@id\":\"https:\\\/\\\/www.prooptica.pt\\\/dia-internacional-do-obrigado\\\/#breadcrumb\",\"itemListElement\":[{\"@type\":\"ListItem\",\"position\":1,\"name\":\"In\u00edcio\",\"item\":\"https:\\\/\\\/www.prooptica.pt\\\/\"},{\"@type\":\"ListItem\",\"position\":2,\"name\":\"Dia Internacional do Obrigado\"}]},{\"@type\":\"WebSite\",\"@id\":\"https:\\\/\\\/www.prooptica.pt\\\/home\\\/#website\",\"url\":\"https:\\\/\\\/www.prooptica.pt\\\/home\\\/\",\"name\":\"Prooptica\",\"description\":\"Full Eyewear Concept\",\"potentialAction\":[{\"@type\":\"SearchAction\",\"target\":{\"@type\":\"EntryPoint\",\"urlTemplate\":\"https:\\\/\\\/www.prooptica.pt\\\/home\\\/?s={search_term_string}\"},\"query-input\":{\"@type\":\"PropertyValueSpecification\",\"valueRequired\":true,\"valueName\":\"search_term_string\"}}],\"inLanguage\":\"en-GB\"},{\"@type\":\"Person\",\"@id\":\"https:\\\/\\\/www.prooptica.pt\\\/home\\\/#\\\/schema\\\/person\\\/1cbd826a9322a3c38a052e43d1638306\",\"name\":\"admin\",\"image\":{\"@type\":\"ImageObject\",\"inLanguage\":\"en-GB\",\"@id\":\"https:\\\/\\\/secure.gravatar.com\\\/avatar\\\/528c714482569d81724b02603aa719344e9ad7c0b50becf07272b2086b2c1cfd?s=96&d=mm&r=g\",\"url\":\"https:\\\/\\\/secure.gravatar.com\\\/avatar\\\/528c714482569d81724b02603aa719344e9ad7c0b50becf07272b2086b2c1cfd?s=96&d=mm&r=g\",\"contentUrl\":\"https:\\\/\\\/secure.gravatar.com\\\/avatar\\\/528c714482569d81724b02603aa719344e9ad7c0b50becf07272b2086b2c1cfd?s=96&d=mm&r=g\",\"caption\":\"admin\"},\"url\":\"https:\\\/\\\/www.prooptica.pt\\\/en\\\/author\\\/admin\\\/\"}]}<\/script>\n<!-- \/ Yoast SEO plugin. -->","yoast_head_json":{"title":"International Day of Thanks","description":"Not just today, but every day, we are grateful to the people who are part of Prooptica's history and daily life.","robots":{"index":"index","follow":"follow","max-snippet":"max-snippet:-1","max-image-preview":"max-image-preview:large","max-video-preview":"max-video-preview:-1"},"canonical":"https:\/\/www.prooptica.pt\/en\/international-day-of-thanks\/","og_locale":"en_GB","og_type":"article","og_title":"Dia Internacional do Obrigado","og_description":"N\u00e3o s\u00f3 hoje, mas todos os dias somos agradecidos \u00e0s pessoas que fazem parte da hist\u00f3ria e do dia-a-dia da Prooptica.","og_url":"https:\/\/www.prooptica.pt\/en\/international-day-of-thanks\/","og_site_name":"Prooptica","article_published_time":"2024-01-11T12:54:48+00:00","article_modified_time":"2024-01-11T13:03:45+00:00","og_image":[{"width":854,"height":514,"url":"https:\/\/www.prooptica.pt\/wp-content\/uploads\/2024\/01\/Dia-internacional-do-Obrigado_blog.jpg","type":"image\/jpeg"}],"author":"admin","twitter_card":"summary_large_image","twitter_misc":{"Written by":"admin","Estimated reading time":"1 minute"},"schema":{"@context":"https:\/\/schema.org","@graph":[{"@type":"Article","@id":"https:\/\/www.prooptica.pt\/dia-internacional-do-obrigado\/#article","isPartOf":{"@id":"https:\/\/www.prooptica.pt\/dia-internacional-do-obrigado\/"},"author":{"name":"admin","@id":"https:\/\/www.prooptica.pt\/home\/#\/schema\/person\/1cbd826a9322a3c38a052e43d1638306"},"headline":"Dia Internacional do Obrigado","datePublished":"2024-01-11T12:54:48+00:00","dateModified":"2024-01-11T13:03:45+00:00","mainEntityOfPage":{"@id":"https:\/\/www.prooptica.pt\/dia-internacional-do-obrigado\/"},"wordCount":123,"image":{"@id":"https:\/\/www.prooptica.pt\/dia-internacional-do-obrigado\/#primaryimage"},"thumbnailUrl":"https:\/\/www.prooptica.pt\/wp-content\/uploads\/2024\/01\/Dia-internacional-do-Obrigado_blog.jpg","articleSection":["Institucional"],"inLanguage":"en-GB"},{"@type":"WebPage","@id":"https:\/\/www.prooptica.pt\/dia-internacional-do-obrigado\/","url":"https:\/\/www.prooptica.pt\/dia-internacional-do-obrigado\/","name":"International Day of Thanks","isPartOf":{"@id":"https:\/\/www.prooptica.pt\/home\/#website"},"primaryImageOfPage":{"@id":"https:\/\/www.prooptica.pt\/dia-internacional-do-obrigado\/#primaryimage"},"image":{"@id":"https:\/\/www.prooptica.pt\/dia-internacional-do-obrigado\/#primaryimage"},"thumbnailUrl":"https:\/\/www.prooptica.pt\/wp-content\/uploads\/2024\/01\/Dia-internacional-do-Obrigado_blog.jpg","datePublished":"2024-01-11T12:54:48+00:00","dateModified":"2024-01-11T13:03:45+00:00","author":{"@id":"https:\/\/www.prooptica.pt\/home\/#\/schema\/person\/1cbd826a9322a3c38a052e43d1638306"},"description":"Not just today, but every day, we are grateful to the people who are part of Prooptica's history and daily life.","breadcrumb":{"@id":"https:\/\/www.prooptica.pt\/dia-internacional-do-obrigado\/#breadcrumb"},"inLanguage":"en-GB","potentialAction":[{"@type":"ReadAction","target":["https:\/\/www.prooptica.pt\/dia-internacional-do-obrigado\/"]}]},{"@type":"ImageObject","inLanguage":"en-GB","@id":"https:\/\/www.prooptica.pt\/dia-internacional-do-obrigado\/#primaryimage","url":"https:\/\/www.prooptica.pt\/wp-content\/uploads\/2024\/01\/Dia-internacional-do-Obrigado_blog.jpg","contentUrl":"https:\/\/www.prooptica.pt\/wp-content\/uploads\/2024\/01\/Dia-internacional-do-Obrigado_blog.jpg","width":854,"height":514},{"@type":"BreadcrumbList","@id":"https:\/\/www.prooptica.pt\/dia-internacional-do-obrigado\/#breadcrumb","itemListElement":[{"@type":"ListItem","position":1,"name":"In\u00edcio","item":"https:\/\/www.prooptica.pt\/"},{"@type":"ListItem","position":2,"name":"Dia Internacional do Obrigado"}]},{"@type":"WebSite","@id":"https:\/\/www.prooptica.pt\/home\/#website","url":"https:\/\/www.prooptica.pt\/home\/","name":"Prooptica","description":"Full Eyewear Concept","potentialAction":[{"@type":"SearchAction","target":{"@type":"EntryPoint","urlTemplate":"https:\/\/www.prooptica.pt\/home\/?s={search_term_string}"},"query-input":{"@type":"PropertyValueSpecification","valueRequired":true,"valueName":"search_term_string"}}],"inLanguage":"en-GB"},{"@type":"Person","@id":"https:\/\/www.prooptica.pt\/home\/#\/schema\/person\/1cbd826a9322a3c38a052e43d1638306","name":"admin","image":{"@type":"ImageObject","inLanguage":"en-GB","@id":"https:\/\/secure.gravatar.com\/avatar\/528c714482569d81724b02603aa719344e9ad7c0b50becf07272b2086b2c1cfd?s=96&d=mm&r=g","url":"https:\/\/secure.gravatar.com\/avatar\/528c714482569d81724b02603aa719344e9ad7c0b50becf07272b2086b2c1cfd?s=96&d=mm&r=g","contentUrl":"https:\/\/secure.gravatar.com\/avatar\/528c714482569d81724b02603aa719344e9ad7c0b50becf07272b2086b2c1cfd?s=96&d=mm&r=g","caption":"admin"},"url":"https:\/\/www.prooptica.pt\/en\/author\/admin\/"}]}},"_links":{"self":[{"href":"https:\/\/www.prooptica.pt\/en\/wp-json\/wp\/v2\/posts\/18681","targetHints":{"allow":["GET"]}}],"collection":[{"href":"https:\/\/www.prooptica.pt\/en\/wp-json\/wp\/v2\/posts"}],"about":[{"href":"https:\/\/www.prooptica.pt\/en\/wp-json\/wp\/v2\/types\/post"}],"author":[{"embeddable":true,"href":"https:\/\/www.prooptica.pt\/en\/wp-json\/wp\/v2\/users\/2"}],"replies":[{"embeddable":true,"href":"https:\/\/www.prooptica.pt\/en\/wp-json\/wp\/v2\/comments?post=18681"}],"version-history":[{"count":9,"href":"https:\/\/www.prooptica.pt\/en\/wp-json\/wp\/v2\/posts\/18681\/revisions"}],"predecessor-version":[{"id":18691,"href":"https:\/\/www.prooptica.pt\/en\/wp-json\/wp\/v2\/posts\/18681\/revisions\/18691"}],"wp:featuredmedia":[{"embeddable":true,"href":"https:\/\/www.prooptica.pt\/en\/wp-json\/wp\/v2\/media\/18682"}],"wp:attachment":[{"href":"https:\/\/www.prooptica.pt\/en\/wp-json\/wp\/v2\/media?parent=18681"}],"wp:term":[{"taxonomy":"category","embeddable":true,"href":"https:\/\/www.prooptica.pt\/en\/wp-json\/wp\/v2\/categories?post=18681"},{"taxonomy":"post_tag","embeddable":true,"href":"https:\/\/www.prooptica.pt\/en\/wp-json\/wp\/v2\/tags?post=18681"}],"curies":[{"name":"wp","href":"https:\/\/api.w.org\/{rel}","templated":true}]}}