{"id":18711,"date":"2024-01-17T15:47:48","date_gmt":"2024-01-17T15:47:48","guid":{"rendered":"https:\/\/www.prooptica.pt\/?p=18711"},"modified":"2024-01-17T16:11:23","modified_gmt":"2024-01-17T16:11:23","slug":"prooptica-30-years-reflection-luis-justino-in-an-interview-ver-magazine","status":"publish","type":"post","link":"https:\/\/www.prooptica.pt\/en\/prooptica-30anos-reflexao-luis-justino-em-entrevista-revista-ver\/","title":{"rendered":"Prooptica: 30 years in reflection - Lu\u00eds Justino in an interview with VER Magazine"},"content":{"rendered":"<p>Over these 30 years of existence, Prooptica has faced many challenges and milestones that have moulded its trajectory. A milestone that fills us with pride and invites us to reflect deeply on the path we have travelled over these three decades. We will take with us the lessons learnt, the success achieved and an indomitable will to seize the opportunities that the future has to offer.<\/p>\n<p>In an interview with VER magazine, Lu\u00eds Justino, CEO of Prooptica, talks about the company's thirtieth anniversary, celebrated in 2023, how the company has evolved during this period and what we can expect for the future.<\/p>\n<p><strong>Read the full interview:\u00a0<\/strong><span style=\"color: #000080;\"><a style=\"color: #000080;\" href=\"https:\/\/www.prooptica.pt\/wp-content\/uploads\/2024\/01\/VER-93_entrevista-Prooptica.pdf\" target=\"_blank\" rel=\"noopener\"><strong>VER Magazine<\/strong><\/a><\/span><\/p>","protected":false},"excerpt":{"rendered":"<p>Ao longo destes 30 anos de exist\u00eancia, a Prooptica enfrentou muitos desafios e marcos que moldaram a sua traject\u00f3ria. Um marco que nos enche de orgulho e que nos convida a uma reflex\u00e3o profunda sobre o caminho que percorremos durante estas tr\u00eas d\u00e9cadas.\u00a0Levaremos connosco as li\u00e7\u00f5es aprendidas, o sucesso alcan\u00e7ado e uma vontade indom\u00e1vel de [&hellip;]<\/p>\n","protected":false},"author":2,"featured_media":18712,"comment_status":"closed","ping_status":"closed","sticky":false,"template":"","format":"standard","meta":{"footnotes":""},"categories":[195],"tags":[],"class_list":["post-18711","post","type-post","status-publish","format-standard","has-post-thumbnail","hentry","category-institucional"],"yoast_head":"<!-- This site is optimized with the Yoast SEO plugin v27.4 - https:\/\/yoast.com\/product\/yoast-seo-wordpress\/ -->\n<title>Prooptica em reflex\u00e3o - Lu\u00eds Justino em entrevista \u00e0 Revista VER<\/title>\n<meta name=\"description\" content=\"Em entrevista \u00e0 Revista VER, Lu\u00eds Justino, CEO da Prooptica, faz uma reflex\u00e3o dos 30 anos de hist\u00f3ria e o que podemos esperar para o futuro.\" \/>\n<meta name=\"robots\" content=\"index, follow, max-snippet:-1, max-image-preview:large, max-video-preview:-1\" \/>\n<link rel=\"canonical\" href=\"https:\/\/www.prooptica.pt\/en\/prooptica-30-years-reflection-luis-justino-in-an-interview-ver-magazine\/\" \/>\n<meta property=\"og:locale\" content=\"en_GB\" \/>\n<meta property=\"og:type\" content=\"article\" \/>\n<meta property=\"og:title\" content=\"Prooptica em reflex\u00e3o - Lu\u00eds Justino em entrevista \u00e0 Revista VER\" \/>\n<meta property=\"og:description\" content=\"Em entrevista \u00e0 Revista VER, Lu\u00eds Justino, CEO da Prooptica, faz uma reflex\u00e3o dos 30 anos de hist\u00f3ria e o que podemos esperar para o futuro.\" \/>\n<meta property=\"og:url\" content=\"https:\/\/www.prooptica.pt\/en\/prooptica-30-years-reflection-luis-justino-in-an-interview-ver-magazine\/\" \/>\n<meta property=\"og:site_name\" content=\"Prooptica\" \/>\n<meta property=\"article:published_time\" content=\"2024-01-17T15:47:48+00:00\" \/>\n<meta property=\"article:modified_time\" content=\"2024-01-17T16:11:23+00:00\" \/>\n<meta property=\"og:image\" content=\"https:\/\/www.prooptica.pt\/wp-content\/uploads\/2024\/01\/Entrevista-30-anos-Revista-Ver-ANO.jpg\" \/>\n\t<meta property=\"og:image:width\" content=\"854\" \/>\n\t<meta property=\"og:image:height\" content=\"514\" \/>\n\t<meta property=\"og:image:type\" content=\"image\/jpeg\" \/>\n<meta name=\"author\" content=\"admin\" \/>\n<meta name=\"twitter:card\" content=\"summary_large_image\" \/>\n<meta name=\"twitter:label1\" content=\"Written by\" \/>\n\t<meta name=\"twitter:data1\" content=\"admin\" \/>\n\t<meta name=\"twitter:label2\" content=\"Estimated reading time\" \/>\n\t<meta name=\"twitter:data2\" content=\"1 minute\" \/>\n<script type=\"application\/ld+json\" class=\"yoast-schema-graph\">{\"@context\":\"https:\\\/\\\/schema.org\",\"@graph\":[{\"@type\":\"Article\",\"@id\":\"https:\\\/\\\/www.prooptica.pt\\\/prooptica-30anos-reflexao-luis-justino-em-entrevista-revista-ver\\\/#article\",\"isPartOf\":{\"@id\":\"https:\\\/\\\/www.prooptica.pt\\\/prooptica-30anos-reflexao-luis-justino-em-entrevista-revista-ver\\\/\"},\"author\":{\"name\":\"admin\",\"@id\":\"https:\\\/\\\/www.prooptica.pt\\\/home\\\/#\\\/schema\\\/person\\\/1cbd826a9322a3c38a052e43d1638306\"},\"headline\":\"Prooptica: 30 anos em reflex\u00e3o &#8211; Lu\u00eds Justino em entrevista \u00e0 Revista VER\",\"datePublished\":\"2024-01-17T15:47:48+00:00\",\"dateModified\":\"2024-01-17T16:11:23+00:00\",\"mainEntityOfPage\":{\"@id\":\"https:\\\/\\\/www.prooptica.pt\\\/prooptica-30anos-reflexao-luis-justino-em-entrevista-revista-ver\\\/\"},\"wordCount\":127,\"image\":{\"@id\":\"https:\\\/\\\/www.prooptica.pt\\\/prooptica-30anos-reflexao-luis-justino-em-entrevista-revista-ver\\\/#primaryimage\"},\"thumbnailUrl\":\"https:\\\/\\\/www.prooptica.pt\\\/wp-content\\\/uploads\\\/2024\\\/01\\\/Entrevista-30-anos-Revista-Ver-ANO.jpg\",\"articleSection\":[\"Institucional\"],\"inLanguage\":\"en-GB\"},{\"@type\":\"WebPage\",\"@id\":\"https:\\\/\\\/www.prooptica.pt\\\/prooptica-30anos-reflexao-luis-justino-em-entrevista-revista-ver\\\/\",\"url\":\"https:\\\/\\\/www.prooptica.pt\\\/prooptica-30anos-reflexao-luis-justino-em-entrevista-revista-ver\\\/\",\"name\":\"Prooptica em reflex\u00e3o - Lu\u00eds Justino em entrevista \u00e0 Revista VER\",\"isPartOf\":{\"@id\":\"https:\\\/\\\/www.prooptica.pt\\\/home\\\/#website\"},\"primaryImageOfPage\":{\"@id\":\"https:\\\/\\\/www.prooptica.pt\\\/prooptica-30anos-reflexao-luis-justino-em-entrevista-revista-ver\\\/#primaryimage\"},\"image\":{\"@id\":\"https:\\\/\\\/www.prooptica.pt\\\/prooptica-30anos-reflexao-luis-justino-em-entrevista-revista-ver\\\/#primaryimage\"},\"thumbnailUrl\":\"https:\\\/\\\/www.prooptica.pt\\\/wp-content\\\/uploads\\\/2024\\\/01\\\/Entrevista-30-anos-Revista-Ver-ANO.jpg\",\"datePublished\":\"2024-01-17T15:47:48+00:00\",\"dateModified\":\"2024-01-17T16:11:23+00:00\",\"author\":{\"@id\":\"https:\\\/\\\/www.prooptica.pt\\\/home\\\/#\\\/schema\\\/person\\\/1cbd826a9322a3c38a052e43d1638306\"},\"description\":\"Em entrevista \u00e0 Revista VER, Lu\u00eds Justino, CEO da Prooptica, faz uma reflex\u00e3o dos 30 anos de hist\u00f3ria e o que podemos esperar para o futuro.\",\"breadcrumb\":{\"@id\":\"https:\\\/\\\/www.prooptica.pt\\\/prooptica-30anos-reflexao-luis-justino-em-entrevista-revista-ver\\\/#breadcrumb\"},\"inLanguage\":\"en-GB\",\"potentialAction\":[{\"@type\":\"ReadAction\",\"target\":[\"https:\\\/\\\/www.prooptica.pt\\\/prooptica-30anos-reflexao-luis-justino-em-entrevista-revista-ver\\\/\"]}]},{\"@type\":\"ImageObject\",\"inLanguage\":\"en-GB\",\"@id\":\"https:\\\/\\\/www.prooptica.pt\\\/prooptica-30anos-reflexao-luis-justino-em-entrevista-revista-ver\\\/#primaryimage\",\"url\":\"https:\\\/\\\/www.prooptica.pt\\\/wp-content\\\/uploads\\\/2024\\\/01\\\/Entrevista-30-anos-Revista-Ver-ANO.jpg\",\"contentUrl\":\"https:\\\/\\\/www.prooptica.pt\\\/wp-content\\\/uploads\\\/2024\\\/01\\\/Entrevista-30-anos-Revista-Ver-ANO.jpg\",\"width\":854,\"height\":514},{\"@type\":\"BreadcrumbList\",\"@id\":\"https:\\\/\\\/www.prooptica.pt\\\/prooptica-30anos-reflexao-luis-justino-em-entrevista-revista-ver\\\/#breadcrumb\",\"itemListElement\":[{\"@type\":\"ListItem\",\"position\":1,\"name\":\"In\u00edcio\",\"item\":\"https:\\\/\\\/www.prooptica.pt\\\/\"},{\"@type\":\"ListItem\",\"position\":2,\"name\":\"Prooptica: 30 anos em reflex\u00e3o &#8211; Lu\u00eds Justino em entrevista \u00e0 Revista VER\"}]},{\"@type\":\"WebSite\",\"@id\":\"https:\\\/\\\/www.prooptica.pt\\\/home\\\/#website\",\"url\":\"https:\\\/\\\/www.prooptica.pt\\\/home\\\/\",\"name\":\"Prooptica\",\"description\":\"Full Eyewear Concept\",\"potentialAction\":[{\"@type\":\"SearchAction\",\"target\":{\"@type\":\"EntryPoint\",\"urlTemplate\":\"https:\\\/\\\/www.prooptica.pt\\\/home\\\/?s={search_term_string}\"},\"query-input\":{\"@type\":\"PropertyValueSpecification\",\"valueRequired\":true,\"valueName\":\"search_term_string\"}}],\"inLanguage\":\"en-GB\"},{\"@type\":\"Person\",\"@id\":\"https:\\\/\\\/www.prooptica.pt\\\/home\\\/#\\\/schema\\\/person\\\/1cbd826a9322a3c38a052e43d1638306\",\"name\":\"admin\",\"image\":{\"@type\":\"ImageObject\",\"inLanguage\":\"en-GB\",\"@id\":\"https:\\\/\\\/secure.gravatar.com\\\/avatar\\\/528c714482569d81724b02603aa719344e9ad7c0b50becf07272b2086b2c1cfd?s=96&d=mm&r=g\",\"url\":\"https:\\\/\\\/secure.gravatar.com\\\/avatar\\\/528c714482569d81724b02603aa719344e9ad7c0b50becf07272b2086b2c1cfd?s=96&d=mm&r=g\",\"contentUrl\":\"https:\\\/\\\/secure.gravatar.com\\\/avatar\\\/528c714482569d81724b02603aa719344e9ad7c0b50becf07272b2086b2c1cfd?s=96&d=mm&r=g\",\"caption\":\"admin\"},\"url\":\"https:\\\/\\\/www.prooptica.pt\\\/en\\\/author\\\/admin\\\/\"}]}<\/script>\n<!-- \/ Yoast SEO plugin. -->","yoast_head_json":{"title":"Prooptica in reflection - Lu\u00eds Justino in an interview with VER Magazine","description":"In an interview with VER magazine, Lu\u00eds Justino, CEO of Prooptica, reflects on 30 years of history and what we can expect for the future.","robots":{"index":"index","follow":"follow","max-snippet":"max-snippet:-1","max-image-preview":"max-image-preview:large","max-video-preview":"max-video-preview:-1"},"canonical":"https:\/\/www.prooptica.pt\/en\/prooptica-30-years-reflection-luis-justino-in-an-interview-ver-magazine\/","og_locale":"en_GB","og_type":"article","og_title":"Prooptica em reflex\u00e3o - Lu\u00eds Justino em entrevista \u00e0 Revista VER","og_description":"Em entrevista \u00e0 Revista VER, Lu\u00eds Justino, CEO da Prooptica, faz uma reflex\u00e3o dos 30 anos de hist\u00f3ria e o que podemos esperar para o futuro.","og_url":"https:\/\/www.prooptica.pt\/en\/prooptica-30-years-reflection-luis-justino-in-an-interview-ver-magazine\/","og_site_name":"Prooptica","article_published_time":"2024-01-17T15:47:48+00:00","article_modified_time":"2024-01-17T16:11:23+00:00","og_image":[{"width":854,"height":514,"url":"https:\/\/www.prooptica.pt\/wp-content\/uploads\/2024\/01\/Entrevista-30-anos-Revista-Ver-ANO.jpg","type":"image\/jpeg"}],"author":"admin","twitter_card":"summary_large_image","twitter_misc":{"Written by":"admin","Estimated reading time":"1 minute"},"schema":{"@context":"https:\/\/schema.org","@graph":[{"@type":"Article","@id":"https:\/\/www.prooptica.pt\/prooptica-30anos-reflexao-luis-justino-em-entrevista-revista-ver\/#article","isPartOf":{"@id":"https:\/\/www.prooptica.pt\/prooptica-30anos-reflexao-luis-justino-em-entrevista-revista-ver\/"},"author":{"name":"admin","@id":"https:\/\/www.prooptica.pt\/home\/#\/schema\/person\/1cbd826a9322a3c38a052e43d1638306"},"headline":"Prooptica: 30 anos em reflex\u00e3o &#8211; Lu\u00eds Justino em entrevista \u00e0 Revista VER","datePublished":"2024-01-17T15:47:48+00:00","dateModified":"2024-01-17T16:11:23+00:00","mainEntityOfPage":{"@id":"https:\/\/www.prooptica.pt\/prooptica-30anos-reflexao-luis-justino-em-entrevista-revista-ver\/"},"wordCount":127,"image":{"@id":"https:\/\/www.prooptica.pt\/prooptica-30anos-reflexao-luis-justino-em-entrevista-revista-ver\/#primaryimage"},"thumbnailUrl":"https:\/\/www.prooptica.pt\/wp-content\/uploads\/2024\/01\/Entrevista-30-anos-Revista-Ver-ANO.jpg","articleSection":["Institucional"],"inLanguage":"en-GB"},{"@type":"WebPage","@id":"https:\/\/www.prooptica.pt\/prooptica-30anos-reflexao-luis-justino-em-entrevista-revista-ver\/","url":"https:\/\/www.prooptica.pt\/prooptica-30anos-reflexao-luis-justino-em-entrevista-revista-ver\/","name":"Prooptica in reflection - Lu\u00eds Justino in an interview with VER Magazine","isPartOf":{"@id":"https:\/\/www.prooptica.pt\/home\/#website"},"primaryImageOfPage":{"@id":"https:\/\/www.prooptica.pt\/prooptica-30anos-reflexao-luis-justino-em-entrevista-revista-ver\/#primaryimage"},"image":{"@id":"https:\/\/www.prooptica.pt\/prooptica-30anos-reflexao-luis-justino-em-entrevista-revista-ver\/#primaryimage"},"thumbnailUrl":"https:\/\/www.prooptica.pt\/wp-content\/uploads\/2024\/01\/Entrevista-30-anos-Revista-Ver-ANO.jpg","datePublished":"2024-01-17T15:47:48+00:00","dateModified":"2024-01-17T16:11:23+00:00","author":{"@id":"https:\/\/www.prooptica.pt\/home\/#\/schema\/person\/1cbd826a9322a3c38a052e43d1638306"},"description":"In an interview with VER magazine, Lu\u00eds Justino, CEO of Prooptica, reflects on 30 years of history and what we can expect for the future.","breadcrumb":{"@id":"https:\/\/www.prooptica.pt\/prooptica-30anos-reflexao-luis-justino-em-entrevista-revista-ver\/#breadcrumb"},"inLanguage":"en-GB","potentialAction":[{"@type":"ReadAction","target":["https:\/\/www.prooptica.pt\/prooptica-30anos-reflexao-luis-justino-em-entrevista-revista-ver\/"]}]},{"@type":"ImageObject","inLanguage":"en-GB","@id":"https:\/\/www.prooptica.pt\/prooptica-30anos-reflexao-luis-justino-em-entrevista-revista-ver\/#primaryimage","url":"https:\/\/www.prooptica.pt\/wp-content\/uploads\/2024\/01\/Entrevista-30-anos-Revista-Ver-ANO.jpg","contentUrl":"https:\/\/www.prooptica.pt\/wp-content\/uploads\/2024\/01\/Entrevista-30-anos-Revista-Ver-ANO.jpg","width":854,"height":514},{"@type":"BreadcrumbList","@id":"https:\/\/www.prooptica.pt\/prooptica-30anos-reflexao-luis-justino-em-entrevista-revista-ver\/#breadcrumb","itemListElement":[{"@type":"ListItem","position":1,"name":"In\u00edcio","item":"https:\/\/www.prooptica.pt\/"},{"@type":"ListItem","position":2,"name":"Prooptica: 30 anos em reflex\u00e3o &#8211; Lu\u00eds Justino em entrevista \u00e0 Revista VER"}]},{"@type":"WebSite","@id":"https:\/\/www.prooptica.pt\/home\/#website","url":"https:\/\/www.prooptica.pt\/home\/","name":"Prooptica","description":"Full Eyewear Concept","potentialAction":[{"@type":"SearchAction","target":{"@type":"EntryPoint","urlTemplate":"https:\/\/www.prooptica.pt\/home\/?s={search_term_string}"},"query-input":{"@type":"PropertyValueSpecification","valueRequired":true,"valueName":"search_term_string"}}],"inLanguage":"en-GB"},{"@type":"Person","@id":"https:\/\/www.prooptica.pt\/home\/#\/schema\/person\/1cbd826a9322a3c38a052e43d1638306","name":"admin","image":{"@type":"ImageObject","inLanguage":"en-GB","@id":"https:\/\/secure.gravatar.com\/avatar\/528c714482569d81724b02603aa719344e9ad7c0b50becf07272b2086b2c1cfd?s=96&d=mm&r=g","url":"https:\/\/secure.gravatar.com\/avatar\/528c714482569d81724b02603aa719344e9ad7c0b50becf07272b2086b2c1cfd?s=96&d=mm&r=g","contentUrl":"https:\/\/secure.gravatar.com\/avatar\/528c714482569d81724b02603aa719344e9ad7c0b50becf07272b2086b2c1cfd?s=96&d=mm&r=g","caption":"admin"},"url":"https:\/\/www.prooptica.pt\/en\/author\/admin\/"}]}},"_links":{"self":[{"href":"https:\/\/www.prooptica.pt\/en\/wp-json\/wp\/v2\/posts\/18711","targetHints":{"allow":["GET"]}}],"collection":[{"href":"https:\/\/www.prooptica.pt\/en\/wp-json\/wp\/v2\/posts"}],"about":[{"href":"https:\/\/www.prooptica.pt\/en\/wp-json\/wp\/v2\/types\/post"}],"author":[{"embeddable":true,"href":"https:\/\/www.prooptica.pt\/en\/wp-json\/wp\/v2\/users\/2"}],"replies":[{"embeddable":true,"href":"https:\/\/www.prooptica.pt\/en\/wp-json\/wp\/v2\/comments?post=18711"}],"version-history":[{"count":2,"href":"https:\/\/www.prooptica.pt\/en\/wp-json\/wp\/v2\/posts\/18711\/revisions"}],"predecessor-version":[{"id":18715,"href":"https:\/\/www.prooptica.pt\/en\/wp-json\/wp\/v2\/posts\/18711\/revisions\/18715"}],"wp:featuredmedia":[{"embeddable":true,"href":"https:\/\/www.prooptica.pt\/en\/wp-json\/wp\/v2\/media\/18712"}],"wp:attachment":[{"href":"https:\/\/www.prooptica.pt\/en\/wp-json\/wp\/v2\/media?parent=18711"}],"wp:term":[{"taxonomy":"category","embeddable":true,"href":"https:\/\/www.prooptica.pt\/en\/wp-json\/wp\/v2\/categories?post=18711"},{"taxonomy":"post_tag","embeddable":true,"href":"https:\/\/www.prooptica.pt\/en\/wp-json\/wp\/v2\/tags?post=18711"}],"curies":[{"name":"wp","href":"https:\/\/api.w.org\/{rel}","templated":true}]}}