{"id":18866,"date":"2024-01-24T11:03:28","date_gmt":"2024-01-24T11:03:28","guid":{"rendered":"https:\/\/www.prooptica.pt\/?p=18866"},"modified":"2024-01-24T11:03:28","modified_gmt":"2024-01-24T11:03:28","slug":"international-education-day","status":"publish","type":"post","link":"https:\/\/www.prooptica.pt\/en\/dia-internacional-da-educacao\/","title":{"rendered":"International Education Day"},"content":{"rendered":"<p>The<strong>\u00a0<\/strong>United Nations General Assembly proclaimed the day<strong>\u00a024 January\u00a0<\/strong>as<strong>\u00a0International Education Day.\u00a0<\/strong> This date aims to emphasise the importance of education in promoting peace and sustainable development around the world.<\/p>\n<p style=\"text-align: center;\"><strong>\u00a0<\/strong><strong>Education is a human right, an essential good and a public responsibility.<\/strong><\/p>\n<p>We take this day to reflect on an aspect that is often overlooked in the quest for educational excellence: the impact of vision on the learning process.<\/p>\n<p>&nbsp;<\/p>\n<h5><strong>Education: The impact of visual health <\/strong><\/h5>\n<p>Vision plays a vital role in the entire learning process. From the first years of school to academic and professional training, eye health influences the way we absorb and process information.<\/p>\n<p>In the case of children, vision is even one of the most critical senses for their learning and development, not only academically, but also socially and behaviourally. It's estimated that around 80% of a child's learning is visual, which includes reading, writing, using computers and looking at the board. So it's easy to understand that visual difficulties that aren't detected in good time can be a significant cause of poor academic performance and self-esteem in children and young people, which is why it's very important for parents to be aware of the signs too.<\/p>\n<p>Not only children, but also adults can face major challenges in the context of their professional training, as well as in their daily tasks, if they don't give due importance to their visual health.<\/p>\n<p>Conditions such as myopia, hyperopia and astigmatism can affect reading and writing, jeopardising learning as well as all activities that require visual focus. In addition, the need for prolonged reading, exposure to digital screens and detailed tasks can cause eyestrain, which also directly affects productivity and well-being.<\/p>\n<p><img fetchpriority=\"high\" decoding=\"async\" class=\"wp-image-18877 size-large aligncenter\" src=\"https:\/\/www.prooptica.pt\/wp-content\/uploads\/2024\/01\/Dia-internacional-da-educacao_rastreio-visual-1024x683.jpg\" alt=\"International Education Day - vision screening\" width=\"1024\" height=\"683\" srcset=\"https:\/\/www.prooptica.pt\/wp-content\/uploads\/2024\/01\/Dia-internacional-da-educacao_rastreio-visual-1024x683.jpg 1024w, https:\/\/www.prooptica.pt\/wp-content\/uploads\/2024\/01\/Dia-internacional-da-educacao_rastreio-visual-300x200.jpg 300w, https:\/\/www.prooptica.pt\/wp-content\/uploads\/2024\/01\/Dia-internacional-da-educacao_rastreio-visual-768x512.jpg 768w, https:\/\/www.prooptica.pt\/wp-content\/uploads\/2024\/01\/Dia-internacional-da-educacao_rastreio-visual-1536x1024.jpg 1536w, https:\/\/www.prooptica.pt\/wp-content\/uploads\/2024\/01\/Dia-internacional-da-educacao_rastreio-visual-2048x1365.jpg 2048w\" sizes=\"(max-width: 1024px) 100vw, 1024px\" \/><\/p>\n<h5><strong>Education: The importance of vision screening<\/strong><\/h5>\n<p>Prevention is always the best solution. Regular check-ups are essential to detect any eye problems at an early stage. Adults should have a full examination every two years, while children should have annual check-ups.<\/p>\n<p>&nbsp;<\/p>\n<p>By investing in eye health and valuing lifelong education, we are building a Portuguese society that is more capable, resilient and ready to face the challenges of a constantly evolving world.<\/p>","protected":false},"excerpt":{"rendered":"<p>A\u00a0Assembleia Geral das Na\u00e7\u00f5es Unidas proclamou o dia\u00a024 de janeiro\u00a0como\u00a0Dia Internacional da Educa\u00e7\u00e3o.\u00a0 Esta data visa assinalar a import\u00e2ncia da educa\u00e7\u00e3o na promo\u00e7\u00e3o da paz e do desenvolvimento sustent\u00e1vel em todo o mundo. \u00a0A educa\u00e7\u00e3o \u00e9 um direito humano, um bem essencial e uma responsabilidade p\u00fablica. Aproveitamos este dia para refletir sobre um aspeto muitas [&hellip;]<\/p>\n","protected":false},"author":2,"featured_media":18878,"comment_status":"closed","ping_status":"closed","sticky":false,"template":"","format":"standard","meta":{"footnotes":""},"categories":[195,187],"tags":[],"class_list":["post-18866","post","type-post","status-publish","format-standard","has-post-thumbnail","hentry","category-institucional","category-lentes"],"yoast_head":"<!-- This site is optimized with the Yoast SEO plugin v27.4 - https:\/\/yoast.com\/product\/yoast-seo-wordpress\/ -->\n<title>Dia Internacional da Educa\u00e7\u00e3o<\/title>\n<meta name=\"description\" content=\"Aproveitamos o Dia Internacional da Educa\u00e7\u00e3o para refletir sobre o impacto da vis\u00e3o no processo de aprendizagem.\" \/>\n<meta name=\"robots\" content=\"index, follow, max-snippet:-1, max-image-preview:large, max-video-preview:-1\" \/>\n<link rel=\"canonical\" href=\"https:\/\/www.prooptica.pt\/en\/international-education-day\/\" \/>\n<meta property=\"og:locale\" content=\"en_GB\" \/>\n<meta property=\"og:type\" content=\"article\" \/>\n<meta property=\"og:title\" content=\"Dia Internacional da Educa\u00e7\u00e3o\" \/>\n<meta property=\"og:description\" content=\"Aproveitamos o Dia Internacional da Educa\u00e7\u00e3o para refletir sobre o impacto da vis\u00e3o no processo de aprendizagem.\" \/>\n<meta property=\"og:url\" content=\"https:\/\/www.prooptica.pt\/en\/international-education-day\/\" \/>\n<meta property=\"og:site_name\" content=\"Prooptica\" \/>\n<meta property=\"article:published_time\" content=\"2024-01-24T11:03:28+00:00\" \/>\n<meta property=\"og:image\" content=\"https:\/\/www.prooptica.pt\/wp-content\/uploads\/2024\/01\/Dia-internacional-da-educacao_blog.jpg\" \/>\n\t<meta property=\"og:image:width\" content=\"854\" \/>\n\t<meta property=\"og:image:height\" content=\"514\" \/>\n\t<meta property=\"og:image:type\" content=\"image\/jpeg\" \/>\n<meta name=\"author\" content=\"admin\" \/>\n<meta name=\"twitter:card\" content=\"summary_large_image\" \/>\n<meta name=\"twitter:label1\" content=\"Written by\" \/>\n\t<meta name=\"twitter:data1\" content=\"admin\" \/>\n\t<meta name=\"twitter:label2\" content=\"Estimated reading time\" \/>\n\t<meta name=\"twitter:data2\" content=\"3 minutes\" \/>\n<script type=\"application\/ld+json\" class=\"yoast-schema-graph\">{\"@context\":\"https:\\\/\\\/schema.org\",\"@graph\":[{\"@type\":\"Article\",\"@id\":\"https:\\\/\\\/www.prooptica.pt\\\/dia-internacional-da-educacao\\\/#article\",\"isPartOf\":{\"@id\":\"https:\\\/\\\/www.prooptica.pt\\\/dia-internacional-da-educacao\\\/\"},\"author\":{\"name\":\"admin\",\"@id\":\"https:\\\/\\\/www.prooptica.pt\\\/home\\\/#\\\/schema\\\/person\\\/1cbd826a9322a3c38a052e43d1638306\"},\"headline\":\"Dia Internacional da Educa\u00e7\u00e3o\",\"datePublished\":\"2024-01-24T11:03:28+00:00\",\"mainEntityOfPage\":{\"@id\":\"https:\\\/\\\/www.prooptica.pt\\\/dia-internacional-da-educacao\\\/\"},\"wordCount\":424,\"image\":{\"@id\":\"https:\\\/\\\/www.prooptica.pt\\\/dia-internacional-da-educacao\\\/#primaryimage\"},\"thumbnailUrl\":\"https:\\\/\\\/www.prooptica.pt\\\/wp-content\\\/uploads\\\/2024\\\/01\\\/Dia-internacional-da-educacao_blog.jpg\",\"articleSection\":[\"Institucional\",\"Lentes\"],\"inLanguage\":\"en-GB\"},{\"@type\":\"WebPage\",\"@id\":\"https:\\\/\\\/www.prooptica.pt\\\/dia-internacional-da-educacao\\\/\",\"url\":\"https:\\\/\\\/www.prooptica.pt\\\/dia-internacional-da-educacao\\\/\",\"name\":\"Dia Internacional da Educa\u00e7\u00e3o\",\"isPartOf\":{\"@id\":\"https:\\\/\\\/www.prooptica.pt\\\/home\\\/#website\"},\"primaryImageOfPage\":{\"@id\":\"https:\\\/\\\/www.prooptica.pt\\\/dia-internacional-da-educacao\\\/#primaryimage\"},\"image\":{\"@id\":\"https:\\\/\\\/www.prooptica.pt\\\/dia-internacional-da-educacao\\\/#primaryimage\"},\"thumbnailUrl\":\"https:\\\/\\\/www.prooptica.pt\\\/wp-content\\\/uploads\\\/2024\\\/01\\\/Dia-internacional-da-educacao_blog.jpg\",\"datePublished\":\"2024-01-24T11:03:28+00:00\",\"author\":{\"@id\":\"https:\\\/\\\/www.prooptica.pt\\\/home\\\/#\\\/schema\\\/person\\\/1cbd826a9322a3c38a052e43d1638306\"},\"description\":\"Aproveitamos o Dia Internacional da Educa\u00e7\u00e3o para refletir sobre o impacto da vis\u00e3o no processo de aprendizagem.\",\"breadcrumb\":{\"@id\":\"https:\\\/\\\/www.prooptica.pt\\\/dia-internacional-da-educacao\\\/#breadcrumb\"},\"inLanguage\":\"en-GB\",\"potentialAction\":[{\"@type\":\"ReadAction\",\"target\":[\"https:\\\/\\\/www.prooptica.pt\\\/dia-internacional-da-educacao\\\/\"]}]},{\"@type\":\"ImageObject\",\"inLanguage\":\"en-GB\",\"@id\":\"https:\\\/\\\/www.prooptica.pt\\\/dia-internacional-da-educacao\\\/#primaryimage\",\"url\":\"https:\\\/\\\/www.prooptica.pt\\\/wp-content\\\/uploads\\\/2024\\\/01\\\/Dia-internacional-da-educacao_blog.jpg\",\"contentUrl\":\"https:\\\/\\\/www.prooptica.pt\\\/wp-content\\\/uploads\\\/2024\\\/01\\\/Dia-internacional-da-educacao_blog.jpg\",\"width\":854,\"height\":514},{\"@type\":\"BreadcrumbList\",\"@id\":\"https:\\\/\\\/www.prooptica.pt\\\/dia-internacional-da-educacao\\\/#breadcrumb\",\"itemListElement\":[{\"@type\":\"ListItem\",\"position\":1,\"name\":\"In\u00edcio\",\"item\":\"https:\\\/\\\/www.prooptica.pt\\\/\"},{\"@type\":\"ListItem\",\"position\":2,\"name\":\"Dia Internacional da Educa\u00e7\u00e3o\"}]},{\"@type\":\"WebSite\",\"@id\":\"https:\\\/\\\/www.prooptica.pt\\\/home\\\/#website\",\"url\":\"https:\\\/\\\/www.prooptica.pt\\\/home\\\/\",\"name\":\"Prooptica\",\"description\":\"Full Eyewear Concept\",\"potentialAction\":[{\"@type\":\"SearchAction\",\"target\":{\"@type\":\"EntryPoint\",\"urlTemplate\":\"https:\\\/\\\/www.prooptica.pt\\\/home\\\/?s={search_term_string}\"},\"query-input\":{\"@type\":\"PropertyValueSpecification\",\"valueRequired\":true,\"valueName\":\"search_term_string\"}}],\"inLanguage\":\"en-GB\"},{\"@type\":\"Person\",\"@id\":\"https:\\\/\\\/www.prooptica.pt\\\/home\\\/#\\\/schema\\\/person\\\/1cbd826a9322a3c38a052e43d1638306\",\"name\":\"admin\",\"image\":{\"@type\":\"ImageObject\",\"inLanguage\":\"en-GB\",\"@id\":\"https:\\\/\\\/secure.gravatar.com\\\/avatar\\\/528c714482569d81724b02603aa719344e9ad7c0b50becf07272b2086b2c1cfd?s=96&d=mm&r=g\",\"url\":\"https:\\\/\\\/secure.gravatar.com\\\/avatar\\\/528c714482569d81724b02603aa719344e9ad7c0b50becf07272b2086b2c1cfd?s=96&d=mm&r=g\",\"contentUrl\":\"https:\\\/\\\/secure.gravatar.com\\\/avatar\\\/528c714482569d81724b02603aa719344e9ad7c0b50becf07272b2086b2c1cfd?s=96&d=mm&r=g\",\"caption\":\"admin\"},\"url\":\"https:\\\/\\\/www.prooptica.pt\\\/en\\\/author\\\/admin\\\/\"}]}<\/script>\n<!-- \/ Yoast SEO plugin. -->","yoast_head_json":{"title":"International Education Day","description":"We took advantage of International Education Day to reflect on the impact of vision on the learning process.","robots":{"index":"index","follow":"follow","max-snippet":"max-snippet:-1","max-image-preview":"max-image-preview:large","max-video-preview":"max-video-preview:-1"},"canonical":"https:\/\/www.prooptica.pt\/en\/international-education-day\/","og_locale":"en_GB","og_type":"article","og_title":"Dia Internacional da Educa\u00e7\u00e3o","og_description":"Aproveitamos o Dia Internacional da Educa\u00e7\u00e3o para refletir sobre o impacto da vis\u00e3o no processo de aprendizagem.","og_url":"https:\/\/www.prooptica.pt\/en\/international-education-day\/","og_site_name":"Prooptica","article_published_time":"2024-01-24T11:03:28+00:00","og_image":[{"width":854,"height":514,"url":"https:\/\/www.prooptica.pt\/wp-content\/uploads\/2024\/01\/Dia-internacional-da-educacao_blog.jpg","type":"image\/jpeg"}],"author":"admin","twitter_card":"summary_large_image","twitter_misc":{"Written by":"admin","Estimated reading time":"3 minutes"},"schema":{"@context":"https:\/\/schema.org","@graph":[{"@type":"Article","@id":"https:\/\/www.prooptica.pt\/dia-internacional-da-educacao\/#article","isPartOf":{"@id":"https:\/\/www.prooptica.pt\/dia-internacional-da-educacao\/"},"author":{"name":"admin","@id":"https:\/\/www.prooptica.pt\/home\/#\/schema\/person\/1cbd826a9322a3c38a052e43d1638306"},"headline":"Dia Internacional da Educa\u00e7\u00e3o","datePublished":"2024-01-24T11:03:28+00:00","mainEntityOfPage":{"@id":"https:\/\/www.prooptica.pt\/dia-internacional-da-educacao\/"},"wordCount":424,"image":{"@id":"https:\/\/www.prooptica.pt\/dia-internacional-da-educacao\/#primaryimage"},"thumbnailUrl":"https:\/\/www.prooptica.pt\/wp-content\/uploads\/2024\/01\/Dia-internacional-da-educacao_blog.jpg","articleSection":["Institucional","Lentes"],"inLanguage":"en-GB"},{"@type":"WebPage","@id":"https:\/\/www.prooptica.pt\/dia-internacional-da-educacao\/","url":"https:\/\/www.prooptica.pt\/dia-internacional-da-educacao\/","name":"International Education Day","isPartOf":{"@id":"https:\/\/www.prooptica.pt\/home\/#website"},"primaryImageOfPage":{"@id":"https:\/\/www.prooptica.pt\/dia-internacional-da-educacao\/#primaryimage"},"image":{"@id":"https:\/\/www.prooptica.pt\/dia-internacional-da-educacao\/#primaryimage"},"thumbnailUrl":"https:\/\/www.prooptica.pt\/wp-content\/uploads\/2024\/01\/Dia-internacional-da-educacao_blog.jpg","datePublished":"2024-01-24T11:03:28+00:00","author":{"@id":"https:\/\/www.prooptica.pt\/home\/#\/schema\/person\/1cbd826a9322a3c38a052e43d1638306"},"description":"We took advantage of International Education Day to reflect on the impact of vision on the learning process.","breadcrumb":{"@id":"https:\/\/www.prooptica.pt\/dia-internacional-da-educacao\/#breadcrumb"},"inLanguage":"en-GB","potentialAction":[{"@type":"ReadAction","target":["https:\/\/www.prooptica.pt\/dia-internacional-da-educacao\/"]}]},{"@type":"ImageObject","inLanguage":"en-GB","@id":"https:\/\/www.prooptica.pt\/dia-internacional-da-educacao\/#primaryimage","url":"https:\/\/www.prooptica.pt\/wp-content\/uploads\/2024\/01\/Dia-internacional-da-educacao_blog.jpg","contentUrl":"https:\/\/www.prooptica.pt\/wp-content\/uploads\/2024\/01\/Dia-internacional-da-educacao_blog.jpg","width":854,"height":514},{"@type":"BreadcrumbList","@id":"https:\/\/www.prooptica.pt\/dia-internacional-da-educacao\/#breadcrumb","itemListElement":[{"@type":"ListItem","position":1,"name":"In\u00edcio","item":"https:\/\/www.prooptica.pt\/"},{"@type":"ListItem","position":2,"name":"Dia Internacional da Educa\u00e7\u00e3o"}]},{"@type":"WebSite","@id":"https:\/\/www.prooptica.pt\/home\/#website","url":"https:\/\/www.prooptica.pt\/home\/","name":"Prooptica","description":"Full Eyewear Concept","potentialAction":[{"@type":"SearchAction","target":{"@type":"EntryPoint","urlTemplate":"https:\/\/www.prooptica.pt\/home\/?s={search_term_string}"},"query-input":{"@type":"PropertyValueSpecification","valueRequired":true,"valueName":"search_term_string"}}],"inLanguage":"en-GB"},{"@type":"Person","@id":"https:\/\/www.prooptica.pt\/home\/#\/schema\/person\/1cbd826a9322a3c38a052e43d1638306","name":"admin","image":{"@type":"ImageObject","inLanguage":"en-GB","@id":"https:\/\/secure.gravatar.com\/avatar\/528c714482569d81724b02603aa719344e9ad7c0b50becf07272b2086b2c1cfd?s=96&d=mm&r=g","url":"https:\/\/secure.gravatar.com\/avatar\/528c714482569d81724b02603aa719344e9ad7c0b50becf07272b2086b2c1cfd?s=96&d=mm&r=g","contentUrl":"https:\/\/secure.gravatar.com\/avatar\/528c714482569d81724b02603aa719344e9ad7c0b50becf07272b2086b2c1cfd?s=96&d=mm&r=g","caption":"admin"},"url":"https:\/\/www.prooptica.pt\/en\/author\/admin\/"}]}},"_links":{"self":[{"href":"https:\/\/www.prooptica.pt\/en\/wp-json\/wp\/v2\/posts\/18866","targetHints":{"allow":["GET"]}}],"collection":[{"href":"https:\/\/www.prooptica.pt\/en\/wp-json\/wp\/v2\/posts"}],"about":[{"href":"https:\/\/www.prooptica.pt\/en\/wp-json\/wp\/v2\/types\/post"}],"author":[{"embeddable":true,"href":"https:\/\/www.prooptica.pt\/en\/wp-json\/wp\/v2\/users\/2"}],"replies":[{"embeddable":true,"href":"https:\/\/www.prooptica.pt\/en\/wp-json\/wp\/v2\/comments?post=18866"}],"version-history":[{"count":2,"href":"https:\/\/www.prooptica.pt\/en\/wp-json\/wp\/v2\/posts\/18866\/revisions"}],"predecessor-version":[{"id":18879,"href":"https:\/\/www.prooptica.pt\/en\/wp-json\/wp\/v2\/posts\/18866\/revisions\/18879"}],"wp:featuredmedia":[{"embeddable":true,"href":"https:\/\/www.prooptica.pt\/en\/wp-json\/wp\/v2\/media\/18878"}],"wp:attachment":[{"href":"https:\/\/www.prooptica.pt\/en\/wp-json\/wp\/v2\/media?parent=18866"}],"wp:term":[{"taxonomy":"category","embeddable":true,"href":"https:\/\/www.prooptica.pt\/en\/wp-json\/wp\/v2\/categories?post=18866"},{"taxonomy":"post_tag","embeddable":true,"href":"https:\/\/www.prooptica.pt\/en\/wp-json\/wp\/v2\/tags?post=18866"}],"curies":[{"name":"wp","href":"https:\/\/api.w.org\/{rel}","templated":true}]}}