{"id":18956,"date":"2024-02-22T16:24:01","date_gmt":"2024-02-22T16:24:01","guid":{"rendered":"https:\/\/www.prooptica.pt\/?p=18956"},"modified":"2024-02-22T16:24:01","modified_gmt":"2024-02-22T16:24:01","slug":"prooptica-went-to-the-theatre-in-porto","status":"publish","type":"post","link":"https:\/\/www.prooptica.pt\/en\/a-prooptica-foi-ao-teatro-no-porto\/","title":{"rendered":"Prooptica went to the theatre... in Porto!"},"content":{"rendered":"<p>Prooptica prides itself on its close relationship with its customers and partners. In this sense, we like to offer our customers moments of sharing and good humour, which is why we decided to invite them to the theatre.<\/p>\n<p>The play chosen was 'Trair e Co\u00e7ar \u00e9 s\u00f3 come\u00e7ar', at the S\u00e1 da Bandeira Theatre in Porto, a comedy that portrays the confusions of the maid Palmira in a series of amusing misunderstandings that lead her employers to think that they are being the target of infidelity.<\/p>\n<p>The play features Jos\u00e9 Raposo in the role of the amusing Palmira, our dear Marta Andrino, the brand ambassador for Am\u00e1lia Eyewear, and a fantastic cast that made us laugh out loud.<\/p>\n<p>It was, as expected, a very lively and entertaining evening. At the end, we had the unique opportunity to chat with Jos\u00e9 Raposo and Marta Andrino, two of the most important figures in Portuguese theatre.<\/p>\n<p>It was an unforgettable evening spent with our team and partners. Life should also be made up of these special moments that go far beyond the professional context.<\/p>\n<p>Special thanks to everyone who attended!<\/p>","protected":false},"excerpt":{"rendered":"<p>A Prooptica orgulha-se de ter uma rela\u00e7\u00e3o de proximidade com os seus clientes e parceiros. Neste sentido, gostamos de proporcionar momentos de partilha e boa disposi\u00e7\u00e3o aos nossos Clientes, por isso decidimos convid\u00e1-los para ir ao Teatro. A pe\u00e7a escolhida foi \u2018Trair e Co\u00e7ar \u00e9 s\u00f3 come\u00e7ar\u2019, no Teatro S\u00e1 da Bandeira no Porto, uma [&hellip;]<\/p>\n","protected":false},"author":2,"featured_media":18957,"comment_status":"closed","ping_status":"closed","sticky":false,"template":"","format":"standard","meta":{"footnotes":""},"categories":[195],"tags":[],"class_list":["post-18956","post","type-post","status-publish","format-standard","has-post-thumbnail","hentry","category-institucional"],"yoast_head":"<!-- This site is optimized with the Yoast SEO plugin v27.5 - https:\/\/yoast.com\/product\/yoast-seo-wordpress\/ -->\n<title>A Prooptica foi ao Teatro\u2026 no Porto!<\/title>\n<meta name=\"description\" content=\"A Prooptica levou os seus clinetes ao teatro. Uma pe\u00e7a divertida que gerou momentos especiais que v\u00e3o muito al\u00e9m do contexto profissional.\" \/>\n<meta name=\"robots\" content=\"index, follow, max-snippet:-1, max-image-preview:large, max-video-preview:-1\" \/>\n<link rel=\"canonical\" href=\"https:\/\/www.prooptica.pt\/en\/prooptica-went-to-the-theatre-in-porto\/\" \/>\n<meta property=\"og:locale\" content=\"en_GB\" \/>\n<meta property=\"og:type\" content=\"article\" \/>\n<meta property=\"og:title\" content=\"A Prooptica foi ao Teatro\u2026 no Porto!\" \/>\n<meta property=\"og:description\" content=\"A Prooptica levou os seus clinetes ao teatro. Uma pe\u00e7a divertida que gerou momentos especiais que v\u00e3o muito al\u00e9m do contexto profissional.\" \/>\n<meta property=\"og:url\" content=\"https:\/\/www.prooptica.pt\/en\/prooptica-went-to-the-theatre-in-porto\/\" \/>\n<meta property=\"og:site_name\" content=\"Prooptica\" \/>\n<meta property=\"article:published_time\" content=\"2024-02-22T16:24:01+00:00\" \/>\n<meta property=\"og:image\" content=\"https:\/\/www.prooptica.pt\/wp-content\/uploads\/2024\/02\/Prooptica_Teatro_Porto_blog.jpg\" \/>\n\t<meta property=\"og:image:width\" content=\"854\" \/>\n\t<meta property=\"og:image:height\" content=\"514\" \/>\n\t<meta property=\"og:image:type\" content=\"image\/jpeg\" \/>\n<meta name=\"author\" content=\"admin\" \/>\n<meta name=\"twitter:card\" content=\"summary_large_image\" \/>\n<meta name=\"twitter:label1\" content=\"Written by\" \/>\n\t<meta name=\"twitter:data1\" content=\"admin\" \/>\n\t<meta name=\"twitter:label2\" content=\"Estimated reading time\" \/>\n\t<meta name=\"twitter:data2\" content=\"2 minutes\" \/>\n<script type=\"application\/ld+json\" class=\"yoast-schema-graph\">{\"@context\":\"https:\\\/\\\/schema.org\",\"@graph\":[{\"@type\":\"Article\",\"@id\":\"https:\\\/\\\/www.prooptica.pt\\\/a-prooptica-foi-ao-teatro-no-porto\\\/#article\",\"isPartOf\":{\"@id\":\"https:\\\/\\\/www.prooptica.pt\\\/a-prooptica-foi-ao-teatro-no-porto\\\/\"},\"author\":{\"name\":\"admin\",\"@id\":\"https:\\\/\\\/www.prooptica.pt\\\/home\\\/#\\\/schema\\\/person\\\/1cbd826a9322a3c38a052e43d1638306\"},\"headline\":\"A Prooptica foi ao Teatro\u2026 no Porto!\",\"datePublished\":\"2024-02-22T16:24:01+00:00\",\"mainEntityOfPage\":{\"@id\":\"https:\\\/\\\/www.prooptica.pt\\\/a-prooptica-foi-ao-teatro-no-porto\\\/\"},\"wordCount\":213,\"image\":{\"@id\":\"https:\\\/\\\/www.prooptica.pt\\\/a-prooptica-foi-ao-teatro-no-porto\\\/#primaryimage\"},\"thumbnailUrl\":\"https:\\\/\\\/www.prooptica.pt\\\/wp-content\\\/uploads\\\/2024\\\/02\\\/Prooptica_Teatro_Porto_blog.jpg\",\"articleSection\":[\"Institucional\"],\"inLanguage\":\"en-GB\"},{\"@type\":\"WebPage\",\"@id\":\"https:\\\/\\\/www.prooptica.pt\\\/a-prooptica-foi-ao-teatro-no-porto\\\/\",\"url\":\"https:\\\/\\\/www.prooptica.pt\\\/a-prooptica-foi-ao-teatro-no-porto\\\/\",\"name\":\"A Prooptica foi ao Teatro\u2026 no Porto!\",\"isPartOf\":{\"@id\":\"https:\\\/\\\/www.prooptica.pt\\\/home\\\/#website\"},\"primaryImageOfPage\":{\"@id\":\"https:\\\/\\\/www.prooptica.pt\\\/a-prooptica-foi-ao-teatro-no-porto\\\/#primaryimage\"},\"image\":{\"@id\":\"https:\\\/\\\/www.prooptica.pt\\\/a-prooptica-foi-ao-teatro-no-porto\\\/#primaryimage\"},\"thumbnailUrl\":\"https:\\\/\\\/www.prooptica.pt\\\/wp-content\\\/uploads\\\/2024\\\/02\\\/Prooptica_Teatro_Porto_blog.jpg\",\"datePublished\":\"2024-02-22T16:24:01+00:00\",\"author\":{\"@id\":\"https:\\\/\\\/www.prooptica.pt\\\/home\\\/#\\\/schema\\\/person\\\/1cbd826a9322a3c38a052e43d1638306\"},\"description\":\"A Prooptica levou os seus clinetes ao teatro. Uma pe\u00e7a divertida que gerou momentos especiais que v\u00e3o muito al\u00e9m do contexto profissional.\",\"breadcrumb\":{\"@id\":\"https:\\\/\\\/www.prooptica.pt\\\/a-prooptica-foi-ao-teatro-no-porto\\\/#breadcrumb\"},\"inLanguage\":\"en-GB\",\"potentialAction\":[{\"@type\":\"ReadAction\",\"target\":[\"https:\\\/\\\/www.prooptica.pt\\\/a-prooptica-foi-ao-teatro-no-porto\\\/\"]}]},{\"@type\":\"ImageObject\",\"inLanguage\":\"en-GB\",\"@id\":\"https:\\\/\\\/www.prooptica.pt\\\/a-prooptica-foi-ao-teatro-no-porto\\\/#primaryimage\",\"url\":\"https:\\\/\\\/www.prooptica.pt\\\/wp-content\\\/uploads\\\/2024\\\/02\\\/Prooptica_Teatro_Porto_blog.jpg\",\"contentUrl\":\"https:\\\/\\\/www.prooptica.pt\\\/wp-content\\\/uploads\\\/2024\\\/02\\\/Prooptica_Teatro_Porto_blog.jpg\",\"width\":854,\"height\":514,\"caption\":\"Prooptica_Teatro_Porto_\"},{\"@type\":\"BreadcrumbList\",\"@id\":\"https:\\\/\\\/www.prooptica.pt\\\/a-prooptica-foi-ao-teatro-no-porto\\\/#breadcrumb\",\"itemListElement\":[{\"@type\":\"ListItem\",\"position\":1,\"name\":\"In\u00edcio\",\"item\":\"https:\\\/\\\/www.prooptica.pt\\\/\"},{\"@type\":\"ListItem\",\"position\":2,\"name\":\"A Prooptica foi ao Teatro\u2026 no Porto!\"}]},{\"@type\":\"WebSite\",\"@id\":\"https:\\\/\\\/www.prooptica.pt\\\/home\\\/#website\",\"url\":\"https:\\\/\\\/www.prooptica.pt\\\/home\\\/\",\"name\":\"Prooptica\",\"description\":\"Full Eyewear Concept\",\"potentialAction\":[{\"@type\":\"SearchAction\",\"target\":{\"@type\":\"EntryPoint\",\"urlTemplate\":\"https:\\\/\\\/www.prooptica.pt\\\/home\\\/?s={search_term_string}\"},\"query-input\":{\"@type\":\"PropertyValueSpecification\",\"valueRequired\":true,\"valueName\":\"search_term_string\"}}],\"inLanguage\":\"en-GB\"},{\"@type\":\"Person\",\"@id\":\"https:\\\/\\\/www.prooptica.pt\\\/home\\\/#\\\/schema\\\/person\\\/1cbd826a9322a3c38a052e43d1638306\",\"name\":\"admin\",\"image\":{\"@type\":\"ImageObject\",\"inLanguage\":\"en-GB\",\"@id\":\"https:\\\/\\\/secure.gravatar.com\\\/avatar\\\/528c714482569d81724b02603aa719344e9ad7c0b50becf07272b2086b2c1cfd?s=96&d=mm&r=g\",\"url\":\"https:\\\/\\\/secure.gravatar.com\\\/avatar\\\/528c714482569d81724b02603aa719344e9ad7c0b50becf07272b2086b2c1cfd?s=96&d=mm&r=g\",\"contentUrl\":\"https:\\\/\\\/secure.gravatar.com\\\/avatar\\\/528c714482569d81724b02603aa719344e9ad7c0b50becf07272b2086b2c1cfd?s=96&d=mm&r=g\",\"caption\":\"admin\"},\"url\":\"https:\\\/\\\/www.prooptica.pt\\\/en\\\/author\\\/admin\\\/\"}]}<\/script>\n<!-- \/ Yoast SEO plugin. -->","yoast_head_json":{"title":"Prooptica went to the theatre... in Porto!","description":"Prooptica took its clinetes to the theatre. A fun play that generated special moments that go far beyond the professional context.","robots":{"index":"index","follow":"follow","max-snippet":"max-snippet:-1","max-image-preview":"max-image-preview:large","max-video-preview":"max-video-preview:-1"},"canonical":"https:\/\/www.prooptica.pt\/en\/prooptica-went-to-the-theatre-in-porto\/","og_locale":"en_GB","og_type":"article","og_title":"A Prooptica foi ao Teatro\u2026 no Porto!","og_description":"A Prooptica levou os seus clinetes ao teatro. Uma pe\u00e7a divertida que gerou momentos especiais que v\u00e3o muito al\u00e9m do contexto profissional.","og_url":"https:\/\/www.prooptica.pt\/en\/prooptica-went-to-the-theatre-in-porto\/","og_site_name":"Prooptica","article_published_time":"2024-02-22T16:24:01+00:00","og_image":[{"width":854,"height":514,"url":"https:\/\/www.prooptica.pt\/wp-content\/uploads\/2024\/02\/Prooptica_Teatro_Porto_blog.jpg","type":"image\/jpeg"}],"author":"admin","twitter_card":"summary_large_image","twitter_misc":{"Written by":"admin","Estimated reading time":"2 minutes"},"schema":{"@context":"https:\/\/schema.org","@graph":[{"@type":"Article","@id":"https:\/\/www.prooptica.pt\/a-prooptica-foi-ao-teatro-no-porto\/#article","isPartOf":{"@id":"https:\/\/www.prooptica.pt\/a-prooptica-foi-ao-teatro-no-porto\/"},"author":{"name":"admin","@id":"https:\/\/www.prooptica.pt\/home\/#\/schema\/person\/1cbd826a9322a3c38a052e43d1638306"},"headline":"A Prooptica foi ao Teatro\u2026 no Porto!","datePublished":"2024-02-22T16:24:01+00:00","mainEntityOfPage":{"@id":"https:\/\/www.prooptica.pt\/a-prooptica-foi-ao-teatro-no-porto\/"},"wordCount":213,"image":{"@id":"https:\/\/www.prooptica.pt\/a-prooptica-foi-ao-teatro-no-porto\/#primaryimage"},"thumbnailUrl":"https:\/\/www.prooptica.pt\/wp-content\/uploads\/2024\/02\/Prooptica_Teatro_Porto_blog.jpg","articleSection":["Institucional"],"inLanguage":"en-GB"},{"@type":"WebPage","@id":"https:\/\/www.prooptica.pt\/a-prooptica-foi-ao-teatro-no-porto\/","url":"https:\/\/www.prooptica.pt\/a-prooptica-foi-ao-teatro-no-porto\/","name":"Prooptica went to the theatre... in Porto!","isPartOf":{"@id":"https:\/\/www.prooptica.pt\/home\/#website"},"primaryImageOfPage":{"@id":"https:\/\/www.prooptica.pt\/a-prooptica-foi-ao-teatro-no-porto\/#primaryimage"},"image":{"@id":"https:\/\/www.prooptica.pt\/a-prooptica-foi-ao-teatro-no-porto\/#primaryimage"},"thumbnailUrl":"https:\/\/www.prooptica.pt\/wp-content\/uploads\/2024\/02\/Prooptica_Teatro_Porto_blog.jpg","datePublished":"2024-02-22T16:24:01+00:00","author":{"@id":"https:\/\/www.prooptica.pt\/home\/#\/schema\/person\/1cbd826a9322a3c38a052e43d1638306"},"description":"Prooptica took its clinetes to the theatre. A fun play that generated special moments that go far beyond the professional context.","breadcrumb":{"@id":"https:\/\/www.prooptica.pt\/a-prooptica-foi-ao-teatro-no-porto\/#breadcrumb"},"inLanguage":"en-GB","potentialAction":[{"@type":"ReadAction","target":["https:\/\/www.prooptica.pt\/a-prooptica-foi-ao-teatro-no-porto\/"]}]},{"@type":"ImageObject","inLanguage":"en-GB","@id":"https:\/\/www.prooptica.pt\/a-prooptica-foi-ao-teatro-no-porto\/#primaryimage","url":"https:\/\/www.prooptica.pt\/wp-content\/uploads\/2024\/02\/Prooptica_Teatro_Porto_blog.jpg","contentUrl":"https:\/\/www.prooptica.pt\/wp-content\/uploads\/2024\/02\/Prooptica_Teatro_Porto_blog.jpg","width":854,"height":514,"caption":"Prooptica_Teatro_Porto_"},{"@type":"BreadcrumbList","@id":"https:\/\/www.prooptica.pt\/a-prooptica-foi-ao-teatro-no-porto\/#breadcrumb","itemListElement":[{"@type":"ListItem","position":1,"name":"In\u00edcio","item":"https:\/\/www.prooptica.pt\/"},{"@type":"ListItem","position":2,"name":"A Prooptica foi ao Teatro\u2026 no Porto!"}]},{"@type":"WebSite","@id":"https:\/\/www.prooptica.pt\/home\/#website","url":"https:\/\/www.prooptica.pt\/home\/","name":"Prooptica","description":"Full Eyewear Concept","potentialAction":[{"@type":"SearchAction","target":{"@type":"EntryPoint","urlTemplate":"https:\/\/www.prooptica.pt\/home\/?s={search_term_string}"},"query-input":{"@type":"PropertyValueSpecification","valueRequired":true,"valueName":"search_term_string"}}],"inLanguage":"en-GB"},{"@type":"Person","@id":"https:\/\/www.prooptica.pt\/home\/#\/schema\/person\/1cbd826a9322a3c38a052e43d1638306","name":"admin","image":{"@type":"ImageObject","inLanguage":"en-GB","@id":"https:\/\/secure.gravatar.com\/avatar\/528c714482569d81724b02603aa719344e9ad7c0b50becf07272b2086b2c1cfd?s=96&d=mm&r=g","url":"https:\/\/secure.gravatar.com\/avatar\/528c714482569d81724b02603aa719344e9ad7c0b50becf07272b2086b2c1cfd?s=96&d=mm&r=g","contentUrl":"https:\/\/secure.gravatar.com\/avatar\/528c714482569d81724b02603aa719344e9ad7c0b50becf07272b2086b2c1cfd?s=96&d=mm&r=g","caption":"admin"},"url":"https:\/\/www.prooptica.pt\/en\/author\/admin\/"}]}},"_links":{"self":[{"href":"https:\/\/www.prooptica.pt\/en\/wp-json\/wp\/v2\/posts\/18956","targetHints":{"allow":["GET"]}}],"collection":[{"href":"https:\/\/www.prooptica.pt\/en\/wp-json\/wp\/v2\/posts"}],"about":[{"href":"https:\/\/www.prooptica.pt\/en\/wp-json\/wp\/v2\/types\/post"}],"author":[{"embeddable":true,"href":"https:\/\/www.prooptica.pt\/en\/wp-json\/wp\/v2\/users\/2"}],"replies":[{"embeddable":true,"href":"https:\/\/www.prooptica.pt\/en\/wp-json\/wp\/v2\/comments?post=18956"}],"version-history":[{"count":1,"href":"https:\/\/www.prooptica.pt\/en\/wp-json\/wp\/v2\/posts\/18956\/revisions"}],"predecessor-version":[{"id":18958,"href":"https:\/\/www.prooptica.pt\/en\/wp-json\/wp\/v2\/posts\/18956\/revisions\/18958"}],"wp:featuredmedia":[{"embeddable":true,"href":"https:\/\/www.prooptica.pt\/en\/wp-json\/wp\/v2\/media\/18957"}],"wp:attachment":[{"href":"https:\/\/www.prooptica.pt\/en\/wp-json\/wp\/v2\/media?parent=18956"}],"wp:term":[{"taxonomy":"category","embeddable":true,"href":"https:\/\/www.prooptica.pt\/en\/wp-json\/wp\/v2\/categories?post=18956"},{"taxonomy":"post_tag","embeddable":true,"href":"https:\/\/www.prooptica.pt\/en\/wp-json\/wp\/v2\/tags?post=18956"}],"curies":[{"name":"wp","href":"https:\/\/api.w.org\/{rel}","templated":true}]}}