{"id":19108,"date":"2024-03-08T17:59:08","date_gmt":"2024-03-08T17:59:08","guid":{"rendered":"https:\/\/www.prooptica.pt\/?p=19108"},"modified":"2024-03-08T22:58:40","modified_gmt":"2024-03-08T22:58:40","slug":"8-march-international-womens-day","status":"publish","type":"post","link":"https:\/\/www.prooptica.pt\/en\/dia-8-de-marco-dia-internacional-da-mulher\/","title":{"rendered":"8th March | International Women's Day at PRO\u00d3PTICA"},"content":{"rendered":"<p>On International Women's Day, we emphasise the importance of promoting gender equality every day, a principle that Prooptica has followed since it was founded 31 years ago.<\/p>\n<p>Prooptica stands out for its culture of equality, where equal gender representation and valuing talent regardless of gender are fundamental pillars. Women enjoy equal career progression opportunities, take on leadership positions and participate in strategic decisions, reflecting the company's commitment to a fair and inclusive working environment.<\/p>\n<p>Today we celebrate not only advances in gender equality, but also companies like Prooptica that are fighting for a more equitable future. We believe that together we can build a world where equal opportunities are a reality for everyone, contributing to a more diverse and innovative business environment.<\/p>\n<p>All the women who share the Prooptica project are talented, resilient, intelligent and independent. They value equality, opportunity, respect and decisiveness. To pay tribute to them, we have prepared a Brunch on this special day, so that they can enjoy quality time in good company.<\/p>\n<p><strong>Happy International Women's Day, a day to recognise, celebrate and renew our collective commitment to gender equality.<\/strong><\/p>","protected":false},"excerpt":{"rendered":"<p>No Dia Internacional da Mulher, real\u00e7amos a import\u00e2ncia de promover a igualdade de g\u00e9nero todos os dias, um princ\u00edpio que a Prooptica segue desde a sua funda\u00e7\u00e3o, h\u00e1 31 anos. A Prooptica destaca-se pela sua cultura de igualdade, onde a representa\u00e7\u00e3o equitativa de g\u00e9neros e a valoriza\u00e7\u00e3o do talento independentemente do sexo, s\u00e3o pilares fundamentais. [&hellip;]<\/p>\n","protected":false},"author":2,"featured_media":19111,"comment_status":"closed","ping_status":"closed","sticky":false,"template":"","format":"standard","meta":{"footnotes":""},"categories":[195],"tags":[],"class_list":["post-19108","post","type-post","status-publish","format-standard","has-post-thumbnail","hentry","category-institucional"],"yoast_head":"<!-- This site is optimized with the Yoast SEO plugin v27.4 - https:\/\/yoast.com\/product\/yoast-seo-wordpress\/ -->\n<title>Dia 8 de Mar\u00e7o - Dia Internacional da Mulher<\/title>\n<meta name=\"description\" content=\"Todas as mulheres que partilham o projeto Prooptica s\u00e3o talentosas, resilientes, inteligentes e independentes.\" \/>\n<meta name=\"robots\" content=\"index, follow, max-snippet:-1, max-image-preview:large, max-video-preview:-1\" \/>\n<link rel=\"canonical\" href=\"https:\/\/www.prooptica.pt\/en\/8-march-international-womens-day\/\" \/>\n<meta property=\"og:locale\" content=\"en_GB\" \/>\n<meta property=\"og:type\" content=\"article\" \/>\n<meta property=\"og:title\" content=\"Dia 8 de Mar\u00e7o - Dia Internacional da Mulher\" \/>\n<meta property=\"og:description\" content=\"Todas as mulheres que partilham o projeto Prooptica s\u00e3o talentosas, resilientes, inteligentes e independentes.\" \/>\n<meta property=\"og:url\" content=\"https:\/\/www.prooptica.pt\/en\/8-march-international-womens-day\/\" \/>\n<meta property=\"og:site_name\" content=\"Prooptica\" \/>\n<meta property=\"article:published_time\" content=\"2024-03-08T17:59:08+00:00\" \/>\n<meta property=\"article:modified_time\" content=\"2024-03-08T22:58:40+00:00\" \/>\n<meta property=\"og:image\" content=\"https:\/\/www.prooptica.pt\/wp-content\/uploads\/2024\/03\/Lanidor-Jan2024-4-1024x858.png\" \/>\n\t<meta property=\"og:image:width\" content=\"1024\" \/>\n\t<meta property=\"og:image:height\" content=\"858\" \/>\n\t<meta property=\"og:image:type\" content=\"image\/png\" \/>\n<meta name=\"author\" content=\"admin\" \/>\n<meta name=\"twitter:card\" content=\"summary_large_image\" \/>\n<meta name=\"twitter:label1\" content=\"Written by\" \/>\n\t<meta name=\"twitter:data1\" content=\"admin\" \/>\n\t<meta name=\"twitter:label2\" content=\"Estimated reading time\" \/>\n\t<meta name=\"twitter:data2\" content=\"2 minutes\" \/>\n<script type=\"application\/ld+json\" class=\"yoast-schema-graph\">{\"@context\":\"https:\\\/\\\/schema.org\",\"@graph\":[{\"@type\":\"Article\",\"@id\":\"https:\\\/\\\/www.prooptica.pt\\\/dia-8-de-marco-dia-internacional-da-mulher\\\/#article\",\"isPartOf\":{\"@id\":\"https:\\\/\\\/www.prooptica.pt\\\/dia-8-de-marco-dia-internacional-da-mulher\\\/\"},\"author\":{\"name\":\"admin\",\"@id\":\"https:\\\/\\\/www.prooptica.pt\\\/home\\\/#\\\/schema\\\/person\\\/1cbd826a9322a3c38a052e43d1638306\"},\"headline\":\"Dia 8 de Mar\u00e7o | Dia Internacional da Mulher na PRO\u00d3PTICA\",\"datePublished\":\"2024-03-08T17:59:08+00:00\",\"dateModified\":\"2024-03-08T22:58:40+00:00\",\"mainEntityOfPage\":{\"@id\":\"https:\\\/\\\/www.prooptica.pt\\\/dia-8-de-marco-dia-internacional-da-mulher\\\/\"},\"wordCount\":236,\"image\":{\"@id\":\"https:\\\/\\\/www.prooptica.pt\\\/dia-8-de-marco-dia-internacional-da-mulher\\\/#primaryimage\"},\"thumbnailUrl\":\"https:\\\/\\\/www.prooptica.pt\\\/wp-content\\\/uploads\\\/2024\\\/03\\\/Lanidor-Jan2024-4.png\",\"articleSection\":[\"Institucional\"],\"inLanguage\":\"en-GB\"},{\"@type\":\"WebPage\",\"@id\":\"https:\\\/\\\/www.prooptica.pt\\\/dia-8-de-marco-dia-internacional-da-mulher\\\/\",\"url\":\"https:\\\/\\\/www.prooptica.pt\\\/dia-8-de-marco-dia-internacional-da-mulher\\\/\",\"name\":\"Dia 8 de Mar\u00e7o - Dia Internacional da Mulher\",\"isPartOf\":{\"@id\":\"https:\\\/\\\/www.prooptica.pt\\\/home\\\/#website\"},\"primaryImageOfPage\":{\"@id\":\"https:\\\/\\\/www.prooptica.pt\\\/dia-8-de-marco-dia-internacional-da-mulher\\\/#primaryimage\"},\"image\":{\"@id\":\"https:\\\/\\\/www.prooptica.pt\\\/dia-8-de-marco-dia-internacional-da-mulher\\\/#primaryimage\"},\"thumbnailUrl\":\"https:\\\/\\\/www.prooptica.pt\\\/wp-content\\\/uploads\\\/2024\\\/03\\\/Lanidor-Jan2024-4.png\",\"datePublished\":\"2024-03-08T17:59:08+00:00\",\"dateModified\":\"2024-03-08T22:58:40+00:00\",\"author\":{\"@id\":\"https:\\\/\\\/www.prooptica.pt\\\/home\\\/#\\\/schema\\\/person\\\/1cbd826a9322a3c38a052e43d1638306\"},\"description\":\"Todas as mulheres que partilham o projeto Prooptica s\u00e3o talentosas, resilientes, inteligentes e independentes.\",\"breadcrumb\":{\"@id\":\"https:\\\/\\\/www.prooptica.pt\\\/dia-8-de-marco-dia-internacional-da-mulher\\\/#breadcrumb\"},\"inLanguage\":\"en-GB\",\"potentialAction\":[{\"@type\":\"ReadAction\",\"target\":[\"https:\\\/\\\/www.prooptica.pt\\\/dia-8-de-marco-dia-internacional-da-mulher\\\/\"]}]},{\"@type\":\"ImageObject\",\"inLanguage\":\"en-GB\",\"@id\":\"https:\\\/\\\/www.prooptica.pt\\\/dia-8-de-marco-dia-internacional-da-mulher\\\/#primaryimage\",\"url\":\"https:\\\/\\\/www.prooptica.pt\\\/wp-content\\\/uploads\\\/2024\\\/03\\\/Lanidor-Jan2024-4.png\",\"contentUrl\":\"https:\\\/\\\/www.prooptica.pt\\\/wp-content\\\/uploads\\\/2024\\\/03\\\/Lanidor-Jan2024-4.png\",\"width\":2938,\"height\":2463},{\"@type\":\"BreadcrumbList\",\"@id\":\"https:\\\/\\\/www.prooptica.pt\\\/dia-8-de-marco-dia-internacional-da-mulher\\\/#breadcrumb\",\"itemListElement\":[{\"@type\":\"ListItem\",\"position\":1,\"name\":\"In\u00edcio\",\"item\":\"https:\\\/\\\/www.prooptica.pt\\\/\"},{\"@type\":\"ListItem\",\"position\":2,\"name\":\"Dia 8 de Mar\u00e7o | Dia Internacional da Mulher na PRO\u00d3PTICA\"}]},{\"@type\":\"WebSite\",\"@id\":\"https:\\\/\\\/www.prooptica.pt\\\/home\\\/#website\",\"url\":\"https:\\\/\\\/www.prooptica.pt\\\/home\\\/\",\"name\":\"Prooptica\",\"description\":\"Full Eyewear Concept\",\"potentialAction\":[{\"@type\":\"SearchAction\",\"target\":{\"@type\":\"EntryPoint\",\"urlTemplate\":\"https:\\\/\\\/www.prooptica.pt\\\/home\\\/?s={search_term_string}\"},\"query-input\":{\"@type\":\"PropertyValueSpecification\",\"valueRequired\":true,\"valueName\":\"search_term_string\"}}],\"inLanguage\":\"en-GB\"},{\"@type\":\"Person\",\"@id\":\"https:\\\/\\\/www.prooptica.pt\\\/home\\\/#\\\/schema\\\/person\\\/1cbd826a9322a3c38a052e43d1638306\",\"name\":\"admin\",\"image\":{\"@type\":\"ImageObject\",\"inLanguage\":\"en-GB\",\"@id\":\"https:\\\/\\\/secure.gravatar.com\\\/avatar\\\/528c714482569d81724b02603aa719344e9ad7c0b50becf07272b2086b2c1cfd?s=96&d=mm&r=g\",\"url\":\"https:\\\/\\\/secure.gravatar.com\\\/avatar\\\/528c714482569d81724b02603aa719344e9ad7c0b50becf07272b2086b2c1cfd?s=96&d=mm&r=g\",\"contentUrl\":\"https:\\\/\\\/secure.gravatar.com\\\/avatar\\\/528c714482569d81724b02603aa719344e9ad7c0b50becf07272b2086b2c1cfd?s=96&d=mm&r=g\",\"caption\":\"admin\"},\"url\":\"https:\\\/\\\/www.prooptica.pt\\\/en\\\/author\\\/admin\\\/\"}]}<\/script>\n<!-- \/ Yoast SEO plugin. -->","yoast_head_json":{"title":"8th March - International Women's Day","description":"All the women who share the Prooptica project are talented, resilient, intelligent and independent.","robots":{"index":"index","follow":"follow","max-snippet":"max-snippet:-1","max-image-preview":"max-image-preview:large","max-video-preview":"max-video-preview:-1"},"canonical":"https:\/\/www.prooptica.pt\/en\/8-march-international-womens-day\/","og_locale":"en_GB","og_type":"article","og_title":"Dia 8 de Mar\u00e7o - Dia Internacional da Mulher","og_description":"Todas as mulheres que partilham o projeto Prooptica s\u00e3o talentosas, resilientes, inteligentes e independentes.","og_url":"https:\/\/www.prooptica.pt\/en\/8-march-international-womens-day\/","og_site_name":"Prooptica","article_published_time":"2024-03-08T17:59:08+00:00","article_modified_time":"2024-03-08T22:58:40+00:00","og_image":[{"width":1024,"height":858,"url":"https:\/\/www.prooptica.pt\/wp-content\/uploads\/2024\/03\/Lanidor-Jan2024-4-1024x858.png","type":"image\/png"}],"author":"admin","twitter_card":"summary_large_image","twitter_misc":{"Written by":"admin","Estimated reading time":"2 minutes"},"schema":{"@context":"https:\/\/schema.org","@graph":[{"@type":"Article","@id":"https:\/\/www.prooptica.pt\/dia-8-de-marco-dia-internacional-da-mulher\/#article","isPartOf":{"@id":"https:\/\/www.prooptica.pt\/dia-8-de-marco-dia-internacional-da-mulher\/"},"author":{"name":"admin","@id":"https:\/\/www.prooptica.pt\/home\/#\/schema\/person\/1cbd826a9322a3c38a052e43d1638306"},"headline":"Dia 8 de Mar\u00e7o | Dia Internacional da Mulher na PRO\u00d3PTICA","datePublished":"2024-03-08T17:59:08+00:00","dateModified":"2024-03-08T22:58:40+00:00","mainEntityOfPage":{"@id":"https:\/\/www.prooptica.pt\/dia-8-de-marco-dia-internacional-da-mulher\/"},"wordCount":236,"image":{"@id":"https:\/\/www.prooptica.pt\/dia-8-de-marco-dia-internacional-da-mulher\/#primaryimage"},"thumbnailUrl":"https:\/\/www.prooptica.pt\/wp-content\/uploads\/2024\/03\/Lanidor-Jan2024-4.png","articleSection":["Institucional"],"inLanguage":"en-GB"},{"@type":"WebPage","@id":"https:\/\/www.prooptica.pt\/dia-8-de-marco-dia-internacional-da-mulher\/","url":"https:\/\/www.prooptica.pt\/dia-8-de-marco-dia-internacional-da-mulher\/","name":"8th March - International Women's Day","isPartOf":{"@id":"https:\/\/www.prooptica.pt\/home\/#website"},"primaryImageOfPage":{"@id":"https:\/\/www.prooptica.pt\/dia-8-de-marco-dia-internacional-da-mulher\/#primaryimage"},"image":{"@id":"https:\/\/www.prooptica.pt\/dia-8-de-marco-dia-internacional-da-mulher\/#primaryimage"},"thumbnailUrl":"https:\/\/www.prooptica.pt\/wp-content\/uploads\/2024\/03\/Lanidor-Jan2024-4.png","datePublished":"2024-03-08T17:59:08+00:00","dateModified":"2024-03-08T22:58:40+00:00","author":{"@id":"https:\/\/www.prooptica.pt\/home\/#\/schema\/person\/1cbd826a9322a3c38a052e43d1638306"},"description":"All the women who share the Prooptica project are talented, resilient, intelligent and independent.","breadcrumb":{"@id":"https:\/\/www.prooptica.pt\/dia-8-de-marco-dia-internacional-da-mulher\/#breadcrumb"},"inLanguage":"en-GB","potentialAction":[{"@type":"ReadAction","target":["https:\/\/www.prooptica.pt\/dia-8-de-marco-dia-internacional-da-mulher\/"]}]},{"@type":"ImageObject","inLanguage":"en-GB","@id":"https:\/\/www.prooptica.pt\/dia-8-de-marco-dia-internacional-da-mulher\/#primaryimage","url":"https:\/\/www.prooptica.pt\/wp-content\/uploads\/2024\/03\/Lanidor-Jan2024-4.png","contentUrl":"https:\/\/www.prooptica.pt\/wp-content\/uploads\/2024\/03\/Lanidor-Jan2024-4.png","width":2938,"height":2463},{"@type":"BreadcrumbList","@id":"https:\/\/www.prooptica.pt\/dia-8-de-marco-dia-internacional-da-mulher\/#breadcrumb","itemListElement":[{"@type":"ListItem","position":1,"name":"In\u00edcio","item":"https:\/\/www.prooptica.pt\/"},{"@type":"ListItem","position":2,"name":"Dia 8 de Mar\u00e7o | Dia Internacional da Mulher na PRO\u00d3PTICA"}]},{"@type":"WebSite","@id":"https:\/\/www.prooptica.pt\/home\/#website","url":"https:\/\/www.prooptica.pt\/home\/","name":"Prooptica","description":"Full Eyewear Concept","potentialAction":[{"@type":"SearchAction","target":{"@type":"EntryPoint","urlTemplate":"https:\/\/www.prooptica.pt\/home\/?s={search_term_string}"},"query-input":{"@type":"PropertyValueSpecification","valueRequired":true,"valueName":"search_term_string"}}],"inLanguage":"en-GB"},{"@type":"Person","@id":"https:\/\/www.prooptica.pt\/home\/#\/schema\/person\/1cbd826a9322a3c38a052e43d1638306","name":"admin","image":{"@type":"ImageObject","inLanguage":"en-GB","@id":"https:\/\/secure.gravatar.com\/avatar\/528c714482569d81724b02603aa719344e9ad7c0b50becf07272b2086b2c1cfd?s=96&d=mm&r=g","url":"https:\/\/secure.gravatar.com\/avatar\/528c714482569d81724b02603aa719344e9ad7c0b50becf07272b2086b2c1cfd?s=96&d=mm&r=g","contentUrl":"https:\/\/secure.gravatar.com\/avatar\/528c714482569d81724b02603aa719344e9ad7c0b50becf07272b2086b2c1cfd?s=96&d=mm&r=g","caption":"admin"},"url":"https:\/\/www.prooptica.pt\/en\/author\/admin\/"}]}},"_links":{"self":[{"href":"https:\/\/www.prooptica.pt\/en\/wp-json\/wp\/v2\/posts\/19108","targetHints":{"allow":["GET"]}}],"collection":[{"href":"https:\/\/www.prooptica.pt\/en\/wp-json\/wp\/v2\/posts"}],"about":[{"href":"https:\/\/www.prooptica.pt\/en\/wp-json\/wp\/v2\/types\/post"}],"author":[{"embeddable":true,"href":"https:\/\/www.prooptica.pt\/en\/wp-json\/wp\/v2\/users\/2"}],"replies":[{"embeddable":true,"href":"https:\/\/www.prooptica.pt\/en\/wp-json\/wp\/v2\/comments?post=19108"}],"version-history":[{"count":6,"href":"https:\/\/www.prooptica.pt\/en\/wp-json\/wp\/v2\/posts\/19108\/revisions"}],"predecessor-version":[{"id":19119,"href":"https:\/\/www.prooptica.pt\/en\/wp-json\/wp\/v2\/posts\/19108\/revisions\/19119"}],"wp:featuredmedia":[{"embeddable":true,"href":"https:\/\/www.prooptica.pt\/en\/wp-json\/wp\/v2\/media\/19111"}],"wp:attachment":[{"href":"https:\/\/www.prooptica.pt\/en\/wp-json\/wp\/v2\/media?parent=19108"}],"wp:term":[{"taxonomy":"category","embeddable":true,"href":"https:\/\/www.prooptica.pt\/en\/wp-json\/wp\/v2\/categories?post=19108"},{"taxonomy":"post_tag","embeddable":true,"href":"https:\/\/www.prooptica.pt\/en\/wp-json\/wp\/v2\/tags?post=19108"}],"curies":[{"name":"wp","href":"https:\/\/api.w.org\/{rel}","templated":true}]}}