{"id":19223,"date":"2024-03-15T21:54:56","date_gmt":"2024-03-15T21:54:56","guid":{"rendered":"https:\/\/www.prooptica.pt\/?p=19223"},"modified":"2024-03-18T17:32:42","modified_gmt":"2024-03-18T17:32:42","slug":"nuxe-new-eyewear-collection","status":"publish","type":"post","link":"https:\/\/www.prooptica.pt\/en\/nuxe-nova-colecao-eyewear\/","title":{"rendered":"NUXE | Captures attention and awakens the senses"},"content":{"rendered":"<p>Founded in 1990 in a small Parisian laboratory, NUXE has emerged as an internationally renowned French beauty brand, now present in around 60 countries.<\/p>\n<p>In 2024, Nuxe Eyewear joined Prooptica's portfolio of international brands to stand out in the premium segment, with special relevance to the female audience.<\/p>\n<p>Attentive to women's needs and guided by its own instincts, NUXE combines formulas inspired by nature with the innovations of science, while awakening the senses.<\/p>\n<p>The NUXE Eyewear collection is a reflection of the brand's values, inspired by its involvement with nature and the scent of plants and flowers, which quickly envelops us and awakens our senses.<\/p>\n<p>A very feminine collection, with harmonious shapes that take us back to the beauty of flowers and their soft colours, such as pink, honey and green.<\/p>\n<p>The oil drop detail on the tips adds the finishing touch to this collection, where you can feel the passion for fragrances and the connection with nature in the design of every detail.<\/p>\n<p>Let yourself be surprised by this new collection that promises to capture your attention and awaken your senses.<\/p>\n<p><img fetchpriority=\"high\" decoding=\"async\" class=\"aligncenter wp-image-18997 size-large\" src=\"https:\/\/www.prooptica.pt\/wp-content\/uploads\/2024\/03\/Nuxe_1-2-1024x1024.jpg\" alt=\"\" width=\"1024\" height=\"1024\" srcset=\"https:\/\/www.prooptica.pt\/wp-content\/uploads\/2024\/03\/Nuxe_1-2-1024x1024.jpg 1024w, https:\/\/www.prooptica.pt\/wp-content\/uploads\/2024\/03\/Nuxe_1-2-300x300.jpg 300w, https:\/\/www.prooptica.pt\/wp-content\/uploads\/2024\/03\/Nuxe_1-2-150x150.jpg 150w, https:\/\/www.prooptica.pt\/wp-content\/uploads\/2024\/03\/Nuxe_1-2-768x768.jpg 768w, https:\/\/www.prooptica.pt\/wp-content\/uploads\/2024\/03\/Nuxe_1-2-720x720.jpg 720w, https:\/\/www.prooptica.pt\/wp-content\/uploads\/2024\/03\/Nuxe_1-2.jpg 1080w\" sizes=\"(max-width: 1024px) 100vw, 1024px\" \/><\/p>\n<p>&nbsp;<\/p>","protected":false},"excerpt":{"rendered":"<p>Fundada em 1990 num pequeno laborat\u00f3rio parisiense, a NUXE emergiu como uma marca de beleza francesa de renome internacional, atualmente presente em cerca de 60 pa\u00edses. Em 2024, a Nuxe Eyewear uniu-se ao portf\u00f3lio de marcas internacionais da Prooptica, para se destacar no segmento Premium, com especial relev\u00e2ncia para o p\u00fablico feminino. Atenta \u00e0s necessidades [&hellip;]<\/p>\n","protected":false},"author":2,"featured_media":19229,"comment_status":"closed","ping_status":"closed","sticky":false,"template":"","format":"standard","meta":{"footnotes":""},"categories":[189],"tags":[],"class_list":["post-19223","post","type-post","status-publish","format-standard","has-post-thumbnail","hentry","category-oculos"],"yoast_head":"<!-- This site is optimized with the Yoast SEO plugin v27.5 - https:\/\/yoast.com\/product\/yoast-seo-wordpress\/ -->\n<title>Nuxe | Nova cole\u00e7\u00e3o Eyewear<\/title>\n<meta name=\"description\" content=\"A Nuxe Eyewear uniu-se ao portf\u00f3lio de marcas internacionais da Prooptica, para se destacar no segmento Premium, com especial relev\u00e2ncia para o p\u00fablico feminino.\" \/>\n<meta name=\"robots\" content=\"index, follow, max-snippet:-1, max-image-preview:large, max-video-preview:-1\" \/>\n<link rel=\"canonical\" href=\"https:\/\/www.prooptica.pt\/en\/nuxe-new-eyewear-collection\/\" \/>\n<meta property=\"og:locale\" content=\"en_GB\" \/>\n<meta property=\"og:type\" content=\"article\" \/>\n<meta property=\"og:title\" content=\"Nuxe | Nova cole\u00e7\u00e3o Eyewear\" \/>\n<meta property=\"og:description\" content=\"A Nuxe Eyewear uniu-se ao portf\u00f3lio de marcas internacionais da Prooptica, para se destacar no segmento Premium, com especial relev\u00e2ncia para o p\u00fablico feminino.\" \/>\n<meta property=\"og:url\" content=\"https:\/\/www.prooptica.pt\/en\/nuxe-new-eyewear-collection\/\" \/>\n<meta property=\"og:site_name\" content=\"Prooptica\" \/>\n<meta property=\"article:published_time\" content=\"2024-03-15T21:54:56+00:00\" \/>\n<meta property=\"article:modified_time\" content=\"2024-03-18T17:32:42+00:00\" \/>\n<meta property=\"og:image\" content=\"https:\/\/www.prooptica.pt\/wp-content\/uploads\/2024\/03\/Capa-artigo-blog_NUXE.jpg\" \/>\n\t<meta property=\"og:image:width\" content=\"854\" \/>\n\t<meta property=\"og:image:height\" content=\"514\" \/>\n\t<meta property=\"og:image:type\" content=\"image\/jpeg\" \/>\n<meta name=\"author\" content=\"admin\" \/>\n<meta name=\"twitter:card\" content=\"summary_large_image\" \/>\n<meta name=\"twitter:label1\" content=\"Written by\" \/>\n\t<meta name=\"twitter:data1\" content=\"admin\" \/>\n\t<meta name=\"twitter:label2\" content=\"Estimated reading time\" \/>\n\t<meta name=\"twitter:data2\" content=\"2 minutes\" \/>\n<script type=\"application\/ld+json\" class=\"yoast-schema-graph\">{\"@context\":\"https:\\\/\\\/schema.org\",\"@graph\":[{\"@type\":\"Article\",\"@id\":\"https:\\\/\\\/www.prooptica.pt\\\/nuxe-nova-colecao-eyewear\\\/#article\",\"isPartOf\":{\"@id\":\"https:\\\/\\\/www.prooptica.pt\\\/nuxe-nova-colecao-eyewear\\\/\"},\"author\":{\"name\":\"admin\",\"@id\":\"https:\\\/\\\/www.prooptica.pt\\\/home\\\/#\\\/schema\\\/person\\\/1cbd826a9322a3c38a052e43d1638306\"},\"headline\":\"NUXE | Capta a aten\u00e7\u00e3o e desperta os sentidos\",\"datePublished\":\"2024-03-15T21:54:56+00:00\",\"dateModified\":\"2024-03-18T17:32:42+00:00\",\"mainEntityOfPage\":{\"@id\":\"https:\\\/\\\/www.prooptica.pt\\\/nuxe-nova-colecao-eyewear\\\/\"},\"wordCount\":214,\"image\":{\"@id\":\"https:\\\/\\\/www.prooptica.pt\\\/nuxe-nova-colecao-eyewear\\\/#primaryimage\"},\"thumbnailUrl\":\"https:\\\/\\\/www.prooptica.pt\\\/wp-content\\\/uploads\\\/2024\\\/03\\\/Capa-artigo-blog_NUXE.jpg\",\"articleSection\":[\"\u00d3culos\"],\"inLanguage\":\"en-GB\"},{\"@type\":\"WebPage\",\"@id\":\"https:\\\/\\\/www.prooptica.pt\\\/nuxe-nova-colecao-eyewear\\\/\",\"url\":\"https:\\\/\\\/www.prooptica.pt\\\/nuxe-nova-colecao-eyewear\\\/\",\"name\":\"Nuxe | Nova cole\u00e7\u00e3o Eyewear\",\"isPartOf\":{\"@id\":\"https:\\\/\\\/www.prooptica.pt\\\/home\\\/#website\"},\"primaryImageOfPage\":{\"@id\":\"https:\\\/\\\/www.prooptica.pt\\\/nuxe-nova-colecao-eyewear\\\/#primaryimage\"},\"image\":{\"@id\":\"https:\\\/\\\/www.prooptica.pt\\\/nuxe-nova-colecao-eyewear\\\/#primaryimage\"},\"thumbnailUrl\":\"https:\\\/\\\/www.prooptica.pt\\\/wp-content\\\/uploads\\\/2024\\\/03\\\/Capa-artigo-blog_NUXE.jpg\",\"datePublished\":\"2024-03-15T21:54:56+00:00\",\"dateModified\":\"2024-03-18T17:32:42+00:00\",\"author\":{\"@id\":\"https:\\\/\\\/www.prooptica.pt\\\/home\\\/#\\\/schema\\\/person\\\/1cbd826a9322a3c38a052e43d1638306\"},\"description\":\"A Nuxe Eyewear uniu-se ao portf\u00f3lio de marcas internacionais da Prooptica, para se destacar no segmento Premium, com especial relev\u00e2ncia para o p\u00fablico feminino.\",\"breadcrumb\":{\"@id\":\"https:\\\/\\\/www.prooptica.pt\\\/nuxe-nova-colecao-eyewear\\\/#breadcrumb\"},\"inLanguage\":\"en-GB\",\"potentialAction\":[{\"@type\":\"ReadAction\",\"target\":[\"https:\\\/\\\/www.prooptica.pt\\\/nuxe-nova-colecao-eyewear\\\/\"]}]},{\"@type\":\"ImageObject\",\"inLanguage\":\"en-GB\",\"@id\":\"https:\\\/\\\/www.prooptica.pt\\\/nuxe-nova-colecao-eyewear\\\/#primaryimage\",\"url\":\"https:\\\/\\\/www.prooptica.pt\\\/wp-content\\\/uploads\\\/2024\\\/03\\\/Capa-artigo-blog_NUXE.jpg\",\"contentUrl\":\"https:\\\/\\\/www.prooptica.pt\\\/wp-content\\\/uploads\\\/2024\\\/03\\\/Capa-artigo-blog_NUXE.jpg\",\"width\":854,\"height\":514},{\"@type\":\"BreadcrumbList\",\"@id\":\"https:\\\/\\\/www.prooptica.pt\\\/nuxe-nova-colecao-eyewear\\\/#breadcrumb\",\"itemListElement\":[{\"@type\":\"ListItem\",\"position\":1,\"name\":\"In\u00edcio\",\"item\":\"https:\\\/\\\/www.prooptica.pt\\\/\"},{\"@type\":\"ListItem\",\"position\":2,\"name\":\"NUXE | Capta a aten\u00e7\u00e3o e desperta os sentidos\"}]},{\"@type\":\"WebSite\",\"@id\":\"https:\\\/\\\/www.prooptica.pt\\\/home\\\/#website\",\"url\":\"https:\\\/\\\/www.prooptica.pt\\\/home\\\/\",\"name\":\"Prooptica\",\"description\":\"Full Eyewear Concept\",\"potentialAction\":[{\"@type\":\"SearchAction\",\"target\":{\"@type\":\"EntryPoint\",\"urlTemplate\":\"https:\\\/\\\/www.prooptica.pt\\\/home\\\/?s={search_term_string}\"},\"query-input\":{\"@type\":\"PropertyValueSpecification\",\"valueRequired\":true,\"valueName\":\"search_term_string\"}}],\"inLanguage\":\"en-GB\"},{\"@type\":\"Person\",\"@id\":\"https:\\\/\\\/www.prooptica.pt\\\/home\\\/#\\\/schema\\\/person\\\/1cbd826a9322a3c38a052e43d1638306\",\"name\":\"admin\",\"image\":{\"@type\":\"ImageObject\",\"inLanguage\":\"en-GB\",\"@id\":\"https:\\\/\\\/secure.gravatar.com\\\/avatar\\\/528c714482569d81724b02603aa719344e9ad7c0b50becf07272b2086b2c1cfd?s=96&d=mm&r=g\",\"url\":\"https:\\\/\\\/secure.gravatar.com\\\/avatar\\\/528c714482569d81724b02603aa719344e9ad7c0b50becf07272b2086b2c1cfd?s=96&d=mm&r=g\",\"contentUrl\":\"https:\\\/\\\/secure.gravatar.com\\\/avatar\\\/528c714482569d81724b02603aa719344e9ad7c0b50becf07272b2086b2c1cfd?s=96&d=mm&r=g\",\"caption\":\"admin\"},\"url\":\"https:\\\/\\\/www.prooptica.pt\\\/en\\\/author\\\/admin\\\/\"}]}<\/script>\n<!-- \/ Yoast SEO plugin. -->","yoast_head_json":{"title":"Nuxe | New Eyewear Collection","description":"Nuxe Eyewear has joined Prooptica's portfolio of international brands in order to stand out in the premium segment, with special relevance to the female audience.","robots":{"index":"index","follow":"follow","max-snippet":"max-snippet:-1","max-image-preview":"max-image-preview:large","max-video-preview":"max-video-preview:-1"},"canonical":"https:\/\/www.prooptica.pt\/en\/nuxe-new-eyewear-collection\/","og_locale":"en_GB","og_type":"article","og_title":"Nuxe | Nova cole\u00e7\u00e3o Eyewear","og_description":"A Nuxe Eyewear uniu-se ao portf\u00f3lio de marcas internacionais da Prooptica, para se destacar no segmento Premium, com especial relev\u00e2ncia para o p\u00fablico feminino.","og_url":"https:\/\/www.prooptica.pt\/en\/nuxe-new-eyewear-collection\/","og_site_name":"Prooptica","article_published_time":"2024-03-15T21:54:56+00:00","article_modified_time":"2024-03-18T17:32:42+00:00","og_image":[{"width":854,"height":514,"url":"https:\/\/www.prooptica.pt\/wp-content\/uploads\/2024\/03\/Capa-artigo-blog_NUXE.jpg","type":"image\/jpeg"}],"author":"admin","twitter_card":"summary_large_image","twitter_misc":{"Written by":"admin","Estimated reading time":"2 minutes"},"schema":{"@context":"https:\/\/schema.org","@graph":[{"@type":"Article","@id":"https:\/\/www.prooptica.pt\/nuxe-nova-colecao-eyewear\/#article","isPartOf":{"@id":"https:\/\/www.prooptica.pt\/nuxe-nova-colecao-eyewear\/"},"author":{"name":"admin","@id":"https:\/\/www.prooptica.pt\/home\/#\/schema\/person\/1cbd826a9322a3c38a052e43d1638306"},"headline":"NUXE | Capta a aten\u00e7\u00e3o e desperta os sentidos","datePublished":"2024-03-15T21:54:56+00:00","dateModified":"2024-03-18T17:32:42+00:00","mainEntityOfPage":{"@id":"https:\/\/www.prooptica.pt\/nuxe-nova-colecao-eyewear\/"},"wordCount":214,"image":{"@id":"https:\/\/www.prooptica.pt\/nuxe-nova-colecao-eyewear\/#primaryimage"},"thumbnailUrl":"https:\/\/www.prooptica.pt\/wp-content\/uploads\/2024\/03\/Capa-artigo-blog_NUXE.jpg","articleSection":["\u00d3culos"],"inLanguage":"en-GB"},{"@type":"WebPage","@id":"https:\/\/www.prooptica.pt\/nuxe-nova-colecao-eyewear\/","url":"https:\/\/www.prooptica.pt\/nuxe-nova-colecao-eyewear\/","name":"Nuxe | New Eyewear Collection","isPartOf":{"@id":"https:\/\/www.prooptica.pt\/home\/#website"},"primaryImageOfPage":{"@id":"https:\/\/www.prooptica.pt\/nuxe-nova-colecao-eyewear\/#primaryimage"},"image":{"@id":"https:\/\/www.prooptica.pt\/nuxe-nova-colecao-eyewear\/#primaryimage"},"thumbnailUrl":"https:\/\/www.prooptica.pt\/wp-content\/uploads\/2024\/03\/Capa-artigo-blog_NUXE.jpg","datePublished":"2024-03-15T21:54:56+00:00","dateModified":"2024-03-18T17:32:42+00:00","author":{"@id":"https:\/\/www.prooptica.pt\/home\/#\/schema\/person\/1cbd826a9322a3c38a052e43d1638306"},"description":"Nuxe Eyewear has joined Prooptica's portfolio of international brands in order to stand out in the premium segment, with special relevance to the female audience.","breadcrumb":{"@id":"https:\/\/www.prooptica.pt\/nuxe-nova-colecao-eyewear\/#breadcrumb"},"inLanguage":"en-GB","potentialAction":[{"@type":"ReadAction","target":["https:\/\/www.prooptica.pt\/nuxe-nova-colecao-eyewear\/"]}]},{"@type":"ImageObject","inLanguage":"en-GB","@id":"https:\/\/www.prooptica.pt\/nuxe-nova-colecao-eyewear\/#primaryimage","url":"https:\/\/www.prooptica.pt\/wp-content\/uploads\/2024\/03\/Capa-artigo-blog_NUXE.jpg","contentUrl":"https:\/\/www.prooptica.pt\/wp-content\/uploads\/2024\/03\/Capa-artigo-blog_NUXE.jpg","width":854,"height":514},{"@type":"BreadcrumbList","@id":"https:\/\/www.prooptica.pt\/nuxe-nova-colecao-eyewear\/#breadcrumb","itemListElement":[{"@type":"ListItem","position":1,"name":"In\u00edcio","item":"https:\/\/www.prooptica.pt\/"},{"@type":"ListItem","position":2,"name":"NUXE | Capta a aten\u00e7\u00e3o e desperta os sentidos"}]},{"@type":"WebSite","@id":"https:\/\/www.prooptica.pt\/home\/#website","url":"https:\/\/www.prooptica.pt\/home\/","name":"Prooptica","description":"Full Eyewear Concept","potentialAction":[{"@type":"SearchAction","target":{"@type":"EntryPoint","urlTemplate":"https:\/\/www.prooptica.pt\/home\/?s={search_term_string}"},"query-input":{"@type":"PropertyValueSpecification","valueRequired":true,"valueName":"search_term_string"}}],"inLanguage":"en-GB"},{"@type":"Person","@id":"https:\/\/www.prooptica.pt\/home\/#\/schema\/person\/1cbd826a9322a3c38a052e43d1638306","name":"admin","image":{"@type":"ImageObject","inLanguage":"en-GB","@id":"https:\/\/secure.gravatar.com\/avatar\/528c714482569d81724b02603aa719344e9ad7c0b50becf07272b2086b2c1cfd?s=96&d=mm&r=g","url":"https:\/\/secure.gravatar.com\/avatar\/528c714482569d81724b02603aa719344e9ad7c0b50becf07272b2086b2c1cfd?s=96&d=mm&r=g","contentUrl":"https:\/\/secure.gravatar.com\/avatar\/528c714482569d81724b02603aa719344e9ad7c0b50becf07272b2086b2c1cfd?s=96&d=mm&r=g","caption":"admin"},"url":"https:\/\/www.prooptica.pt\/en\/author\/admin\/"}]}},"_links":{"self":[{"href":"https:\/\/www.prooptica.pt\/en\/wp-json\/wp\/v2\/posts\/19223","targetHints":{"allow":["GET"]}}],"collection":[{"href":"https:\/\/www.prooptica.pt\/en\/wp-json\/wp\/v2\/posts"}],"about":[{"href":"https:\/\/www.prooptica.pt\/en\/wp-json\/wp\/v2\/types\/post"}],"author":[{"embeddable":true,"href":"https:\/\/www.prooptica.pt\/en\/wp-json\/wp\/v2\/users\/2"}],"replies":[{"embeddable":true,"href":"https:\/\/www.prooptica.pt\/en\/wp-json\/wp\/v2\/comments?post=19223"}],"version-history":[{"count":2,"href":"https:\/\/www.prooptica.pt\/en\/wp-json\/wp\/v2\/posts\/19223\/revisions"}],"predecessor-version":[{"id":19228,"href":"https:\/\/www.prooptica.pt\/en\/wp-json\/wp\/v2\/posts\/19223\/revisions\/19228"}],"wp:featuredmedia":[{"embeddable":true,"href":"https:\/\/www.prooptica.pt\/en\/wp-json\/wp\/v2\/media\/19229"}],"wp:attachment":[{"href":"https:\/\/www.prooptica.pt\/en\/wp-json\/wp\/v2\/media?parent=19223"}],"wp:term":[{"taxonomy":"category","embeddable":true,"href":"https:\/\/www.prooptica.pt\/en\/wp-json\/wp\/v2\/categories?post=19223"},{"taxonomy":"post_tag","embeddable":true,"href":"https:\/\/www.prooptica.pt\/en\/wp-json\/wp\/v2\/tags?post=19223"}],"curies":[{"name":"wp","href":"https:\/\/api.w.org\/{rel}","templated":true}]}}