{"id":19508,"date":"2024-04-09T15:23:34","date_gmt":"2024-04-09T15:23:34","guid":{"rendered":"https:\/\/www.prooptica.pt\/?p=19508"},"modified":"2024-04-09T15:27:45","modified_gmt":"2024-04-09T15:27:45","slug":"masai-new-collection-and-new-brand-images","status":"publish","type":"post","link":"https:\/\/www.prooptica.pt\/en\/masai-nova-colecao-e-novas-imagens-da-marca\/","title":{"rendered":"Masai | New collection and new brand images"},"content":{"rendered":"<p>Masai Eyewear is a manifesto of inclusion, where every pair of glasses is a celebration of human diversity.<\/p>\n<p>The collection is borderless, designed to embrace every individual, regardless of their colour, origin, race or age.<\/p>\n<p>The brand's new images reflect exactly the values that characterise it, they are the mirror of this cultural coming together without barriers.<\/p>\n<p>In this collection, we value uniqueness, creating pieces that allow everyone to stand out while remaining true to their essence.<\/p>\n<p>The models presented, with their simple and elegant lines, are more than accessories; they are statements of identity, inviting everyone to express themselves authentically.<\/p>\n<p>Come and discover an unprejudiced collection that turns glasses into symbols of unity and personal style.<\/p>","protected":false},"excerpt":{"rendered":"<p>A Masai Eyewear \u00e9 um manifesto de inclus\u00e3o, onde cada par de \u00f3culos \u00e9 uma celebra\u00e7\u00e3o da diversidade humana. A cole\u00e7\u00e3o apresenta-se sem fronteiras, desenhada para abra\u00e7ar cada indiv\u00edduo, independentemente da sua cor, origem, ra\u00e7a ou idade. As novas imagens da marca traduzem exatamente os valores que a caracterizam, s\u00e3o o espelho de toda esta [&hellip;]<\/p>\n","protected":false},"author":2,"featured_media":19510,"comment_status":"closed","ping_status":"closed","sticky":false,"template":"","format":"standard","meta":{"footnotes":""},"categories":[189],"tags":[],"class_list":["post-19508","post","type-post","status-publish","format-standard","has-post-thumbnail","hentry","category-oculos"],"yoast_head":"<!-- This site is optimized with the Yoast SEO plugin v27.5 - https:\/\/yoast.com\/product\/yoast-seo-wordpress\/ -->\n<title>Masai | Nova cole\u00e7\u00e3o e novas imagens da marca - Prooptica<\/title>\n<meta name=\"description\" content=\"Nesta cole\u00e7\u00e3o, valorizamos a singularidade, criando pe\u00e7as que permitem a cada um destacar-se, mantendo-se fiel \u00e0 sua ess\u00eanci\" \/>\n<meta name=\"robots\" content=\"index, follow, max-snippet:-1, max-image-preview:large, max-video-preview:-1\" \/>\n<link rel=\"canonical\" href=\"https:\/\/www.prooptica.pt\/en\/masai-new-collection-and-new-brand-images\/\" \/>\n<meta property=\"og:locale\" content=\"en_GB\" \/>\n<meta property=\"og:type\" content=\"article\" \/>\n<meta property=\"og:title\" content=\"Masai | Nova cole\u00e7\u00e3o e novas imagens da marca - Prooptica\" \/>\n<meta property=\"og:description\" content=\"Nesta cole\u00e7\u00e3o, valorizamos a singularidade, criando pe\u00e7as que permitem a cada um destacar-se, mantendo-se fiel \u00e0 sua ess\u00eanci\" \/>\n<meta property=\"og:url\" content=\"https:\/\/www.prooptica.pt\/en\/masai-new-collection-and-new-brand-images\/\" \/>\n<meta property=\"og:site_name\" content=\"Prooptica\" \/>\n<meta property=\"article:published_time\" content=\"2024-04-09T15:23:34+00:00\" \/>\n<meta property=\"article:modified_time\" content=\"2024-04-09T15:27:45+00:00\" \/>\n<meta property=\"og:image\" content=\"https:\/\/www.prooptica.pt\/wp-content\/uploads\/2024\/04\/Capa-artigo-blog-MASAI.jpg\" \/>\n\t<meta property=\"og:image:width\" content=\"854\" \/>\n\t<meta property=\"og:image:height\" content=\"514\" \/>\n\t<meta property=\"og:image:type\" content=\"image\/jpeg\" \/>\n<meta name=\"author\" content=\"admin\" \/>\n<meta name=\"twitter:card\" content=\"summary_large_image\" \/>\n<meta name=\"twitter:label1\" content=\"Written by\" \/>\n\t<meta name=\"twitter:data1\" content=\"admin\" \/>\n\t<meta name=\"twitter:label2\" content=\"Estimated reading time\" \/>\n\t<meta name=\"twitter:data2\" content=\"1 minute\" \/>\n<script type=\"application\/ld+json\" class=\"yoast-schema-graph\">{\"@context\":\"https:\\\/\\\/schema.org\",\"@graph\":[{\"@type\":\"Article\",\"@id\":\"https:\\\/\\\/www.prooptica.pt\\\/masai-nova-colecao-e-novas-imagens-da-marca\\\/#article\",\"isPartOf\":{\"@id\":\"https:\\\/\\\/www.prooptica.pt\\\/masai-nova-colecao-e-novas-imagens-da-marca\\\/\"},\"author\":{\"name\":\"admin\",\"@id\":\"https:\\\/\\\/www.prooptica.pt\\\/home\\\/#\\\/schema\\\/person\\\/1cbd826a9322a3c38a052e43d1638306\"},\"headline\":\"Masai | Nova cole\u00e7\u00e3o e novas imagens da marca\",\"datePublished\":\"2024-04-09T15:23:34+00:00\",\"dateModified\":\"2024-04-09T15:27:45+00:00\",\"mainEntityOfPage\":{\"@id\":\"https:\\\/\\\/www.prooptica.pt\\\/masai-nova-colecao-e-novas-imagens-da-marca\\\/\"},\"wordCount\":140,\"image\":{\"@id\":\"https:\\\/\\\/www.prooptica.pt\\\/masai-nova-colecao-e-novas-imagens-da-marca\\\/#primaryimage\"},\"thumbnailUrl\":\"https:\\\/\\\/www.prooptica.pt\\\/wp-content\\\/uploads\\\/2024\\\/04\\\/Capa-artigo-blog-MASAI.jpg\",\"articleSection\":[\"\u00d3culos\"],\"inLanguage\":\"en-GB\"},{\"@type\":\"WebPage\",\"@id\":\"https:\\\/\\\/www.prooptica.pt\\\/masai-nova-colecao-e-novas-imagens-da-marca\\\/\",\"url\":\"https:\\\/\\\/www.prooptica.pt\\\/masai-nova-colecao-e-novas-imagens-da-marca\\\/\",\"name\":\"Masai | Nova cole\u00e7\u00e3o e novas imagens da marca - Prooptica\",\"isPartOf\":{\"@id\":\"https:\\\/\\\/www.prooptica.pt\\\/home\\\/#website\"},\"primaryImageOfPage\":{\"@id\":\"https:\\\/\\\/www.prooptica.pt\\\/masai-nova-colecao-e-novas-imagens-da-marca\\\/#primaryimage\"},\"image\":{\"@id\":\"https:\\\/\\\/www.prooptica.pt\\\/masai-nova-colecao-e-novas-imagens-da-marca\\\/#primaryimage\"},\"thumbnailUrl\":\"https:\\\/\\\/www.prooptica.pt\\\/wp-content\\\/uploads\\\/2024\\\/04\\\/Capa-artigo-blog-MASAI.jpg\",\"datePublished\":\"2024-04-09T15:23:34+00:00\",\"dateModified\":\"2024-04-09T15:27:45+00:00\",\"author\":{\"@id\":\"https:\\\/\\\/www.prooptica.pt\\\/home\\\/#\\\/schema\\\/person\\\/1cbd826a9322a3c38a052e43d1638306\"},\"description\":\"Nesta cole\u00e7\u00e3o, valorizamos a singularidade, criando pe\u00e7as que permitem a cada um destacar-se, mantendo-se fiel \u00e0 sua ess\u00eanci\",\"breadcrumb\":{\"@id\":\"https:\\\/\\\/www.prooptica.pt\\\/masai-nova-colecao-e-novas-imagens-da-marca\\\/#breadcrumb\"},\"inLanguage\":\"en-GB\",\"potentialAction\":[{\"@type\":\"ReadAction\",\"target\":[\"https:\\\/\\\/www.prooptica.pt\\\/masai-nova-colecao-e-novas-imagens-da-marca\\\/\"]}]},{\"@type\":\"ImageObject\",\"inLanguage\":\"en-GB\",\"@id\":\"https:\\\/\\\/www.prooptica.pt\\\/masai-nova-colecao-e-novas-imagens-da-marca\\\/#primaryimage\",\"url\":\"https:\\\/\\\/www.prooptica.pt\\\/wp-content\\\/uploads\\\/2024\\\/04\\\/Capa-artigo-blog-MASAI.jpg\",\"contentUrl\":\"https:\\\/\\\/www.prooptica.pt\\\/wp-content\\\/uploads\\\/2024\\\/04\\\/Capa-artigo-blog-MASAI.jpg\",\"width\":854,\"height\":514},{\"@type\":\"BreadcrumbList\",\"@id\":\"https:\\\/\\\/www.prooptica.pt\\\/masai-nova-colecao-e-novas-imagens-da-marca\\\/#breadcrumb\",\"itemListElement\":[{\"@type\":\"ListItem\",\"position\":1,\"name\":\"In\u00edcio\",\"item\":\"https:\\\/\\\/www.prooptica.pt\\\/\"},{\"@type\":\"ListItem\",\"position\":2,\"name\":\"Masai | Nova cole\u00e7\u00e3o e novas imagens da marca\"}]},{\"@type\":\"WebSite\",\"@id\":\"https:\\\/\\\/www.prooptica.pt\\\/home\\\/#website\",\"url\":\"https:\\\/\\\/www.prooptica.pt\\\/home\\\/\",\"name\":\"Prooptica\",\"description\":\"Full Eyewear Concept\",\"potentialAction\":[{\"@type\":\"SearchAction\",\"target\":{\"@type\":\"EntryPoint\",\"urlTemplate\":\"https:\\\/\\\/www.prooptica.pt\\\/home\\\/?s={search_term_string}\"},\"query-input\":{\"@type\":\"PropertyValueSpecification\",\"valueRequired\":true,\"valueName\":\"search_term_string\"}}],\"inLanguage\":\"en-GB\"},{\"@type\":\"Person\",\"@id\":\"https:\\\/\\\/www.prooptica.pt\\\/home\\\/#\\\/schema\\\/person\\\/1cbd826a9322a3c38a052e43d1638306\",\"name\":\"admin\",\"image\":{\"@type\":\"ImageObject\",\"inLanguage\":\"en-GB\",\"@id\":\"https:\\\/\\\/secure.gravatar.com\\\/avatar\\\/528c714482569d81724b02603aa719344e9ad7c0b50becf07272b2086b2c1cfd?s=96&d=mm&r=g\",\"url\":\"https:\\\/\\\/secure.gravatar.com\\\/avatar\\\/528c714482569d81724b02603aa719344e9ad7c0b50becf07272b2086b2c1cfd?s=96&d=mm&r=g\",\"contentUrl\":\"https:\\\/\\\/secure.gravatar.com\\\/avatar\\\/528c714482569d81724b02603aa719344e9ad7c0b50becf07272b2086b2c1cfd?s=96&d=mm&r=g\",\"caption\":\"admin\"},\"url\":\"https:\\\/\\\/www.prooptica.pt\\\/en\\\/author\\\/admin\\\/\"}]}<\/script>\n<!-- \/ Yoast SEO plugin. -->","yoast_head_json":{"title":"Masai | New collection and new brand images - Prooptica","description":"In this collection, we value uniqueness, creating pieces that allow everyone to stand out while remaining true to their essence.","robots":{"index":"index","follow":"follow","max-snippet":"max-snippet:-1","max-image-preview":"max-image-preview:large","max-video-preview":"max-video-preview:-1"},"canonical":"https:\/\/www.prooptica.pt\/en\/masai-new-collection-and-new-brand-images\/","og_locale":"en_GB","og_type":"article","og_title":"Masai | Nova cole\u00e7\u00e3o e novas imagens da marca - Prooptica","og_description":"Nesta cole\u00e7\u00e3o, valorizamos a singularidade, criando pe\u00e7as que permitem a cada um destacar-se, mantendo-se fiel \u00e0 sua ess\u00eanci","og_url":"https:\/\/www.prooptica.pt\/en\/masai-new-collection-and-new-brand-images\/","og_site_name":"Prooptica","article_published_time":"2024-04-09T15:23:34+00:00","article_modified_time":"2024-04-09T15:27:45+00:00","og_image":[{"width":854,"height":514,"url":"https:\/\/www.prooptica.pt\/wp-content\/uploads\/2024\/04\/Capa-artigo-blog-MASAI.jpg","type":"image\/jpeg"}],"author":"admin","twitter_card":"summary_large_image","twitter_misc":{"Written by":"admin","Estimated reading time":"1 minute"},"schema":{"@context":"https:\/\/schema.org","@graph":[{"@type":"Article","@id":"https:\/\/www.prooptica.pt\/masai-nova-colecao-e-novas-imagens-da-marca\/#article","isPartOf":{"@id":"https:\/\/www.prooptica.pt\/masai-nova-colecao-e-novas-imagens-da-marca\/"},"author":{"name":"admin","@id":"https:\/\/www.prooptica.pt\/home\/#\/schema\/person\/1cbd826a9322a3c38a052e43d1638306"},"headline":"Masai | Nova cole\u00e7\u00e3o e novas imagens da marca","datePublished":"2024-04-09T15:23:34+00:00","dateModified":"2024-04-09T15:27:45+00:00","mainEntityOfPage":{"@id":"https:\/\/www.prooptica.pt\/masai-nova-colecao-e-novas-imagens-da-marca\/"},"wordCount":140,"image":{"@id":"https:\/\/www.prooptica.pt\/masai-nova-colecao-e-novas-imagens-da-marca\/#primaryimage"},"thumbnailUrl":"https:\/\/www.prooptica.pt\/wp-content\/uploads\/2024\/04\/Capa-artigo-blog-MASAI.jpg","articleSection":["\u00d3culos"],"inLanguage":"en-GB"},{"@type":"WebPage","@id":"https:\/\/www.prooptica.pt\/masai-nova-colecao-e-novas-imagens-da-marca\/","url":"https:\/\/www.prooptica.pt\/masai-nova-colecao-e-novas-imagens-da-marca\/","name":"Masai | New collection and new brand images - Prooptica","isPartOf":{"@id":"https:\/\/www.prooptica.pt\/home\/#website"},"primaryImageOfPage":{"@id":"https:\/\/www.prooptica.pt\/masai-nova-colecao-e-novas-imagens-da-marca\/#primaryimage"},"image":{"@id":"https:\/\/www.prooptica.pt\/masai-nova-colecao-e-novas-imagens-da-marca\/#primaryimage"},"thumbnailUrl":"https:\/\/www.prooptica.pt\/wp-content\/uploads\/2024\/04\/Capa-artigo-blog-MASAI.jpg","datePublished":"2024-04-09T15:23:34+00:00","dateModified":"2024-04-09T15:27:45+00:00","author":{"@id":"https:\/\/www.prooptica.pt\/home\/#\/schema\/person\/1cbd826a9322a3c38a052e43d1638306"},"description":"In this collection, we value uniqueness, creating pieces that allow everyone to stand out while remaining true to their essence.","breadcrumb":{"@id":"https:\/\/www.prooptica.pt\/masai-nova-colecao-e-novas-imagens-da-marca\/#breadcrumb"},"inLanguage":"en-GB","potentialAction":[{"@type":"ReadAction","target":["https:\/\/www.prooptica.pt\/masai-nova-colecao-e-novas-imagens-da-marca\/"]}]},{"@type":"ImageObject","inLanguage":"en-GB","@id":"https:\/\/www.prooptica.pt\/masai-nova-colecao-e-novas-imagens-da-marca\/#primaryimage","url":"https:\/\/www.prooptica.pt\/wp-content\/uploads\/2024\/04\/Capa-artigo-blog-MASAI.jpg","contentUrl":"https:\/\/www.prooptica.pt\/wp-content\/uploads\/2024\/04\/Capa-artigo-blog-MASAI.jpg","width":854,"height":514},{"@type":"BreadcrumbList","@id":"https:\/\/www.prooptica.pt\/masai-nova-colecao-e-novas-imagens-da-marca\/#breadcrumb","itemListElement":[{"@type":"ListItem","position":1,"name":"In\u00edcio","item":"https:\/\/www.prooptica.pt\/"},{"@type":"ListItem","position":2,"name":"Masai | Nova cole\u00e7\u00e3o e novas imagens da marca"}]},{"@type":"WebSite","@id":"https:\/\/www.prooptica.pt\/home\/#website","url":"https:\/\/www.prooptica.pt\/home\/","name":"Prooptica","description":"Full Eyewear Concept","potentialAction":[{"@type":"SearchAction","target":{"@type":"EntryPoint","urlTemplate":"https:\/\/www.prooptica.pt\/home\/?s={search_term_string}"},"query-input":{"@type":"PropertyValueSpecification","valueRequired":true,"valueName":"search_term_string"}}],"inLanguage":"en-GB"},{"@type":"Person","@id":"https:\/\/www.prooptica.pt\/home\/#\/schema\/person\/1cbd826a9322a3c38a052e43d1638306","name":"admin","image":{"@type":"ImageObject","inLanguage":"en-GB","@id":"https:\/\/secure.gravatar.com\/avatar\/528c714482569d81724b02603aa719344e9ad7c0b50becf07272b2086b2c1cfd?s=96&d=mm&r=g","url":"https:\/\/secure.gravatar.com\/avatar\/528c714482569d81724b02603aa719344e9ad7c0b50becf07272b2086b2c1cfd?s=96&d=mm&r=g","contentUrl":"https:\/\/secure.gravatar.com\/avatar\/528c714482569d81724b02603aa719344e9ad7c0b50becf07272b2086b2c1cfd?s=96&d=mm&r=g","caption":"admin"},"url":"https:\/\/www.prooptica.pt\/en\/author\/admin\/"}]}},"_links":{"self":[{"href":"https:\/\/www.prooptica.pt\/en\/wp-json\/wp\/v2\/posts\/19508","targetHints":{"allow":["GET"]}}],"collection":[{"href":"https:\/\/www.prooptica.pt\/en\/wp-json\/wp\/v2\/posts"}],"about":[{"href":"https:\/\/www.prooptica.pt\/en\/wp-json\/wp\/v2\/types\/post"}],"author":[{"embeddable":true,"href":"https:\/\/www.prooptica.pt\/en\/wp-json\/wp\/v2\/users\/2"}],"replies":[{"embeddable":true,"href":"https:\/\/www.prooptica.pt\/en\/wp-json\/wp\/v2\/comments?post=19508"}],"version-history":[{"count":2,"href":"https:\/\/www.prooptica.pt\/en\/wp-json\/wp\/v2\/posts\/19508\/revisions"}],"predecessor-version":[{"id":19512,"href":"https:\/\/www.prooptica.pt\/en\/wp-json\/wp\/v2\/posts\/19508\/revisions\/19512"}],"wp:featuredmedia":[{"embeddable":true,"href":"https:\/\/www.prooptica.pt\/en\/wp-json\/wp\/v2\/media\/19510"}],"wp:attachment":[{"href":"https:\/\/www.prooptica.pt\/en\/wp-json\/wp\/v2\/media?parent=19508"}],"wp:term":[{"taxonomy":"category","embeddable":true,"href":"https:\/\/www.prooptica.pt\/en\/wp-json\/wp\/v2\/categories?post=19508"},{"taxonomy":"post_tag","embeddable":true,"href":"https:\/\/www.prooptica.pt\/en\/wp-json\/wp\/v2\/tags?post=19508"}],"curies":[{"name":"wp","href":"https:\/\/api.w.org\/{rel}","templated":true}]}}