{"id":19602,"date":"2024-04-23T10:47:29","date_gmt":"2024-04-23T10:47:29","guid":{"rendered":"https:\/\/www.prooptica.pt\/?p=19602"},"modified":"2024-04-23T11:13:51","modified_gmt":"2024-04-23T11:13:51","slug":"expooptica-prooptica-was-once-again-present-at-this-important-event","status":"publish","type":"post","link":"https:\/\/www.prooptica.pt\/en\/expooptica-a-prooptica-marcou-mais-uma-vez-presenca-neste-importante-evento\/","title":{"rendered":"EXPO\u00d3PTICA | Prooptica was once again present at this important event"},"content":{"rendered":"<p>Prooptica was present at the 34th edition of Expo\u00f3ptica, which took place from 12 to 14 April 2024, as a result of the company's successful participation in the same fair in 2022 and its continued commitment to the Iberian market.<\/p>\n<p>The most important trade fair for the sector in the Iberian Peninsula was once again held at the IFEMA Madrid site, and it was a full house with not only Spanish but also Portuguese opticians who didn't want to miss out on the latest innovations in this market.<\/p>\n<p>For Prooptica, it was another moment of consolidation for Portuguese brands in the Iberian market, where year after year they have achieved a higher penetration rate and leveraged excellent results, due to the differentiated quality they perceive and the innovative traits they present.<\/p>\n<p>In keeping with its strategy for the Spanish market, the presence of renowned Spanish designer Juan Duyos at the Prooptica stand was much appreciated, as he presented the latest additions to this irreverent and disruptive collection, which joined the brand's portfolio in 2023 and has been a success not only in Spain but also in Portugal ever since.<\/p>\n<p>Accessories also featured a number of new products, including the new Essentials workshop catalogue, a programme for customising bespoke cases and a catalogue of lanyards, an accessory that is increasingly in vogue these days.<\/p>\n<p>With regard to the Lenses segment, the company has also made a strong commitment to the Iberian market, aiming to also have the 4 business areas specialised in the optical sector and to become a benchmark through the full eyewear concept, which offers an integrated service, 100% adjusted to the needs of its partners.<\/p>\n<p>We can't fail to mention that the Prooptica stand was entirely designed and conceived by the company's design &amp; architecture office and was a success for the second year running, thanks to the harmonious way it fits in with its surroundings.<\/p>\n<p><img fetchpriority=\"high\" decoding=\"async\" class=\"wp-image-19603 size-large aligncenter\" src=\"https:\/\/www.prooptica.pt\/wp-content\/uploads\/2024\/04\/PR_1-1024x858.png\" alt=\"\" width=\"1024\" height=\"858\" srcset=\"https:\/\/www.prooptica.pt\/wp-content\/uploads\/2024\/04\/PR_1-1024x858.png 1024w, https:\/\/www.prooptica.pt\/wp-content\/uploads\/2024\/04\/PR_1-300x251.png 300w, https:\/\/www.prooptica.pt\/wp-content\/uploads\/2024\/04\/PR_1-768x644.png 768w, https:\/\/www.prooptica.pt\/wp-content\/uploads\/2024\/04\/PR_1-1536x1288.png 1536w, https:\/\/www.prooptica.pt\/wp-content\/uploads\/2024\/04\/PR_1-2048x1717.png 2048w\" sizes=\"(max-width: 1024px) 100vw, 1024px\" \/><\/p>\n<p>&nbsp;<\/p>","protected":false},"excerpt":{"rendered":"<p>A 34\u00aa Edi\u00e7\u00e3o da Expo\u00f3ptica, que decorreu de 12 a 14 de abril de 2024, contou com a presen\u00e7a da Prooptica, fruto do sucesso que tinha sido a participa\u00e7\u00e3o da empresa em 2022 nesta mesma feira e da aposta cont\u00ednua no mercado ib\u00e9rico. A mais importante feira do sector na Pen\u00ednsula Ib\u00e9rica, realizou-se mais uma [&hellip;]<\/p>\n","protected":false},"author":2,"featured_media":19604,"comment_status":"closed","ping_status":"closed","sticky":false,"template":"","format":"standard","meta":{"footnotes":""},"categories":[195],"tags":[],"class_list":["post-19602","post","type-post","status-publish","format-standard","has-post-thumbnail","hentry","category-institucional"],"yoast_head":"<!-- This site is optimized with the Yoast SEO plugin v27.5 - https:\/\/yoast.com\/product\/yoast-seo-wordpress\/ -->\n<title>A Prooptica marcou mais uma vez presen\u00e7a na Expo\u00f3ptica<\/title>\n<meta name=\"description\" content=\"Para a Prooptica, foi mais um momento de consolida\u00e7\u00e3o das marcas portuguesas no mercado ib\u00e9rico.\" \/>\n<meta name=\"robots\" content=\"index, follow, max-snippet:-1, max-image-preview:large, max-video-preview:-1\" \/>\n<link rel=\"canonical\" href=\"https:\/\/www.prooptica.pt\/en\/expooptica-prooptica-was-once-again-present-at-this-important-event\/\" \/>\n<meta property=\"og:locale\" content=\"en_GB\" \/>\n<meta property=\"og:type\" content=\"article\" \/>\n<meta property=\"og:title\" content=\"A Prooptica marcou mais uma vez presen\u00e7a na Expo\u00f3ptica\" \/>\n<meta property=\"og:description\" content=\"Para a Prooptica, foi mais um momento de consolida\u00e7\u00e3o das marcas portuguesas no mercado ib\u00e9rico.\" \/>\n<meta property=\"og:url\" content=\"https:\/\/www.prooptica.pt\/en\/expooptica-prooptica-was-once-again-present-at-this-important-event\/\" \/>\n<meta property=\"og:site_name\" content=\"Prooptica\" \/>\n<meta property=\"article:published_time\" content=\"2024-04-23T10:47:29+00:00\" \/>\n<meta property=\"article:modified_time\" content=\"2024-04-23T11:13:51+00:00\" \/>\n<meta property=\"og:image\" content=\"https:\/\/www.prooptica.pt\/wp-content\/uploads\/2024\/04\/Capa-artigo-blog-1.jpg\" \/>\n\t<meta property=\"og:image:width\" content=\"854\" \/>\n\t<meta property=\"og:image:height\" content=\"514\" \/>\n\t<meta property=\"og:image:type\" content=\"image\/jpeg\" \/>\n<meta name=\"author\" content=\"admin\" \/>\n<meta name=\"twitter:card\" content=\"summary_large_image\" \/>\n<meta name=\"twitter:label1\" content=\"Written by\" \/>\n\t<meta name=\"twitter:data1\" content=\"admin\" \/>\n\t<meta name=\"twitter:label2\" content=\"Estimated reading time\" \/>\n\t<meta name=\"twitter:data2\" content=\"2 minutes\" \/>\n<script type=\"application\/ld+json\" class=\"yoast-schema-graph\">{\"@context\":\"https:\\\/\\\/schema.org\",\"@graph\":[{\"@type\":\"Article\",\"@id\":\"https:\\\/\\\/www.prooptica.pt\\\/expooptica-a-prooptica-marcou-mais-uma-vez-presenca-neste-importante-evento\\\/#article\",\"isPartOf\":{\"@id\":\"https:\\\/\\\/www.prooptica.pt\\\/expooptica-a-prooptica-marcou-mais-uma-vez-presenca-neste-importante-evento\\\/\"},\"author\":{\"name\":\"admin\",\"@id\":\"https:\\\/\\\/www.prooptica.pt\\\/home\\\/#\\\/schema\\\/person\\\/1cbd826a9322a3c38a052e43d1638306\"},\"headline\":\"EXPO\u00d3PTICA | A Prooptica marcou mais uma vez presen\u00e7a neste importante Evento\",\"datePublished\":\"2024-04-23T10:47:29+00:00\",\"dateModified\":\"2024-04-23T11:13:51+00:00\",\"mainEntityOfPage\":{\"@id\":\"https:\\\/\\\/www.prooptica.pt\\\/expooptica-a-prooptica-marcou-mais-uma-vez-presenca-neste-importante-evento\\\/\"},\"wordCount\":365,\"image\":{\"@id\":\"https:\\\/\\\/www.prooptica.pt\\\/expooptica-a-prooptica-marcou-mais-uma-vez-presenca-neste-importante-evento\\\/#primaryimage\"},\"thumbnailUrl\":\"https:\\\/\\\/www.prooptica.pt\\\/wp-content\\\/uploads\\\/2024\\\/04\\\/Capa-artigo-blog-1.jpg\",\"articleSection\":[\"Institucional\"],\"inLanguage\":\"en-GB\"},{\"@type\":\"WebPage\",\"@id\":\"https:\\\/\\\/www.prooptica.pt\\\/expooptica-a-prooptica-marcou-mais-uma-vez-presenca-neste-importante-evento\\\/\",\"url\":\"https:\\\/\\\/www.prooptica.pt\\\/expooptica-a-prooptica-marcou-mais-uma-vez-presenca-neste-importante-evento\\\/\",\"name\":\"A Prooptica marcou mais uma vez presen\u00e7a na Expo\u00f3ptica\",\"isPartOf\":{\"@id\":\"https:\\\/\\\/www.prooptica.pt\\\/home\\\/#website\"},\"primaryImageOfPage\":{\"@id\":\"https:\\\/\\\/www.prooptica.pt\\\/expooptica-a-prooptica-marcou-mais-uma-vez-presenca-neste-importante-evento\\\/#primaryimage\"},\"image\":{\"@id\":\"https:\\\/\\\/www.prooptica.pt\\\/expooptica-a-prooptica-marcou-mais-uma-vez-presenca-neste-importante-evento\\\/#primaryimage\"},\"thumbnailUrl\":\"https:\\\/\\\/www.prooptica.pt\\\/wp-content\\\/uploads\\\/2024\\\/04\\\/Capa-artigo-blog-1.jpg\",\"datePublished\":\"2024-04-23T10:47:29+00:00\",\"dateModified\":\"2024-04-23T11:13:51+00:00\",\"author\":{\"@id\":\"https:\\\/\\\/www.prooptica.pt\\\/home\\\/#\\\/schema\\\/person\\\/1cbd826a9322a3c38a052e43d1638306\"},\"description\":\"Para a Prooptica, foi mais um momento de consolida\u00e7\u00e3o das marcas portuguesas no mercado ib\u00e9rico.\",\"breadcrumb\":{\"@id\":\"https:\\\/\\\/www.prooptica.pt\\\/expooptica-a-prooptica-marcou-mais-uma-vez-presenca-neste-importante-evento\\\/#breadcrumb\"},\"inLanguage\":\"en-GB\",\"potentialAction\":[{\"@type\":\"ReadAction\",\"target\":[\"https:\\\/\\\/www.prooptica.pt\\\/expooptica-a-prooptica-marcou-mais-uma-vez-presenca-neste-importante-evento\\\/\"]}]},{\"@type\":\"ImageObject\",\"inLanguage\":\"en-GB\",\"@id\":\"https:\\\/\\\/www.prooptica.pt\\\/expooptica-a-prooptica-marcou-mais-uma-vez-presenca-neste-importante-evento\\\/#primaryimage\",\"url\":\"https:\\\/\\\/www.prooptica.pt\\\/wp-content\\\/uploads\\\/2024\\\/04\\\/Capa-artigo-blog-1.jpg\",\"contentUrl\":\"https:\\\/\\\/www.prooptica.pt\\\/wp-content\\\/uploads\\\/2024\\\/04\\\/Capa-artigo-blog-1.jpg\",\"width\":854,\"height\":514},{\"@type\":\"BreadcrumbList\",\"@id\":\"https:\\\/\\\/www.prooptica.pt\\\/expooptica-a-prooptica-marcou-mais-uma-vez-presenca-neste-importante-evento\\\/#breadcrumb\",\"itemListElement\":[{\"@type\":\"ListItem\",\"position\":1,\"name\":\"In\u00edcio\",\"item\":\"https:\\\/\\\/www.prooptica.pt\\\/\"},{\"@type\":\"ListItem\",\"position\":2,\"name\":\"EXPO\u00d3PTICA | A Prooptica marcou mais uma vez presen\u00e7a neste importante Evento\"}]},{\"@type\":\"WebSite\",\"@id\":\"https:\\\/\\\/www.prooptica.pt\\\/home\\\/#website\",\"url\":\"https:\\\/\\\/www.prooptica.pt\\\/home\\\/\",\"name\":\"Prooptica\",\"description\":\"Full Eyewear Concept\",\"potentialAction\":[{\"@type\":\"SearchAction\",\"target\":{\"@type\":\"EntryPoint\",\"urlTemplate\":\"https:\\\/\\\/www.prooptica.pt\\\/home\\\/?s={search_term_string}\"},\"query-input\":{\"@type\":\"PropertyValueSpecification\",\"valueRequired\":true,\"valueName\":\"search_term_string\"}}],\"inLanguage\":\"en-GB\"},{\"@type\":\"Person\",\"@id\":\"https:\\\/\\\/www.prooptica.pt\\\/home\\\/#\\\/schema\\\/person\\\/1cbd826a9322a3c38a052e43d1638306\",\"name\":\"admin\",\"image\":{\"@type\":\"ImageObject\",\"inLanguage\":\"en-GB\",\"@id\":\"https:\\\/\\\/secure.gravatar.com\\\/avatar\\\/528c714482569d81724b02603aa719344e9ad7c0b50becf07272b2086b2c1cfd?s=96&d=mm&r=g\",\"url\":\"https:\\\/\\\/secure.gravatar.com\\\/avatar\\\/528c714482569d81724b02603aa719344e9ad7c0b50becf07272b2086b2c1cfd?s=96&d=mm&r=g\",\"contentUrl\":\"https:\\\/\\\/secure.gravatar.com\\\/avatar\\\/528c714482569d81724b02603aa719344e9ad7c0b50becf07272b2086b2c1cfd?s=96&d=mm&r=g\",\"caption\":\"admin\"},\"url\":\"https:\\\/\\\/www.prooptica.pt\\\/en\\\/author\\\/admin\\\/\"}]}<\/script>\n<!-- \/ Yoast SEO plugin. -->","yoast_head_json":{"title":"Prooptica was once again present at Expo\u00f3ptica","description":"For Prooptica, it was another moment of consolidation for Portuguese brands in the Iberian market.","robots":{"index":"index","follow":"follow","max-snippet":"max-snippet:-1","max-image-preview":"max-image-preview:large","max-video-preview":"max-video-preview:-1"},"canonical":"https:\/\/www.prooptica.pt\/en\/expooptica-prooptica-was-once-again-present-at-this-important-event\/","og_locale":"en_GB","og_type":"article","og_title":"A Prooptica marcou mais uma vez presen\u00e7a na Expo\u00f3ptica","og_description":"Para a Prooptica, foi mais um momento de consolida\u00e7\u00e3o das marcas portuguesas no mercado ib\u00e9rico.","og_url":"https:\/\/www.prooptica.pt\/en\/expooptica-prooptica-was-once-again-present-at-this-important-event\/","og_site_name":"Prooptica","article_published_time":"2024-04-23T10:47:29+00:00","article_modified_time":"2024-04-23T11:13:51+00:00","og_image":[{"width":854,"height":514,"url":"https:\/\/www.prooptica.pt\/wp-content\/uploads\/2024\/04\/Capa-artigo-blog-1.jpg","type":"image\/jpeg"}],"author":"admin","twitter_card":"summary_large_image","twitter_misc":{"Written by":"admin","Estimated reading time":"2 minutes"},"schema":{"@context":"https:\/\/schema.org","@graph":[{"@type":"Article","@id":"https:\/\/www.prooptica.pt\/expooptica-a-prooptica-marcou-mais-uma-vez-presenca-neste-importante-evento\/#article","isPartOf":{"@id":"https:\/\/www.prooptica.pt\/expooptica-a-prooptica-marcou-mais-uma-vez-presenca-neste-importante-evento\/"},"author":{"name":"admin","@id":"https:\/\/www.prooptica.pt\/home\/#\/schema\/person\/1cbd826a9322a3c38a052e43d1638306"},"headline":"EXPO\u00d3PTICA | A Prooptica marcou mais uma vez presen\u00e7a neste importante Evento","datePublished":"2024-04-23T10:47:29+00:00","dateModified":"2024-04-23T11:13:51+00:00","mainEntityOfPage":{"@id":"https:\/\/www.prooptica.pt\/expooptica-a-prooptica-marcou-mais-uma-vez-presenca-neste-importante-evento\/"},"wordCount":365,"image":{"@id":"https:\/\/www.prooptica.pt\/expooptica-a-prooptica-marcou-mais-uma-vez-presenca-neste-importante-evento\/#primaryimage"},"thumbnailUrl":"https:\/\/www.prooptica.pt\/wp-content\/uploads\/2024\/04\/Capa-artigo-blog-1.jpg","articleSection":["Institucional"],"inLanguage":"en-GB"},{"@type":"WebPage","@id":"https:\/\/www.prooptica.pt\/expooptica-a-prooptica-marcou-mais-uma-vez-presenca-neste-importante-evento\/","url":"https:\/\/www.prooptica.pt\/expooptica-a-prooptica-marcou-mais-uma-vez-presenca-neste-importante-evento\/","name":"Prooptica was once again present at Expo\u00f3ptica","isPartOf":{"@id":"https:\/\/www.prooptica.pt\/home\/#website"},"primaryImageOfPage":{"@id":"https:\/\/www.prooptica.pt\/expooptica-a-prooptica-marcou-mais-uma-vez-presenca-neste-importante-evento\/#primaryimage"},"image":{"@id":"https:\/\/www.prooptica.pt\/expooptica-a-prooptica-marcou-mais-uma-vez-presenca-neste-importante-evento\/#primaryimage"},"thumbnailUrl":"https:\/\/www.prooptica.pt\/wp-content\/uploads\/2024\/04\/Capa-artigo-blog-1.jpg","datePublished":"2024-04-23T10:47:29+00:00","dateModified":"2024-04-23T11:13:51+00:00","author":{"@id":"https:\/\/www.prooptica.pt\/home\/#\/schema\/person\/1cbd826a9322a3c38a052e43d1638306"},"description":"For Prooptica, it was another moment of consolidation for Portuguese brands in the Iberian market.","breadcrumb":{"@id":"https:\/\/www.prooptica.pt\/expooptica-a-prooptica-marcou-mais-uma-vez-presenca-neste-importante-evento\/#breadcrumb"},"inLanguage":"en-GB","potentialAction":[{"@type":"ReadAction","target":["https:\/\/www.prooptica.pt\/expooptica-a-prooptica-marcou-mais-uma-vez-presenca-neste-importante-evento\/"]}]},{"@type":"ImageObject","inLanguage":"en-GB","@id":"https:\/\/www.prooptica.pt\/expooptica-a-prooptica-marcou-mais-uma-vez-presenca-neste-importante-evento\/#primaryimage","url":"https:\/\/www.prooptica.pt\/wp-content\/uploads\/2024\/04\/Capa-artigo-blog-1.jpg","contentUrl":"https:\/\/www.prooptica.pt\/wp-content\/uploads\/2024\/04\/Capa-artigo-blog-1.jpg","width":854,"height":514},{"@type":"BreadcrumbList","@id":"https:\/\/www.prooptica.pt\/expooptica-a-prooptica-marcou-mais-uma-vez-presenca-neste-importante-evento\/#breadcrumb","itemListElement":[{"@type":"ListItem","position":1,"name":"In\u00edcio","item":"https:\/\/www.prooptica.pt\/"},{"@type":"ListItem","position":2,"name":"EXPO\u00d3PTICA | A Prooptica marcou mais uma vez presen\u00e7a neste importante Evento"}]},{"@type":"WebSite","@id":"https:\/\/www.prooptica.pt\/home\/#website","url":"https:\/\/www.prooptica.pt\/home\/","name":"Prooptica","description":"Full Eyewear Concept","potentialAction":[{"@type":"SearchAction","target":{"@type":"EntryPoint","urlTemplate":"https:\/\/www.prooptica.pt\/home\/?s={search_term_string}"},"query-input":{"@type":"PropertyValueSpecification","valueRequired":true,"valueName":"search_term_string"}}],"inLanguage":"en-GB"},{"@type":"Person","@id":"https:\/\/www.prooptica.pt\/home\/#\/schema\/person\/1cbd826a9322a3c38a052e43d1638306","name":"admin","image":{"@type":"ImageObject","inLanguage":"en-GB","@id":"https:\/\/secure.gravatar.com\/avatar\/528c714482569d81724b02603aa719344e9ad7c0b50becf07272b2086b2c1cfd?s=96&d=mm&r=g","url":"https:\/\/secure.gravatar.com\/avatar\/528c714482569d81724b02603aa719344e9ad7c0b50becf07272b2086b2c1cfd?s=96&d=mm&r=g","contentUrl":"https:\/\/secure.gravatar.com\/avatar\/528c714482569d81724b02603aa719344e9ad7c0b50becf07272b2086b2c1cfd?s=96&d=mm&r=g","caption":"admin"},"url":"https:\/\/www.prooptica.pt\/en\/author\/admin\/"}]}},"_links":{"self":[{"href":"https:\/\/www.prooptica.pt\/en\/wp-json\/wp\/v2\/posts\/19602","targetHints":{"allow":["GET"]}}],"collection":[{"href":"https:\/\/www.prooptica.pt\/en\/wp-json\/wp\/v2\/posts"}],"about":[{"href":"https:\/\/www.prooptica.pt\/en\/wp-json\/wp\/v2\/types\/post"}],"author":[{"embeddable":true,"href":"https:\/\/www.prooptica.pt\/en\/wp-json\/wp\/v2\/users\/2"}],"replies":[{"embeddable":true,"href":"https:\/\/www.prooptica.pt\/en\/wp-json\/wp\/v2\/comments?post=19602"}],"version-history":[{"count":7,"href":"https:\/\/www.prooptica.pt\/en\/wp-json\/wp\/v2\/posts\/19602\/revisions"}],"predecessor-version":[{"id":19611,"href":"https:\/\/www.prooptica.pt\/en\/wp-json\/wp\/v2\/posts\/19602\/revisions\/19611"}],"wp:featuredmedia":[{"embeddable":true,"href":"https:\/\/www.prooptica.pt\/en\/wp-json\/wp\/v2\/media\/19604"}],"wp:attachment":[{"href":"https:\/\/www.prooptica.pt\/en\/wp-json\/wp\/v2\/media?parent=19602"}],"wp:term":[{"taxonomy":"category","embeddable":true,"href":"https:\/\/www.prooptica.pt\/en\/wp-json\/wp\/v2\/categories?post=19602"},{"taxonomy":"post_tag","embeddable":true,"href":"https:\/\/www.prooptica.pt\/en\/wp-json\/wp\/v2\/tags?post=19602"}],"curies":[{"name":"wp","href":"https:\/\/api.w.org\/{rel}","templated":true}]}}