{"id":19628,"date":"2024-05-03T14:31:54","date_gmt":"2024-05-03T14:31:54","guid":{"rendered":"https:\/\/www.prooptica.pt\/?p=19628"},"modified":"2024-05-03T14:31:54","modified_gmt":"2024-05-03T14:31:54","slug":"world-traffic-day-and-courtesy-behind-the-wheel-awareness","status":"publish","type":"post","link":"https:\/\/www.prooptica.pt\/en\/dia-mundial-do-transito-e-da-cortesia-ao-volante-consciencializacao\/","title":{"rendered":"World Day of Traffic and Courtesy at the Wheel | Awareness Day"},"content":{"rendered":"<p>World Day of Traffic and Courtesy at the Wheel is dedicated to promoting responsible and respectful driving on the roads. This day serves to remind all drivers of the importance of maintaining a courteous and conscientious attitude behind the wheel, thus contributing to everyone's safety and well-being.<\/p>\n<p>This day, we think it's the ideal opportunity to emphasise the importance of using proper vision correction when driving, a crucial topic for driver safety, and for everyone who shares the road. Below are some reasons why vision correction is so important for driving and recommendations on this practice.<\/p>\n<h4><strong>The Importance of Visual Correction in Driving<\/strong><\/h4>\n<ol>\n<li><strong>Accident Prevention<\/strong>: Clear vision is essential for perceiving road signs, obstacles on the road, and the actions of other drivers and pedestrians. Statistics show that poor vision can significantly increase the risk of accidents.<\/li>\n<li><strong>Comfort and Fatigue Reduction<\/strong>: Proper vision correction helps to avoid eye fatigue, which is common on long journeys. Driving without proper correction can lead to headaches and fatigue, which in turn reduces concentration.<\/li>\n<\/ol>\n<h4><strong>Recommendations for Drivers<\/strong><\/h4>\n<ol>\n<li><strong>Regular Visual Tests<\/strong>It is essential that all drivers have their eyes checked regularly, at least every two years, or as recommended by their ophthalmologist. This ensures that any changes in vision are promptly corrected.<\/li>\n<li><strong>Glasses or Contact Lenses<\/strong>For those who need visual correction, it is important to wear glasses or contact lenses that are up-to-date and suitable for driving. Make sure your lenses are clean and in good condition before you start driving.<\/li>\n<li><strong>Sunglasses<\/strong>On sunny days, wearing sunglasses that offer UVA and UVB protection can help improve visibility and protect your eyes from fatigue caused by intense glare.<\/li>\n<\/ol>\n<p>On this day we call for mutual respect between drivers and the use of appropriate means of correction, in order to promote a safe environment for everyone.<\/p>","protected":false},"excerpt":{"rendered":"<p>O Dia Mundial do Tr\u00e2nsito e da Cortesia ao Volante \u00e9 dedicado a promover a condu\u00e7\u00e3o respons\u00e1vel e respeitosa nas estradas. Este dia serve para lembrar a todos os condutores a import\u00e2ncia de manter uma postura cort\u00eas e consciente ao volante, contribuindo assim para a seguran\u00e7a e o bem-estar de todos. Este dia, pensamos ser [&hellip;]<\/p>\n","protected":false},"author":2,"featured_media":19629,"comment_status":"closed","ping_status":"closed","sticky":false,"template":"","format":"standard","meta":{"footnotes":""},"categories":[195],"tags":[],"class_list":["post-19628","post","type-post","status-publish","format-standard","has-post-thumbnail","hentry","category-institucional"],"yoast_head":"<!-- This site is optimized with the Yoast SEO plugin v27.5 - https:\/\/yoast.com\/product\/yoast-seo-wordpress\/ -->\n<title>Dia Mundial do Tr\u00e2nsito e da Cortesia ao Volante<\/title>\n<meta name=\"description\" content=\"A Prooptica pensa ser a oportunidade ideal para enfatizar a import\u00e2ncia da utiliza\u00e7\u00e3o de corre\u00e7\u00e3o visual adequada na condu\u00e7\u00e3o.\" \/>\n<meta name=\"robots\" content=\"index, follow, max-snippet:-1, max-image-preview:large, max-video-preview:-1\" \/>\n<link rel=\"canonical\" href=\"https:\/\/www.prooptica.pt\/en\/world-traffic-day-and-courtesy-behind-the-wheel-awareness\/\" \/>\n<meta property=\"og:locale\" content=\"en_GB\" \/>\n<meta property=\"og:type\" content=\"article\" \/>\n<meta property=\"og:title\" content=\"Dia Mundial do Tr\u00e2nsito e da Cortesia ao Volante\" \/>\n<meta property=\"og:description\" content=\"A Prooptica pensa ser a oportunidade ideal para enfatizar a import\u00e2ncia da utiliza\u00e7\u00e3o de corre\u00e7\u00e3o visual adequada na condu\u00e7\u00e3o.\" \/>\n<meta property=\"og:url\" content=\"https:\/\/www.prooptica.pt\/en\/world-traffic-day-and-courtesy-behind-the-wheel-awareness\/\" \/>\n<meta property=\"og:site_name\" content=\"Prooptica\" \/>\n<meta property=\"article:published_time\" content=\"2024-05-03T14:31:54+00:00\" \/>\n<meta property=\"og:image\" content=\"https:\/\/www.prooptica.pt\/wp-content\/uploads\/2024\/05\/Fotos-Prooptica-2024-05-02T145817.250-1024x726.png\" \/>\n\t<meta property=\"og:image:width\" content=\"1024\" \/>\n\t<meta property=\"og:image:height\" content=\"726\" \/>\n\t<meta property=\"og:image:type\" content=\"image\/png\" \/>\n<meta name=\"author\" content=\"admin\" \/>\n<meta name=\"twitter:card\" content=\"summary_large_image\" \/>\n<meta name=\"twitter:label1\" content=\"Written by\" \/>\n\t<meta name=\"twitter:data1\" content=\"admin\" \/>\n\t<meta name=\"twitter:label2\" content=\"Estimated reading time\" \/>\n\t<meta name=\"twitter:data2\" content=\"2 minutes\" \/>\n<script type=\"application\/ld+json\" class=\"yoast-schema-graph\">{\"@context\":\"https:\\\/\\\/schema.org\",\"@graph\":[{\"@type\":\"Article\",\"@id\":\"https:\\\/\\\/www.prooptica.pt\\\/dia-mundial-do-transito-e-da-cortesia-ao-volante-consciencializacao\\\/#article\",\"isPartOf\":{\"@id\":\"https:\\\/\\\/www.prooptica.pt\\\/dia-mundial-do-transito-e-da-cortesia-ao-volante-consciencializacao\\\/\"},\"author\":{\"name\":\"admin\",\"@id\":\"https:\\\/\\\/www.prooptica.pt\\\/home\\\/#\\\/schema\\\/person\\\/1cbd826a9322a3c38a052e43d1638306\"},\"headline\":\"Dia Mundial do Tr\u00e2nsito e da Cortesia ao Volante | Consciencializa\u00e7\u00e3o\",\"datePublished\":\"2024-05-03T14:31:54+00:00\",\"mainEntityOfPage\":{\"@id\":\"https:\\\/\\\/www.prooptica.pt\\\/dia-mundial-do-transito-e-da-cortesia-ao-volante-consciencializacao\\\/\"},\"wordCount\":382,\"image\":{\"@id\":\"https:\\\/\\\/www.prooptica.pt\\\/dia-mundial-do-transito-e-da-cortesia-ao-volante-consciencializacao\\\/#primaryimage\"},\"thumbnailUrl\":\"https:\\\/\\\/www.prooptica.pt\\\/wp-content\\\/uploads\\\/2024\\\/05\\\/Fotos-Prooptica-2024-05-02T145817.250.png\",\"articleSection\":[\"Institucional\"],\"inLanguage\":\"en-GB\"},{\"@type\":\"WebPage\",\"@id\":\"https:\\\/\\\/www.prooptica.pt\\\/dia-mundial-do-transito-e-da-cortesia-ao-volante-consciencializacao\\\/\",\"url\":\"https:\\\/\\\/www.prooptica.pt\\\/dia-mundial-do-transito-e-da-cortesia-ao-volante-consciencializacao\\\/\",\"name\":\"Dia Mundial do Tr\u00e2nsito e da Cortesia ao Volante\",\"isPartOf\":{\"@id\":\"https:\\\/\\\/www.prooptica.pt\\\/home\\\/#website\"},\"primaryImageOfPage\":{\"@id\":\"https:\\\/\\\/www.prooptica.pt\\\/dia-mundial-do-transito-e-da-cortesia-ao-volante-consciencializacao\\\/#primaryimage\"},\"image\":{\"@id\":\"https:\\\/\\\/www.prooptica.pt\\\/dia-mundial-do-transito-e-da-cortesia-ao-volante-consciencializacao\\\/#primaryimage\"},\"thumbnailUrl\":\"https:\\\/\\\/www.prooptica.pt\\\/wp-content\\\/uploads\\\/2024\\\/05\\\/Fotos-Prooptica-2024-05-02T145817.250.png\",\"datePublished\":\"2024-05-03T14:31:54+00:00\",\"author\":{\"@id\":\"https:\\\/\\\/www.prooptica.pt\\\/home\\\/#\\\/schema\\\/person\\\/1cbd826a9322a3c38a052e43d1638306\"},\"description\":\"A Prooptica pensa ser a oportunidade ideal para enfatizar a import\u00e2ncia da utiliza\u00e7\u00e3o de corre\u00e7\u00e3o visual adequada na condu\u00e7\u00e3o.\",\"breadcrumb\":{\"@id\":\"https:\\\/\\\/www.prooptica.pt\\\/dia-mundial-do-transito-e-da-cortesia-ao-volante-consciencializacao\\\/#breadcrumb\"},\"inLanguage\":\"en-GB\",\"potentialAction\":[{\"@type\":\"ReadAction\",\"target\":[\"https:\\\/\\\/www.prooptica.pt\\\/dia-mundial-do-transito-e-da-cortesia-ao-volante-consciencializacao\\\/\"]}]},{\"@type\":\"ImageObject\",\"inLanguage\":\"en-GB\",\"@id\":\"https:\\\/\\\/www.prooptica.pt\\\/dia-mundial-do-transito-e-da-cortesia-ao-volante-consciencializacao\\\/#primaryimage\",\"url\":\"https:\\\/\\\/www.prooptica.pt\\\/wp-content\\\/uploads\\\/2024\\\/05\\\/Fotos-Prooptica-2024-05-02T145817.250.png\",\"contentUrl\":\"https:\\\/\\\/www.prooptica.pt\\\/wp-content\\\/uploads\\\/2024\\\/05\\\/Fotos-Prooptica-2024-05-02T145817.250.png\",\"width\":5463,\"height\":3875},{\"@type\":\"BreadcrumbList\",\"@id\":\"https:\\\/\\\/www.prooptica.pt\\\/dia-mundial-do-transito-e-da-cortesia-ao-volante-consciencializacao\\\/#breadcrumb\",\"itemListElement\":[{\"@type\":\"ListItem\",\"position\":1,\"name\":\"In\u00edcio\",\"item\":\"https:\\\/\\\/www.prooptica.pt\\\/\"},{\"@type\":\"ListItem\",\"position\":2,\"name\":\"Dia Mundial do Tr\u00e2nsito e da Cortesia ao Volante | Consciencializa\u00e7\u00e3o\"}]},{\"@type\":\"WebSite\",\"@id\":\"https:\\\/\\\/www.prooptica.pt\\\/home\\\/#website\",\"url\":\"https:\\\/\\\/www.prooptica.pt\\\/home\\\/\",\"name\":\"Prooptica\",\"description\":\"Full Eyewear Concept\",\"potentialAction\":[{\"@type\":\"SearchAction\",\"target\":{\"@type\":\"EntryPoint\",\"urlTemplate\":\"https:\\\/\\\/www.prooptica.pt\\\/home\\\/?s={search_term_string}\"},\"query-input\":{\"@type\":\"PropertyValueSpecification\",\"valueRequired\":true,\"valueName\":\"search_term_string\"}}],\"inLanguage\":\"en-GB\"},{\"@type\":\"Person\",\"@id\":\"https:\\\/\\\/www.prooptica.pt\\\/home\\\/#\\\/schema\\\/person\\\/1cbd826a9322a3c38a052e43d1638306\",\"name\":\"admin\",\"image\":{\"@type\":\"ImageObject\",\"inLanguage\":\"en-GB\",\"@id\":\"https:\\\/\\\/secure.gravatar.com\\\/avatar\\\/528c714482569d81724b02603aa719344e9ad7c0b50becf07272b2086b2c1cfd?s=96&d=mm&r=g\",\"url\":\"https:\\\/\\\/secure.gravatar.com\\\/avatar\\\/528c714482569d81724b02603aa719344e9ad7c0b50becf07272b2086b2c1cfd?s=96&d=mm&r=g\",\"contentUrl\":\"https:\\\/\\\/secure.gravatar.com\\\/avatar\\\/528c714482569d81724b02603aa719344e9ad7c0b50becf07272b2086b2c1cfd?s=96&d=mm&r=g\",\"caption\":\"admin\"},\"url\":\"https:\\\/\\\/www.prooptica.pt\\\/en\\\/author\\\/admin\\\/\"}]}<\/script>\n<!-- \/ Yoast SEO plugin. -->","yoast_head_json":{"title":"World Day of Traffic and Courtesy at the Wheel","description":"Prooptica thinks this is the ideal opportunity to emphasise the importance of using adequate vision correction when driving.","robots":{"index":"index","follow":"follow","max-snippet":"max-snippet:-1","max-image-preview":"max-image-preview:large","max-video-preview":"max-video-preview:-1"},"canonical":"https:\/\/www.prooptica.pt\/en\/world-traffic-day-and-courtesy-behind-the-wheel-awareness\/","og_locale":"en_GB","og_type":"article","og_title":"Dia Mundial do Tr\u00e2nsito e da Cortesia ao Volante","og_description":"A Prooptica pensa ser a oportunidade ideal para enfatizar a import\u00e2ncia da utiliza\u00e7\u00e3o de corre\u00e7\u00e3o visual adequada na condu\u00e7\u00e3o.","og_url":"https:\/\/www.prooptica.pt\/en\/world-traffic-day-and-courtesy-behind-the-wheel-awareness\/","og_site_name":"Prooptica","article_published_time":"2024-05-03T14:31:54+00:00","og_image":[{"width":1024,"height":726,"url":"https:\/\/www.prooptica.pt\/wp-content\/uploads\/2024\/05\/Fotos-Prooptica-2024-05-02T145817.250-1024x726.png","type":"image\/png"}],"author":"admin","twitter_card":"summary_large_image","twitter_misc":{"Written by":"admin","Estimated reading time":"2 minutes"},"schema":{"@context":"https:\/\/schema.org","@graph":[{"@type":"Article","@id":"https:\/\/www.prooptica.pt\/dia-mundial-do-transito-e-da-cortesia-ao-volante-consciencializacao\/#article","isPartOf":{"@id":"https:\/\/www.prooptica.pt\/dia-mundial-do-transito-e-da-cortesia-ao-volante-consciencializacao\/"},"author":{"name":"admin","@id":"https:\/\/www.prooptica.pt\/home\/#\/schema\/person\/1cbd826a9322a3c38a052e43d1638306"},"headline":"Dia Mundial do Tr\u00e2nsito e da Cortesia ao Volante | Consciencializa\u00e7\u00e3o","datePublished":"2024-05-03T14:31:54+00:00","mainEntityOfPage":{"@id":"https:\/\/www.prooptica.pt\/dia-mundial-do-transito-e-da-cortesia-ao-volante-consciencializacao\/"},"wordCount":382,"image":{"@id":"https:\/\/www.prooptica.pt\/dia-mundial-do-transito-e-da-cortesia-ao-volante-consciencializacao\/#primaryimage"},"thumbnailUrl":"https:\/\/www.prooptica.pt\/wp-content\/uploads\/2024\/05\/Fotos-Prooptica-2024-05-02T145817.250.png","articleSection":["Institucional"],"inLanguage":"en-GB"},{"@type":"WebPage","@id":"https:\/\/www.prooptica.pt\/dia-mundial-do-transito-e-da-cortesia-ao-volante-consciencializacao\/","url":"https:\/\/www.prooptica.pt\/dia-mundial-do-transito-e-da-cortesia-ao-volante-consciencializacao\/","name":"World Day of Traffic and Courtesy at the Wheel","isPartOf":{"@id":"https:\/\/www.prooptica.pt\/home\/#website"},"primaryImageOfPage":{"@id":"https:\/\/www.prooptica.pt\/dia-mundial-do-transito-e-da-cortesia-ao-volante-consciencializacao\/#primaryimage"},"image":{"@id":"https:\/\/www.prooptica.pt\/dia-mundial-do-transito-e-da-cortesia-ao-volante-consciencializacao\/#primaryimage"},"thumbnailUrl":"https:\/\/www.prooptica.pt\/wp-content\/uploads\/2024\/05\/Fotos-Prooptica-2024-05-02T145817.250.png","datePublished":"2024-05-03T14:31:54+00:00","author":{"@id":"https:\/\/www.prooptica.pt\/home\/#\/schema\/person\/1cbd826a9322a3c38a052e43d1638306"},"description":"Prooptica thinks this is the ideal opportunity to emphasise the importance of using adequate vision correction when driving.","breadcrumb":{"@id":"https:\/\/www.prooptica.pt\/dia-mundial-do-transito-e-da-cortesia-ao-volante-consciencializacao\/#breadcrumb"},"inLanguage":"en-GB","potentialAction":[{"@type":"ReadAction","target":["https:\/\/www.prooptica.pt\/dia-mundial-do-transito-e-da-cortesia-ao-volante-consciencializacao\/"]}]},{"@type":"ImageObject","inLanguage":"en-GB","@id":"https:\/\/www.prooptica.pt\/dia-mundial-do-transito-e-da-cortesia-ao-volante-consciencializacao\/#primaryimage","url":"https:\/\/www.prooptica.pt\/wp-content\/uploads\/2024\/05\/Fotos-Prooptica-2024-05-02T145817.250.png","contentUrl":"https:\/\/www.prooptica.pt\/wp-content\/uploads\/2024\/05\/Fotos-Prooptica-2024-05-02T145817.250.png","width":5463,"height":3875},{"@type":"BreadcrumbList","@id":"https:\/\/www.prooptica.pt\/dia-mundial-do-transito-e-da-cortesia-ao-volante-consciencializacao\/#breadcrumb","itemListElement":[{"@type":"ListItem","position":1,"name":"In\u00edcio","item":"https:\/\/www.prooptica.pt\/"},{"@type":"ListItem","position":2,"name":"Dia Mundial do Tr\u00e2nsito e da Cortesia ao Volante | Consciencializa\u00e7\u00e3o"}]},{"@type":"WebSite","@id":"https:\/\/www.prooptica.pt\/home\/#website","url":"https:\/\/www.prooptica.pt\/home\/","name":"Prooptica","description":"Full Eyewear Concept","potentialAction":[{"@type":"SearchAction","target":{"@type":"EntryPoint","urlTemplate":"https:\/\/www.prooptica.pt\/home\/?s={search_term_string}"},"query-input":{"@type":"PropertyValueSpecification","valueRequired":true,"valueName":"search_term_string"}}],"inLanguage":"en-GB"},{"@type":"Person","@id":"https:\/\/www.prooptica.pt\/home\/#\/schema\/person\/1cbd826a9322a3c38a052e43d1638306","name":"admin","image":{"@type":"ImageObject","inLanguage":"en-GB","@id":"https:\/\/secure.gravatar.com\/avatar\/528c714482569d81724b02603aa719344e9ad7c0b50becf07272b2086b2c1cfd?s=96&d=mm&r=g","url":"https:\/\/secure.gravatar.com\/avatar\/528c714482569d81724b02603aa719344e9ad7c0b50becf07272b2086b2c1cfd?s=96&d=mm&r=g","contentUrl":"https:\/\/secure.gravatar.com\/avatar\/528c714482569d81724b02603aa719344e9ad7c0b50becf07272b2086b2c1cfd?s=96&d=mm&r=g","caption":"admin"},"url":"https:\/\/www.prooptica.pt\/en\/author\/admin\/"}]}},"_links":{"self":[{"href":"https:\/\/www.prooptica.pt\/en\/wp-json\/wp\/v2\/posts\/19628","targetHints":{"allow":["GET"]}}],"collection":[{"href":"https:\/\/www.prooptica.pt\/en\/wp-json\/wp\/v2\/posts"}],"about":[{"href":"https:\/\/www.prooptica.pt\/en\/wp-json\/wp\/v2\/types\/post"}],"author":[{"embeddable":true,"href":"https:\/\/www.prooptica.pt\/en\/wp-json\/wp\/v2\/users\/2"}],"replies":[{"embeddable":true,"href":"https:\/\/www.prooptica.pt\/en\/wp-json\/wp\/v2\/comments?post=19628"}],"version-history":[{"count":2,"href":"https:\/\/www.prooptica.pt\/en\/wp-json\/wp\/v2\/posts\/19628\/revisions"}],"predecessor-version":[{"id":19631,"href":"https:\/\/www.prooptica.pt\/en\/wp-json\/wp\/v2\/posts\/19628\/revisions\/19631"}],"wp:featuredmedia":[{"embeddable":true,"href":"https:\/\/www.prooptica.pt\/en\/wp-json\/wp\/v2\/media\/19629"}],"wp:attachment":[{"href":"https:\/\/www.prooptica.pt\/en\/wp-json\/wp\/v2\/media?parent=19628"}],"wp:term":[{"taxonomy":"category","embeddable":true,"href":"https:\/\/www.prooptica.pt\/en\/wp-json\/wp\/v2\/categories?post=19628"},{"taxonomy":"post_tag","embeddable":true,"href":"https:\/\/www.prooptica.pt\/en\/wp-json\/wp\/v2\/tags?post=19628"}],"curies":[{"name":"wp","href":"https:\/\/api.w.org\/{rel}","templated":true}]}}