{"id":19973,"date":"2024-05-29T09:56:13","date_gmt":"2024-05-29T09:56:13","guid":{"rendered":"https:\/\/www.prooptica.pt\/?p=19973"},"modified":"2024-05-29T10:03:31","modified_gmt":"2024-05-29T10:03:31","slug":"childrens-day-the-importance-of-wearing-sunglasses","status":"publish","type":"post","link":"https:\/\/www.prooptica.pt\/en\/dia-da-crianca-a-importancia-de-usar-oculos-de-sol\/","title":{"rendered":"Children's Day | The importance of wearing sunglasses"},"content":{"rendered":"<p>We know that wearing sun cream is strictly necessary to protect children's delicate skin. However, it's equally important to warn about the harmful effect of not wearing sunglasses in childhood. The same UV radiation that sunscreen protects against also reaches the eyes and can damage children's eyes. Adequately protecting a child from the sun is essential, whether with hats, sun cream or sunglasses.<\/p>\n<h5><strong>7 reasons why children should wear sunglasses<\/strong><\/h5>\n<h6><strong>1- Children's eyes are particularly sensitive to UV radiation<\/strong><\/h6>\n<p>Children's eyes are more vulnerable to UV radiation than adults because their iris contains less pigment and their pupil is larger. Prolonged exposure to sunlight can be harmful to their eyes, especially in babies. Babies in their first year of life have a transparent lens, which allows 90% of UVA rays and 50% of UVB rays to penetrate the retina, hence the crucial importance of protection.<\/p>\n<h6>2- <strong>Not being protected against UV radiation makes children more susceptible to developing future eye diseases<\/strong><\/h6>\n<p>Exposure to UV radiation can cause damage to the cornea, increasing the risk of eye diseases such as cataracts, ocular melanomas and corneal inflammation. The consequences of UV radiation on the eyes can take years to develop and are not immediately diagnosable. The World Health Organisation estimates that 10% of all cases of blindness from cataracts may be due to exposure to UV radiation.<\/p>\n<h6>3 <strong>- The blink function in babies and young children is not yet fully developed<\/strong><\/h6>\n<p>Babies and young children don't blink as much as adults, making them more susceptible to UV radiation.<\/p>\n<h6><strong>4 - Not wearing sunglasses can cause headaches<\/strong><\/h6>\n<p>Not wearing sunglasses during outdoor activities in bright sunlight can cause headaches, as squinting can cause muscle tension around the eyes and forehead.<\/p>\n<h6>5 &#8211; <strong>Sunglasses protect against glare<\/strong><\/h6>\n<p>While a parasol protects against direct UV radiation, sunglasses are essential to protect your eyes from glare, especially on the beach or near water.<\/p>\n<h6>6- <strong>Creating good habits<\/strong><\/h6>\n<p>Since it's the little ones who get the cucumber, let's teach children the good habit of wearing sunglasses from an early age. When they go outside on a beautiful sunny day, it will be natural for them to think about putting on sun cream, but also about wearing sunglasses.<\/p>\n<h6>7-\u00a0 <strong>Create a stylish look<\/strong><\/h6>\n<p>There's no need to explain this one, with a pair of cool sunglasses, you'll look stylish!<\/p>","protected":false},"excerpt":{"rendered":"<p>Sabemos que usar protetor solar \u00e9 estritamente necess\u00e1rio para proteger a pele delicada das crian\u00e7as. No entanto, \u00e9 igualmente importante alertar para o efeito nocivo de n\u00e3o usar \u00f3culos de sol na inf\u00e2ncia. A mesma radia\u00e7\u00e3o UV que o protetor solar protege, tamb\u00e9m atinge a vis\u00e3o e pode prejudicar os olhos das crian\u00e7as. Proteger adequadamente [&hellip;]<\/p>\n","protected":false},"author":2,"featured_media":19974,"comment_status":"closed","ping_status":"closed","sticky":false,"template":"","format":"standard","meta":{"footnotes":""},"categories":[195,189],"tags":[],"class_list":["post-19973","post","type-post","status-publish","format-standard","has-post-thumbnail","hentry","category-institucional","category-oculos"],"yoast_head":"<!-- This site is optimized with the Yoast SEO plugin v27.5 - https:\/\/yoast.com\/product\/yoast-seo-wordpress\/ -->\n<title>Dia da Crian\u00e7a | A import\u00e2ncia de usar \u00f3culos de sol<\/title>\n<meta name=\"description\" content=\"A mesma radia\u00e7\u00e3o UV que o protetor solar protege, tamb\u00e9m atinge a vis\u00e3o e pode prejudicar os olhos das crian\u00e7as.\" \/>\n<meta name=\"robots\" content=\"index, follow, max-snippet:-1, max-image-preview:large, max-video-preview:-1\" \/>\n<link rel=\"canonical\" href=\"https:\/\/www.prooptica.pt\/en\/childrens-day-the-importance-of-wearing-sunglasses\/\" \/>\n<meta property=\"og:locale\" content=\"en_GB\" \/>\n<meta property=\"og:type\" content=\"article\" \/>\n<meta property=\"og:title\" content=\"Dia da Crian\u00e7a | A import\u00e2ncia de usar \u00f3culos de sol\" \/>\n<meta property=\"og:description\" content=\"A mesma radia\u00e7\u00e3o UV que o protetor solar protege, tamb\u00e9m atinge a vis\u00e3o e pode prejudicar os olhos das crian\u00e7as.\" \/>\n<meta property=\"og:url\" content=\"https:\/\/www.prooptica.pt\/en\/childrens-day-the-importance-of-wearing-sunglasses\/\" \/>\n<meta property=\"og:site_name\" content=\"Prooptica\" \/>\n<meta property=\"article:published_time\" content=\"2024-05-29T09:56:13+00:00\" \/>\n<meta property=\"article:modified_time\" content=\"2024-05-29T10:03:31+00:00\" \/>\n<meta property=\"og:image\" content=\"https:\/\/www.prooptica.pt\/wp-content\/uploads\/2024\/05\/Capa-artigo-blog-4.jpg\" \/>\n\t<meta property=\"og:image:width\" content=\"854\" \/>\n\t<meta property=\"og:image:height\" content=\"514\" \/>\n\t<meta property=\"og:image:type\" content=\"image\/jpeg\" \/>\n<meta name=\"author\" content=\"admin\" \/>\n<meta name=\"twitter:card\" content=\"summary_large_image\" \/>\n<meta name=\"twitter:label1\" content=\"Written by\" \/>\n\t<meta name=\"twitter:data1\" content=\"admin\" \/>\n\t<meta name=\"twitter:label2\" content=\"Estimated reading time\" \/>\n\t<meta name=\"twitter:data2\" content=\"3 minutes\" \/>\n<script type=\"application\/ld+json\" class=\"yoast-schema-graph\">{\"@context\":\"https:\\\/\\\/schema.org\",\"@graph\":[{\"@type\":\"Article\",\"@id\":\"https:\\\/\\\/www.prooptica.pt\\\/dia-da-crianca-a-importancia-de-usar-oculos-de-sol\\\/#article\",\"isPartOf\":{\"@id\":\"https:\\\/\\\/www.prooptica.pt\\\/dia-da-crianca-a-importancia-de-usar-oculos-de-sol\\\/\"},\"author\":{\"name\":\"admin\",\"@id\":\"https:\\\/\\\/www.prooptica.pt\\\/home\\\/#\\\/schema\\\/person\\\/1cbd826a9322a3c38a052e43d1638306\"},\"headline\":\"Dia da Crian\u00e7a | A import\u00e2ncia de usar \u00f3culos de sol\",\"datePublished\":\"2024-05-29T09:56:13+00:00\",\"dateModified\":\"2024-05-29T10:03:31+00:00\",\"mainEntityOfPage\":{\"@id\":\"https:\\\/\\\/www.prooptica.pt\\\/dia-da-crianca-a-importancia-de-usar-oculos-de-sol\\\/\"},\"wordCount\":508,\"image\":{\"@id\":\"https:\\\/\\\/www.prooptica.pt\\\/dia-da-crianca-a-importancia-de-usar-oculos-de-sol\\\/#primaryimage\"},\"thumbnailUrl\":\"https:\\\/\\\/www.prooptica.pt\\\/wp-content\\\/uploads\\\/2024\\\/05\\\/Capa-artigo-blog-4.jpg\",\"articleSection\":[\"Institucional\",\"\u00d3culos\"],\"inLanguage\":\"en-GB\"},{\"@type\":\"WebPage\",\"@id\":\"https:\\\/\\\/www.prooptica.pt\\\/dia-da-crianca-a-importancia-de-usar-oculos-de-sol\\\/\",\"url\":\"https:\\\/\\\/www.prooptica.pt\\\/dia-da-crianca-a-importancia-de-usar-oculos-de-sol\\\/\",\"name\":\"Dia da Crian\u00e7a | A import\u00e2ncia de usar \u00f3culos de sol\",\"isPartOf\":{\"@id\":\"https:\\\/\\\/www.prooptica.pt\\\/home\\\/#website\"},\"primaryImageOfPage\":{\"@id\":\"https:\\\/\\\/www.prooptica.pt\\\/dia-da-crianca-a-importancia-de-usar-oculos-de-sol\\\/#primaryimage\"},\"image\":{\"@id\":\"https:\\\/\\\/www.prooptica.pt\\\/dia-da-crianca-a-importancia-de-usar-oculos-de-sol\\\/#primaryimage\"},\"thumbnailUrl\":\"https:\\\/\\\/www.prooptica.pt\\\/wp-content\\\/uploads\\\/2024\\\/05\\\/Capa-artigo-blog-4.jpg\",\"datePublished\":\"2024-05-29T09:56:13+00:00\",\"dateModified\":\"2024-05-29T10:03:31+00:00\",\"author\":{\"@id\":\"https:\\\/\\\/www.prooptica.pt\\\/home\\\/#\\\/schema\\\/person\\\/1cbd826a9322a3c38a052e43d1638306\"},\"description\":\"A mesma radia\u00e7\u00e3o UV que o protetor solar protege, tamb\u00e9m atinge a vis\u00e3o e pode prejudicar os olhos das crian\u00e7as.\",\"breadcrumb\":{\"@id\":\"https:\\\/\\\/www.prooptica.pt\\\/dia-da-crianca-a-importancia-de-usar-oculos-de-sol\\\/#breadcrumb\"},\"inLanguage\":\"en-GB\",\"potentialAction\":[{\"@type\":\"ReadAction\",\"target\":[\"https:\\\/\\\/www.prooptica.pt\\\/dia-da-crianca-a-importancia-de-usar-oculos-de-sol\\\/\"]}]},{\"@type\":\"ImageObject\",\"inLanguage\":\"en-GB\",\"@id\":\"https:\\\/\\\/www.prooptica.pt\\\/dia-da-crianca-a-importancia-de-usar-oculos-de-sol\\\/#primaryimage\",\"url\":\"https:\\\/\\\/www.prooptica.pt\\\/wp-content\\\/uploads\\\/2024\\\/05\\\/Capa-artigo-blog-4.jpg\",\"contentUrl\":\"https:\\\/\\\/www.prooptica.pt\\\/wp-content\\\/uploads\\\/2024\\\/05\\\/Capa-artigo-blog-4.jpg\",\"width\":854,\"height\":514},{\"@type\":\"BreadcrumbList\",\"@id\":\"https:\\\/\\\/www.prooptica.pt\\\/dia-da-crianca-a-importancia-de-usar-oculos-de-sol\\\/#breadcrumb\",\"itemListElement\":[{\"@type\":\"ListItem\",\"position\":1,\"name\":\"In\u00edcio\",\"item\":\"https:\\\/\\\/www.prooptica.pt\\\/\"},{\"@type\":\"ListItem\",\"position\":2,\"name\":\"Dia da Crian\u00e7a | A import\u00e2ncia de usar \u00f3culos de sol\"}]},{\"@type\":\"WebSite\",\"@id\":\"https:\\\/\\\/www.prooptica.pt\\\/home\\\/#website\",\"url\":\"https:\\\/\\\/www.prooptica.pt\\\/home\\\/\",\"name\":\"Prooptica\",\"description\":\"Full Eyewear Concept\",\"potentialAction\":[{\"@type\":\"SearchAction\",\"target\":{\"@type\":\"EntryPoint\",\"urlTemplate\":\"https:\\\/\\\/www.prooptica.pt\\\/home\\\/?s={search_term_string}\"},\"query-input\":{\"@type\":\"PropertyValueSpecification\",\"valueRequired\":true,\"valueName\":\"search_term_string\"}}],\"inLanguage\":\"en-GB\"},{\"@type\":\"Person\",\"@id\":\"https:\\\/\\\/www.prooptica.pt\\\/home\\\/#\\\/schema\\\/person\\\/1cbd826a9322a3c38a052e43d1638306\",\"name\":\"admin\",\"image\":{\"@type\":\"ImageObject\",\"inLanguage\":\"en-GB\",\"@id\":\"https:\\\/\\\/secure.gravatar.com\\\/avatar\\\/528c714482569d81724b02603aa719344e9ad7c0b50becf07272b2086b2c1cfd?s=96&d=mm&r=g\",\"url\":\"https:\\\/\\\/secure.gravatar.com\\\/avatar\\\/528c714482569d81724b02603aa719344e9ad7c0b50becf07272b2086b2c1cfd?s=96&d=mm&r=g\",\"contentUrl\":\"https:\\\/\\\/secure.gravatar.com\\\/avatar\\\/528c714482569d81724b02603aa719344e9ad7c0b50becf07272b2086b2c1cfd?s=96&d=mm&r=g\",\"caption\":\"admin\"},\"url\":\"https:\\\/\\\/www.prooptica.pt\\\/en\\\/author\\\/admin\\\/\"}]}<\/script>\n<!-- \/ Yoast SEO plugin. -->","yoast_head_json":{"title":"Children's Day | The importance of wearing sunglasses","description":"The same UV radiation that sunscreen protects against also affects vision and can damage children's eyes.","robots":{"index":"index","follow":"follow","max-snippet":"max-snippet:-1","max-image-preview":"max-image-preview:large","max-video-preview":"max-video-preview:-1"},"canonical":"https:\/\/www.prooptica.pt\/en\/childrens-day-the-importance-of-wearing-sunglasses\/","og_locale":"en_GB","og_type":"article","og_title":"Dia da Crian\u00e7a | A import\u00e2ncia de usar \u00f3culos de sol","og_description":"A mesma radia\u00e7\u00e3o UV que o protetor solar protege, tamb\u00e9m atinge a vis\u00e3o e pode prejudicar os olhos das crian\u00e7as.","og_url":"https:\/\/www.prooptica.pt\/en\/childrens-day-the-importance-of-wearing-sunglasses\/","og_site_name":"Prooptica","article_published_time":"2024-05-29T09:56:13+00:00","article_modified_time":"2024-05-29T10:03:31+00:00","og_image":[{"width":854,"height":514,"url":"https:\/\/www.prooptica.pt\/wp-content\/uploads\/2024\/05\/Capa-artigo-blog-4.jpg","type":"image\/jpeg"}],"author":"admin","twitter_card":"summary_large_image","twitter_misc":{"Written by":"admin","Estimated reading time":"3 minutes"},"schema":{"@context":"https:\/\/schema.org","@graph":[{"@type":"Article","@id":"https:\/\/www.prooptica.pt\/dia-da-crianca-a-importancia-de-usar-oculos-de-sol\/#article","isPartOf":{"@id":"https:\/\/www.prooptica.pt\/dia-da-crianca-a-importancia-de-usar-oculos-de-sol\/"},"author":{"name":"admin","@id":"https:\/\/www.prooptica.pt\/home\/#\/schema\/person\/1cbd826a9322a3c38a052e43d1638306"},"headline":"Dia da Crian\u00e7a | A import\u00e2ncia de usar \u00f3culos de sol","datePublished":"2024-05-29T09:56:13+00:00","dateModified":"2024-05-29T10:03:31+00:00","mainEntityOfPage":{"@id":"https:\/\/www.prooptica.pt\/dia-da-crianca-a-importancia-de-usar-oculos-de-sol\/"},"wordCount":508,"image":{"@id":"https:\/\/www.prooptica.pt\/dia-da-crianca-a-importancia-de-usar-oculos-de-sol\/#primaryimage"},"thumbnailUrl":"https:\/\/www.prooptica.pt\/wp-content\/uploads\/2024\/05\/Capa-artigo-blog-4.jpg","articleSection":["Institucional","\u00d3culos"],"inLanguage":"en-GB"},{"@type":"WebPage","@id":"https:\/\/www.prooptica.pt\/dia-da-crianca-a-importancia-de-usar-oculos-de-sol\/","url":"https:\/\/www.prooptica.pt\/dia-da-crianca-a-importancia-de-usar-oculos-de-sol\/","name":"Children's Day | The importance of wearing sunglasses","isPartOf":{"@id":"https:\/\/www.prooptica.pt\/home\/#website"},"primaryImageOfPage":{"@id":"https:\/\/www.prooptica.pt\/dia-da-crianca-a-importancia-de-usar-oculos-de-sol\/#primaryimage"},"image":{"@id":"https:\/\/www.prooptica.pt\/dia-da-crianca-a-importancia-de-usar-oculos-de-sol\/#primaryimage"},"thumbnailUrl":"https:\/\/www.prooptica.pt\/wp-content\/uploads\/2024\/05\/Capa-artigo-blog-4.jpg","datePublished":"2024-05-29T09:56:13+00:00","dateModified":"2024-05-29T10:03:31+00:00","author":{"@id":"https:\/\/www.prooptica.pt\/home\/#\/schema\/person\/1cbd826a9322a3c38a052e43d1638306"},"description":"The same UV radiation that sunscreen protects against also affects vision and can damage children's eyes.","breadcrumb":{"@id":"https:\/\/www.prooptica.pt\/dia-da-crianca-a-importancia-de-usar-oculos-de-sol\/#breadcrumb"},"inLanguage":"en-GB","potentialAction":[{"@type":"ReadAction","target":["https:\/\/www.prooptica.pt\/dia-da-crianca-a-importancia-de-usar-oculos-de-sol\/"]}]},{"@type":"ImageObject","inLanguage":"en-GB","@id":"https:\/\/www.prooptica.pt\/dia-da-crianca-a-importancia-de-usar-oculos-de-sol\/#primaryimage","url":"https:\/\/www.prooptica.pt\/wp-content\/uploads\/2024\/05\/Capa-artigo-blog-4.jpg","contentUrl":"https:\/\/www.prooptica.pt\/wp-content\/uploads\/2024\/05\/Capa-artigo-blog-4.jpg","width":854,"height":514},{"@type":"BreadcrumbList","@id":"https:\/\/www.prooptica.pt\/dia-da-crianca-a-importancia-de-usar-oculos-de-sol\/#breadcrumb","itemListElement":[{"@type":"ListItem","position":1,"name":"In\u00edcio","item":"https:\/\/www.prooptica.pt\/"},{"@type":"ListItem","position":2,"name":"Dia da Crian\u00e7a | A import\u00e2ncia de usar \u00f3culos de sol"}]},{"@type":"WebSite","@id":"https:\/\/www.prooptica.pt\/home\/#website","url":"https:\/\/www.prooptica.pt\/home\/","name":"Prooptica","description":"Full Eyewear Concept","potentialAction":[{"@type":"SearchAction","target":{"@type":"EntryPoint","urlTemplate":"https:\/\/www.prooptica.pt\/home\/?s={search_term_string}"},"query-input":{"@type":"PropertyValueSpecification","valueRequired":true,"valueName":"search_term_string"}}],"inLanguage":"en-GB"},{"@type":"Person","@id":"https:\/\/www.prooptica.pt\/home\/#\/schema\/person\/1cbd826a9322a3c38a052e43d1638306","name":"admin","image":{"@type":"ImageObject","inLanguage":"en-GB","@id":"https:\/\/secure.gravatar.com\/avatar\/528c714482569d81724b02603aa719344e9ad7c0b50becf07272b2086b2c1cfd?s=96&d=mm&r=g","url":"https:\/\/secure.gravatar.com\/avatar\/528c714482569d81724b02603aa719344e9ad7c0b50becf07272b2086b2c1cfd?s=96&d=mm&r=g","contentUrl":"https:\/\/secure.gravatar.com\/avatar\/528c714482569d81724b02603aa719344e9ad7c0b50becf07272b2086b2c1cfd?s=96&d=mm&r=g","caption":"admin"},"url":"https:\/\/www.prooptica.pt\/en\/author\/admin\/"}]}},"_links":{"self":[{"href":"https:\/\/www.prooptica.pt\/en\/wp-json\/wp\/v2\/posts\/19973","targetHints":{"allow":["GET"]}}],"collection":[{"href":"https:\/\/www.prooptica.pt\/en\/wp-json\/wp\/v2\/posts"}],"about":[{"href":"https:\/\/www.prooptica.pt\/en\/wp-json\/wp\/v2\/types\/post"}],"author":[{"embeddable":true,"href":"https:\/\/www.prooptica.pt\/en\/wp-json\/wp\/v2\/users\/2"}],"replies":[{"embeddable":true,"href":"https:\/\/www.prooptica.pt\/en\/wp-json\/wp\/v2\/comments?post=19973"}],"version-history":[{"count":5,"href":"https:\/\/www.prooptica.pt\/en\/wp-json\/wp\/v2\/posts\/19973\/revisions"}],"predecessor-version":[{"id":19979,"href":"https:\/\/www.prooptica.pt\/en\/wp-json\/wp\/v2\/posts\/19973\/revisions\/19979"}],"wp:featuredmedia":[{"embeddable":true,"href":"https:\/\/www.prooptica.pt\/en\/wp-json\/wp\/v2\/media\/19974"}],"wp:attachment":[{"href":"https:\/\/www.prooptica.pt\/en\/wp-json\/wp\/v2\/media?parent=19973"}],"wp:term":[{"taxonomy":"category","embeddable":true,"href":"https:\/\/www.prooptica.pt\/en\/wp-json\/wp\/v2\/categories?post=19973"},{"taxonomy":"post_tag","embeddable":true,"href":"https:\/\/www.prooptica.pt\/en\/wp-json\/wp\/v2\/tags?post=19973"}],"curies":[{"name":"wp","href":"https:\/\/api.w.org\/{rel}","templated":true}]}}