{"id":20027,"date":"2024-06-11T13:49:06","date_gmt":"2024-06-11T13:49:06","guid":{"rendered":"https:\/\/www.prooptica.pt\/?p=20027"},"modified":"2024-06-11T13:54:22","modified_gmt":"2024-06-11T13:54:22","slug":"portugal-day-capsule-collection-amalia-by-joao-rolo","status":"publish","type":"post","link":"https:\/\/www.prooptica.pt\/en\/dia-de-portugal-colecao-capsula-amalia-by-joao-rolo\/","title":{"rendered":"Portugal Day | Am\u00e1lia Capsule Collection by Jo\u00e3o R\u00f4lo"},"content":{"rendered":"<p>Over the last 23 years, Prooptica has developed numerous partnerships with renowned designers, such as Jo\u00e3o R\u00f4lo, one of the first licences developed by Prooptica in partnership with the renowned designer.<\/p>\n<p>In fulfilment of its ongoing commitment to take the concept of eyewear with Portuguese design to new heights, so that it is always present in the consumer's mind, Prooptica will expand the Am\u00e1lia Eyewear by Jo\u00e3o R\u00f4lo capsule collection in September.<\/p>\n<p>We believe that if our Fado Diva were alive, she would be dressed by Jo\u00e3o R\u00f4lo, one of Portugal's most acclaimed designers, known for his extravagant designs and sophisticated use of materials and textures.<\/p>\n<p>In the wake of Portugal Day, we want to pay tribute to these two icons of Portuguese culture and fashion, the Fado diva Am\u00e1lia Rodrigues and one of the most renowned haute couture designers, Jo\u00e3o R\u00f4lo.<\/p>\n<p>Prooptica thus reiterates its goal of continuing to promote Portuguese fashion and culture, reinforcing its strategic focus on brands and personalities that are relevant to the national scene.<\/p>","protected":false},"excerpt":{"rendered":"<p>Nos \u00faltimos 23 anos a Prooptica desenvolveu in\u00fameras parcerias com criadores de renome, como foi o caso de Jo\u00e3o R\u00f4lo, uma das primeiras licen\u00e7as desenvolvidas pela Prooptica, em parceria com o reconhecido estilista. Cumprindo o seu compromisso cont\u00ednuo de elevar o conceito de eyewear com design portugu\u00eas a novos patamares, para que esteja sempre presente [&hellip;]<\/p>\n","protected":false},"author":2,"featured_media":20028,"comment_status":"closed","ping_status":"closed","sticky":false,"template":"","format":"standard","meta":{"footnotes":""},"categories":[195,189],"tags":[],"class_list":["post-20027","post","type-post","status-publish","format-standard","has-post-thumbnail","hentry","category-institucional","category-oculos"],"yoast_head":"<!-- This site is optimized with the Yoast SEO plugin v27.5 - https:\/\/yoast.com\/product\/yoast-seo-wordpress\/ -->\n<title>Dia de Portugal | Cole\u00e7\u00e3o C\u00e1psula Am\u00e1lia by Jo\u00e3o R\u00f4lo<\/title>\n<meta name=\"description\" content=\"A Prooptica reitera assim o seu objetivo de continuar a promover a moda e cultura portuguesa.\" \/>\n<meta name=\"robots\" content=\"index, follow, max-snippet:-1, max-image-preview:large, max-video-preview:-1\" \/>\n<link rel=\"canonical\" href=\"https:\/\/www.prooptica.pt\/en\/portugal-day-capsule-collection-amalia-by-joao-rolo\/\" \/>\n<meta property=\"og:locale\" content=\"en_GB\" \/>\n<meta property=\"og:type\" content=\"article\" \/>\n<meta property=\"og:title\" content=\"Dia de Portugal | Cole\u00e7\u00e3o C\u00e1psula Am\u00e1lia by Jo\u00e3o R\u00f4lo\" \/>\n<meta property=\"og:description\" content=\"A Prooptica reitera assim o seu objetivo de continuar a promover a moda e cultura portuguesa.\" \/>\n<meta property=\"og:url\" content=\"https:\/\/www.prooptica.pt\/en\/portugal-day-capsule-collection-amalia-by-joao-rolo\/\" \/>\n<meta property=\"og:site_name\" content=\"Prooptica\" \/>\n<meta property=\"article:published_time\" content=\"2024-06-11T13:49:06+00:00\" \/>\n<meta property=\"article:modified_time\" content=\"2024-06-11T13:54:22+00:00\" \/>\n<meta property=\"og:image\" content=\"https:\/\/www.prooptica.pt\/wp-content\/uploads\/2024\/06\/Capa-artigo-blog-Joao-Rolo.jpg\" \/>\n\t<meta property=\"og:image:width\" content=\"854\" \/>\n\t<meta property=\"og:image:height\" content=\"514\" \/>\n\t<meta property=\"og:image:type\" content=\"image\/jpeg\" \/>\n<meta name=\"author\" content=\"admin\" \/>\n<meta name=\"twitter:card\" content=\"summary_large_image\" \/>\n<meta name=\"twitter:label1\" content=\"Written by\" \/>\n\t<meta name=\"twitter:data1\" content=\"admin\" \/>\n\t<meta name=\"twitter:label2\" content=\"Estimated reading time\" \/>\n\t<meta name=\"twitter:data2\" content=\"1 minute\" \/>\n<script type=\"application\/ld+json\" class=\"yoast-schema-graph\">{\"@context\":\"https:\\\/\\\/schema.org\",\"@graph\":[{\"@type\":\"Article\",\"@id\":\"https:\\\/\\\/www.prooptica.pt\\\/dia-de-portugal-colecao-capsula-amalia-by-joao-rolo\\\/#article\",\"isPartOf\":{\"@id\":\"https:\\\/\\\/www.prooptica.pt\\\/dia-de-portugal-colecao-capsula-amalia-by-joao-rolo\\\/\"},\"author\":{\"name\":\"admin\",\"@id\":\"https:\\\/\\\/www.prooptica.pt\\\/home\\\/#\\\/schema\\\/person\\\/1cbd826a9322a3c38a052e43d1638306\"},\"headline\":\"Dia de Portugal | Cole\u00e7\u00e3o C\u00e1psula Am\u00e1lia by Jo\u00e3o R\u00f4lo\",\"datePublished\":\"2024-06-11T13:49:06+00:00\",\"dateModified\":\"2024-06-11T13:54:22+00:00\",\"mainEntityOfPage\":{\"@id\":\"https:\\\/\\\/www.prooptica.pt\\\/dia-de-portugal-colecao-capsula-amalia-by-joao-rolo\\\/\"},\"wordCount\":205,\"image\":{\"@id\":\"https:\\\/\\\/www.prooptica.pt\\\/dia-de-portugal-colecao-capsula-amalia-by-joao-rolo\\\/#primaryimage\"},\"thumbnailUrl\":\"https:\\\/\\\/www.prooptica.pt\\\/wp-content\\\/uploads\\\/2024\\\/06\\\/Capa-artigo-blog-Joao-Rolo.jpg\",\"articleSection\":[\"Institucional\",\"\u00d3culos\"],\"inLanguage\":\"en-GB\"},{\"@type\":\"WebPage\",\"@id\":\"https:\\\/\\\/www.prooptica.pt\\\/dia-de-portugal-colecao-capsula-amalia-by-joao-rolo\\\/\",\"url\":\"https:\\\/\\\/www.prooptica.pt\\\/dia-de-portugal-colecao-capsula-amalia-by-joao-rolo\\\/\",\"name\":\"Dia de Portugal | Cole\u00e7\u00e3o C\u00e1psula Am\u00e1lia by Jo\u00e3o R\u00f4lo\",\"isPartOf\":{\"@id\":\"https:\\\/\\\/www.prooptica.pt\\\/home\\\/#website\"},\"primaryImageOfPage\":{\"@id\":\"https:\\\/\\\/www.prooptica.pt\\\/dia-de-portugal-colecao-capsula-amalia-by-joao-rolo\\\/#primaryimage\"},\"image\":{\"@id\":\"https:\\\/\\\/www.prooptica.pt\\\/dia-de-portugal-colecao-capsula-amalia-by-joao-rolo\\\/#primaryimage\"},\"thumbnailUrl\":\"https:\\\/\\\/www.prooptica.pt\\\/wp-content\\\/uploads\\\/2024\\\/06\\\/Capa-artigo-blog-Joao-Rolo.jpg\",\"datePublished\":\"2024-06-11T13:49:06+00:00\",\"dateModified\":\"2024-06-11T13:54:22+00:00\",\"author\":{\"@id\":\"https:\\\/\\\/www.prooptica.pt\\\/home\\\/#\\\/schema\\\/person\\\/1cbd826a9322a3c38a052e43d1638306\"},\"description\":\"A Prooptica reitera assim o seu objetivo de continuar a promover a moda e cultura portuguesa.\",\"breadcrumb\":{\"@id\":\"https:\\\/\\\/www.prooptica.pt\\\/dia-de-portugal-colecao-capsula-amalia-by-joao-rolo\\\/#breadcrumb\"},\"inLanguage\":\"en-GB\",\"potentialAction\":[{\"@type\":\"ReadAction\",\"target\":[\"https:\\\/\\\/www.prooptica.pt\\\/dia-de-portugal-colecao-capsula-amalia-by-joao-rolo\\\/\"]}]},{\"@type\":\"ImageObject\",\"inLanguage\":\"en-GB\",\"@id\":\"https:\\\/\\\/www.prooptica.pt\\\/dia-de-portugal-colecao-capsula-amalia-by-joao-rolo\\\/#primaryimage\",\"url\":\"https:\\\/\\\/www.prooptica.pt\\\/wp-content\\\/uploads\\\/2024\\\/06\\\/Capa-artigo-blog-Joao-Rolo.jpg\",\"contentUrl\":\"https:\\\/\\\/www.prooptica.pt\\\/wp-content\\\/uploads\\\/2024\\\/06\\\/Capa-artigo-blog-Joao-Rolo.jpg\",\"width\":854,\"height\":514},{\"@type\":\"BreadcrumbList\",\"@id\":\"https:\\\/\\\/www.prooptica.pt\\\/dia-de-portugal-colecao-capsula-amalia-by-joao-rolo\\\/#breadcrumb\",\"itemListElement\":[{\"@type\":\"ListItem\",\"position\":1,\"name\":\"In\u00edcio\",\"item\":\"https:\\\/\\\/www.prooptica.pt\\\/\"},{\"@type\":\"ListItem\",\"position\":2,\"name\":\"Dia de Portugal | Cole\u00e7\u00e3o C\u00e1psula Am\u00e1lia by Jo\u00e3o R\u00f4lo\"}]},{\"@type\":\"WebSite\",\"@id\":\"https:\\\/\\\/www.prooptica.pt\\\/home\\\/#website\",\"url\":\"https:\\\/\\\/www.prooptica.pt\\\/home\\\/\",\"name\":\"Prooptica\",\"description\":\"Full Eyewear Concept\",\"potentialAction\":[{\"@type\":\"SearchAction\",\"target\":{\"@type\":\"EntryPoint\",\"urlTemplate\":\"https:\\\/\\\/www.prooptica.pt\\\/home\\\/?s={search_term_string}\"},\"query-input\":{\"@type\":\"PropertyValueSpecification\",\"valueRequired\":true,\"valueName\":\"search_term_string\"}}],\"inLanguage\":\"en-GB\"},{\"@type\":\"Person\",\"@id\":\"https:\\\/\\\/www.prooptica.pt\\\/home\\\/#\\\/schema\\\/person\\\/1cbd826a9322a3c38a052e43d1638306\",\"name\":\"admin\",\"image\":{\"@type\":\"ImageObject\",\"inLanguage\":\"en-GB\",\"@id\":\"https:\\\/\\\/secure.gravatar.com\\\/avatar\\\/528c714482569d81724b02603aa719344e9ad7c0b50becf07272b2086b2c1cfd?s=96&d=mm&r=g\",\"url\":\"https:\\\/\\\/secure.gravatar.com\\\/avatar\\\/528c714482569d81724b02603aa719344e9ad7c0b50becf07272b2086b2c1cfd?s=96&d=mm&r=g\",\"contentUrl\":\"https:\\\/\\\/secure.gravatar.com\\\/avatar\\\/528c714482569d81724b02603aa719344e9ad7c0b50becf07272b2086b2c1cfd?s=96&d=mm&r=g\",\"caption\":\"admin\"},\"url\":\"https:\\\/\\\/www.prooptica.pt\\\/en\\\/author\\\/admin\\\/\"}]}<\/script>\n<!-- \/ Yoast SEO plugin. -->","yoast_head_json":{"title":"Portugal Day | Am\u00e1lia Capsule Collection by Jo\u00e3o R\u00f4lo","description":"Prooptica thus reiterates its aim of continuing to promote Portuguese fashion and culture.","robots":{"index":"index","follow":"follow","max-snippet":"max-snippet:-1","max-image-preview":"max-image-preview:large","max-video-preview":"max-video-preview:-1"},"canonical":"https:\/\/www.prooptica.pt\/en\/portugal-day-capsule-collection-amalia-by-joao-rolo\/","og_locale":"en_GB","og_type":"article","og_title":"Dia de Portugal | Cole\u00e7\u00e3o C\u00e1psula Am\u00e1lia by Jo\u00e3o R\u00f4lo","og_description":"A Prooptica reitera assim o seu objetivo de continuar a promover a moda e cultura portuguesa.","og_url":"https:\/\/www.prooptica.pt\/en\/portugal-day-capsule-collection-amalia-by-joao-rolo\/","og_site_name":"Prooptica","article_published_time":"2024-06-11T13:49:06+00:00","article_modified_time":"2024-06-11T13:54:22+00:00","og_image":[{"width":854,"height":514,"url":"https:\/\/www.prooptica.pt\/wp-content\/uploads\/2024\/06\/Capa-artigo-blog-Joao-Rolo.jpg","type":"image\/jpeg"}],"author":"admin","twitter_card":"summary_large_image","twitter_misc":{"Written by":"admin","Estimated reading time":"1 minute"},"schema":{"@context":"https:\/\/schema.org","@graph":[{"@type":"Article","@id":"https:\/\/www.prooptica.pt\/dia-de-portugal-colecao-capsula-amalia-by-joao-rolo\/#article","isPartOf":{"@id":"https:\/\/www.prooptica.pt\/dia-de-portugal-colecao-capsula-amalia-by-joao-rolo\/"},"author":{"name":"admin","@id":"https:\/\/www.prooptica.pt\/home\/#\/schema\/person\/1cbd826a9322a3c38a052e43d1638306"},"headline":"Dia de Portugal | Cole\u00e7\u00e3o C\u00e1psula Am\u00e1lia by Jo\u00e3o R\u00f4lo","datePublished":"2024-06-11T13:49:06+00:00","dateModified":"2024-06-11T13:54:22+00:00","mainEntityOfPage":{"@id":"https:\/\/www.prooptica.pt\/dia-de-portugal-colecao-capsula-amalia-by-joao-rolo\/"},"wordCount":205,"image":{"@id":"https:\/\/www.prooptica.pt\/dia-de-portugal-colecao-capsula-amalia-by-joao-rolo\/#primaryimage"},"thumbnailUrl":"https:\/\/www.prooptica.pt\/wp-content\/uploads\/2024\/06\/Capa-artigo-blog-Joao-Rolo.jpg","articleSection":["Institucional","\u00d3culos"],"inLanguage":"en-GB"},{"@type":"WebPage","@id":"https:\/\/www.prooptica.pt\/dia-de-portugal-colecao-capsula-amalia-by-joao-rolo\/","url":"https:\/\/www.prooptica.pt\/dia-de-portugal-colecao-capsula-amalia-by-joao-rolo\/","name":"Portugal Day | Am\u00e1lia Capsule Collection by Jo\u00e3o R\u00f4lo","isPartOf":{"@id":"https:\/\/www.prooptica.pt\/home\/#website"},"primaryImageOfPage":{"@id":"https:\/\/www.prooptica.pt\/dia-de-portugal-colecao-capsula-amalia-by-joao-rolo\/#primaryimage"},"image":{"@id":"https:\/\/www.prooptica.pt\/dia-de-portugal-colecao-capsula-amalia-by-joao-rolo\/#primaryimage"},"thumbnailUrl":"https:\/\/www.prooptica.pt\/wp-content\/uploads\/2024\/06\/Capa-artigo-blog-Joao-Rolo.jpg","datePublished":"2024-06-11T13:49:06+00:00","dateModified":"2024-06-11T13:54:22+00:00","author":{"@id":"https:\/\/www.prooptica.pt\/home\/#\/schema\/person\/1cbd826a9322a3c38a052e43d1638306"},"description":"Prooptica thus reiterates its aim of continuing to promote Portuguese fashion and culture.","breadcrumb":{"@id":"https:\/\/www.prooptica.pt\/dia-de-portugal-colecao-capsula-amalia-by-joao-rolo\/#breadcrumb"},"inLanguage":"en-GB","potentialAction":[{"@type":"ReadAction","target":["https:\/\/www.prooptica.pt\/dia-de-portugal-colecao-capsula-amalia-by-joao-rolo\/"]}]},{"@type":"ImageObject","inLanguage":"en-GB","@id":"https:\/\/www.prooptica.pt\/dia-de-portugal-colecao-capsula-amalia-by-joao-rolo\/#primaryimage","url":"https:\/\/www.prooptica.pt\/wp-content\/uploads\/2024\/06\/Capa-artigo-blog-Joao-Rolo.jpg","contentUrl":"https:\/\/www.prooptica.pt\/wp-content\/uploads\/2024\/06\/Capa-artigo-blog-Joao-Rolo.jpg","width":854,"height":514},{"@type":"BreadcrumbList","@id":"https:\/\/www.prooptica.pt\/dia-de-portugal-colecao-capsula-amalia-by-joao-rolo\/#breadcrumb","itemListElement":[{"@type":"ListItem","position":1,"name":"In\u00edcio","item":"https:\/\/www.prooptica.pt\/"},{"@type":"ListItem","position":2,"name":"Dia de Portugal | Cole\u00e7\u00e3o C\u00e1psula Am\u00e1lia by Jo\u00e3o R\u00f4lo"}]},{"@type":"WebSite","@id":"https:\/\/www.prooptica.pt\/home\/#website","url":"https:\/\/www.prooptica.pt\/home\/","name":"Prooptica","description":"Full Eyewear Concept","potentialAction":[{"@type":"SearchAction","target":{"@type":"EntryPoint","urlTemplate":"https:\/\/www.prooptica.pt\/home\/?s={search_term_string}"},"query-input":{"@type":"PropertyValueSpecification","valueRequired":true,"valueName":"search_term_string"}}],"inLanguage":"en-GB"},{"@type":"Person","@id":"https:\/\/www.prooptica.pt\/home\/#\/schema\/person\/1cbd826a9322a3c38a052e43d1638306","name":"admin","image":{"@type":"ImageObject","inLanguage":"en-GB","@id":"https:\/\/secure.gravatar.com\/avatar\/528c714482569d81724b02603aa719344e9ad7c0b50becf07272b2086b2c1cfd?s=96&d=mm&r=g","url":"https:\/\/secure.gravatar.com\/avatar\/528c714482569d81724b02603aa719344e9ad7c0b50becf07272b2086b2c1cfd?s=96&d=mm&r=g","contentUrl":"https:\/\/secure.gravatar.com\/avatar\/528c714482569d81724b02603aa719344e9ad7c0b50becf07272b2086b2c1cfd?s=96&d=mm&r=g","caption":"admin"},"url":"https:\/\/www.prooptica.pt\/en\/author\/admin\/"}]}},"_links":{"self":[{"href":"https:\/\/www.prooptica.pt\/en\/wp-json\/wp\/v2\/posts\/20027","targetHints":{"allow":["GET"]}}],"collection":[{"href":"https:\/\/www.prooptica.pt\/en\/wp-json\/wp\/v2\/posts"}],"about":[{"href":"https:\/\/www.prooptica.pt\/en\/wp-json\/wp\/v2\/types\/post"}],"author":[{"embeddable":true,"href":"https:\/\/www.prooptica.pt\/en\/wp-json\/wp\/v2\/users\/2"}],"replies":[{"embeddable":true,"href":"https:\/\/www.prooptica.pt\/en\/wp-json\/wp\/v2\/comments?post=20027"}],"version-history":[{"count":1,"href":"https:\/\/www.prooptica.pt\/en\/wp-json\/wp\/v2\/posts\/20027\/revisions"}],"predecessor-version":[{"id":20029,"href":"https:\/\/www.prooptica.pt\/en\/wp-json\/wp\/v2\/posts\/20027\/revisions\/20029"}],"wp:featuredmedia":[{"embeddable":true,"href":"https:\/\/www.prooptica.pt\/en\/wp-json\/wp\/v2\/media\/20028"}],"wp:attachment":[{"href":"https:\/\/www.prooptica.pt\/en\/wp-json\/wp\/v2\/media?parent=20027"}],"wp:term":[{"taxonomy":"category","embeddable":true,"href":"https:\/\/www.prooptica.pt\/en\/wp-json\/wp\/v2\/categories?post=20027"},{"taxonomy":"post_tag","embeddable":true,"href":"https:\/\/www.prooptica.pt\/en\/wp-json\/wp\/v2\/tags?post=20027"}],"curies":[{"name":"wp","href":"https:\/\/api.w.org\/{rel}","templated":true}]}}