{"id":20040,"date":"2024-06-19T10:14:54","date_gmt":"2024-06-19T10:14:54","guid":{"rendered":"https:\/\/www.prooptica.pt\/?p=20040"},"modified":"2025-05-08T11:28:13","modified_gmt":"2025-05-08T11:28:13","slug":"luis-justino-in-an-interview-with-lookvision-spain-prooptica-at-expooptica-and-in-the-presence-of-juan-duyos","status":"publish","type":"post","link":"https:\/\/www.prooptica.pt\/en\/luis-justino-em-entrevista-a-lookvision-espanha-prooptica-na-expooptica-e-presenca-de-juan-duyos\/","title":{"rendered":"Lu\u00eds Justino in an interview with LookVision Spain | Prooptica at Expooptica and the presence of Juan Duyos"},"content":{"rendered":"<p>Prooptica was present at the 34th edition of Expooptica, the most important trade fair for the sector on the Iberian Peninsula, which took place between 12 and 14 April at the IFEMA Madrid site. Among the more than 8,000 visitors to the exhibition, many stopped by the Prooptica stand, including Spanish fashion designer Juan Duyos, with whom the company has a partnership.<\/p>\n<p>In an interview with LookVision Spain magazine, Lu\u00eds Justino, CEO of Prooptica, spoke of taking part in the exhibition as another moment of consolidation for Portuguese brands in the Iberian market and of the importance of the entry of the Duyos brand, made in partnership with fashion designer Juan Duyos, which allowed for the perfect marriage with the country and effective internationalisation in Spain.<\/p>\n<p>Read the full interview:<strong>\u00a0<span style=\"color: #000000;\"><a style=\"color: #000000;\" href=\"https:\/\/loja.prooptica.pt\/wp-content\/uploads\/LookVision-n\u00ba219-Entrevista.pdf\">LookVision ES Magazine<\/a><\/span><\/strong><\/p>\n<p><img fetchpriority=\"high\" decoding=\"async\" class=\"aligncenter wp-image-20032 size-full\" src=\"https:\/\/www.prooptica.pt\/wp-content\/uploads\/2024\/06\/Capa-artigo-blog-3.jpg\" alt=\"\" width=\"854\" height=\"514\" srcset=\"https:\/\/www.prooptica.pt\/wp-content\/uploads\/2024\/06\/Capa-artigo-blog-3.jpg 854w, https:\/\/www.prooptica.pt\/wp-content\/uploads\/2024\/06\/Capa-artigo-blog-3-300x181.jpg 300w, https:\/\/www.prooptica.pt\/wp-content\/uploads\/2024\/06\/Capa-artigo-blog-3-768x462.jpg 768w\" sizes=\"(max-width: 854px) 100vw, 854px\" \/><\/p>","protected":false},"excerpt":{"rendered":"<p>A Prooptica marcou presen\u00e7a na 34\u00aa Edi\u00e7\u00e3o da Expooptica, a mais importante feira do sector na pen\u00ednsula ib\u00e9rica, que decorreu entre 12 e 14 de abril no recinto da IFEMA Madrid. Entre os mais de 8000 visitantes que tiveram na exposi\u00e7\u00e3o, muitos passaram pelo stand da Prooptica, entre eles o estilista espanhol Juan Duyos, com [&hellip;]<\/p>\n","protected":false},"author":2,"featured_media":20031,"comment_status":"closed","ping_status":"closed","sticky":false,"template":"","format":"standard","meta":{"footnotes":""},"categories":[195,189],"tags":[],"class_list":["post-20040","post","type-post","status-publish","format-standard","has-post-thumbnail","hentry","category-institucional","category-oculos"],"yoast_head":"<!-- This site is optimized with the Yoast SEO plugin v27.5 - https:\/\/yoast.com\/product\/yoast-seo-wordpress\/ -->\n<title>Prooptica na Expooptica e Presen\u00e7a de Juan Duyos<\/title>\n<meta name=\"description\" content=\"Lu\u00eds Justino, CEO da Prooptica, fala na participa\u00e7\u00e3o na exposi\u00e7\u00e3o como mais um momento de consolida\u00e7\u00e3o das marcas portuguesas.\" \/>\n<meta name=\"robots\" content=\"index, follow, max-snippet:-1, max-image-preview:large, max-video-preview:-1\" \/>\n<link rel=\"canonical\" href=\"https:\/\/www.prooptica.pt\/en\/luis-justino-in-an-interview-with-lookvision-spain-prooptica-at-expooptica-and-in-the-presence-of-juan-duyos\/\" \/>\n<meta property=\"og:locale\" content=\"en_GB\" \/>\n<meta property=\"og:type\" content=\"article\" \/>\n<meta property=\"og:title\" content=\"Prooptica na Expooptica e Presen\u00e7a de Juan Duyos\" \/>\n<meta property=\"og:description\" content=\"Lu\u00eds Justino, CEO da Prooptica, fala na participa\u00e7\u00e3o na exposi\u00e7\u00e3o como mais um momento de consolida\u00e7\u00e3o das marcas portuguesas.\" \/>\n<meta property=\"og:url\" content=\"https:\/\/www.prooptica.pt\/en\/luis-justino-in-an-interview-with-lookvision-spain-prooptica-at-expooptica-and-in-the-presence-of-juan-duyos\/\" \/>\n<meta property=\"og:site_name\" content=\"Prooptica\" \/>\n<meta property=\"article:published_time\" content=\"2024-06-19T10:14:54+00:00\" \/>\n<meta property=\"article:modified_time\" content=\"2025-05-08T11:28:13+00:00\" \/>\n<meta property=\"og:image\" content=\"https:\/\/www.prooptica.pt\/wp-content\/uploads\/2024\/06\/Capa-artigo-blog-2.jpg\" \/>\n\t<meta property=\"og:image:width\" content=\"854\" \/>\n\t<meta property=\"og:image:height\" content=\"514\" \/>\n\t<meta property=\"og:image:type\" content=\"image\/jpeg\" \/>\n<meta name=\"author\" content=\"admin\" \/>\n<meta name=\"twitter:card\" content=\"summary_large_image\" \/>\n<meta name=\"twitter:label1\" content=\"Written by\" \/>\n\t<meta name=\"twitter:data1\" content=\"admin\" \/>\n\t<meta name=\"twitter:label2\" content=\"Estimated reading time\" \/>\n\t<meta name=\"twitter:data2\" content=\"2 minutes\" \/>\n<script type=\"application\/ld+json\" class=\"yoast-schema-graph\">{\"@context\":\"https:\\\/\\\/schema.org\",\"@graph\":[{\"@type\":\"Article\",\"@id\":\"https:\\\/\\\/www.prooptica.pt\\\/luis-justino-em-entrevista-a-lookvision-espanha-prooptica-na-expooptica-e-presenca-de-juan-duyos\\\/#article\",\"isPartOf\":{\"@id\":\"https:\\\/\\\/www.prooptica.pt\\\/luis-justino-em-entrevista-a-lookvision-espanha-prooptica-na-expooptica-e-presenca-de-juan-duyos\\\/\"},\"author\":{\"name\":\"admin\",\"@id\":\"https:\\\/\\\/www.prooptica.pt\\\/home\\\/#\\\/schema\\\/person\\\/1cbd826a9322a3c38a052e43d1638306\"},\"headline\":\"Lu\u00eds Justino em entrevista \u00e0 LookVision Espanha | Prooptica na Expooptica e Presen\u00e7a de Juan Duyos\",\"datePublished\":\"2024-06-19T10:14:54+00:00\",\"dateModified\":\"2025-05-08T11:28:13+00:00\",\"mainEntityOfPage\":{\"@id\":\"https:\\\/\\\/www.prooptica.pt\\\/luis-justino-em-entrevista-a-lookvision-espanha-prooptica-na-expooptica-e-presenca-de-juan-duyos\\\/\"},\"wordCount\":150,\"image\":{\"@id\":\"https:\\\/\\\/www.prooptica.pt\\\/luis-justino-em-entrevista-a-lookvision-espanha-prooptica-na-expooptica-e-presenca-de-juan-duyos\\\/#primaryimage\"},\"thumbnailUrl\":\"https:\\\/\\\/www.prooptica.pt\\\/wp-content\\\/uploads\\\/2024\\\/06\\\/Capa-artigo-blog-2.jpg\",\"articleSection\":[\"Institucional\",\"\u00d3culos\"],\"inLanguage\":\"en-GB\"},{\"@type\":\"WebPage\",\"@id\":\"https:\\\/\\\/www.prooptica.pt\\\/luis-justino-em-entrevista-a-lookvision-espanha-prooptica-na-expooptica-e-presenca-de-juan-duyos\\\/\",\"url\":\"https:\\\/\\\/www.prooptica.pt\\\/luis-justino-em-entrevista-a-lookvision-espanha-prooptica-na-expooptica-e-presenca-de-juan-duyos\\\/\",\"name\":\"Prooptica na Expooptica e Presen\u00e7a de Juan Duyos\",\"isPartOf\":{\"@id\":\"https:\\\/\\\/www.prooptica.pt\\\/home\\\/#website\"},\"primaryImageOfPage\":{\"@id\":\"https:\\\/\\\/www.prooptica.pt\\\/luis-justino-em-entrevista-a-lookvision-espanha-prooptica-na-expooptica-e-presenca-de-juan-duyos\\\/#primaryimage\"},\"image\":{\"@id\":\"https:\\\/\\\/www.prooptica.pt\\\/luis-justino-em-entrevista-a-lookvision-espanha-prooptica-na-expooptica-e-presenca-de-juan-duyos\\\/#primaryimage\"},\"thumbnailUrl\":\"https:\\\/\\\/www.prooptica.pt\\\/wp-content\\\/uploads\\\/2024\\\/06\\\/Capa-artigo-blog-2.jpg\",\"datePublished\":\"2024-06-19T10:14:54+00:00\",\"dateModified\":\"2025-05-08T11:28:13+00:00\",\"author\":{\"@id\":\"https:\\\/\\\/www.prooptica.pt\\\/home\\\/#\\\/schema\\\/person\\\/1cbd826a9322a3c38a052e43d1638306\"},\"description\":\"Lu\u00eds Justino, CEO da Prooptica, fala na participa\u00e7\u00e3o na exposi\u00e7\u00e3o como mais um momento de consolida\u00e7\u00e3o das marcas portuguesas.\",\"breadcrumb\":{\"@id\":\"https:\\\/\\\/www.prooptica.pt\\\/luis-justino-em-entrevista-a-lookvision-espanha-prooptica-na-expooptica-e-presenca-de-juan-duyos\\\/#breadcrumb\"},\"inLanguage\":\"en-GB\",\"potentialAction\":[{\"@type\":\"ReadAction\",\"target\":[\"https:\\\/\\\/www.prooptica.pt\\\/luis-justino-em-entrevista-a-lookvision-espanha-prooptica-na-expooptica-e-presenca-de-juan-duyos\\\/\"]}]},{\"@type\":\"ImageObject\",\"inLanguage\":\"en-GB\",\"@id\":\"https:\\\/\\\/www.prooptica.pt\\\/luis-justino-em-entrevista-a-lookvision-espanha-prooptica-na-expooptica-e-presenca-de-juan-duyos\\\/#primaryimage\",\"url\":\"https:\\\/\\\/www.prooptica.pt\\\/wp-content\\\/uploads\\\/2024\\\/06\\\/Capa-artigo-blog-2.jpg\",\"contentUrl\":\"https:\\\/\\\/www.prooptica.pt\\\/wp-content\\\/uploads\\\/2024\\\/06\\\/Capa-artigo-blog-2.jpg\",\"width\":854,\"height\":514},{\"@type\":\"BreadcrumbList\",\"@id\":\"https:\\\/\\\/www.prooptica.pt\\\/luis-justino-em-entrevista-a-lookvision-espanha-prooptica-na-expooptica-e-presenca-de-juan-duyos\\\/#breadcrumb\",\"itemListElement\":[{\"@type\":\"ListItem\",\"position\":1,\"name\":\"In\u00edcio\",\"item\":\"https:\\\/\\\/www.prooptica.pt\\\/\"},{\"@type\":\"ListItem\",\"position\":2,\"name\":\"Lu\u00eds Justino em entrevista \u00e0 LookVision Espanha | Prooptica na Expooptica e Presen\u00e7a de Juan Duyos\"}]},{\"@type\":\"WebSite\",\"@id\":\"https:\\\/\\\/www.prooptica.pt\\\/home\\\/#website\",\"url\":\"https:\\\/\\\/www.prooptica.pt\\\/home\\\/\",\"name\":\"Prooptica\",\"description\":\"Full Eyewear Concept\",\"potentialAction\":[{\"@type\":\"SearchAction\",\"target\":{\"@type\":\"EntryPoint\",\"urlTemplate\":\"https:\\\/\\\/www.prooptica.pt\\\/home\\\/?s={search_term_string}\"},\"query-input\":{\"@type\":\"PropertyValueSpecification\",\"valueRequired\":true,\"valueName\":\"search_term_string\"}}],\"inLanguage\":\"en-GB\"},{\"@type\":\"Person\",\"@id\":\"https:\\\/\\\/www.prooptica.pt\\\/home\\\/#\\\/schema\\\/person\\\/1cbd826a9322a3c38a052e43d1638306\",\"name\":\"admin\",\"image\":{\"@type\":\"ImageObject\",\"inLanguage\":\"en-GB\",\"@id\":\"https:\\\/\\\/secure.gravatar.com\\\/avatar\\\/528c714482569d81724b02603aa719344e9ad7c0b50becf07272b2086b2c1cfd?s=96&d=mm&r=g\",\"url\":\"https:\\\/\\\/secure.gravatar.com\\\/avatar\\\/528c714482569d81724b02603aa719344e9ad7c0b50becf07272b2086b2c1cfd?s=96&d=mm&r=g\",\"contentUrl\":\"https:\\\/\\\/secure.gravatar.com\\\/avatar\\\/528c714482569d81724b02603aa719344e9ad7c0b50becf07272b2086b2c1cfd?s=96&d=mm&r=g\",\"caption\":\"admin\"},\"url\":\"https:\\\/\\\/www.prooptica.pt\\\/en\\\/author\\\/admin\\\/\"}]}<\/script>\n<!-- \/ Yoast SEO plugin. -->","yoast_head_json":{"title":"Prooptica at Expooptica and the presence of Juan Duyos","description":"Lu\u00eds Justino, CEO of Prooptica, talks about taking part in the exhibition as another moment of consolidation for Portuguese brands.","robots":{"index":"index","follow":"follow","max-snippet":"max-snippet:-1","max-image-preview":"max-image-preview:large","max-video-preview":"max-video-preview:-1"},"canonical":"https:\/\/www.prooptica.pt\/en\/luis-justino-in-an-interview-with-lookvision-spain-prooptica-at-expooptica-and-in-the-presence-of-juan-duyos\/","og_locale":"en_GB","og_type":"article","og_title":"Prooptica na Expooptica e Presen\u00e7a de Juan Duyos","og_description":"Lu\u00eds Justino, CEO da Prooptica, fala na participa\u00e7\u00e3o na exposi\u00e7\u00e3o como mais um momento de consolida\u00e7\u00e3o das marcas portuguesas.","og_url":"https:\/\/www.prooptica.pt\/en\/luis-justino-in-an-interview-with-lookvision-spain-prooptica-at-expooptica-and-in-the-presence-of-juan-duyos\/","og_site_name":"Prooptica","article_published_time":"2024-06-19T10:14:54+00:00","article_modified_time":"2025-05-08T11:28:13+00:00","og_image":[{"width":854,"height":514,"url":"https:\/\/www.prooptica.pt\/wp-content\/uploads\/2024\/06\/Capa-artigo-blog-2.jpg","type":"image\/jpeg"}],"author":"admin","twitter_card":"summary_large_image","twitter_misc":{"Written by":"admin","Estimated reading time":"2 minutes"},"schema":{"@context":"https:\/\/schema.org","@graph":[{"@type":"Article","@id":"https:\/\/www.prooptica.pt\/luis-justino-em-entrevista-a-lookvision-espanha-prooptica-na-expooptica-e-presenca-de-juan-duyos\/#article","isPartOf":{"@id":"https:\/\/www.prooptica.pt\/luis-justino-em-entrevista-a-lookvision-espanha-prooptica-na-expooptica-e-presenca-de-juan-duyos\/"},"author":{"name":"admin","@id":"https:\/\/www.prooptica.pt\/home\/#\/schema\/person\/1cbd826a9322a3c38a052e43d1638306"},"headline":"Lu\u00eds Justino em entrevista \u00e0 LookVision Espanha | Prooptica na Expooptica e Presen\u00e7a de Juan Duyos","datePublished":"2024-06-19T10:14:54+00:00","dateModified":"2025-05-08T11:28:13+00:00","mainEntityOfPage":{"@id":"https:\/\/www.prooptica.pt\/luis-justino-em-entrevista-a-lookvision-espanha-prooptica-na-expooptica-e-presenca-de-juan-duyos\/"},"wordCount":150,"image":{"@id":"https:\/\/www.prooptica.pt\/luis-justino-em-entrevista-a-lookvision-espanha-prooptica-na-expooptica-e-presenca-de-juan-duyos\/#primaryimage"},"thumbnailUrl":"https:\/\/www.prooptica.pt\/wp-content\/uploads\/2024\/06\/Capa-artigo-blog-2.jpg","articleSection":["Institucional","\u00d3culos"],"inLanguage":"en-GB"},{"@type":"WebPage","@id":"https:\/\/www.prooptica.pt\/luis-justino-em-entrevista-a-lookvision-espanha-prooptica-na-expooptica-e-presenca-de-juan-duyos\/","url":"https:\/\/www.prooptica.pt\/luis-justino-em-entrevista-a-lookvision-espanha-prooptica-na-expooptica-e-presenca-de-juan-duyos\/","name":"Prooptica at Expooptica and the presence of Juan Duyos","isPartOf":{"@id":"https:\/\/www.prooptica.pt\/home\/#website"},"primaryImageOfPage":{"@id":"https:\/\/www.prooptica.pt\/luis-justino-em-entrevista-a-lookvision-espanha-prooptica-na-expooptica-e-presenca-de-juan-duyos\/#primaryimage"},"image":{"@id":"https:\/\/www.prooptica.pt\/luis-justino-em-entrevista-a-lookvision-espanha-prooptica-na-expooptica-e-presenca-de-juan-duyos\/#primaryimage"},"thumbnailUrl":"https:\/\/www.prooptica.pt\/wp-content\/uploads\/2024\/06\/Capa-artigo-blog-2.jpg","datePublished":"2024-06-19T10:14:54+00:00","dateModified":"2025-05-08T11:28:13+00:00","author":{"@id":"https:\/\/www.prooptica.pt\/home\/#\/schema\/person\/1cbd826a9322a3c38a052e43d1638306"},"description":"Lu\u00eds Justino, CEO of Prooptica, talks about taking part in the exhibition as another moment of consolidation for Portuguese brands.","breadcrumb":{"@id":"https:\/\/www.prooptica.pt\/luis-justino-em-entrevista-a-lookvision-espanha-prooptica-na-expooptica-e-presenca-de-juan-duyos\/#breadcrumb"},"inLanguage":"en-GB","potentialAction":[{"@type":"ReadAction","target":["https:\/\/www.prooptica.pt\/luis-justino-em-entrevista-a-lookvision-espanha-prooptica-na-expooptica-e-presenca-de-juan-duyos\/"]}]},{"@type":"ImageObject","inLanguage":"en-GB","@id":"https:\/\/www.prooptica.pt\/luis-justino-em-entrevista-a-lookvision-espanha-prooptica-na-expooptica-e-presenca-de-juan-duyos\/#primaryimage","url":"https:\/\/www.prooptica.pt\/wp-content\/uploads\/2024\/06\/Capa-artigo-blog-2.jpg","contentUrl":"https:\/\/www.prooptica.pt\/wp-content\/uploads\/2024\/06\/Capa-artigo-blog-2.jpg","width":854,"height":514},{"@type":"BreadcrumbList","@id":"https:\/\/www.prooptica.pt\/luis-justino-em-entrevista-a-lookvision-espanha-prooptica-na-expooptica-e-presenca-de-juan-duyos\/#breadcrumb","itemListElement":[{"@type":"ListItem","position":1,"name":"In\u00edcio","item":"https:\/\/www.prooptica.pt\/"},{"@type":"ListItem","position":2,"name":"Lu\u00eds Justino em entrevista \u00e0 LookVision Espanha | Prooptica na Expooptica e Presen\u00e7a de Juan Duyos"}]},{"@type":"WebSite","@id":"https:\/\/www.prooptica.pt\/home\/#website","url":"https:\/\/www.prooptica.pt\/home\/","name":"Prooptica","description":"Full Eyewear Concept","potentialAction":[{"@type":"SearchAction","target":{"@type":"EntryPoint","urlTemplate":"https:\/\/www.prooptica.pt\/home\/?s={search_term_string}"},"query-input":{"@type":"PropertyValueSpecification","valueRequired":true,"valueName":"search_term_string"}}],"inLanguage":"en-GB"},{"@type":"Person","@id":"https:\/\/www.prooptica.pt\/home\/#\/schema\/person\/1cbd826a9322a3c38a052e43d1638306","name":"admin","image":{"@type":"ImageObject","inLanguage":"en-GB","@id":"https:\/\/secure.gravatar.com\/avatar\/528c714482569d81724b02603aa719344e9ad7c0b50becf07272b2086b2c1cfd?s=96&d=mm&r=g","url":"https:\/\/secure.gravatar.com\/avatar\/528c714482569d81724b02603aa719344e9ad7c0b50becf07272b2086b2c1cfd?s=96&d=mm&r=g","contentUrl":"https:\/\/secure.gravatar.com\/avatar\/528c714482569d81724b02603aa719344e9ad7c0b50becf07272b2086b2c1cfd?s=96&d=mm&r=g","caption":"admin"},"url":"https:\/\/www.prooptica.pt\/en\/author\/admin\/"}]}},"_links":{"self":[{"href":"https:\/\/www.prooptica.pt\/en\/wp-json\/wp\/v2\/posts\/20040","targetHints":{"allow":["GET"]}}],"collection":[{"href":"https:\/\/www.prooptica.pt\/en\/wp-json\/wp\/v2\/posts"}],"about":[{"href":"https:\/\/www.prooptica.pt\/en\/wp-json\/wp\/v2\/types\/post"}],"author":[{"embeddable":true,"href":"https:\/\/www.prooptica.pt\/en\/wp-json\/wp\/v2\/users\/2"}],"replies":[{"embeddable":true,"href":"https:\/\/www.prooptica.pt\/en\/wp-json\/wp\/v2\/comments?post=20040"}],"version-history":[{"count":1,"href":"https:\/\/www.prooptica.pt\/en\/wp-json\/wp\/v2\/posts\/20040\/revisions"}],"predecessor-version":[{"id":20041,"href":"https:\/\/www.prooptica.pt\/en\/wp-json\/wp\/v2\/posts\/20040\/revisions\/20041"}],"wp:featuredmedia":[{"embeddable":true,"href":"https:\/\/www.prooptica.pt\/en\/wp-json\/wp\/v2\/media\/20031"}],"wp:attachment":[{"href":"https:\/\/www.prooptica.pt\/en\/wp-json\/wp\/v2\/media?parent=20040"}],"wp:term":[{"taxonomy":"category","embeddable":true,"href":"https:\/\/www.prooptica.pt\/en\/wp-json\/wp\/v2\/categories?post=20040"},{"taxonomy":"post_tag","embeddable":true,"href":"https:\/\/www.prooptica.pt\/en\/wp-json\/wp\/v2\/tags?post=20040"}],"curies":[{"name":"wp","href":"https:\/\/api.w.org\/{rel}","templated":true}]}}