{"id":20043,"date":"2024-06-21T16:49:17","date_gmt":"2024-06-21T16:49:17","guid":{"rendered":"https:\/\/www.prooptica.pt\/?p=20043"},"modified":"2024-06-24T12:17:36","modified_gmt":"2024-06-24T12:17:36","slug":"masai-sol-collection-launch-news","status":"publish","type":"post","link":"https:\/\/www.prooptica.pt\/en\/lancamento-da-colecao-masai-sol-novidade\/","title":{"rendered":"Launch of the MASAI Sol Collection | New"},"content":{"rendered":"<p>With the arrival of summer, it's common to value wearing sunglasses even more, and since the MASAI brand is the mirror of inclusion and diversity, we couldn't help but create a collection of sunglasses under the motto of these outstanding values.<\/p>\n<p>The collection remains borderless, designed to embrace every individual, regardless of colour, origin, race or age, with the ability to transform glasses into symbols of unity and personal style.<\/p>\n<p>This is how we present to you the latest novelty, a sun line with simple models adapted to all styles, for those looking to express themselves in a free and carefree way, very much in the MASAI style.<\/p>\n<p>Discover the new MASAI Sol collection at <strong><span style=\"color: #000000;\"><a style=\"color: #000000;\" href=\"https:\/\/www.prooptica.pt\/wp-content\/uploads\/2024\/06\/Catalogo-Masai-JUN_2024_WEB.pdf\">catalogue<\/a><a style=\"color: #000000;\" href=\"https:\/\/www.prooptica.pt\/wp-content\/uploads\/2024\/05\/Catalogo-Masai-new-2024_web.pdf\">.<\/a><\/span><\/strong><\/p>\n<p><img fetchpriority=\"high\" decoding=\"async\" class=\"aligncenter wp-image-20046 size-large\" src=\"https:\/\/www.prooptica.pt\/wp-content\/uploads\/2024\/06\/Masai-sol_1-1-734x1024.png\" alt=\"\" width=\"734\" height=\"1024\" srcset=\"https:\/\/www.prooptica.pt\/wp-content\/uploads\/2024\/06\/Masai-sol_1-1-734x1024.png 734w, https:\/\/www.prooptica.pt\/wp-content\/uploads\/2024\/06\/Masai-sol_1-1-215x300.png 215w, https:\/\/www.prooptica.pt\/wp-content\/uploads\/2024\/06\/Masai-sol_1-1-768x1071.png 768w, https:\/\/www.prooptica.pt\/wp-content\/uploads\/2024\/06\/Masai-sol_1-1-1101x1536.png 1101w, https:\/\/www.prooptica.pt\/wp-content\/uploads\/2024\/06\/Masai-sol_1-1-1468x2048.png 1468w\" sizes=\"(max-width: 734px) 100vw, 734px\" \/><\/p>","protected":false},"excerpt":{"rendered":"<p>Com a chegada do ver\u00e3o \u00e9 comum valorizarmos ainda mais a utiliza\u00e7\u00e3o de \u00f3culos de sol e sendo a marca MASAI o espelho da inclus\u00e3o e da diversidade, n\u00e3o poder\u00edamos deixar de criar uma cole\u00e7\u00e3o de \u00f3culos de sol sob o mote destes marcantes valores. A cole\u00e7\u00e3o mant\u00e9m-se sem fronteiras, desenhada para abra\u00e7ar cada indiv\u00edduo, [&hellip;]<\/p>\n","protected":false},"author":2,"featured_media":20048,"comment_status":"closed","ping_status":"closed","sticky":false,"template":"","format":"standard","meta":{"footnotes":""},"categories":[189],"tags":[],"class_list":["post-20043","post","type-post","status-publish","format-standard","has-post-thumbnail","hentry","category-oculos"],"yoast_head":"<!-- This site is optimized with the Yoast SEO plugin v27.5 - https:\/\/yoast.com\/product\/yoast-seo-wordpress\/ -->\n<title>Lan\u00e7amento da Cole\u00e7\u00e3o MASAI Sol | Novidade<\/title>\n<meta name=\"description\" content=\"Apresentamos-lhe assim a mais recente novidade, uma linha de sol MASAI, com modelos simples e adaptados a todos os estilos.\" \/>\n<meta name=\"robots\" content=\"index, follow, max-snippet:-1, max-image-preview:large, max-video-preview:-1\" \/>\n<link rel=\"canonical\" href=\"https:\/\/www.prooptica.pt\/en\/masai-sol-collection-launch-news\/\" \/>\n<meta property=\"og:locale\" content=\"en_GB\" \/>\n<meta property=\"og:type\" content=\"article\" \/>\n<meta property=\"og:title\" content=\"Lan\u00e7amento da Cole\u00e7\u00e3o MASAI Sol | Novidade\" \/>\n<meta property=\"og:description\" content=\"Apresentamos-lhe assim a mais recente novidade, uma linha de sol MASAI, com modelos simples e adaptados a todos os estilos.\" \/>\n<meta property=\"og:url\" content=\"https:\/\/www.prooptica.pt\/en\/masai-sol-collection-launch-news\/\" \/>\n<meta property=\"og:site_name\" content=\"Prooptica\" \/>\n<meta property=\"article:published_time\" content=\"2024-06-21T16:49:17+00:00\" \/>\n<meta property=\"article:modified_time\" content=\"2024-06-24T12:17:36+00:00\" \/>\n<meta property=\"og:image\" content=\"https:\/\/www.prooptica.pt\/wp-content\/uploads\/2024\/06\/Masai-sol.jpg\" \/>\n\t<meta property=\"og:image:width\" content=\"854\" \/>\n\t<meta property=\"og:image:height\" content=\"514\" \/>\n\t<meta property=\"og:image:type\" content=\"image\/jpeg\" \/>\n<meta name=\"author\" content=\"admin\" \/>\n<meta name=\"twitter:card\" content=\"summary_large_image\" \/>\n<meta name=\"twitter:label1\" content=\"Written by\" \/>\n\t<meta name=\"twitter:data1\" content=\"admin\" \/>\n\t<meta name=\"twitter:label2\" content=\"Estimated reading time\" \/>\n\t<meta name=\"twitter:data2\" content=\"1 minute\" \/>\n<script type=\"application\/ld+json\" class=\"yoast-schema-graph\">{\"@context\":\"https:\\\/\\\/schema.org\",\"@graph\":[{\"@type\":\"Article\",\"@id\":\"https:\\\/\\\/www.prooptica.pt\\\/lancamento-da-colecao-masai-sol-novidade\\\/#article\",\"isPartOf\":{\"@id\":\"https:\\\/\\\/www.prooptica.pt\\\/lancamento-da-colecao-masai-sol-novidade\\\/\"},\"author\":{\"name\":\"admin\",\"@id\":\"https:\\\/\\\/www.prooptica.pt\\\/home\\\/#\\\/schema\\\/person\\\/1cbd826a9322a3c38a052e43d1638306\"},\"headline\":\"Lan\u00e7amento da Cole\u00e7\u00e3o MASAI Sol | Novidade\",\"datePublished\":\"2024-06-21T16:49:17+00:00\",\"dateModified\":\"2024-06-24T12:17:36+00:00\",\"mainEntityOfPage\":{\"@id\":\"https:\\\/\\\/www.prooptica.pt\\\/lancamento-da-colecao-masai-sol-novidade\\\/\"},\"wordCount\":140,\"image\":{\"@id\":\"https:\\\/\\\/www.prooptica.pt\\\/lancamento-da-colecao-masai-sol-novidade\\\/#primaryimage\"},\"thumbnailUrl\":\"https:\\\/\\\/www.prooptica.pt\\\/wp-content\\\/uploads\\\/2024\\\/06\\\/Masai-sol.jpg\",\"articleSection\":[\"\u00d3culos\"],\"inLanguage\":\"en-GB\"},{\"@type\":\"WebPage\",\"@id\":\"https:\\\/\\\/www.prooptica.pt\\\/lancamento-da-colecao-masai-sol-novidade\\\/\",\"url\":\"https:\\\/\\\/www.prooptica.pt\\\/lancamento-da-colecao-masai-sol-novidade\\\/\",\"name\":\"Lan\u00e7amento da Cole\u00e7\u00e3o MASAI Sol | Novidade\",\"isPartOf\":{\"@id\":\"https:\\\/\\\/www.prooptica.pt\\\/home\\\/#website\"},\"primaryImageOfPage\":{\"@id\":\"https:\\\/\\\/www.prooptica.pt\\\/lancamento-da-colecao-masai-sol-novidade\\\/#primaryimage\"},\"image\":{\"@id\":\"https:\\\/\\\/www.prooptica.pt\\\/lancamento-da-colecao-masai-sol-novidade\\\/#primaryimage\"},\"thumbnailUrl\":\"https:\\\/\\\/www.prooptica.pt\\\/wp-content\\\/uploads\\\/2024\\\/06\\\/Masai-sol.jpg\",\"datePublished\":\"2024-06-21T16:49:17+00:00\",\"dateModified\":\"2024-06-24T12:17:36+00:00\",\"author\":{\"@id\":\"https:\\\/\\\/www.prooptica.pt\\\/home\\\/#\\\/schema\\\/person\\\/1cbd826a9322a3c38a052e43d1638306\"},\"description\":\"Apresentamos-lhe assim a mais recente novidade, uma linha de sol MASAI, com modelos simples e adaptados a todos os estilos.\",\"breadcrumb\":{\"@id\":\"https:\\\/\\\/www.prooptica.pt\\\/lancamento-da-colecao-masai-sol-novidade\\\/#breadcrumb\"},\"inLanguage\":\"en-GB\",\"potentialAction\":[{\"@type\":\"ReadAction\",\"target\":[\"https:\\\/\\\/www.prooptica.pt\\\/lancamento-da-colecao-masai-sol-novidade\\\/\"]}]},{\"@type\":\"ImageObject\",\"inLanguage\":\"en-GB\",\"@id\":\"https:\\\/\\\/www.prooptica.pt\\\/lancamento-da-colecao-masai-sol-novidade\\\/#primaryimage\",\"url\":\"https:\\\/\\\/www.prooptica.pt\\\/wp-content\\\/uploads\\\/2024\\\/06\\\/Masai-sol.jpg\",\"contentUrl\":\"https:\\\/\\\/www.prooptica.pt\\\/wp-content\\\/uploads\\\/2024\\\/06\\\/Masai-sol.jpg\",\"width\":854,\"height\":514},{\"@type\":\"BreadcrumbList\",\"@id\":\"https:\\\/\\\/www.prooptica.pt\\\/lancamento-da-colecao-masai-sol-novidade\\\/#breadcrumb\",\"itemListElement\":[{\"@type\":\"ListItem\",\"position\":1,\"name\":\"In\u00edcio\",\"item\":\"https:\\\/\\\/www.prooptica.pt\\\/\"},{\"@type\":\"ListItem\",\"position\":2,\"name\":\"Lan\u00e7amento da Cole\u00e7\u00e3o MASAI Sol | Novidade\"}]},{\"@type\":\"WebSite\",\"@id\":\"https:\\\/\\\/www.prooptica.pt\\\/home\\\/#website\",\"url\":\"https:\\\/\\\/www.prooptica.pt\\\/home\\\/\",\"name\":\"Prooptica\",\"description\":\"Full Eyewear Concept\",\"potentialAction\":[{\"@type\":\"SearchAction\",\"target\":{\"@type\":\"EntryPoint\",\"urlTemplate\":\"https:\\\/\\\/www.prooptica.pt\\\/home\\\/?s={search_term_string}\"},\"query-input\":{\"@type\":\"PropertyValueSpecification\",\"valueRequired\":true,\"valueName\":\"search_term_string\"}}],\"inLanguage\":\"en-GB\"},{\"@type\":\"Person\",\"@id\":\"https:\\\/\\\/www.prooptica.pt\\\/home\\\/#\\\/schema\\\/person\\\/1cbd826a9322a3c38a052e43d1638306\",\"name\":\"admin\",\"image\":{\"@type\":\"ImageObject\",\"inLanguage\":\"en-GB\",\"@id\":\"https:\\\/\\\/secure.gravatar.com\\\/avatar\\\/528c714482569d81724b02603aa719344e9ad7c0b50becf07272b2086b2c1cfd?s=96&d=mm&r=g\",\"url\":\"https:\\\/\\\/secure.gravatar.com\\\/avatar\\\/528c714482569d81724b02603aa719344e9ad7c0b50becf07272b2086b2c1cfd?s=96&d=mm&r=g\",\"contentUrl\":\"https:\\\/\\\/secure.gravatar.com\\\/avatar\\\/528c714482569d81724b02603aa719344e9ad7c0b50becf07272b2086b2c1cfd?s=96&d=mm&r=g\",\"caption\":\"admin\"},\"url\":\"https:\\\/\\\/www.prooptica.pt\\\/en\\\/author\\\/admin\\\/\"}]}<\/script>\n<!-- \/ Yoast SEO plugin. -->","yoast_head_json":{"title":"Launch of the MASAI Sol Collection | New","description":"This is how we present to you the latest novelty, a MASAI sun line, with simple models adapted to all styles.","robots":{"index":"index","follow":"follow","max-snippet":"max-snippet:-1","max-image-preview":"max-image-preview:large","max-video-preview":"max-video-preview:-1"},"canonical":"https:\/\/www.prooptica.pt\/en\/masai-sol-collection-launch-news\/","og_locale":"en_GB","og_type":"article","og_title":"Lan\u00e7amento da Cole\u00e7\u00e3o MASAI Sol | Novidade","og_description":"Apresentamos-lhe assim a mais recente novidade, uma linha de sol MASAI, com modelos simples e adaptados a todos os estilos.","og_url":"https:\/\/www.prooptica.pt\/en\/masai-sol-collection-launch-news\/","og_site_name":"Prooptica","article_published_time":"2024-06-21T16:49:17+00:00","article_modified_time":"2024-06-24T12:17:36+00:00","og_image":[{"width":854,"height":514,"url":"https:\/\/www.prooptica.pt\/wp-content\/uploads\/2024\/06\/Masai-sol.jpg","type":"image\/jpeg"}],"author":"admin","twitter_card":"summary_large_image","twitter_misc":{"Written by":"admin","Estimated reading time":"1 minute"},"schema":{"@context":"https:\/\/schema.org","@graph":[{"@type":"Article","@id":"https:\/\/www.prooptica.pt\/lancamento-da-colecao-masai-sol-novidade\/#article","isPartOf":{"@id":"https:\/\/www.prooptica.pt\/lancamento-da-colecao-masai-sol-novidade\/"},"author":{"name":"admin","@id":"https:\/\/www.prooptica.pt\/home\/#\/schema\/person\/1cbd826a9322a3c38a052e43d1638306"},"headline":"Lan\u00e7amento da Cole\u00e7\u00e3o MASAI Sol | Novidade","datePublished":"2024-06-21T16:49:17+00:00","dateModified":"2024-06-24T12:17:36+00:00","mainEntityOfPage":{"@id":"https:\/\/www.prooptica.pt\/lancamento-da-colecao-masai-sol-novidade\/"},"wordCount":140,"image":{"@id":"https:\/\/www.prooptica.pt\/lancamento-da-colecao-masai-sol-novidade\/#primaryimage"},"thumbnailUrl":"https:\/\/www.prooptica.pt\/wp-content\/uploads\/2024\/06\/Masai-sol.jpg","articleSection":["\u00d3culos"],"inLanguage":"en-GB"},{"@type":"WebPage","@id":"https:\/\/www.prooptica.pt\/lancamento-da-colecao-masai-sol-novidade\/","url":"https:\/\/www.prooptica.pt\/lancamento-da-colecao-masai-sol-novidade\/","name":"Launch of the MASAI Sol Collection | New","isPartOf":{"@id":"https:\/\/www.prooptica.pt\/home\/#website"},"primaryImageOfPage":{"@id":"https:\/\/www.prooptica.pt\/lancamento-da-colecao-masai-sol-novidade\/#primaryimage"},"image":{"@id":"https:\/\/www.prooptica.pt\/lancamento-da-colecao-masai-sol-novidade\/#primaryimage"},"thumbnailUrl":"https:\/\/www.prooptica.pt\/wp-content\/uploads\/2024\/06\/Masai-sol.jpg","datePublished":"2024-06-21T16:49:17+00:00","dateModified":"2024-06-24T12:17:36+00:00","author":{"@id":"https:\/\/www.prooptica.pt\/home\/#\/schema\/person\/1cbd826a9322a3c38a052e43d1638306"},"description":"This is how we present to you the latest novelty, a MASAI sun line, with simple models adapted to all styles.","breadcrumb":{"@id":"https:\/\/www.prooptica.pt\/lancamento-da-colecao-masai-sol-novidade\/#breadcrumb"},"inLanguage":"en-GB","potentialAction":[{"@type":"ReadAction","target":["https:\/\/www.prooptica.pt\/lancamento-da-colecao-masai-sol-novidade\/"]}]},{"@type":"ImageObject","inLanguage":"en-GB","@id":"https:\/\/www.prooptica.pt\/lancamento-da-colecao-masai-sol-novidade\/#primaryimage","url":"https:\/\/www.prooptica.pt\/wp-content\/uploads\/2024\/06\/Masai-sol.jpg","contentUrl":"https:\/\/www.prooptica.pt\/wp-content\/uploads\/2024\/06\/Masai-sol.jpg","width":854,"height":514},{"@type":"BreadcrumbList","@id":"https:\/\/www.prooptica.pt\/lancamento-da-colecao-masai-sol-novidade\/#breadcrumb","itemListElement":[{"@type":"ListItem","position":1,"name":"In\u00edcio","item":"https:\/\/www.prooptica.pt\/"},{"@type":"ListItem","position":2,"name":"Lan\u00e7amento da Cole\u00e7\u00e3o MASAI Sol | Novidade"}]},{"@type":"WebSite","@id":"https:\/\/www.prooptica.pt\/home\/#website","url":"https:\/\/www.prooptica.pt\/home\/","name":"Prooptica","description":"Full Eyewear Concept","potentialAction":[{"@type":"SearchAction","target":{"@type":"EntryPoint","urlTemplate":"https:\/\/www.prooptica.pt\/home\/?s={search_term_string}"},"query-input":{"@type":"PropertyValueSpecification","valueRequired":true,"valueName":"search_term_string"}}],"inLanguage":"en-GB"},{"@type":"Person","@id":"https:\/\/www.prooptica.pt\/home\/#\/schema\/person\/1cbd826a9322a3c38a052e43d1638306","name":"admin","image":{"@type":"ImageObject","inLanguage":"en-GB","@id":"https:\/\/secure.gravatar.com\/avatar\/528c714482569d81724b02603aa719344e9ad7c0b50becf07272b2086b2c1cfd?s=96&d=mm&r=g","url":"https:\/\/secure.gravatar.com\/avatar\/528c714482569d81724b02603aa719344e9ad7c0b50becf07272b2086b2c1cfd?s=96&d=mm&r=g","contentUrl":"https:\/\/secure.gravatar.com\/avatar\/528c714482569d81724b02603aa719344e9ad7c0b50becf07272b2086b2c1cfd?s=96&d=mm&r=g","caption":"admin"},"url":"https:\/\/www.prooptica.pt\/en\/author\/admin\/"}]}},"_links":{"self":[{"href":"https:\/\/www.prooptica.pt\/en\/wp-json\/wp\/v2\/posts\/20043","targetHints":{"allow":["GET"]}}],"collection":[{"href":"https:\/\/www.prooptica.pt\/en\/wp-json\/wp\/v2\/posts"}],"about":[{"href":"https:\/\/www.prooptica.pt\/en\/wp-json\/wp\/v2\/types\/post"}],"author":[{"embeddable":true,"href":"https:\/\/www.prooptica.pt\/en\/wp-json\/wp\/v2\/users\/2"}],"replies":[{"embeddable":true,"href":"https:\/\/www.prooptica.pt\/en\/wp-json\/wp\/v2\/comments?post=20043"}],"version-history":[{"count":14,"href":"https:\/\/www.prooptica.pt\/en\/wp-json\/wp\/v2\/posts\/20043\/revisions"}],"predecessor-version":[{"id":20070,"href":"https:\/\/www.prooptica.pt\/en\/wp-json\/wp\/v2\/posts\/20043\/revisions\/20070"}],"wp:featuredmedia":[{"embeddable":true,"href":"https:\/\/www.prooptica.pt\/en\/wp-json\/wp\/v2\/media\/20048"}],"wp:attachment":[{"href":"https:\/\/www.prooptica.pt\/en\/wp-json\/wp\/v2\/media?parent=20043"}],"wp:term":[{"taxonomy":"category","embeddable":true,"href":"https:\/\/www.prooptica.pt\/en\/wp-json\/wp\/v2\/categories?post=20043"},{"taxonomy":"post_tag","embeddable":true,"href":"https:\/\/www.prooptica.pt\/en\/wp-json\/wp\/v2\/tags?post=20043"}],"curies":[{"name":"wp","href":"https:\/\/api.w.org\/{rel}","templated":true}]}}