{"id":20073,"date":"2024-06-26T13:52:24","date_gmt":"2024-06-26T13:52:24","guid":{"rendered":"https:\/\/www.prooptica.pt\/?p=20073"},"modified":"2024-06-26T14:03:48","modified_gmt":"2024-06-26T14:03:48","slug":"alexandra-fernandes-in-an-interview-with-optica-pro-prooptica-invites-opticians-to-discover-the-new-collections","status":"publish","type":"post","link":"https:\/\/www.prooptica.pt\/en\/alexandra-fernandes-em-entrevista-a-optica-pro-prooptica-convida-oticos-a-conhecer-as-novas-colecoes\/","title":{"rendered":"Alexandra Fernandes in an interview with \u00d3ptica Pro | Prooptica invites opticians to discover the new collections"},"content":{"rendered":"<p>Prooptica held several showrooms from the north to the south of the country, where it presented a new brand of frames and sunglasses, Nuxe Eyewear, which joined Prooptica's portfolio of international brands to stand out in the premium segment, with special relevance to the female audience.<\/p>\n<p>In an interview with Optica Pro magazine, Alexandra Fernandes, Director of Prooptica's business area, said that when asked about these exhibitions, she emphasises that they are essential for us to be close to our customers and partners and to publicise the entire portfolio available.<\/p>\n<p>Alexandra Fernandes ends by saying that much more news is expected in September, with the launch of a new brand, Sevenoaks, and the restructuring of the Piper brand, a collection of fun children's glasses.<\/p>\n<p><span style=\"color: #000000;\">Read the full interview: <strong><a style=\"color: #000000;\" href=\"https:\/\/loja.prooptica.pt\/wp-content\/uploads\/OpticaPro.pdf\">\u00d3ptica Pro Magazine<\/a><\/strong><\/span><\/p>\n<p>&nbsp;<\/p>\n<p><img fetchpriority=\"high\" decoding=\"async\" class=\"aligncenter wp-image-20086 size-full\" src=\"https:\/\/www.prooptica.pt\/wp-content\/uploads\/2024\/06\/Nuxe.jpg\" alt=\"\" width=\"396\" height=\"465\" srcset=\"https:\/\/www.prooptica.pt\/wp-content\/uploads\/2024\/06\/Nuxe.jpg 396w, https:\/\/www.prooptica.pt\/wp-content\/uploads\/2024\/06\/Nuxe-255x300.jpg 255w\" sizes=\"(max-width: 396px) 100vw, 396px\" \/><\/p>","protected":false},"excerpt":{"rendered":"<p>A Prooptica realizou v\u00e1rios Showrooms de norte a sul do pa\u00eds, onde apresentou uma nova marca de arma\u00e7\u00f5es e \u00f3culos de sol, a Nuxe Eyewear, que se uniu ao portf\u00f3lio de marcas internacionais da Prooptica, para se destacar no segmento premium, com especial relev\u00e2ncia para o p\u00fablico feminino. Em entrevista \u00e0 Revista Optica Pro, Alexandra [&hellip;]<\/p>\n","protected":false},"author":2,"featured_media":20085,"comment_status":"closed","ping_status":"closed","sticky":false,"template":"","format":"standard","meta":{"footnotes":""},"categories":[195,189],"tags":[],"class_list":["post-20073","post","type-post","status-publish","format-standard","has-post-thumbnail","hentry","category-institucional","category-oculos"],"yoast_head":"<!-- This site is optimized with the Yoast SEO plugin v27.5 - https:\/\/yoast.com\/product\/yoast-seo-wordpress\/ -->\n<title>Alexandra Fernandes em entrevista \u00e0 \u00d3ptica Pro<\/title>\n<meta name=\"description\" content=\"Alexandra Fernandes termina dizendo que em setembro se esperam muito mais novidades, entre elas o lan\u00e7amento de uma nova marca, a Sevenoaks.\" \/>\n<meta name=\"robots\" content=\"index, follow, max-snippet:-1, max-image-preview:large, max-video-preview:-1\" \/>\n<link rel=\"canonical\" href=\"https:\/\/www.prooptica.pt\/en\/alexandra-fernandes-in-an-interview-with-optica-pro-prooptica-invites-opticians-to-discover-the-new-collections\/\" \/>\n<meta property=\"og:locale\" content=\"en_GB\" \/>\n<meta property=\"og:type\" content=\"article\" \/>\n<meta property=\"og:title\" content=\"Alexandra Fernandes em entrevista \u00e0 \u00d3ptica Pro\" \/>\n<meta property=\"og:description\" content=\"Alexandra Fernandes termina dizendo que em setembro se esperam muito mais novidades, entre elas o lan\u00e7amento de uma nova marca, a Sevenoaks.\" \/>\n<meta property=\"og:url\" content=\"https:\/\/www.prooptica.pt\/en\/alexandra-fernandes-in-an-interview-with-optica-pro-prooptica-invites-opticians-to-discover-the-new-collections\/\" \/>\n<meta property=\"og:site_name\" content=\"Prooptica\" \/>\n<meta property=\"article:published_time\" content=\"2024-06-26T13:52:24+00:00\" \/>\n<meta property=\"article:modified_time\" content=\"2024-06-26T14:03:48+00:00\" \/>\n<meta property=\"og:image\" content=\"https:\/\/www.prooptica.pt\/wp-content\/uploads\/2024\/06\/Capa-artigo-blog-4.jpg\" \/>\n\t<meta property=\"og:image:width\" content=\"854\" \/>\n\t<meta property=\"og:image:height\" content=\"514\" \/>\n\t<meta property=\"og:image:type\" content=\"image\/jpeg\" \/>\n<meta name=\"author\" content=\"admin\" \/>\n<meta name=\"twitter:card\" content=\"summary_large_image\" \/>\n<meta name=\"twitter:label1\" content=\"Written by\" \/>\n\t<meta name=\"twitter:data1\" content=\"admin\" \/>\n\t<meta name=\"twitter:label2\" content=\"Estimated reading time\" \/>\n\t<meta name=\"twitter:data2\" content=\"1 minute\" \/>\n<script type=\"application\/ld+json\" class=\"yoast-schema-graph\">{\"@context\":\"https:\\\/\\\/schema.org\",\"@graph\":[{\"@type\":\"Article\",\"@id\":\"https:\\\/\\\/www.prooptica.pt\\\/alexandra-fernandes-em-entrevista-a-optica-pro-prooptica-convida-oticos-a-conhecer-as-novas-colecoes\\\/#article\",\"isPartOf\":{\"@id\":\"https:\\\/\\\/www.prooptica.pt\\\/alexandra-fernandes-em-entrevista-a-optica-pro-prooptica-convida-oticos-a-conhecer-as-novas-colecoes\\\/\"},\"author\":{\"name\":\"admin\",\"@id\":\"https:\\\/\\\/www.prooptica.pt\\\/home\\\/#\\\/schema\\\/person\\\/1cbd826a9322a3c38a052e43d1638306\"},\"headline\":\"Alexandra Fernandes em entrevista \u00e0 \u00d3ptica Pro | Prooptica convida \u00f3ticos a conhecer as novas cole\u00e7\u00f5es\",\"datePublished\":\"2024-06-26T13:52:24+00:00\",\"dateModified\":\"2024-06-26T14:03:48+00:00\",\"mainEntityOfPage\":{\"@id\":\"https:\\\/\\\/www.prooptica.pt\\\/alexandra-fernandes-em-entrevista-a-optica-pro-prooptica-convida-oticos-a-conhecer-as-novas-colecoes\\\/\"},\"wordCount\":162,\"image\":{\"@id\":\"https:\\\/\\\/www.prooptica.pt\\\/alexandra-fernandes-em-entrevista-a-optica-pro-prooptica-convida-oticos-a-conhecer-as-novas-colecoes\\\/#primaryimage\"},\"thumbnailUrl\":\"https:\\\/\\\/www.prooptica.pt\\\/wp-content\\\/uploads\\\/2024\\\/06\\\/Capa-artigo-blog-4.jpg\",\"articleSection\":[\"Institucional\",\"\u00d3culos\"],\"inLanguage\":\"en-GB\"},{\"@type\":\"WebPage\",\"@id\":\"https:\\\/\\\/www.prooptica.pt\\\/alexandra-fernandes-em-entrevista-a-optica-pro-prooptica-convida-oticos-a-conhecer-as-novas-colecoes\\\/\",\"url\":\"https:\\\/\\\/www.prooptica.pt\\\/alexandra-fernandes-em-entrevista-a-optica-pro-prooptica-convida-oticos-a-conhecer-as-novas-colecoes\\\/\",\"name\":\"Alexandra Fernandes em entrevista \u00e0 \u00d3ptica Pro\",\"isPartOf\":{\"@id\":\"https:\\\/\\\/www.prooptica.pt\\\/home\\\/#website\"},\"primaryImageOfPage\":{\"@id\":\"https:\\\/\\\/www.prooptica.pt\\\/alexandra-fernandes-em-entrevista-a-optica-pro-prooptica-convida-oticos-a-conhecer-as-novas-colecoes\\\/#primaryimage\"},\"image\":{\"@id\":\"https:\\\/\\\/www.prooptica.pt\\\/alexandra-fernandes-em-entrevista-a-optica-pro-prooptica-convida-oticos-a-conhecer-as-novas-colecoes\\\/#primaryimage\"},\"thumbnailUrl\":\"https:\\\/\\\/www.prooptica.pt\\\/wp-content\\\/uploads\\\/2024\\\/06\\\/Capa-artigo-blog-4.jpg\",\"datePublished\":\"2024-06-26T13:52:24+00:00\",\"dateModified\":\"2024-06-26T14:03:48+00:00\",\"author\":{\"@id\":\"https:\\\/\\\/www.prooptica.pt\\\/home\\\/#\\\/schema\\\/person\\\/1cbd826a9322a3c38a052e43d1638306\"},\"description\":\"Alexandra Fernandes termina dizendo que em setembro se esperam muito mais novidades, entre elas o lan\u00e7amento de uma nova marca, a Sevenoaks.\",\"breadcrumb\":{\"@id\":\"https:\\\/\\\/www.prooptica.pt\\\/alexandra-fernandes-em-entrevista-a-optica-pro-prooptica-convida-oticos-a-conhecer-as-novas-colecoes\\\/#breadcrumb\"},\"inLanguage\":\"en-GB\",\"potentialAction\":[{\"@type\":\"ReadAction\",\"target\":[\"https:\\\/\\\/www.prooptica.pt\\\/alexandra-fernandes-em-entrevista-a-optica-pro-prooptica-convida-oticos-a-conhecer-as-novas-colecoes\\\/\"]}]},{\"@type\":\"ImageObject\",\"inLanguage\":\"en-GB\",\"@id\":\"https:\\\/\\\/www.prooptica.pt\\\/alexandra-fernandes-em-entrevista-a-optica-pro-prooptica-convida-oticos-a-conhecer-as-novas-colecoes\\\/#primaryimage\",\"url\":\"https:\\\/\\\/www.prooptica.pt\\\/wp-content\\\/uploads\\\/2024\\\/06\\\/Capa-artigo-blog-4.jpg\",\"contentUrl\":\"https:\\\/\\\/www.prooptica.pt\\\/wp-content\\\/uploads\\\/2024\\\/06\\\/Capa-artigo-blog-4.jpg\",\"width\":854,\"height\":514},{\"@type\":\"BreadcrumbList\",\"@id\":\"https:\\\/\\\/www.prooptica.pt\\\/alexandra-fernandes-em-entrevista-a-optica-pro-prooptica-convida-oticos-a-conhecer-as-novas-colecoes\\\/#breadcrumb\",\"itemListElement\":[{\"@type\":\"ListItem\",\"position\":1,\"name\":\"In\u00edcio\",\"item\":\"https:\\\/\\\/www.prooptica.pt\\\/\"},{\"@type\":\"ListItem\",\"position\":2,\"name\":\"Alexandra Fernandes em entrevista \u00e0 \u00d3ptica Pro | Prooptica convida \u00f3ticos a conhecer as novas cole\u00e7\u00f5es\"}]},{\"@type\":\"WebSite\",\"@id\":\"https:\\\/\\\/www.prooptica.pt\\\/home\\\/#website\",\"url\":\"https:\\\/\\\/www.prooptica.pt\\\/home\\\/\",\"name\":\"Prooptica\",\"description\":\"Full Eyewear Concept\",\"potentialAction\":[{\"@type\":\"SearchAction\",\"target\":{\"@type\":\"EntryPoint\",\"urlTemplate\":\"https:\\\/\\\/www.prooptica.pt\\\/home\\\/?s={search_term_string}\"},\"query-input\":{\"@type\":\"PropertyValueSpecification\",\"valueRequired\":true,\"valueName\":\"search_term_string\"}}],\"inLanguage\":\"en-GB\"},{\"@type\":\"Person\",\"@id\":\"https:\\\/\\\/www.prooptica.pt\\\/home\\\/#\\\/schema\\\/person\\\/1cbd826a9322a3c38a052e43d1638306\",\"name\":\"admin\",\"image\":{\"@type\":\"ImageObject\",\"inLanguage\":\"en-GB\",\"@id\":\"https:\\\/\\\/secure.gravatar.com\\\/avatar\\\/528c714482569d81724b02603aa719344e9ad7c0b50becf07272b2086b2c1cfd?s=96&d=mm&r=g\",\"url\":\"https:\\\/\\\/secure.gravatar.com\\\/avatar\\\/528c714482569d81724b02603aa719344e9ad7c0b50becf07272b2086b2c1cfd?s=96&d=mm&r=g\",\"contentUrl\":\"https:\\\/\\\/secure.gravatar.com\\\/avatar\\\/528c714482569d81724b02603aa719344e9ad7c0b50becf07272b2086b2c1cfd?s=96&d=mm&r=g\",\"caption\":\"admin\"},\"url\":\"https:\\\/\\\/www.prooptica.pt\\\/en\\\/author\\\/admin\\\/\"}]}<\/script>\n<!-- \/ Yoast SEO plugin. -->","yoast_head_json":{"title":"Alexandra Fernandes in an interview with \u00d3ptica Pro","description":"Alexandra Fernandes ends by saying that much more news is expected in September, including the launch of a new brand, Sevenoaks.","robots":{"index":"index","follow":"follow","max-snippet":"max-snippet:-1","max-image-preview":"max-image-preview:large","max-video-preview":"max-video-preview:-1"},"canonical":"https:\/\/www.prooptica.pt\/en\/alexandra-fernandes-in-an-interview-with-optica-pro-prooptica-invites-opticians-to-discover-the-new-collections\/","og_locale":"en_GB","og_type":"article","og_title":"Alexandra Fernandes em entrevista \u00e0 \u00d3ptica Pro","og_description":"Alexandra Fernandes termina dizendo que em setembro se esperam muito mais novidades, entre elas o lan\u00e7amento de uma nova marca, a Sevenoaks.","og_url":"https:\/\/www.prooptica.pt\/en\/alexandra-fernandes-in-an-interview-with-optica-pro-prooptica-invites-opticians-to-discover-the-new-collections\/","og_site_name":"Prooptica","article_published_time":"2024-06-26T13:52:24+00:00","article_modified_time":"2024-06-26T14:03:48+00:00","og_image":[{"width":854,"height":514,"url":"https:\/\/www.prooptica.pt\/wp-content\/uploads\/2024\/06\/Capa-artigo-blog-4.jpg","type":"image\/jpeg"}],"author":"admin","twitter_card":"summary_large_image","twitter_misc":{"Written by":"admin","Estimated reading time":"1 minute"},"schema":{"@context":"https:\/\/schema.org","@graph":[{"@type":"Article","@id":"https:\/\/www.prooptica.pt\/alexandra-fernandes-em-entrevista-a-optica-pro-prooptica-convida-oticos-a-conhecer-as-novas-colecoes\/#article","isPartOf":{"@id":"https:\/\/www.prooptica.pt\/alexandra-fernandes-em-entrevista-a-optica-pro-prooptica-convida-oticos-a-conhecer-as-novas-colecoes\/"},"author":{"name":"admin","@id":"https:\/\/www.prooptica.pt\/home\/#\/schema\/person\/1cbd826a9322a3c38a052e43d1638306"},"headline":"Alexandra Fernandes em entrevista \u00e0 \u00d3ptica Pro | Prooptica convida \u00f3ticos a conhecer as novas cole\u00e7\u00f5es","datePublished":"2024-06-26T13:52:24+00:00","dateModified":"2024-06-26T14:03:48+00:00","mainEntityOfPage":{"@id":"https:\/\/www.prooptica.pt\/alexandra-fernandes-em-entrevista-a-optica-pro-prooptica-convida-oticos-a-conhecer-as-novas-colecoes\/"},"wordCount":162,"image":{"@id":"https:\/\/www.prooptica.pt\/alexandra-fernandes-em-entrevista-a-optica-pro-prooptica-convida-oticos-a-conhecer-as-novas-colecoes\/#primaryimage"},"thumbnailUrl":"https:\/\/www.prooptica.pt\/wp-content\/uploads\/2024\/06\/Capa-artigo-blog-4.jpg","articleSection":["Institucional","\u00d3culos"],"inLanguage":"en-GB"},{"@type":"WebPage","@id":"https:\/\/www.prooptica.pt\/alexandra-fernandes-em-entrevista-a-optica-pro-prooptica-convida-oticos-a-conhecer-as-novas-colecoes\/","url":"https:\/\/www.prooptica.pt\/alexandra-fernandes-em-entrevista-a-optica-pro-prooptica-convida-oticos-a-conhecer-as-novas-colecoes\/","name":"Alexandra Fernandes in an interview with \u00d3ptica Pro","isPartOf":{"@id":"https:\/\/www.prooptica.pt\/home\/#website"},"primaryImageOfPage":{"@id":"https:\/\/www.prooptica.pt\/alexandra-fernandes-em-entrevista-a-optica-pro-prooptica-convida-oticos-a-conhecer-as-novas-colecoes\/#primaryimage"},"image":{"@id":"https:\/\/www.prooptica.pt\/alexandra-fernandes-em-entrevista-a-optica-pro-prooptica-convida-oticos-a-conhecer-as-novas-colecoes\/#primaryimage"},"thumbnailUrl":"https:\/\/www.prooptica.pt\/wp-content\/uploads\/2024\/06\/Capa-artigo-blog-4.jpg","datePublished":"2024-06-26T13:52:24+00:00","dateModified":"2024-06-26T14:03:48+00:00","author":{"@id":"https:\/\/www.prooptica.pt\/home\/#\/schema\/person\/1cbd826a9322a3c38a052e43d1638306"},"description":"Alexandra Fernandes ends by saying that much more news is expected in September, including the launch of a new brand, Sevenoaks.","breadcrumb":{"@id":"https:\/\/www.prooptica.pt\/alexandra-fernandes-em-entrevista-a-optica-pro-prooptica-convida-oticos-a-conhecer-as-novas-colecoes\/#breadcrumb"},"inLanguage":"en-GB","potentialAction":[{"@type":"ReadAction","target":["https:\/\/www.prooptica.pt\/alexandra-fernandes-em-entrevista-a-optica-pro-prooptica-convida-oticos-a-conhecer-as-novas-colecoes\/"]}]},{"@type":"ImageObject","inLanguage":"en-GB","@id":"https:\/\/www.prooptica.pt\/alexandra-fernandes-em-entrevista-a-optica-pro-prooptica-convida-oticos-a-conhecer-as-novas-colecoes\/#primaryimage","url":"https:\/\/www.prooptica.pt\/wp-content\/uploads\/2024\/06\/Capa-artigo-blog-4.jpg","contentUrl":"https:\/\/www.prooptica.pt\/wp-content\/uploads\/2024\/06\/Capa-artigo-blog-4.jpg","width":854,"height":514},{"@type":"BreadcrumbList","@id":"https:\/\/www.prooptica.pt\/alexandra-fernandes-em-entrevista-a-optica-pro-prooptica-convida-oticos-a-conhecer-as-novas-colecoes\/#breadcrumb","itemListElement":[{"@type":"ListItem","position":1,"name":"In\u00edcio","item":"https:\/\/www.prooptica.pt\/"},{"@type":"ListItem","position":2,"name":"Alexandra Fernandes em entrevista \u00e0 \u00d3ptica Pro | Prooptica convida \u00f3ticos a conhecer as novas cole\u00e7\u00f5es"}]},{"@type":"WebSite","@id":"https:\/\/www.prooptica.pt\/home\/#website","url":"https:\/\/www.prooptica.pt\/home\/","name":"Prooptica","description":"Full Eyewear Concept","potentialAction":[{"@type":"SearchAction","target":{"@type":"EntryPoint","urlTemplate":"https:\/\/www.prooptica.pt\/home\/?s={search_term_string}"},"query-input":{"@type":"PropertyValueSpecification","valueRequired":true,"valueName":"search_term_string"}}],"inLanguage":"en-GB"},{"@type":"Person","@id":"https:\/\/www.prooptica.pt\/home\/#\/schema\/person\/1cbd826a9322a3c38a052e43d1638306","name":"admin","image":{"@type":"ImageObject","inLanguage":"en-GB","@id":"https:\/\/secure.gravatar.com\/avatar\/528c714482569d81724b02603aa719344e9ad7c0b50becf07272b2086b2c1cfd?s=96&d=mm&r=g","url":"https:\/\/secure.gravatar.com\/avatar\/528c714482569d81724b02603aa719344e9ad7c0b50becf07272b2086b2c1cfd?s=96&d=mm&r=g","contentUrl":"https:\/\/secure.gravatar.com\/avatar\/528c714482569d81724b02603aa719344e9ad7c0b50becf07272b2086b2c1cfd?s=96&d=mm&r=g","caption":"admin"},"url":"https:\/\/www.prooptica.pt\/en\/author\/admin\/"}]}},"_links":{"self":[{"href":"https:\/\/www.prooptica.pt\/en\/wp-json\/wp\/v2\/posts\/20073","targetHints":{"allow":["GET"]}}],"collection":[{"href":"https:\/\/www.prooptica.pt\/en\/wp-json\/wp\/v2\/posts"}],"about":[{"href":"https:\/\/www.prooptica.pt\/en\/wp-json\/wp\/v2\/types\/post"}],"author":[{"embeddable":true,"href":"https:\/\/www.prooptica.pt\/en\/wp-json\/wp\/v2\/users\/2"}],"replies":[{"embeddable":true,"href":"https:\/\/www.prooptica.pt\/en\/wp-json\/wp\/v2\/comments?post=20073"}],"version-history":[{"count":12,"href":"https:\/\/www.prooptica.pt\/en\/wp-json\/wp\/v2\/posts\/20073\/revisions"}],"predecessor-version":[{"id":20088,"href":"https:\/\/www.prooptica.pt\/en\/wp-json\/wp\/v2\/posts\/20073\/revisions\/20088"}],"wp:featuredmedia":[{"embeddable":true,"href":"https:\/\/www.prooptica.pt\/en\/wp-json\/wp\/v2\/media\/20085"}],"wp:attachment":[{"href":"https:\/\/www.prooptica.pt\/en\/wp-json\/wp\/v2\/media?parent=20073"}],"wp:term":[{"taxonomy":"category","embeddable":true,"href":"https:\/\/www.prooptica.pt\/en\/wp-json\/wp\/v2\/categories?post=20073"},{"taxonomy":"post_tag","embeddable":true,"href":"https:\/\/www.prooptica.pt\/en\/wp-json\/wp\/v2\/tags?post=20073"}],"curies":[{"name":"wp","href":"https:\/\/api.w.org\/{rel}","templated":true}]}}