{"id":20145,"date":"2024-07-03T19:35:40","date_gmt":"2024-07-03T19:35:40","guid":{"rendered":"https:\/\/www.prooptica.pt\/?p=20145"},"modified":"2024-07-03T19:42:42","modified_gmt":"2024-07-03T19:42:42","slug":"national-architects-day-sustainable-development","status":"publish","type":"post","link":"https:\/\/www.prooptica.pt\/en\/dia-nacional-do-arquiteto-desenvolvimento-sustentavel\/","title":{"rendered":"National Architect's Day | Sustainable Development"},"content":{"rendered":"<p style=\"text-align: justify; line-height: 150%;\">National Architects' Day is celebrated in Portugal on 3 July in honour of the profession, as it coincides with the birth of one of Portugal's most illustrious architects, Master \u00c1lvaro Siza Vieira, who is recognised worldwide for his innovative and distinctive work.<\/p>\n<p style=\"text-align: justify; line-height: 150%;\">Architects play a crucial role in creating and improving urban and rural spaces, combining functionality, aesthetics and sustainability in their projects. In Portugal, this profession has a rich history and tradition, reflected in the beauty and diversity of the buildings and infrastructures that exist in the country's architectural heritage.<\/p>\n<p style=\"text-align: justify; line-height: 150%;\">With growing environmental concerns, architects must be increasingly concerned with developing solutions that are not only aesthetically pleasing and functional, but also environmentally responsible. This involves the use of ecological materials, the implementation of energy-efficient technologies and the creation of spaces that promote quality of life and the well-being of the population.<\/p>\n<p style=\"text-align: justify; line-height: 150%;\">As well as celebrating the profession, National Architects' Day also serves to inspire future generations of architects. By highlighting examples of excellence and innovation, this date encourages young people to pursue a career in architecture and contribute to the sustainable development of our cities.<\/p>\n<p>On this important day, we cannot fail to pay tribute to our team specialising in Design + Architecture, who work every day to turn your dream into reality, offering personalised solutions that combine aesthetics, functionality and innovation. Whether it's remodelling a commercial space or creating a unique environment in your shop, we believe we have the know-how and creative approach needed to fulfil your aspirations.<\/p>","protected":false},"excerpt":{"rendered":"<p>O Dia Nacional do Arquiteto \u00e9 celebrado em Portugal no dia 3 de julho em homenagem \u00e0 profiss\u00e3o, por coincidir com o nascimento de um dos mais ilustres arquitetos portugueses, o Mestre \u00c1lvaro Siza Vieira, reconhecido mundialmente pelo seu trabalho inovador e distinto. Os arquitetos desempenham um papel crucial na cria\u00e7\u00e3o e melhoria dos espa\u00e7os [&hellip;]<\/p>\n","protected":false},"author":2,"featured_media":20146,"comment_status":"closed","ping_status":"closed","sticky":false,"template":"","format":"standard","meta":{"footnotes":""},"categories":[41],"tags":[],"class_list":["post-20145","post","type-post","status-publish","format-standard","has-post-thumbnail","hentry","category-design-arquitetura"],"yoast_head":"<!-- This site is optimized with the Yoast SEO plugin v27.5 - https:\/\/yoast.com\/product\/yoast-seo-wordpress\/ -->\n<title>Dia Nacional do Arquiteto | PROOPTICA<\/title>\n<meta name=\"description\" content=\"A Equipa especializada em Design + Arquitetura da PROOPTICA trabalha diariamente para transformar o seu sonho em realidade.\" \/>\n<meta name=\"robots\" content=\"index, follow, max-snippet:-1, max-image-preview:large, max-video-preview:-1\" \/>\n<link rel=\"canonical\" href=\"https:\/\/www.prooptica.pt\/en\/national-architects-day-sustainable-development\/\" \/>\n<meta property=\"og:locale\" content=\"en_GB\" \/>\n<meta property=\"og:type\" content=\"article\" \/>\n<meta property=\"og:title\" content=\"Dia Nacional do Arquiteto | PROOPTICA\" \/>\n<meta property=\"og:description\" content=\"A Equipa especializada em Design + Arquitetura da PROOPTICA trabalha diariamente para transformar o seu sonho em realidade.\" \/>\n<meta property=\"og:url\" content=\"https:\/\/www.prooptica.pt\/en\/national-architects-day-sustainable-development\/\" \/>\n<meta property=\"og:site_name\" content=\"Prooptica\" \/>\n<meta property=\"article:published_time\" content=\"2024-07-03T19:35:40+00:00\" \/>\n<meta property=\"article:modified_time\" content=\"2024-07-03T19:42:42+00:00\" \/>\n<meta property=\"og:image\" content=\"https:\/\/www.prooptica.pt\/wp-content\/uploads\/2024\/07\/shutterstock_2410126747-scaled.jpg\" \/>\n\t<meta property=\"og:image:width\" content=\"2560\" \/>\n\t<meta property=\"og:image:height\" content=\"1707\" \/>\n\t<meta property=\"og:image:type\" content=\"image\/jpeg\" \/>\n<meta name=\"author\" content=\"admin\" \/>\n<meta name=\"twitter:card\" content=\"summary_large_image\" \/>\n<meta name=\"twitter:label1\" content=\"Written by\" \/>\n\t<meta name=\"twitter:data1\" content=\"admin\" \/>\n\t<meta name=\"twitter:label2\" content=\"Estimated reading time\" \/>\n\t<meta name=\"twitter:data2\" content=\"2 minutes\" \/>\n<script type=\"application\/ld+json\" class=\"yoast-schema-graph\">{\"@context\":\"https:\\\/\\\/schema.org\",\"@graph\":[{\"@type\":\"Article\",\"@id\":\"https:\\\/\\\/www.prooptica.pt\\\/dia-nacional-do-arquiteto-desenvolvimento-sustentavel\\\/#article\",\"isPartOf\":{\"@id\":\"https:\\\/\\\/www.prooptica.pt\\\/dia-nacional-do-arquiteto-desenvolvimento-sustentavel\\\/\"},\"author\":{\"name\":\"admin\",\"@id\":\"https:\\\/\\\/www.prooptica.pt\\\/home\\\/#\\\/schema\\\/person\\\/1cbd826a9322a3c38a052e43d1638306\"},\"headline\":\"Dia Nacional do Arquiteto | Desenvolvimento Sustent\u00e1vel\",\"datePublished\":\"2024-07-03T19:35:40+00:00\",\"dateModified\":\"2024-07-03T19:42:42+00:00\",\"mainEntityOfPage\":{\"@id\":\"https:\\\/\\\/www.prooptica.pt\\\/dia-nacional-do-arquiteto-desenvolvimento-sustentavel\\\/\"},\"wordCount\":308,\"image\":{\"@id\":\"https:\\\/\\\/www.prooptica.pt\\\/dia-nacional-do-arquiteto-desenvolvimento-sustentavel\\\/#primaryimage\"},\"thumbnailUrl\":\"https:\\\/\\\/www.prooptica.pt\\\/wp-content\\\/uploads\\\/2024\\\/07\\\/shutterstock_2410126747-scaled.jpg\",\"articleSection\":[\"Design + Arquitetura\"],\"inLanguage\":\"en-GB\"},{\"@type\":\"WebPage\",\"@id\":\"https:\\\/\\\/www.prooptica.pt\\\/dia-nacional-do-arquiteto-desenvolvimento-sustentavel\\\/\",\"url\":\"https:\\\/\\\/www.prooptica.pt\\\/dia-nacional-do-arquiteto-desenvolvimento-sustentavel\\\/\",\"name\":\"Dia Nacional do Arquiteto | PROOPTICA\",\"isPartOf\":{\"@id\":\"https:\\\/\\\/www.prooptica.pt\\\/home\\\/#website\"},\"primaryImageOfPage\":{\"@id\":\"https:\\\/\\\/www.prooptica.pt\\\/dia-nacional-do-arquiteto-desenvolvimento-sustentavel\\\/#primaryimage\"},\"image\":{\"@id\":\"https:\\\/\\\/www.prooptica.pt\\\/dia-nacional-do-arquiteto-desenvolvimento-sustentavel\\\/#primaryimage\"},\"thumbnailUrl\":\"https:\\\/\\\/www.prooptica.pt\\\/wp-content\\\/uploads\\\/2024\\\/07\\\/shutterstock_2410126747-scaled.jpg\",\"datePublished\":\"2024-07-03T19:35:40+00:00\",\"dateModified\":\"2024-07-03T19:42:42+00:00\",\"author\":{\"@id\":\"https:\\\/\\\/www.prooptica.pt\\\/home\\\/#\\\/schema\\\/person\\\/1cbd826a9322a3c38a052e43d1638306\"},\"description\":\"A Equipa especializada em Design + Arquitetura da PROOPTICA trabalha diariamente para transformar o seu sonho em realidade.\",\"breadcrumb\":{\"@id\":\"https:\\\/\\\/www.prooptica.pt\\\/dia-nacional-do-arquiteto-desenvolvimento-sustentavel\\\/#breadcrumb\"},\"inLanguage\":\"en-GB\",\"potentialAction\":[{\"@type\":\"ReadAction\",\"target\":[\"https:\\\/\\\/www.prooptica.pt\\\/dia-nacional-do-arquiteto-desenvolvimento-sustentavel\\\/\"]}]},{\"@type\":\"ImageObject\",\"inLanguage\":\"en-GB\",\"@id\":\"https:\\\/\\\/www.prooptica.pt\\\/dia-nacional-do-arquiteto-desenvolvimento-sustentavel\\\/#primaryimage\",\"url\":\"https:\\\/\\\/www.prooptica.pt\\\/wp-content\\\/uploads\\\/2024\\\/07\\\/shutterstock_2410126747-scaled.jpg\",\"contentUrl\":\"https:\\\/\\\/www.prooptica.pt\\\/wp-content\\\/uploads\\\/2024\\\/07\\\/shutterstock_2410126747-scaled.jpg\",\"width\":2560,\"height\":1707},{\"@type\":\"BreadcrumbList\",\"@id\":\"https:\\\/\\\/www.prooptica.pt\\\/dia-nacional-do-arquiteto-desenvolvimento-sustentavel\\\/#breadcrumb\",\"itemListElement\":[{\"@type\":\"ListItem\",\"position\":1,\"name\":\"In\u00edcio\",\"item\":\"https:\\\/\\\/www.prooptica.pt\\\/\"},{\"@type\":\"ListItem\",\"position\":2,\"name\":\"Dia Nacional do Arquiteto | Desenvolvimento Sustent\u00e1vel\"}]},{\"@type\":\"WebSite\",\"@id\":\"https:\\\/\\\/www.prooptica.pt\\\/home\\\/#website\",\"url\":\"https:\\\/\\\/www.prooptica.pt\\\/home\\\/\",\"name\":\"Prooptica\",\"description\":\"Full Eyewear Concept\",\"potentialAction\":[{\"@type\":\"SearchAction\",\"target\":{\"@type\":\"EntryPoint\",\"urlTemplate\":\"https:\\\/\\\/www.prooptica.pt\\\/home\\\/?s={search_term_string}\"},\"query-input\":{\"@type\":\"PropertyValueSpecification\",\"valueRequired\":true,\"valueName\":\"search_term_string\"}}],\"inLanguage\":\"en-GB\"},{\"@type\":\"Person\",\"@id\":\"https:\\\/\\\/www.prooptica.pt\\\/home\\\/#\\\/schema\\\/person\\\/1cbd826a9322a3c38a052e43d1638306\",\"name\":\"admin\",\"image\":{\"@type\":\"ImageObject\",\"inLanguage\":\"en-GB\",\"@id\":\"https:\\\/\\\/secure.gravatar.com\\\/avatar\\\/528c714482569d81724b02603aa719344e9ad7c0b50becf07272b2086b2c1cfd?s=96&d=mm&r=g\",\"url\":\"https:\\\/\\\/secure.gravatar.com\\\/avatar\\\/528c714482569d81724b02603aa719344e9ad7c0b50becf07272b2086b2c1cfd?s=96&d=mm&r=g\",\"contentUrl\":\"https:\\\/\\\/secure.gravatar.com\\\/avatar\\\/528c714482569d81724b02603aa719344e9ad7c0b50becf07272b2086b2c1cfd?s=96&d=mm&r=g\",\"caption\":\"admin\"},\"url\":\"https:\\\/\\\/www.prooptica.pt\\\/en\\\/author\\\/admin\\\/\"}]}<\/script>\n<!-- \/ Yoast SEO plugin. -->","yoast_head_json":{"title":"National Architect's Day | PROOPTICA","description":"PROOPTICA's specialised Design + Architecture team works every day to turn your dream into reality.","robots":{"index":"index","follow":"follow","max-snippet":"max-snippet:-1","max-image-preview":"max-image-preview:large","max-video-preview":"max-video-preview:-1"},"canonical":"https:\/\/www.prooptica.pt\/en\/national-architects-day-sustainable-development\/","og_locale":"en_GB","og_type":"article","og_title":"Dia Nacional do Arquiteto | PROOPTICA","og_description":"A Equipa especializada em Design + Arquitetura da PROOPTICA trabalha diariamente para transformar o seu sonho em realidade.","og_url":"https:\/\/www.prooptica.pt\/en\/national-architects-day-sustainable-development\/","og_site_name":"Prooptica","article_published_time":"2024-07-03T19:35:40+00:00","article_modified_time":"2024-07-03T19:42:42+00:00","og_image":[{"width":2560,"height":1707,"url":"https:\/\/www.prooptica.pt\/wp-content\/uploads\/2024\/07\/shutterstock_2410126747-scaled.jpg","type":"image\/jpeg"}],"author":"admin","twitter_card":"summary_large_image","twitter_misc":{"Written by":"admin","Estimated reading time":"2 minutes"},"schema":{"@context":"https:\/\/schema.org","@graph":[{"@type":"Article","@id":"https:\/\/www.prooptica.pt\/dia-nacional-do-arquiteto-desenvolvimento-sustentavel\/#article","isPartOf":{"@id":"https:\/\/www.prooptica.pt\/dia-nacional-do-arquiteto-desenvolvimento-sustentavel\/"},"author":{"name":"admin","@id":"https:\/\/www.prooptica.pt\/home\/#\/schema\/person\/1cbd826a9322a3c38a052e43d1638306"},"headline":"Dia Nacional do Arquiteto | Desenvolvimento Sustent\u00e1vel","datePublished":"2024-07-03T19:35:40+00:00","dateModified":"2024-07-03T19:42:42+00:00","mainEntityOfPage":{"@id":"https:\/\/www.prooptica.pt\/dia-nacional-do-arquiteto-desenvolvimento-sustentavel\/"},"wordCount":308,"image":{"@id":"https:\/\/www.prooptica.pt\/dia-nacional-do-arquiteto-desenvolvimento-sustentavel\/#primaryimage"},"thumbnailUrl":"https:\/\/www.prooptica.pt\/wp-content\/uploads\/2024\/07\/shutterstock_2410126747-scaled.jpg","articleSection":["Design + Arquitetura"],"inLanguage":"en-GB"},{"@type":"WebPage","@id":"https:\/\/www.prooptica.pt\/dia-nacional-do-arquiteto-desenvolvimento-sustentavel\/","url":"https:\/\/www.prooptica.pt\/dia-nacional-do-arquiteto-desenvolvimento-sustentavel\/","name":"National Architect's Day | PROOPTICA","isPartOf":{"@id":"https:\/\/www.prooptica.pt\/home\/#website"},"primaryImageOfPage":{"@id":"https:\/\/www.prooptica.pt\/dia-nacional-do-arquiteto-desenvolvimento-sustentavel\/#primaryimage"},"image":{"@id":"https:\/\/www.prooptica.pt\/dia-nacional-do-arquiteto-desenvolvimento-sustentavel\/#primaryimage"},"thumbnailUrl":"https:\/\/www.prooptica.pt\/wp-content\/uploads\/2024\/07\/shutterstock_2410126747-scaled.jpg","datePublished":"2024-07-03T19:35:40+00:00","dateModified":"2024-07-03T19:42:42+00:00","author":{"@id":"https:\/\/www.prooptica.pt\/home\/#\/schema\/person\/1cbd826a9322a3c38a052e43d1638306"},"description":"PROOPTICA's specialised Design + Architecture team works every day to turn your dream into reality.","breadcrumb":{"@id":"https:\/\/www.prooptica.pt\/dia-nacional-do-arquiteto-desenvolvimento-sustentavel\/#breadcrumb"},"inLanguage":"en-GB","potentialAction":[{"@type":"ReadAction","target":["https:\/\/www.prooptica.pt\/dia-nacional-do-arquiteto-desenvolvimento-sustentavel\/"]}]},{"@type":"ImageObject","inLanguage":"en-GB","@id":"https:\/\/www.prooptica.pt\/dia-nacional-do-arquiteto-desenvolvimento-sustentavel\/#primaryimage","url":"https:\/\/www.prooptica.pt\/wp-content\/uploads\/2024\/07\/shutterstock_2410126747-scaled.jpg","contentUrl":"https:\/\/www.prooptica.pt\/wp-content\/uploads\/2024\/07\/shutterstock_2410126747-scaled.jpg","width":2560,"height":1707},{"@type":"BreadcrumbList","@id":"https:\/\/www.prooptica.pt\/dia-nacional-do-arquiteto-desenvolvimento-sustentavel\/#breadcrumb","itemListElement":[{"@type":"ListItem","position":1,"name":"In\u00edcio","item":"https:\/\/www.prooptica.pt\/"},{"@type":"ListItem","position":2,"name":"Dia Nacional do Arquiteto | Desenvolvimento Sustent\u00e1vel"}]},{"@type":"WebSite","@id":"https:\/\/www.prooptica.pt\/home\/#website","url":"https:\/\/www.prooptica.pt\/home\/","name":"Prooptica","description":"Full Eyewear Concept","potentialAction":[{"@type":"SearchAction","target":{"@type":"EntryPoint","urlTemplate":"https:\/\/www.prooptica.pt\/home\/?s={search_term_string}"},"query-input":{"@type":"PropertyValueSpecification","valueRequired":true,"valueName":"search_term_string"}}],"inLanguage":"en-GB"},{"@type":"Person","@id":"https:\/\/www.prooptica.pt\/home\/#\/schema\/person\/1cbd826a9322a3c38a052e43d1638306","name":"admin","image":{"@type":"ImageObject","inLanguage":"en-GB","@id":"https:\/\/secure.gravatar.com\/avatar\/528c714482569d81724b02603aa719344e9ad7c0b50becf07272b2086b2c1cfd?s=96&d=mm&r=g","url":"https:\/\/secure.gravatar.com\/avatar\/528c714482569d81724b02603aa719344e9ad7c0b50becf07272b2086b2c1cfd?s=96&d=mm&r=g","contentUrl":"https:\/\/secure.gravatar.com\/avatar\/528c714482569d81724b02603aa719344e9ad7c0b50becf07272b2086b2c1cfd?s=96&d=mm&r=g","caption":"admin"},"url":"https:\/\/www.prooptica.pt\/en\/author\/admin\/"}]}},"_links":{"self":[{"href":"https:\/\/www.prooptica.pt\/en\/wp-json\/wp\/v2\/posts\/20145","targetHints":{"allow":["GET"]}}],"collection":[{"href":"https:\/\/www.prooptica.pt\/en\/wp-json\/wp\/v2\/posts"}],"about":[{"href":"https:\/\/www.prooptica.pt\/en\/wp-json\/wp\/v2\/types\/post"}],"author":[{"embeddable":true,"href":"https:\/\/www.prooptica.pt\/en\/wp-json\/wp\/v2\/users\/2"}],"replies":[{"embeddable":true,"href":"https:\/\/www.prooptica.pt\/en\/wp-json\/wp\/v2\/comments?post=20145"}],"version-history":[{"count":2,"href":"https:\/\/www.prooptica.pt\/en\/wp-json\/wp\/v2\/posts\/20145\/revisions"}],"predecessor-version":[{"id":20148,"href":"https:\/\/www.prooptica.pt\/en\/wp-json\/wp\/v2\/posts\/20145\/revisions\/20148"}],"wp:featuredmedia":[{"embeddable":true,"href":"https:\/\/www.prooptica.pt\/en\/wp-json\/wp\/v2\/media\/20146"}],"wp:attachment":[{"href":"https:\/\/www.prooptica.pt\/en\/wp-json\/wp\/v2\/media?parent=20145"}],"wp:term":[{"taxonomy":"category","embeddable":true,"href":"https:\/\/www.prooptica.pt\/en\/wp-json\/wp\/v2\/categories?post=20145"},{"taxonomy":"post_tag","embeddable":true,"href":"https:\/\/www.prooptica.pt\/en\/wp-json\/wp\/v2\/tags?post=20145"}],"curies":[{"name":"wp","href":"https:\/\/api.w.org\/{rel}","templated":true}]}}