{"id":20831,"date":"2024-09-25T09:16:17","date_gmt":"2024-09-25T09:16:17","guid":{"rendered":"https:\/\/www.prooptica.pt\/?p=20831"},"modified":"2024-09-25T09:16:17","modified_gmt":"2024-09-25T09:16:17","slug":"national-sustainability-day-commitment-to-a-greener-future","status":"publish","type":"post","link":"https:\/\/www.prooptica.pt\/en\/dia-nacional-da-sustentabilidade-compromisso-com-um-futuro-mais-verde\/","title":{"rendered":"National Sustainability Day | Commitment to a Greener Future"},"content":{"rendered":"<p>On National Sustainability Day, celebrated on 25 September, we reinforce the importance of preserving the environment and promoting sustainable practices in all areas of society. This day is an opportunity to reflect on the impact of our actions and what we can do to ensure a more balanced and ecological future.<\/p>\n<p><strong>Prooptica and its Commitment to Sustainability<\/strong><\/p>\n<p>At Prooptica, our commitment to sustainability goes beyond words - it is present in every one of our decisions. We realise that, as a company, we have a responsibility to reduce our ecological footprint and encourage practices that protect the planet.<\/p>\n<p><strong>Support for Sociedade Ponto Verde<\/strong><\/p>\n<p>As proof of this, we support the <em>Green Dot Society<\/em>Prooptica, an organisation that plays an essential role in the management and recycling of packaging in Portugal. Through this partnership, Prooptica reinforces its commitment to integrating more sustainable practices throughout the value chain.<\/p>\n<p><strong>Small Steps, Big Impacts<\/strong><\/p>\n<p>Support for <em>Green Dot Society<\/em> is just one of Prooptica's many initiatives on the road to sustainability. We remain committed to finding new ways to reduce waste, encourage the circular economy and support projects that have a positive impact on communities and the environment.<\/p>\n<p>On this National Sustainability Day, we invite everyone to reflect on the importance of conscious choices. Together, we can contribute to a greener, healthier future for generations to come.<\/p>","protected":false},"excerpt":{"rendered":"<p>No Dia Nacional da Sustentabilidade, celebrado a 25 de setembro, refor\u00e7amos a import\u00e2ncia de preservar o meio ambiente e promover pr\u00e1ticas sustent\u00e1veis em todas as \u00e1reas da sociedade. Este dia \u00e9 uma oportunidade para refletirmos sobre o impacto das nossas a\u00e7\u00f5es e o que podemos fazer para garantir um futuro mais equilibrado e ecol\u00f3gico. A [&hellip;]<\/p>\n","protected":false},"author":2,"featured_media":20832,"comment_status":"closed","ping_status":"closed","sticky":false,"template":"","format":"standard","meta":{"footnotes":""},"categories":[195,197],"tags":[],"class_list":["post-20831","post","type-post","status-publish","format-standard","has-post-thumbnail","hentry","category-institucional","category-sustentabilidade"],"yoast_head":"<!-- This site is optimized with the Yoast SEO plugin v27.5 - https:\/\/yoast.com\/product\/yoast-seo-wordpress\/ -->\n<title>Compromisso da Prooptica com um Futuro mais verde<\/title>\n<meta name=\"description\" content=\"Neste Dia Nacional da Sustentabilidade, reiteramos que juntos, podemos contribuir para um futuro mais verde para as gera\u00e7\u00f5es futuras.\" \/>\n<meta name=\"robots\" content=\"index, follow, max-snippet:-1, max-image-preview:large, max-video-preview:-1\" \/>\n<link rel=\"canonical\" href=\"https:\/\/www.prooptica.pt\/en\/national-sustainability-day-commitment-to-a-greener-future\/\" \/>\n<meta property=\"og:locale\" content=\"en_GB\" \/>\n<meta property=\"og:type\" content=\"article\" \/>\n<meta property=\"og:title\" content=\"Compromisso da Prooptica com um Futuro mais verde\" \/>\n<meta property=\"og:description\" content=\"Neste Dia Nacional da Sustentabilidade, reiteramos que juntos, podemos contribuir para um futuro mais verde para as gera\u00e7\u00f5es futuras.\" \/>\n<meta property=\"og:url\" content=\"https:\/\/www.prooptica.pt\/en\/national-sustainability-day-commitment-to-a-greener-future\/\" \/>\n<meta property=\"og:site_name\" content=\"Prooptica\" \/>\n<meta property=\"article:published_time\" content=\"2024-09-25T09:16:17+00:00\" \/>\n<meta property=\"og:image\" content=\"https:\/\/www.prooptica.pt\/wp-content\/uploads\/2024\/09\/Capa-artigo-blog-4.jpg\" \/>\n\t<meta property=\"og:image:width\" content=\"854\" \/>\n\t<meta property=\"og:image:height\" content=\"514\" \/>\n\t<meta property=\"og:image:type\" content=\"image\/jpeg\" \/>\n<meta name=\"author\" content=\"admin\" \/>\n<meta name=\"twitter:card\" content=\"summary_large_image\" \/>\n<meta name=\"twitter:label1\" content=\"Written by\" \/>\n\t<meta name=\"twitter:data1\" content=\"admin\" \/>\n\t<meta name=\"twitter:label2\" content=\"Estimated reading time\" \/>\n\t<meta name=\"twitter:data2\" content=\"2 minutes\" \/>\n<script type=\"application\/ld+json\" class=\"yoast-schema-graph\">{\"@context\":\"https:\\\/\\\/schema.org\",\"@graph\":[{\"@type\":\"Article\",\"@id\":\"https:\\\/\\\/www.prooptica.pt\\\/dia-nacional-da-sustentabilidade-compromisso-com-um-futuro-mais-verde\\\/#article\",\"isPartOf\":{\"@id\":\"https:\\\/\\\/www.prooptica.pt\\\/dia-nacional-da-sustentabilidade-compromisso-com-um-futuro-mais-verde\\\/\"},\"author\":{\"name\":\"admin\",\"@id\":\"https:\\\/\\\/www.prooptica.pt\\\/home\\\/#\\\/schema\\\/person\\\/1cbd826a9322a3c38a052e43d1638306\"},\"headline\":\"Dia Nacional da Sustentabilidade | Compromisso com um Futuro mais verde\",\"datePublished\":\"2024-09-25T09:16:17+00:00\",\"mainEntityOfPage\":{\"@id\":\"https:\\\/\\\/www.prooptica.pt\\\/dia-nacional-da-sustentabilidade-compromisso-com-um-futuro-mais-verde\\\/\"},\"wordCount\":259,\"image\":{\"@id\":\"https:\\\/\\\/www.prooptica.pt\\\/dia-nacional-da-sustentabilidade-compromisso-com-um-futuro-mais-verde\\\/#primaryimage\"},\"thumbnailUrl\":\"https:\\\/\\\/www.prooptica.pt\\\/wp-content\\\/uploads\\\/2024\\\/09\\\/Capa-artigo-blog-4.jpg\",\"articleSection\":[\"Institucional\",\"Sustentabilidade\"],\"inLanguage\":\"en-GB\"},{\"@type\":\"WebPage\",\"@id\":\"https:\\\/\\\/www.prooptica.pt\\\/dia-nacional-da-sustentabilidade-compromisso-com-um-futuro-mais-verde\\\/\",\"url\":\"https:\\\/\\\/www.prooptica.pt\\\/dia-nacional-da-sustentabilidade-compromisso-com-um-futuro-mais-verde\\\/\",\"name\":\"Compromisso da Prooptica com um Futuro mais verde\",\"isPartOf\":{\"@id\":\"https:\\\/\\\/www.prooptica.pt\\\/home\\\/#website\"},\"primaryImageOfPage\":{\"@id\":\"https:\\\/\\\/www.prooptica.pt\\\/dia-nacional-da-sustentabilidade-compromisso-com-um-futuro-mais-verde\\\/#primaryimage\"},\"image\":{\"@id\":\"https:\\\/\\\/www.prooptica.pt\\\/dia-nacional-da-sustentabilidade-compromisso-com-um-futuro-mais-verde\\\/#primaryimage\"},\"thumbnailUrl\":\"https:\\\/\\\/www.prooptica.pt\\\/wp-content\\\/uploads\\\/2024\\\/09\\\/Capa-artigo-blog-4.jpg\",\"datePublished\":\"2024-09-25T09:16:17+00:00\",\"author\":{\"@id\":\"https:\\\/\\\/www.prooptica.pt\\\/home\\\/#\\\/schema\\\/person\\\/1cbd826a9322a3c38a052e43d1638306\"},\"description\":\"Neste Dia Nacional da Sustentabilidade, reiteramos que juntos, podemos contribuir para um futuro mais verde para as gera\u00e7\u00f5es futuras.\",\"breadcrumb\":{\"@id\":\"https:\\\/\\\/www.prooptica.pt\\\/dia-nacional-da-sustentabilidade-compromisso-com-um-futuro-mais-verde\\\/#breadcrumb\"},\"inLanguage\":\"en-GB\",\"potentialAction\":[{\"@type\":\"ReadAction\",\"target\":[\"https:\\\/\\\/www.prooptica.pt\\\/dia-nacional-da-sustentabilidade-compromisso-com-um-futuro-mais-verde\\\/\"]}]},{\"@type\":\"ImageObject\",\"inLanguage\":\"en-GB\",\"@id\":\"https:\\\/\\\/www.prooptica.pt\\\/dia-nacional-da-sustentabilidade-compromisso-com-um-futuro-mais-verde\\\/#primaryimage\",\"url\":\"https:\\\/\\\/www.prooptica.pt\\\/wp-content\\\/uploads\\\/2024\\\/09\\\/Capa-artigo-blog-4.jpg\",\"contentUrl\":\"https:\\\/\\\/www.prooptica.pt\\\/wp-content\\\/uploads\\\/2024\\\/09\\\/Capa-artigo-blog-4.jpg\",\"width\":854,\"height\":514},{\"@type\":\"BreadcrumbList\",\"@id\":\"https:\\\/\\\/www.prooptica.pt\\\/dia-nacional-da-sustentabilidade-compromisso-com-um-futuro-mais-verde\\\/#breadcrumb\",\"itemListElement\":[{\"@type\":\"ListItem\",\"position\":1,\"name\":\"In\u00edcio\",\"item\":\"https:\\\/\\\/www.prooptica.pt\\\/\"},{\"@type\":\"ListItem\",\"position\":2,\"name\":\"Dia Nacional da Sustentabilidade | Compromisso com um Futuro mais verde\"}]},{\"@type\":\"WebSite\",\"@id\":\"https:\\\/\\\/www.prooptica.pt\\\/home\\\/#website\",\"url\":\"https:\\\/\\\/www.prooptica.pt\\\/home\\\/\",\"name\":\"Prooptica\",\"description\":\"Full Eyewear Concept\",\"potentialAction\":[{\"@type\":\"SearchAction\",\"target\":{\"@type\":\"EntryPoint\",\"urlTemplate\":\"https:\\\/\\\/www.prooptica.pt\\\/home\\\/?s={search_term_string}\"},\"query-input\":{\"@type\":\"PropertyValueSpecification\",\"valueRequired\":true,\"valueName\":\"search_term_string\"}}],\"inLanguage\":\"en-GB\"},{\"@type\":\"Person\",\"@id\":\"https:\\\/\\\/www.prooptica.pt\\\/home\\\/#\\\/schema\\\/person\\\/1cbd826a9322a3c38a052e43d1638306\",\"name\":\"admin\",\"image\":{\"@type\":\"ImageObject\",\"inLanguage\":\"en-GB\",\"@id\":\"https:\\\/\\\/secure.gravatar.com\\\/avatar\\\/528c714482569d81724b02603aa719344e9ad7c0b50becf07272b2086b2c1cfd?s=96&d=mm&r=g\",\"url\":\"https:\\\/\\\/secure.gravatar.com\\\/avatar\\\/528c714482569d81724b02603aa719344e9ad7c0b50becf07272b2086b2c1cfd?s=96&d=mm&r=g\",\"contentUrl\":\"https:\\\/\\\/secure.gravatar.com\\\/avatar\\\/528c714482569d81724b02603aa719344e9ad7c0b50becf07272b2086b2c1cfd?s=96&d=mm&r=g\",\"caption\":\"admin\"},\"url\":\"https:\\\/\\\/www.prooptica.pt\\\/en\\\/author\\\/admin\\\/\"}]}<\/script>\n<!-- \/ Yoast SEO plugin. -->","yoast_head_json":{"title":"Prooptica's commitment to a greener future","description":"On this National Sustainability Day, we reiterate that together we can contribute to a greener future for future generations.","robots":{"index":"index","follow":"follow","max-snippet":"max-snippet:-1","max-image-preview":"max-image-preview:large","max-video-preview":"max-video-preview:-1"},"canonical":"https:\/\/www.prooptica.pt\/en\/national-sustainability-day-commitment-to-a-greener-future\/","og_locale":"en_GB","og_type":"article","og_title":"Compromisso da Prooptica com um Futuro mais verde","og_description":"Neste Dia Nacional da Sustentabilidade, reiteramos que juntos, podemos contribuir para um futuro mais verde para as gera\u00e7\u00f5es futuras.","og_url":"https:\/\/www.prooptica.pt\/en\/national-sustainability-day-commitment-to-a-greener-future\/","og_site_name":"Prooptica","article_published_time":"2024-09-25T09:16:17+00:00","og_image":[{"width":854,"height":514,"url":"https:\/\/www.prooptica.pt\/wp-content\/uploads\/2024\/09\/Capa-artigo-blog-4.jpg","type":"image\/jpeg"}],"author":"admin","twitter_card":"summary_large_image","twitter_misc":{"Written by":"admin","Estimated reading time":"2 minutes"},"schema":{"@context":"https:\/\/schema.org","@graph":[{"@type":"Article","@id":"https:\/\/www.prooptica.pt\/dia-nacional-da-sustentabilidade-compromisso-com-um-futuro-mais-verde\/#article","isPartOf":{"@id":"https:\/\/www.prooptica.pt\/dia-nacional-da-sustentabilidade-compromisso-com-um-futuro-mais-verde\/"},"author":{"name":"admin","@id":"https:\/\/www.prooptica.pt\/home\/#\/schema\/person\/1cbd826a9322a3c38a052e43d1638306"},"headline":"Dia Nacional da Sustentabilidade | Compromisso com um Futuro mais verde","datePublished":"2024-09-25T09:16:17+00:00","mainEntityOfPage":{"@id":"https:\/\/www.prooptica.pt\/dia-nacional-da-sustentabilidade-compromisso-com-um-futuro-mais-verde\/"},"wordCount":259,"image":{"@id":"https:\/\/www.prooptica.pt\/dia-nacional-da-sustentabilidade-compromisso-com-um-futuro-mais-verde\/#primaryimage"},"thumbnailUrl":"https:\/\/www.prooptica.pt\/wp-content\/uploads\/2024\/09\/Capa-artigo-blog-4.jpg","articleSection":["Institucional","Sustentabilidade"],"inLanguage":"en-GB"},{"@type":"WebPage","@id":"https:\/\/www.prooptica.pt\/dia-nacional-da-sustentabilidade-compromisso-com-um-futuro-mais-verde\/","url":"https:\/\/www.prooptica.pt\/dia-nacional-da-sustentabilidade-compromisso-com-um-futuro-mais-verde\/","name":"Prooptica's commitment to a greener future","isPartOf":{"@id":"https:\/\/www.prooptica.pt\/home\/#website"},"primaryImageOfPage":{"@id":"https:\/\/www.prooptica.pt\/dia-nacional-da-sustentabilidade-compromisso-com-um-futuro-mais-verde\/#primaryimage"},"image":{"@id":"https:\/\/www.prooptica.pt\/dia-nacional-da-sustentabilidade-compromisso-com-um-futuro-mais-verde\/#primaryimage"},"thumbnailUrl":"https:\/\/www.prooptica.pt\/wp-content\/uploads\/2024\/09\/Capa-artigo-blog-4.jpg","datePublished":"2024-09-25T09:16:17+00:00","author":{"@id":"https:\/\/www.prooptica.pt\/home\/#\/schema\/person\/1cbd826a9322a3c38a052e43d1638306"},"description":"On this National Sustainability Day, we reiterate that together we can contribute to a greener future for future generations.","breadcrumb":{"@id":"https:\/\/www.prooptica.pt\/dia-nacional-da-sustentabilidade-compromisso-com-um-futuro-mais-verde\/#breadcrumb"},"inLanguage":"en-GB","potentialAction":[{"@type":"ReadAction","target":["https:\/\/www.prooptica.pt\/dia-nacional-da-sustentabilidade-compromisso-com-um-futuro-mais-verde\/"]}]},{"@type":"ImageObject","inLanguage":"en-GB","@id":"https:\/\/www.prooptica.pt\/dia-nacional-da-sustentabilidade-compromisso-com-um-futuro-mais-verde\/#primaryimage","url":"https:\/\/www.prooptica.pt\/wp-content\/uploads\/2024\/09\/Capa-artigo-blog-4.jpg","contentUrl":"https:\/\/www.prooptica.pt\/wp-content\/uploads\/2024\/09\/Capa-artigo-blog-4.jpg","width":854,"height":514},{"@type":"BreadcrumbList","@id":"https:\/\/www.prooptica.pt\/dia-nacional-da-sustentabilidade-compromisso-com-um-futuro-mais-verde\/#breadcrumb","itemListElement":[{"@type":"ListItem","position":1,"name":"In\u00edcio","item":"https:\/\/www.prooptica.pt\/"},{"@type":"ListItem","position":2,"name":"Dia Nacional da Sustentabilidade | Compromisso com um Futuro mais verde"}]},{"@type":"WebSite","@id":"https:\/\/www.prooptica.pt\/home\/#website","url":"https:\/\/www.prooptica.pt\/home\/","name":"Prooptica","description":"Full Eyewear Concept","potentialAction":[{"@type":"SearchAction","target":{"@type":"EntryPoint","urlTemplate":"https:\/\/www.prooptica.pt\/home\/?s={search_term_string}"},"query-input":{"@type":"PropertyValueSpecification","valueRequired":true,"valueName":"search_term_string"}}],"inLanguage":"en-GB"},{"@type":"Person","@id":"https:\/\/www.prooptica.pt\/home\/#\/schema\/person\/1cbd826a9322a3c38a052e43d1638306","name":"admin","image":{"@type":"ImageObject","inLanguage":"en-GB","@id":"https:\/\/secure.gravatar.com\/avatar\/528c714482569d81724b02603aa719344e9ad7c0b50becf07272b2086b2c1cfd?s=96&d=mm&r=g","url":"https:\/\/secure.gravatar.com\/avatar\/528c714482569d81724b02603aa719344e9ad7c0b50becf07272b2086b2c1cfd?s=96&d=mm&r=g","contentUrl":"https:\/\/secure.gravatar.com\/avatar\/528c714482569d81724b02603aa719344e9ad7c0b50becf07272b2086b2c1cfd?s=96&d=mm&r=g","caption":"admin"},"url":"https:\/\/www.prooptica.pt\/en\/author\/admin\/"}]}},"_links":{"self":[{"href":"https:\/\/www.prooptica.pt\/en\/wp-json\/wp\/v2\/posts\/20831","targetHints":{"allow":["GET"]}}],"collection":[{"href":"https:\/\/www.prooptica.pt\/en\/wp-json\/wp\/v2\/posts"}],"about":[{"href":"https:\/\/www.prooptica.pt\/en\/wp-json\/wp\/v2\/types\/post"}],"author":[{"embeddable":true,"href":"https:\/\/www.prooptica.pt\/en\/wp-json\/wp\/v2\/users\/2"}],"replies":[{"embeddable":true,"href":"https:\/\/www.prooptica.pt\/en\/wp-json\/wp\/v2\/comments?post=20831"}],"version-history":[{"count":1,"href":"https:\/\/www.prooptica.pt\/en\/wp-json\/wp\/v2\/posts\/20831\/revisions"}],"predecessor-version":[{"id":20833,"href":"https:\/\/www.prooptica.pt\/en\/wp-json\/wp\/v2\/posts\/20831\/revisions\/20833"}],"wp:featuredmedia":[{"embeddable":true,"href":"https:\/\/www.prooptica.pt\/en\/wp-json\/wp\/v2\/media\/20832"}],"wp:attachment":[{"href":"https:\/\/www.prooptica.pt\/en\/wp-json\/wp\/v2\/media?parent=20831"}],"wp:term":[{"taxonomy":"category","embeddable":true,"href":"https:\/\/www.prooptica.pt\/en\/wp-json\/wp\/v2\/categories?post=20831"},{"taxonomy":"post_tag","embeddable":true,"href":"https:\/\/www.prooptica.pt\/en\/wp-json\/wp\/v2\/tags?post=20831"}],"curies":[{"name":"wp","href":"https:\/\/api.w.org\/{rel}","templated":true}]}}