{"id":20844,"date":"2024-10-04T09:36:06","date_gmt":"2024-10-04T09:36:06","guid":{"rendered":"https:\/\/www.prooptica.pt\/?p=20844"},"modified":"2024-10-04T09:36:44","modified_gmt":"2024-10-04T09:36:44","slug":"world-teachers-day-to-honour-and-raise-awareness-of-visual-impairment","status":"publish","type":"post","link":"https:\/\/www.prooptica.pt\/en\/dia-mundial-do-professor-homenagem-e-sensibilizacao-para-detecao-de-problemas-visuais\/","title":{"rendered":"World Teachers' Day | Tribute and Awareness Raising to Detect Visual Problems"},"content":{"rendered":"<p>On 5 October, we celebrate World Teachers' Day, a date dedicated to honouring the essential role that educators play in the formation and development of children and young people.<\/p>\n<p>Teachers are much more than transmitters of knowledge; they are guides, mentors and often the first to spot signs that something might not be going well with their pupils, whether it's academic performance or health.<\/p>\n<p>One of the areas in which teachers can play a crucial role is in the early detection of potential visual difficulties in children. Many vision problems, such as myopia, hyperopia or astigmatism, can go unnoticed, especially among the very young, who often don't know how to identify or communicate these difficulties.<\/p>\n<p>A student with vision problems may have difficulty concentrating, poor academic performance or even unmotivated behaviour, often attributed to other factors when, in reality, the cause may lie in their vision.<\/p>\n<p>In a school environment, teachers are in a privileged position to identify warning signs such as difficulty seeing the board, a habit of squinting, frequent headaches or a tendency to get too close to books or electronic devices.<\/p>\n<p>Early detection of visual problems can make all the difference to children's educational and personal development, allowing for early intervention and avoiding more serious future problems.<\/p>\n<p>On this World Teachers' Day, we're highlighting yet another example of how the role of teachers goes far beyond the classroom. These professionals are, and will continue to be, fundamental pillars in the integral development of our children.<\/p>","protected":false},"excerpt":{"rendered":"<p>No dia 5 de outubro, celebramos o Dia Mundial do Professor, uma data dedicada a homenagear o papel essencial que os educadores desempenham na forma\u00e7\u00e3o e desenvolvimento das crian\u00e7as e jovens. Os professores s\u00e3o muito mais do que transmissores de conhecimento; s\u00e3o guias, mentores e, muitas vezes, os primeiros a identificar sinais de que algo [&hellip;]<\/p>\n","protected":false},"author":2,"featured_media":20845,"comment_status":"closed","ping_status":"closed","sticky":false,"template":"","format":"standard","meta":{"footnotes":""},"categories":[195,187],"tags":[],"class_list":["post-20844","post","type-post","status-publish","format-standard","has-post-thumbnail","hentry","category-institucional","category-lentes"],"yoast_head":"<!-- This site is optimized with the Yoast SEO plugin v27.5 - https:\/\/yoast.com\/product\/yoast-seo-wordpress\/ -->\n<title>Dia Mundial do Professor | Homenagem e Sensibiliza\u00e7\u00e3o<\/title>\n<meta name=\"description\" content=\"A dete\u00e7\u00e3o precoce de problemas visuais pode fazer toda a diferen\u00e7a no desenvolvimento educacional e pessoal das crian\u00e7as.\" \/>\n<meta name=\"robots\" content=\"index, follow, max-snippet:-1, max-image-preview:large, max-video-preview:-1\" \/>\n<link rel=\"canonical\" href=\"https:\/\/www.prooptica.pt\/en\/world-teachers-day-to-honour-and-raise-awareness-of-visual-impairment\/\" \/>\n<meta property=\"og:locale\" content=\"en_GB\" \/>\n<meta property=\"og:type\" content=\"article\" \/>\n<meta property=\"og:title\" content=\"Dia Mundial do Professor | Homenagem e Sensibiliza\u00e7\u00e3o\" \/>\n<meta property=\"og:description\" content=\"A dete\u00e7\u00e3o precoce de problemas visuais pode fazer toda a diferen\u00e7a no desenvolvimento educacional e pessoal das crian\u00e7as.\" \/>\n<meta property=\"og:url\" content=\"https:\/\/www.prooptica.pt\/en\/world-teachers-day-to-honour-and-raise-awareness-of-visual-impairment\/\" \/>\n<meta property=\"og:site_name\" content=\"Prooptica\" \/>\n<meta property=\"article:published_time\" content=\"2024-10-04T09:36:06+00:00\" \/>\n<meta property=\"article:modified_time\" content=\"2024-10-04T09:36:44+00:00\" \/>\n<meta property=\"og:image\" content=\"https:\/\/www.prooptica.pt\/wp-content\/uploads\/2024\/10\/Capa-artigo-blog-1.jpg\" \/>\n\t<meta property=\"og:image:width\" content=\"854\" \/>\n\t<meta property=\"og:image:height\" content=\"514\" \/>\n\t<meta property=\"og:image:type\" content=\"image\/jpeg\" \/>\n<meta name=\"author\" content=\"admin\" \/>\n<meta name=\"twitter:card\" content=\"summary_large_image\" \/>\n<meta name=\"twitter:label1\" content=\"Written by\" \/>\n\t<meta name=\"twitter:data1\" content=\"admin\" \/>\n\t<meta name=\"twitter:label2\" content=\"Estimated reading time\" \/>\n\t<meta name=\"twitter:data2\" content=\"2 minutes\" \/>\n<script type=\"application\/ld+json\" class=\"yoast-schema-graph\">{\"@context\":\"https:\\\/\\\/schema.org\",\"@graph\":[{\"@type\":\"Article\",\"@id\":\"https:\\\/\\\/www.prooptica.pt\\\/dia-mundial-do-professor-homenagem-e-sensibilizacao-para-detecao-de-problemas-visuais\\\/#article\",\"isPartOf\":{\"@id\":\"https:\\\/\\\/www.prooptica.pt\\\/dia-mundial-do-professor-homenagem-e-sensibilizacao-para-detecao-de-problemas-visuais\\\/\"},\"author\":{\"name\":\"admin\",\"@id\":\"https:\\\/\\\/www.prooptica.pt\\\/home\\\/#\\\/schema\\\/person\\\/1cbd826a9322a3c38a052e43d1638306\"},\"headline\":\"Dia Mundial do Professor | Homenagem e Sensibiliza\u00e7\u00e3o para dete\u00e7\u00e3o de Problemas Visuais\",\"datePublished\":\"2024-10-04T09:36:06+00:00\",\"dateModified\":\"2024-10-04T09:36:44+00:00\",\"mainEntityOfPage\":{\"@id\":\"https:\\\/\\\/www.prooptica.pt\\\/dia-mundial-do-professor-homenagem-e-sensibilizacao-para-detecao-de-problemas-visuais\\\/\"},\"wordCount\":305,\"image\":{\"@id\":\"https:\\\/\\\/www.prooptica.pt\\\/dia-mundial-do-professor-homenagem-e-sensibilizacao-para-detecao-de-problemas-visuais\\\/#primaryimage\"},\"thumbnailUrl\":\"https:\\\/\\\/www.prooptica.pt\\\/wp-content\\\/uploads\\\/2024\\\/10\\\/Capa-artigo-blog-1.jpg\",\"articleSection\":[\"Institucional\",\"Lentes\"],\"inLanguage\":\"en-GB\"},{\"@type\":\"WebPage\",\"@id\":\"https:\\\/\\\/www.prooptica.pt\\\/dia-mundial-do-professor-homenagem-e-sensibilizacao-para-detecao-de-problemas-visuais\\\/\",\"url\":\"https:\\\/\\\/www.prooptica.pt\\\/dia-mundial-do-professor-homenagem-e-sensibilizacao-para-detecao-de-problemas-visuais\\\/\",\"name\":\"Dia Mundial do Professor | Homenagem e Sensibiliza\u00e7\u00e3o\",\"isPartOf\":{\"@id\":\"https:\\\/\\\/www.prooptica.pt\\\/home\\\/#website\"},\"primaryImageOfPage\":{\"@id\":\"https:\\\/\\\/www.prooptica.pt\\\/dia-mundial-do-professor-homenagem-e-sensibilizacao-para-detecao-de-problemas-visuais\\\/#primaryimage\"},\"image\":{\"@id\":\"https:\\\/\\\/www.prooptica.pt\\\/dia-mundial-do-professor-homenagem-e-sensibilizacao-para-detecao-de-problemas-visuais\\\/#primaryimage\"},\"thumbnailUrl\":\"https:\\\/\\\/www.prooptica.pt\\\/wp-content\\\/uploads\\\/2024\\\/10\\\/Capa-artigo-blog-1.jpg\",\"datePublished\":\"2024-10-04T09:36:06+00:00\",\"dateModified\":\"2024-10-04T09:36:44+00:00\",\"author\":{\"@id\":\"https:\\\/\\\/www.prooptica.pt\\\/home\\\/#\\\/schema\\\/person\\\/1cbd826a9322a3c38a052e43d1638306\"},\"description\":\"A dete\u00e7\u00e3o precoce de problemas visuais pode fazer toda a diferen\u00e7a no desenvolvimento educacional e pessoal das crian\u00e7as.\",\"breadcrumb\":{\"@id\":\"https:\\\/\\\/www.prooptica.pt\\\/dia-mundial-do-professor-homenagem-e-sensibilizacao-para-detecao-de-problemas-visuais\\\/#breadcrumb\"},\"inLanguage\":\"en-GB\",\"potentialAction\":[{\"@type\":\"ReadAction\",\"target\":[\"https:\\\/\\\/www.prooptica.pt\\\/dia-mundial-do-professor-homenagem-e-sensibilizacao-para-detecao-de-problemas-visuais\\\/\"]}]},{\"@type\":\"ImageObject\",\"inLanguage\":\"en-GB\",\"@id\":\"https:\\\/\\\/www.prooptica.pt\\\/dia-mundial-do-professor-homenagem-e-sensibilizacao-para-detecao-de-problemas-visuais\\\/#primaryimage\",\"url\":\"https:\\\/\\\/www.prooptica.pt\\\/wp-content\\\/uploads\\\/2024\\\/10\\\/Capa-artigo-blog-1.jpg\",\"contentUrl\":\"https:\\\/\\\/www.prooptica.pt\\\/wp-content\\\/uploads\\\/2024\\\/10\\\/Capa-artigo-blog-1.jpg\",\"width\":854,\"height\":514},{\"@type\":\"BreadcrumbList\",\"@id\":\"https:\\\/\\\/www.prooptica.pt\\\/dia-mundial-do-professor-homenagem-e-sensibilizacao-para-detecao-de-problemas-visuais\\\/#breadcrumb\",\"itemListElement\":[{\"@type\":\"ListItem\",\"position\":1,\"name\":\"In\u00edcio\",\"item\":\"https:\\\/\\\/www.prooptica.pt\\\/\"},{\"@type\":\"ListItem\",\"position\":2,\"name\":\"Dia Mundial do Professor | Homenagem e Sensibiliza\u00e7\u00e3o para dete\u00e7\u00e3o de Problemas Visuais\"}]},{\"@type\":\"WebSite\",\"@id\":\"https:\\\/\\\/www.prooptica.pt\\\/home\\\/#website\",\"url\":\"https:\\\/\\\/www.prooptica.pt\\\/home\\\/\",\"name\":\"Prooptica\",\"description\":\"Full Eyewear Concept\",\"potentialAction\":[{\"@type\":\"SearchAction\",\"target\":{\"@type\":\"EntryPoint\",\"urlTemplate\":\"https:\\\/\\\/www.prooptica.pt\\\/home\\\/?s={search_term_string}\"},\"query-input\":{\"@type\":\"PropertyValueSpecification\",\"valueRequired\":true,\"valueName\":\"search_term_string\"}}],\"inLanguage\":\"en-GB\"},{\"@type\":\"Person\",\"@id\":\"https:\\\/\\\/www.prooptica.pt\\\/home\\\/#\\\/schema\\\/person\\\/1cbd826a9322a3c38a052e43d1638306\",\"name\":\"admin\",\"image\":{\"@type\":\"ImageObject\",\"inLanguage\":\"en-GB\",\"@id\":\"https:\\\/\\\/secure.gravatar.com\\\/avatar\\\/528c714482569d81724b02603aa719344e9ad7c0b50becf07272b2086b2c1cfd?s=96&d=mm&r=g\",\"url\":\"https:\\\/\\\/secure.gravatar.com\\\/avatar\\\/528c714482569d81724b02603aa719344e9ad7c0b50becf07272b2086b2c1cfd?s=96&d=mm&r=g\",\"contentUrl\":\"https:\\\/\\\/secure.gravatar.com\\\/avatar\\\/528c714482569d81724b02603aa719344e9ad7c0b50becf07272b2086b2c1cfd?s=96&d=mm&r=g\",\"caption\":\"admin\"},\"url\":\"https:\\\/\\\/www.prooptica.pt\\\/en\\\/author\\\/admin\\\/\"}]}<\/script>\n<!-- \/ Yoast SEO plugin. -->","yoast_head_json":{"title":"World Teachers' Day | Tribute and Awareness Raising","description":"Early detection of visual problems can make all the difference to children's educational and personal development.","robots":{"index":"index","follow":"follow","max-snippet":"max-snippet:-1","max-image-preview":"max-image-preview:large","max-video-preview":"max-video-preview:-1"},"canonical":"https:\/\/www.prooptica.pt\/en\/world-teachers-day-to-honour-and-raise-awareness-of-visual-impairment\/","og_locale":"en_GB","og_type":"article","og_title":"Dia Mundial do Professor | Homenagem e Sensibiliza\u00e7\u00e3o","og_description":"A dete\u00e7\u00e3o precoce de problemas visuais pode fazer toda a diferen\u00e7a no desenvolvimento educacional e pessoal das crian\u00e7as.","og_url":"https:\/\/www.prooptica.pt\/en\/world-teachers-day-to-honour-and-raise-awareness-of-visual-impairment\/","og_site_name":"Prooptica","article_published_time":"2024-10-04T09:36:06+00:00","article_modified_time":"2024-10-04T09:36:44+00:00","og_image":[{"width":854,"height":514,"url":"https:\/\/www.prooptica.pt\/wp-content\/uploads\/2024\/10\/Capa-artigo-blog-1.jpg","type":"image\/jpeg"}],"author":"admin","twitter_card":"summary_large_image","twitter_misc":{"Written by":"admin","Estimated reading time":"2 minutes"},"schema":{"@context":"https:\/\/schema.org","@graph":[{"@type":"Article","@id":"https:\/\/www.prooptica.pt\/dia-mundial-do-professor-homenagem-e-sensibilizacao-para-detecao-de-problemas-visuais\/#article","isPartOf":{"@id":"https:\/\/www.prooptica.pt\/dia-mundial-do-professor-homenagem-e-sensibilizacao-para-detecao-de-problemas-visuais\/"},"author":{"name":"admin","@id":"https:\/\/www.prooptica.pt\/home\/#\/schema\/person\/1cbd826a9322a3c38a052e43d1638306"},"headline":"Dia Mundial do Professor | Homenagem e Sensibiliza\u00e7\u00e3o para dete\u00e7\u00e3o de Problemas Visuais","datePublished":"2024-10-04T09:36:06+00:00","dateModified":"2024-10-04T09:36:44+00:00","mainEntityOfPage":{"@id":"https:\/\/www.prooptica.pt\/dia-mundial-do-professor-homenagem-e-sensibilizacao-para-detecao-de-problemas-visuais\/"},"wordCount":305,"image":{"@id":"https:\/\/www.prooptica.pt\/dia-mundial-do-professor-homenagem-e-sensibilizacao-para-detecao-de-problemas-visuais\/#primaryimage"},"thumbnailUrl":"https:\/\/www.prooptica.pt\/wp-content\/uploads\/2024\/10\/Capa-artigo-blog-1.jpg","articleSection":["Institucional","Lentes"],"inLanguage":"en-GB"},{"@type":"WebPage","@id":"https:\/\/www.prooptica.pt\/dia-mundial-do-professor-homenagem-e-sensibilizacao-para-detecao-de-problemas-visuais\/","url":"https:\/\/www.prooptica.pt\/dia-mundial-do-professor-homenagem-e-sensibilizacao-para-detecao-de-problemas-visuais\/","name":"World Teachers' Day | Tribute and Awareness Raising","isPartOf":{"@id":"https:\/\/www.prooptica.pt\/home\/#website"},"primaryImageOfPage":{"@id":"https:\/\/www.prooptica.pt\/dia-mundial-do-professor-homenagem-e-sensibilizacao-para-detecao-de-problemas-visuais\/#primaryimage"},"image":{"@id":"https:\/\/www.prooptica.pt\/dia-mundial-do-professor-homenagem-e-sensibilizacao-para-detecao-de-problemas-visuais\/#primaryimage"},"thumbnailUrl":"https:\/\/www.prooptica.pt\/wp-content\/uploads\/2024\/10\/Capa-artigo-blog-1.jpg","datePublished":"2024-10-04T09:36:06+00:00","dateModified":"2024-10-04T09:36:44+00:00","author":{"@id":"https:\/\/www.prooptica.pt\/home\/#\/schema\/person\/1cbd826a9322a3c38a052e43d1638306"},"description":"Early detection of visual problems can make all the difference to children's educational and personal development.","breadcrumb":{"@id":"https:\/\/www.prooptica.pt\/dia-mundial-do-professor-homenagem-e-sensibilizacao-para-detecao-de-problemas-visuais\/#breadcrumb"},"inLanguage":"en-GB","potentialAction":[{"@type":"ReadAction","target":["https:\/\/www.prooptica.pt\/dia-mundial-do-professor-homenagem-e-sensibilizacao-para-detecao-de-problemas-visuais\/"]}]},{"@type":"ImageObject","inLanguage":"en-GB","@id":"https:\/\/www.prooptica.pt\/dia-mundial-do-professor-homenagem-e-sensibilizacao-para-detecao-de-problemas-visuais\/#primaryimage","url":"https:\/\/www.prooptica.pt\/wp-content\/uploads\/2024\/10\/Capa-artigo-blog-1.jpg","contentUrl":"https:\/\/www.prooptica.pt\/wp-content\/uploads\/2024\/10\/Capa-artigo-blog-1.jpg","width":854,"height":514},{"@type":"BreadcrumbList","@id":"https:\/\/www.prooptica.pt\/dia-mundial-do-professor-homenagem-e-sensibilizacao-para-detecao-de-problemas-visuais\/#breadcrumb","itemListElement":[{"@type":"ListItem","position":1,"name":"In\u00edcio","item":"https:\/\/www.prooptica.pt\/"},{"@type":"ListItem","position":2,"name":"Dia Mundial do Professor | Homenagem e Sensibiliza\u00e7\u00e3o para dete\u00e7\u00e3o de Problemas Visuais"}]},{"@type":"WebSite","@id":"https:\/\/www.prooptica.pt\/home\/#website","url":"https:\/\/www.prooptica.pt\/home\/","name":"Prooptica","description":"Full Eyewear Concept","potentialAction":[{"@type":"SearchAction","target":{"@type":"EntryPoint","urlTemplate":"https:\/\/www.prooptica.pt\/home\/?s={search_term_string}"},"query-input":{"@type":"PropertyValueSpecification","valueRequired":true,"valueName":"search_term_string"}}],"inLanguage":"en-GB"},{"@type":"Person","@id":"https:\/\/www.prooptica.pt\/home\/#\/schema\/person\/1cbd826a9322a3c38a052e43d1638306","name":"admin","image":{"@type":"ImageObject","inLanguage":"en-GB","@id":"https:\/\/secure.gravatar.com\/avatar\/528c714482569d81724b02603aa719344e9ad7c0b50becf07272b2086b2c1cfd?s=96&d=mm&r=g","url":"https:\/\/secure.gravatar.com\/avatar\/528c714482569d81724b02603aa719344e9ad7c0b50becf07272b2086b2c1cfd?s=96&d=mm&r=g","contentUrl":"https:\/\/secure.gravatar.com\/avatar\/528c714482569d81724b02603aa719344e9ad7c0b50becf07272b2086b2c1cfd?s=96&d=mm&r=g","caption":"admin"},"url":"https:\/\/www.prooptica.pt\/en\/author\/admin\/"}]}},"_links":{"self":[{"href":"https:\/\/www.prooptica.pt\/en\/wp-json\/wp\/v2\/posts\/20844","targetHints":{"allow":["GET"]}}],"collection":[{"href":"https:\/\/www.prooptica.pt\/en\/wp-json\/wp\/v2\/posts"}],"about":[{"href":"https:\/\/www.prooptica.pt\/en\/wp-json\/wp\/v2\/types\/post"}],"author":[{"embeddable":true,"href":"https:\/\/www.prooptica.pt\/en\/wp-json\/wp\/v2\/users\/2"}],"replies":[{"embeddable":true,"href":"https:\/\/www.prooptica.pt\/en\/wp-json\/wp\/v2\/comments?post=20844"}],"version-history":[{"count":1,"href":"https:\/\/www.prooptica.pt\/en\/wp-json\/wp\/v2\/posts\/20844\/revisions"}],"predecessor-version":[{"id":20846,"href":"https:\/\/www.prooptica.pt\/en\/wp-json\/wp\/v2\/posts\/20844\/revisions\/20846"}],"wp:featuredmedia":[{"embeddable":true,"href":"https:\/\/www.prooptica.pt\/en\/wp-json\/wp\/v2\/media\/20845"}],"wp:attachment":[{"href":"https:\/\/www.prooptica.pt\/en\/wp-json\/wp\/v2\/media?parent=20844"}],"wp:term":[{"taxonomy":"category","embeddable":true,"href":"https:\/\/www.prooptica.pt\/en\/wp-json\/wp\/v2\/categories?post=20844"},{"taxonomy":"post_tag","embeddable":true,"href":"https:\/\/www.prooptica.pt\/en\/wp-json\/wp\/v2\/tags?post=20844"}],"curies":[{"name":"wp","href":"https:\/\/api.w.org\/{rel}","templated":true}]}}