{"id":21553,"date":"2025-01-24T10:05:13","date_gmt":"2025-01-24T10:05:13","guid":{"rendered":"https:\/\/www.prooptica.pt\/?p=21553"},"modified":"2025-01-24T10:05:13","modified_gmt":"2025-01-24T10:05:13","slug":"international-prooptics-education-day-in-partnership-with-developgrow-academy","status":"publish","type":"post","link":"https:\/\/www.prooptica.pt\/en\/dia-internacional-da-educacao-prooptica-em-parceria-com-a-developgrow-academy\/","title":{"rendered":"International Education Day | Prooptica in Partnership with DevelopGrow Academy"},"content":{"rendered":"<p>International Education Day, celebrated annually, is a time to reflect on the crucial role that education plays in personal and collective development. It emphasises the importance of promoting inclusive and equitable learning opportunities around the world.<\/p>\n<p>At Prooptica, we recognise this day not just as a celebration, but as a call to action to reinforce our commitment to education through our training programme, created in partnership with DevelopGrow Academy.<\/p>\n<h6><strong>Education as a Pillar of Development<\/strong><\/h6>\n<p>Education is the foundation that allows societies to thrive, enriching cultural understanding, catalysing economic development and promoting innovation. It is a fundamental human right that should be accessible to all, yet there are still many barriers preventing millions of people from taking advantage of these opportunities. This is where initiatives like the one Prooptica has taken with the Develop Grow Academy can make all the difference.<\/p>\n<h6><strong>Prooptica and DevelopGrow Academy: Commitment to the Future<\/strong><\/h6>\n<p>Prooptica sees education not just as a duty, but as an integral part of its corporate mission. Through the training programme built in partnership with DevelopGrow Academy, it creates ongoing training and development programmes that not only increase technical knowledge and professional skills in the optics sector, but also foster participants' personal growth.<\/p>\n<p>The courses are designed to deal with a highly competitive and constantly changing market and are aimed at professionals in the sector who want to improve their performance and develop new skills, promoting the competitiveness of the organisations they represent. They are taught by experienced professionals in the different areas of activity, with in-depth knowledge of management.<\/p>\n<h6><strong>Conclusion<\/strong><\/h6>\n<p>Education is a continuous journey of discovery and innovation. At Prooptica, we are proud to contribute to this evolution through our partnership with DevelopGrow Academy, reaffirming our commitment not only on International Education Day, but every day.<\/p>","protected":false},"excerpt":{"rendered":"<p>O Dia Internacional da Educa\u00e7\u00e3o, celebrado anualmente, \u00e9 um momento de reflex\u00e3o sobre o papel crucial que a educa\u00e7\u00e3o desempenha no desenvolvimento pessoal e coletivo. Esta data destaca a import\u00e2ncia de promover oportunidades de aprendizagem inclusivas e equitativas em todo o mundo. Na Prooptica, reconhecemos este dia n\u00e3o apenas como uma celebra\u00e7\u00e3o, mas como um [&hellip;]<\/p>\n","protected":false},"author":2,"featured_media":21554,"comment_status":"closed","ping_status":"closed","sticky":false,"template":"","format":"standard","meta":{"footnotes":""},"categories":[238,195],"tags":[],"class_list":["post-21553","post","type-post","status-publish","format-standard","has-post-thumbnail","hentry","category-insight","category-institucional"],"yoast_head":"<!-- This site is optimized with the Yoast SEO plugin v27.4 - https:\/\/yoast.com\/product\/yoast-seo-wordpress\/ -->\n<title>Dia Internacional da Educa\u00e7\u00e3o<\/title>\n<meta name=\"description\" content=\"A Prooptica n\u00e3o v\u00ea a educa\u00e7\u00e3o apenas como um dever, mas como uma parte integrante da sua miss\u00e3o corporativa.\" \/>\n<meta name=\"robots\" content=\"index, follow, max-snippet:-1, max-image-preview:large, max-video-preview:-1\" \/>\n<link rel=\"canonical\" href=\"https:\/\/www.prooptica.pt\/en\/international-prooptics-education-day-in-partnership-with-developgrow-academy\/\" \/>\n<meta property=\"og:locale\" content=\"en_GB\" \/>\n<meta property=\"og:type\" content=\"article\" \/>\n<meta property=\"og:title\" content=\"Dia Internacional da Educa\u00e7\u00e3o\" \/>\n<meta property=\"og:description\" content=\"A Prooptica n\u00e3o v\u00ea a educa\u00e7\u00e3o apenas como um dever, mas como uma parte integrante da sua miss\u00e3o corporativa.\" \/>\n<meta property=\"og:url\" content=\"https:\/\/www.prooptica.pt\/en\/international-prooptics-education-day-in-partnership-with-developgrow-academy\/\" \/>\n<meta property=\"og:site_name\" content=\"Prooptica\" \/>\n<meta property=\"article:published_time\" content=\"2025-01-24T10:05:13+00:00\" \/>\n<meta property=\"og:image\" content=\"https:\/\/www.prooptica.pt\/wp-content\/uploads\/2025\/01\/Capa-artigo-blog.jpg\" \/>\n\t<meta property=\"og:image:width\" content=\"852\" \/>\n\t<meta property=\"og:image:height\" content=\"514\" \/>\n\t<meta property=\"og:image:type\" content=\"image\/jpeg\" \/>\n<meta name=\"author\" content=\"admin\" \/>\n<meta name=\"twitter:card\" content=\"summary_large_image\" \/>\n<meta name=\"twitter:label1\" content=\"Written by\" \/>\n\t<meta name=\"twitter:data1\" content=\"admin\" \/>\n\t<meta name=\"twitter:label2\" content=\"Estimated reading time\" \/>\n\t<meta name=\"twitter:data2\" content=\"2 minutes\" \/>\n<script type=\"application\/ld+json\" class=\"yoast-schema-graph\">{\"@context\":\"https:\\\/\\\/schema.org\",\"@graph\":[{\"@type\":\"Article\",\"@id\":\"https:\\\/\\\/www.prooptica.pt\\\/dia-internacional-da-educacao-prooptica-em-parceria-com-a-developgrow-academy\\\/#article\",\"isPartOf\":{\"@id\":\"https:\\\/\\\/www.prooptica.pt\\\/dia-internacional-da-educacao-prooptica-em-parceria-com-a-developgrow-academy\\\/\"},\"author\":{\"name\":\"admin\",\"@id\":\"https:\\\/\\\/www.prooptica.pt\\\/home\\\/#\\\/schema\\\/person\\\/1cbd826a9322a3c38a052e43d1638306\"},\"headline\":\"Dia Internacional da Educa\u00e7\u00e3o | Prooptica em Parceria com a DevelopGrow Academy\",\"datePublished\":\"2025-01-24T10:05:13+00:00\",\"mainEntityOfPage\":{\"@id\":\"https:\\\/\\\/www.prooptica.pt\\\/dia-internacional-da-educacao-prooptica-em-parceria-com-a-developgrow-academy\\\/\"},\"wordCount\":369,\"image\":{\"@id\":\"https:\\\/\\\/www.prooptica.pt\\\/dia-internacional-da-educacao-prooptica-em-parceria-com-a-developgrow-academy\\\/#primaryimage\"},\"thumbnailUrl\":\"https:\\\/\\\/www.prooptica.pt\\\/wp-content\\\/uploads\\\/2025\\\/01\\\/Capa-artigo-blog.jpg\",\"articleSection\":[\"Insight\",\"Institucional\"],\"inLanguage\":\"en-GB\"},{\"@type\":\"WebPage\",\"@id\":\"https:\\\/\\\/www.prooptica.pt\\\/dia-internacional-da-educacao-prooptica-em-parceria-com-a-developgrow-academy\\\/\",\"url\":\"https:\\\/\\\/www.prooptica.pt\\\/dia-internacional-da-educacao-prooptica-em-parceria-com-a-developgrow-academy\\\/\",\"name\":\"Dia Internacional da Educa\u00e7\u00e3o\",\"isPartOf\":{\"@id\":\"https:\\\/\\\/www.prooptica.pt\\\/home\\\/#website\"},\"primaryImageOfPage\":{\"@id\":\"https:\\\/\\\/www.prooptica.pt\\\/dia-internacional-da-educacao-prooptica-em-parceria-com-a-developgrow-academy\\\/#primaryimage\"},\"image\":{\"@id\":\"https:\\\/\\\/www.prooptica.pt\\\/dia-internacional-da-educacao-prooptica-em-parceria-com-a-developgrow-academy\\\/#primaryimage\"},\"thumbnailUrl\":\"https:\\\/\\\/www.prooptica.pt\\\/wp-content\\\/uploads\\\/2025\\\/01\\\/Capa-artigo-blog.jpg\",\"datePublished\":\"2025-01-24T10:05:13+00:00\",\"author\":{\"@id\":\"https:\\\/\\\/www.prooptica.pt\\\/home\\\/#\\\/schema\\\/person\\\/1cbd826a9322a3c38a052e43d1638306\"},\"description\":\"A Prooptica n\u00e3o v\u00ea a educa\u00e7\u00e3o apenas como um dever, mas como uma parte integrante da sua miss\u00e3o corporativa.\",\"breadcrumb\":{\"@id\":\"https:\\\/\\\/www.prooptica.pt\\\/dia-internacional-da-educacao-prooptica-em-parceria-com-a-developgrow-academy\\\/#breadcrumb\"},\"inLanguage\":\"en-GB\",\"potentialAction\":[{\"@type\":\"ReadAction\",\"target\":[\"https:\\\/\\\/www.prooptica.pt\\\/dia-internacional-da-educacao-prooptica-em-parceria-com-a-developgrow-academy\\\/\"]}]},{\"@type\":\"ImageObject\",\"inLanguage\":\"en-GB\",\"@id\":\"https:\\\/\\\/www.prooptica.pt\\\/dia-internacional-da-educacao-prooptica-em-parceria-com-a-developgrow-academy\\\/#primaryimage\",\"url\":\"https:\\\/\\\/www.prooptica.pt\\\/wp-content\\\/uploads\\\/2025\\\/01\\\/Capa-artigo-blog.jpg\",\"contentUrl\":\"https:\\\/\\\/www.prooptica.pt\\\/wp-content\\\/uploads\\\/2025\\\/01\\\/Capa-artigo-blog.jpg\",\"width\":852,\"height\":514},{\"@type\":\"BreadcrumbList\",\"@id\":\"https:\\\/\\\/www.prooptica.pt\\\/dia-internacional-da-educacao-prooptica-em-parceria-com-a-developgrow-academy\\\/#breadcrumb\",\"itemListElement\":[{\"@type\":\"ListItem\",\"position\":1,\"name\":\"In\u00edcio\",\"item\":\"https:\\\/\\\/www.prooptica.pt\\\/\"},{\"@type\":\"ListItem\",\"position\":2,\"name\":\"Dia Internacional da Educa\u00e7\u00e3o | Prooptica em Parceria com a DevelopGrow Academy\"}]},{\"@type\":\"WebSite\",\"@id\":\"https:\\\/\\\/www.prooptica.pt\\\/home\\\/#website\",\"url\":\"https:\\\/\\\/www.prooptica.pt\\\/home\\\/\",\"name\":\"Prooptica\",\"description\":\"Full Eyewear Concept\",\"potentialAction\":[{\"@type\":\"SearchAction\",\"target\":{\"@type\":\"EntryPoint\",\"urlTemplate\":\"https:\\\/\\\/www.prooptica.pt\\\/home\\\/?s={search_term_string}\"},\"query-input\":{\"@type\":\"PropertyValueSpecification\",\"valueRequired\":true,\"valueName\":\"search_term_string\"}}],\"inLanguage\":\"en-GB\"},{\"@type\":\"Person\",\"@id\":\"https:\\\/\\\/www.prooptica.pt\\\/home\\\/#\\\/schema\\\/person\\\/1cbd826a9322a3c38a052e43d1638306\",\"name\":\"admin\",\"image\":{\"@type\":\"ImageObject\",\"inLanguage\":\"en-GB\",\"@id\":\"https:\\\/\\\/secure.gravatar.com\\\/avatar\\\/528c714482569d81724b02603aa719344e9ad7c0b50becf07272b2086b2c1cfd?s=96&d=mm&r=g\",\"url\":\"https:\\\/\\\/secure.gravatar.com\\\/avatar\\\/528c714482569d81724b02603aa719344e9ad7c0b50becf07272b2086b2c1cfd?s=96&d=mm&r=g\",\"contentUrl\":\"https:\\\/\\\/secure.gravatar.com\\\/avatar\\\/528c714482569d81724b02603aa719344e9ad7c0b50becf07272b2086b2c1cfd?s=96&d=mm&r=g\",\"caption\":\"admin\"},\"url\":\"https:\\\/\\\/www.prooptica.pt\\\/en\\\/author\\\/admin\\\/\"}]}<\/script>\n<!-- \/ Yoast SEO plugin. -->","yoast_head_json":{"title":"International Education Day","description":"Prooptica sees education not just as a duty, but as an integral part of its corporate mission.","robots":{"index":"index","follow":"follow","max-snippet":"max-snippet:-1","max-image-preview":"max-image-preview:large","max-video-preview":"max-video-preview:-1"},"canonical":"https:\/\/www.prooptica.pt\/en\/international-prooptics-education-day-in-partnership-with-developgrow-academy\/","og_locale":"en_GB","og_type":"article","og_title":"Dia Internacional da Educa\u00e7\u00e3o","og_description":"A Prooptica n\u00e3o v\u00ea a educa\u00e7\u00e3o apenas como um dever, mas como uma parte integrante da sua miss\u00e3o corporativa.","og_url":"https:\/\/www.prooptica.pt\/en\/international-prooptics-education-day-in-partnership-with-developgrow-academy\/","og_site_name":"Prooptica","article_published_time":"2025-01-24T10:05:13+00:00","og_image":[{"width":852,"height":514,"url":"https:\/\/www.prooptica.pt\/wp-content\/uploads\/2025\/01\/Capa-artigo-blog.jpg","type":"image\/jpeg"}],"author":"admin","twitter_card":"summary_large_image","twitter_misc":{"Written by":"admin","Estimated reading time":"2 minutes"},"schema":{"@context":"https:\/\/schema.org","@graph":[{"@type":"Article","@id":"https:\/\/www.prooptica.pt\/dia-internacional-da-educacao-prooptica-em-parceria-com-a-developgrow-academy\/#article","isPartOf":{"@id":"https:\/\/www.prooptica.pt\/dia-internacional-da-educacao-prooptica-em-parceria-com-a-developgrow-academy\/"},"author":{"name":"admin","@id":"https:\/\/www.prooptica.pt\/home\/#\/schema\/person\/1cbd826a9322a3c38a052e43d1638306"},"headline":"Dia Internacional da Educa\u00e7\u00e3o | Prooptica em Parceria com a DevelopGrow Academy","datePublished":"2025-01-24T10:05:13+00:00","mainEntityOfPage":{"@id":"https:\/\/www.prooptica.pt\/dia-internacional-da-educacao-prooptica-em-parceria-com-a-developgrow-academy\/"},"wordCount":369,"image":{"@id":"https:\/\/www.prooptica.pt\/dia-internacional-da-educacao-prooptica-em-parceria-com-a-developgrow-academy\/#primaryimage"},"thumbnailUrl":"https:\/\/www.prooptica.pt\/wp-content\/uploads\/2025\/01\/Capa-artigo-blog.jpg","articleSection":["Insight","Institucional"],"inLanguage":"en-GB"},{"@type":"WebPage","@id":"https:\/\/www.prooptica.pt\/dia-internacional-da-educacao-prooptica-em-parceria-com-a-developgrow-academy\/","url":"https:\/\/www.prooptica.pt\/dia-internacional-da-educacao-prooptica-em-parceria-com-a-developgrow-academy\/","name":"International Education Day","isPartOf":{"@id":"https:\/\/www.prooptica.pt\/home\/#website"},"primaryImageOfPage":{"@id":"https:\/\/www.prooptica.pt\/dia-internacional-da-educacao-prooptica-em-parceria-com-a-developgrow-academy\/#primaryimage"},"image":{"@id":"https:\/\/www.prooptica.pt\/dia-internacional-da-educacao-prooptica-em-parceria-com-a-developgrow-academy\/#primaryimage"},"thumbnailUrl":"https:\/\/www.prooptica.pt\/wp-content\/uploads\/2025\/01\/Capa-artigo-blog.jpg","datePublished":"2025-01-24T10:05:13+00:00","author":{"@id":"https:\/\/www.prooptica.pt\/home\/#\/schema\/person\/1cbd826a9322a3c38a052e43d1638306"},"description":"Prooptica sees education not just as a duty, but as an integral part of its corporate mission.","breadcrumb":{"@id":"https:\/\/www.prooptica.pt\/dia-internacional-da-educacao-prooptica-em-parceria-com-a-developgrow-academy\/#breadcrumb"},"inLanguage":"en-GB","potentialAction":[{"@type":"ReadAction","target":["https:\/\/www.prooptica.pt\/dia-internacional-da-educacao-prooptica-em-parceria-com-a-developgrow-academy\/"]}]},{"@type":"ImageObject","inLanguage":"en-GB","@id":"https:\/\/www.prooptica.pt\/dia-internacional-da-educacao-prooptica-em-parceria-com-a-developgrow-academy\/#primaryimage","url":"https:\/\/www.prooptica.pt\/wp-content\/uploads\/2025\/01\/Capa-artigo-blog.jpg","contentUrl":"https:\/\/www.prooptica.pt\/wp-content\/uploads\/2025\/01\/Capa-artigo-blog.jpg","width":852,"height":514},{"@type":"BreadcrumbList","@id":"https:\/\/www.prooptica.pt\/dia-internacional-da-educacao-prooptica-em-parceria-com-a-developgrow-academy\/#breadcrumb","itemListElement":[{"@type":"ListItem","position":1,"name":"In\u00edcio","item":"https:\/\/www.prooptica.pt\/"},{"@type":"ListItem","position":2,"name":"Dia Internacional da Educa\u00e7\u00e3o | Prooptica em Parceria com a DevelopGrow Academy"}]},{"@type":"WebSite","@id":"https:\/\/www.prooptica.pt\/home\/#website","url":"https:\/\/www.prooptica.pt\/home\/","name":"Prooptica","description":"Full Eyewear Concept","potentialAction":[{"@type":"SearchAction","target":{"@type":"EntryPoint","urlTemplate":"https:\/\/www.prooptica.pt\/home\/?s={search_term_string}"},"query-input":{"@type":"PropertyValueSpecification","valueRequired":true,"valueName":"search_term_string"}}],"inLanguage":"en-GB"},{"@type":"Person","@id":"https:\/\/www.prooptica.pt\/home\/#\/schema\/person\/1cbd826a9322a3c38a052e43d1638306","name":"admin","image":{"@type":"ImageObject","inLanguage":"en-GB","@id":"https:\/\/secure.gravatar.com\/avatar\/528c714482569d81724b02603aa719344e9ad7c0b50becf07272b2086b2c1cfd?s=96&d=mm&r=g","url":"https:\/\/secure.gravatar.com\/avatar\/528c714482569d81724b02603aa719344e9ad7c0b50becf07272b2086b2c1cfd?s=96&d=mm&r=g","contentUrl":"https:\/\/secure.gravatar.com\/avatar\/528c714482569d81724b02603aa719344e9ad7c0b50becf07272b2086b2c1cfd?s=96&d=mm&r=g","caption":"admin"},"url":"https:\/\/www.prooptica.pt\/en\/author\/admin\/"}]}},"_links":{"self":[{"href":"https:\/\/www.prooptica.pt\/en\/wp-json\/wp\/v2\/posts\/21553","targetHints":{"allow":["GET"]}}],"collection":[{"href":"https:\/\/www.prooptica.pt\/en\/wp-json\/wp\/v2\/posts"}],"about":[{"href":"https:\/\/www.prooptica.pt\/en\/wp-json\/wp\/v2\/types\/post"}],"author":[{"embeddable":true,"href":"https:\/\/www.prooptica.pt\/en\/wp-json\/wp\/v2\/users\/2"}],"replies":[{"embeddable":true,"href":"https:\/\/www.prooptica.pt\/en\/wp-json\/wp\/v2\/comments?post=21553"}],"version-history":[{"count":1,"href":"https:\/\/www.prooptica.pt\/en\/wp-json\/wp\/v2\/posts\/21553\/revisions"}],"predecessor-version":[{"id":21555,"href":"https:\/\/www.prooptica.pt\/en\/wp-json\/wp\/v2\/posts\/21553\/revisions\/21555"}],"wp:featuredmedia":[{"embeddable":true,"href":"https:\/\/www.prooptica.pt\/en\/wp-json\/wp\/v2\/media\/21554"}],"wp:attachment":[{"href":"https:\/\/www.prooptica.pt\/en\/wp-json\/wp\/v2\/media?parent=21553"}],"wp:term":[{"taxonomy":"category","embeddable":true,"href":"https:\/\/www.prooptica.pt\/en\/wp-json\/wp\/v2\/categories?post=21553"},{"taxonomy":"post_tag","embeddable":true,"href":"https:\/\/www.prooptica.pt\/en\/wp-json\/wp\/v2\/tags?post=21553"}],"curies":[{"name":"wp","href":"https:\/\/api.w.org\/{rel}","templated":true}]}}