{"id":21558,"date":"2025-01-24T10:23:15","date_gmt":"2025-01-24T10:23:15","guid":{"rendered":"https:\/\/www.prooptica.pt\/?p=21558"},"modified":"2025-01-30T13:35:26","modified_gmt":"2025-01-30T13:35:26","slug":"world-environmental-education-day","status":"publish","type":"post","link":"https:\/\/www.prooptica.pt\/en\/dia-mundial-da-educacao-ambiental\/","title":{"rendered":"World Environmental Education Day | Prooptica and the ESG Commitment"},"content":{"rendered":"<p>World Environmental Education Day is celebrated globally with the aim of fostering environmental awareness and promoting actions that contribute to the sustainability of our planet. On this day, we reinforce the need to integrate environmental principles into daily practices, both on an individual and corporate level. Prooptica, committed to ESG (Environmental, Social, and Governance) values, sees this date as an essential opportunity to reaffirm its commitment to the environment.<\/p>\n<h6><strong>Environmental Education: A Cornerstone for Sustainability<\/strong><\/h6>\n<p>Environmental education is more than an awareness-raising tool; it is a foundation for sustainable development. It empowers individuals and communities with the knowledge and skills needed to make responsible and eco-efficient decisions. By better understanding the environmental impacts of our actions, we can choose paths that minimise damage to the environment and ensure the preservation of resources for future generations.<\/p>\n<h6><strong>Prooptica and the ESG Commitment<\/strong><\/h6>\n<p>At Prooptica, commitment to the environment is one of the pillars of our ESG policy. We believe that responsible business practices not only contribute to environmental well-being, but also strengthen our relationship with customers, partners and the community in general.<\/p>\n<p>To reinforce this commitment to sustainable development goals, we have implemented additional measures in various areas. We have introduced measures related to the environment in the product portfolio, waste treatment and renewable energies; social measures in hiring policies, inclusion and solidarity; we have introduced measures related to ethical values and transparency.<\/p>\n<h6><strong>Conclusion<\/strong><\/h6>\n<p>These measures are part of an ongoing commitment to improve and adapt our business practices in order to make a positive contribution to society and the planet. At Prooptica, we understand that true commitment to ESG principles requires a proactive approach and continuous effort. Responsible business practices can and should be synonymous with business success.<\/p>","protected":false},"excerpt":{"rendered":"<p>O Dia Mundial da Educa\u00e7\u00e3o Ambiental \u00e9 celebrado globalmente com o objetivo de fomentar a consci\u00eancia ambiental e promover a\u00e7\u00f5es que contribuam para a sustentabilidade do nosso planeta. Neste dia, refor\u00e7amos a necessidade de integrar princ\u00edpios ambientais nas pr\u00e1ticas di\u00e1rias, tanto a n\u00edvel individual como corporativo. A Prooptica, comprometida com os valores ESG (Environmental, Social, [&hellip;]<\/p>\n","protected":false},"author":2,"featured_media":21559,"comment_status":"closed","ping_status":"closed","sticky":false,"template":"","format":"standard","meta":{"footnotes":""},"categories":[238,195],"tags":[],"class_list":["post-21558","post","type-post","status-publish","format-standard","has-post-thumbnail","hentry","category-insight","category-institucional"],"yoast_head":"<!-- This site is optimized with the Yoast SEO plugin v27.4 - https:\/\/yoast.com\/product\/yoast-seo-wordpress\/ -->\n<title>Dia Mundial da Educa\u00e7\u00e3o Ambiental<\/title>\n<meta name=\"description\" content=\"Na Prooptica, entendemos que o verdadeiro compromisso com os princ\u00edpios ESG exige uma abordagem proativa e um esfor\u00e7o cont\u00ednuo.\" \/>\n<meta name=\"robots\" content=\"index, follow, max-snippet:-1, max-image-preview:large, max-video-preview:-1\" \/>\n<link rel=\"canonical\" href=\"https:\/\/www.prooptica.pt\/en\/world-environmental-education-day\/\" \/>\n<meta property=\"og:locale\" content=\"en_GB\" \/>\n<meta property=\"og:type\" content=\"article\" \/>\n<meta property=\"og:title\" content=\"Dia Mundial da Educa\u00e7\u00e3o Ambiental\" \/>\n<meta property=\"og:description\" content=\"Na Prooptica, entendemos que o verdadeiro compromisso com os princ\u00edpios ESG exige uma abordagem proativa e um esfor\u00e7o cont\u00ednuo.\" \/>\n<meta property=\"og:url\" content=\"https:\/\/www.prooptica.pt\/en\/world-environmental-education-day\/\" \/>\n<meta property=\"og:site_name\" content=\"Prooptica\" \/>\n<meta property=\"article:published_time\" content=\"2025-01-24T10:23:15+00:00\" \/>\n<meta property=\"article:modified_time\" content=\"2025-01-30T13:35:26+00:00\" \/>\n<meta property=\"og:image\" content=\"https:\/\/www.prooptica.pt\/wp-content\/uploads\/2025\/01\/Capa-artigo-blog-1.jpg\" \/>\n\t<meta property=\"og:image:width\" content=\"852\" \/>\n\t<meta property=\"og:image:height\" content=\"514\" \/>\n\t<meta property=\"og:image:type\" content=\"image\/jpeg\" \/>\n<meta name=\"author\" content=\"admin\" \/>\n<meta name=\"twitter:card\" content=\"summary_large_image\" \/>\n<meta name=\"twitter:label1\" content=\"Written by\" \/>\n\t<meta name=\"twitter:data1\" content=\"admin\" \/>\n\t<meta name=\"twitter:label2\" content=\"Estimated reading time\" \/>\n\t<meta name=\"twitter:data2\" content=\"2 minutes\" \/>\n<script type=\"application\/ld+json\" class=\"yoast-schema-graph\">{\"@context\":\"https:\\\/\\\/schema.org\",\"@graph\":[{\"@type\":\"Article\",\"@id\":\"https:\\\/\\\/www.prooptica.pt\\\/dia-mundial-da-educacao-ambiental\\\/#article\",\"isPartOf\":{\"@id\":\"https:\\\/\\\/www.prooptica.pt\\\/dia-mundial-da-educacao-ambiental\\\/\"},\"author\":{\"name\":\"admin\",\"@id\":\"https:\\\/\\\/www.prooptica.pt\\\/home\\\/#\\\/schema\\\/person\\\/1cbd826a9322a3c38a052e43d1638306\"},\"headline\":\"Dia Mundial da Educa\u00e7\u00e3o Ambiental | Prooptica e o Compromisso ESG\",\"datePublished\":\"2025-01-24T10:23:15+00:00\",\"dateModified\":\"2025-01-30T13:35:26+00:00\",\"mainEntityOfPage\":{\"@id\":\"https:\\\/\\\/www.prooptica.pt\\\/dia-mundial-da-educacao-ambiental\\\/\"},\"wordCount\":354,\"image\":{\"@id\":\"https:\\\/\\\/www.prooptica.pt\\\/dia-mundial-da-educacao-ambiental\\\/#primaryimage\"},\"thumbnailUrl\":\"https:\\\/\\\/www.prooptica.pt\\\/wp-content\\\/uploads\\\/2025\\\/01\\\/Capa-artigo-blog-1.jpg\",\"articleSection\":[\"Insight\",\"Institucional\"],\"inLanguage\":\"en-GB\"},{\"@type\":\"WebPage\",\"@id\":\"https:\\\/\\\/www.prooptica.pt\\\/dia-mundial-da-educacao-ambiental\\\/\",\"url\":\"https:\\\/\\\/www.prooptica.pt\\\/dia-mundial-da-educacao-ambiental\\\/\",\"name\":\"Dia Mundial da Educa\u00e7\u00e3o Ambiental\",\"isPartOf\":{\"@id\":\"https:\\\/\\\/www.prooptica.pt\\\/home\\\/#website\"},\"primaryImageOfPage\":{\"@id\":\"https:\\\/\\\/www.prooptica.pt\\\/dia-mundial-da-educacao-ambiental\\\/#primaryimage\"},\"image\":{\"@id\":\"https:\\\/\\\/www.prooptica.pt\\\/dia-mundial-da-educacao-ambiental\\\/#primaryimage\"},\"thumbnailUrl\":\"https:\\\/\\\/www.prooptica.pt\\\/wp-content\\\/uploads\\\/2025\\\/01\\\/Capa-artigo-blog-1.jpg\",\"datePublished\":\"2025-01-24T10:23:15+00:00\",\"dateModified\":\"2025-01-30T13:35:26+00:00\",\"author\":{\"@id\":\"https:\\\/\\\/www.prooptica.pt\\\/home\\\/#\\\/schema\\\/person\\\/1cbd826a9322a3c38a052e43d1638306\"},\"description\":\"Na Prooptica, entendemos que o verdadeiro compromisso com os princ\u00edpios ESG exige uma abordagem proativa e um esfor\u00e7o cont\u00ednuo.\",\"breadcrumb\":{\"@id\":\"https:\\\/\\\/www.prooptica.pt\\\/dia-mundial-da-educacao-ambiental\\\/#breadcrumb\"},\"inLanguage\":\"en-GB\",\"potentialAction\":[{\"@type\":\"ReadAction\",\"target\":[\"https:\\\/\\\/www.prooptica.pt\\\/dia-mundial-da-educacao-ambiental\\\/\"]}]},{\"@type\":\"ImageObject\",\"inLanguage\":\"en-GB\",\"@id\":\"https:\\\/\\\/www.prooptica.pt\\\/dia-mundial-da-educacao-ambiental\\\/#primaryimage\",\"url\":\"https:\\\/\\\/www.prooptica.pt\\\/wp-content\\\/uploads\\\/2025\\\/01\\\/Capa-artigo-blog-1.jpg\",\"contentUrl\":\"https:\\\/\\\/www.prooptica.pt\\\/wp-content\\\/uploads\\\/2025\\\/01\\\/Capa-artigo-blog-1.jpg\",\"width\":852,\"height\":514},{\"@type\":\"BreadcrumbList\",\"@id\":\"https:\\\/\\\/www.prooptica.pt\\\/dia-mundial-da-educacao-ambiental\\\/#breadcrumb\",\"itemListElement\":[{\"@type\":\"ListItem\",\"position\":1,\"name\":\"In\u00edcio\",\"item\":\"https:\\\/\\\/www.prooptica.pt\\\/\"},{\"@type\":\"ListItem\",\"position\":2,\"name\":\"Dia Mundial da Educa\u00e7\u00e3o Ambiental | Prooptica e o Compromisso ESG\"}]},{\"@type\":\"WebSite\",\"@id\":\"https:\\\/\\\/www.prooptica.pt\\\/home\\\/#website\",\"url\":\"https:\\\/\\\/www.prooptica.pt\\\/home\\\/\",\"name\":\"Prooptica\",\"description\":\"Full Eyewear Concept\",\"potentialAction\":[{\"@type\":\"SearchAction\",\"target\":{\"@type\":\"EntryPoint\",\"urlTemplate\":\"https:\\\/\\\/www.prooptica.pt\\\/home\\\/?s={search_term_string}\"},\"query-input\":{\"@type\":\"PropertyValueSpecification\",\"valueRequired\":true,\"valueName\":\"search_term_string\"}}],\"inLanguage\":\"en-GB\"},{\"@type\":\"Person\",\"@id\":\"https:\\\/\\\/www.prooptica.pt\\\/home\\\/#\\\/schema\\\/person\\\/1cbd826a9322a3c38a052e43d1638306\",\"name\":\"admin\",\"image\":{\"@type\":\"ImageObject\",\"inLanguage\":\"en-GB\",\"@id\":\"https:\\\/\\\/secure.gravatar.com\\\/avatar\\\/528c714482569d81724b02603aa719344e9ad7c0b50becf07272b2086b2c1cfd?s=96&d=mm&r=g\",\"url\":\"https:\\\/\\\/secure.gravatar.com\\\/avatar\\\/528c714482569d81724b02603aa719344e9ad7c0b50becf07272b2086b2c1cfd?s=96&d=mm&r=g\",\"contentUrl\":\"https:\\\/\\\/secure.gravatar.com\\\/avatar\\\/528c714482569d81724b02603aa719344e9ad7c0b50becf07272b2086b2c1cfd?s=96&d=mm&r=g\",\"caption\":\"admin\"},\"url\":\"https:\\\/\\\/www.prooptica.pt\\\/en\\\/author\\\/admin\\\/\"}]}<\/script>\n<!-- \/ Yoast SEO plugin. -->","yoast_head_json":{"title":"World Environmental Education Day","description":"At Prooptica, we understand that true commitment to ESG principles requires a proactive approach and continuous effort.","robots":{"index":"index","follow":"follow","max-snippet":"max-snippet:-1","max-image-preview":"max-image-preview:large","max-video-preview":"max-video-preview:-1"},"canonical":"https:\/\/www.prooptica.pt\/en\/world-environmental-education-day\/","og_locale":"en_GB","og_type":"article","og_title":"Dia Mundial da Educa\u00e7\u00e3o Ambiental","og_description":"Na Prooptica, entendemos que o verdadeiro compromisso com os princ\u00edpios ESG exige uma abordagem proativa e um esfor\u00e7o cont\u00ednuo.","og_url":"https:\/\/www.prooptica.pt\/en\/world-environmental-education-day\/","og_site_name":"Prooptica","article_published_time":"2025-01-24T10:23:15+00:00","article_modified_time":"2025-01-30T13:35:26+00:00","og_image":[{"width":852,"height":514,"url":"https:\/\/www.prooptica.pt\/wp-content\/uploads\/2025\/01\/Capa-artigo-blog-1.jpg","type":"image\/jpeg"}],"author":"admin","twitter_card":"summary_large_image","twitter_misc":{"Written by":"admin","Estimated reading time":"2 minutes"},"schema":{"@context":"https:\/\/schema.org","@graph":[{"@type":"Article","@id":"https:\/\/www.prooptica.pt\/dia-mundial-da-educacao-ambiental\/#article","isPartOf":{"@id":"https:\/\/www.prooptica.pt\/dia-mundial-da-educacao-ambiental\/"},"author":{"name":"admin","@id":"https:\/\/www.prooptica.pt\/home\/#\/schema\/person\/1cbd826a9322a3c38a052e43d1638306"},"headline":"Dia Mundial da Educa\u00e7\u00e3o Ambiental | Prooptica e o Compromisso ESG","datePublished":"2025-01-24T10:23:15+00:00","dateModified":"2025-01-30T13:35:26+00:00","mainEntityOfPage":{"@id":"https:\/\/www.prooptica.pt\/dia-mundial-da-educacao-ambiental\/"},"wordCount":354,"image":{"@id":"https:\/\/www.prooptica.pt\/dia-mundial-da-educacao-ambiental\/#primaryimage"},"thumbnailUrl":"https:\/\/www.prooptica.pt\/wp-content\/uploads\/2025\/01\/Capa-artigo-blog-1.jpg","articleSection":["Insight","Institucional"],"inLanguage":"en-GB"},{"@type":"WebPage","@id":"https:\/\/www.prooptica.pt\/dia-mundial-da-educacao-ambiental\/","url":"https:\/\/www.prooptica.pt\/dia-mundial-da-educacao-ambiental\/","name":"World Environmental Education Day","isPartOf":{"@id":"https:\/\/www.prooptica.pt\/home\/#website"},"primaryImageOfPage":{"@id":"https:\/\/www.prooptica.pt\/dia-mundial-da-educacao-ambiental\/#primaryimage"},"image":{"@id":"https:\/\/www.prooptica.pt\/dia-mundial-da-educacao-ambiental\/#primaryimage"},"thumbnailUrl":"https:\/\/www.prooptica.pt\/wp-content\/uploads\/2025\/01\/Capa-artigo-blog-1.jpg","datePublished":"2025-01-24T10:23:15+00:00","dateModified":"2025-01-30T13:35:26+00:00","author":{"@id":"https:\/\/www.prooptica.pt\/home\/#\/schema\/person\/1cbd826a9322a3c38a052e43d1638306"},"description":"At Prooptica, we understand that true commitment to ESG principles requires a proactive approach and continuous effort.","breadcrumb":{"@id":"https:\/\/www.prooptica.pt\/dia-mundial-da-educacao-ambiental\/#breadcrumb"},"inLanguage":"en-GB","potentialAction":[{"@type":"ReadAction","target":["https:\/\/www.prooptica.pt\/dia-mundial-da-educacao-ambiental\/"]}]},{"@type":"ImageObject","inLanguage":"en-GB","@id":"https:\/\/www.prooptica.pt\/dia-mundial-da-educacao-ambiental\/#primaryimage","url":"https:\/\/www.prooptica.pt\/wp-content\/uploads\/2025\/01\/Capa-artigo-blog-1.jpg","contentUrl":"https:\/\/www.prooptica.pt\/wp-content\/uploads\/2025\/01\/Capa-artigo-blog-1.jpg","width":852,"height":514},{"@type":"BreadcrumbList","@id":"https:\/\/www.prooptica.pt\/dia-mundial-da-educacao-ambiental\/#breadcrumb","itemListElement":[{"@type":"ListItem","position":1,"name":"In\u00edcio","item":"https:\/\/www.prooptica.pt\/"},{"@type":"ListItem","position":2,"name":"Dia Mundial da Educa\u00e7\u00e3o Ambiental | Prooptica e o Compromisso ESG"}]},{"@type":"WebSite","@id":"https:\/\/www.prooptica.pt\/home\/#website","url":"https:\/\/www.prooptica.pt\/home\/","name":"Prooptica","description":"Full Eyewear Concept","potentialAction":[{"@type":"SearchAction","target":{"@type":"EntryPoint","urlTemplate":"https:\/\/www.prooptica.pt\/home\/?s={search_term_string}"},"query-input":{"@type":"PropertyValueSpecification","valueRequired":true,"valueName":"search_term_string"}}],"inLanguage":"en-GB"},{"@type":"Person","@id":"https:\/\/www.prooptica.pt\/home\/#\/schema\/person\/1cbd826a9322a3c38a052e43d1638306","name":"admin","image":{"@type":"ImageObject","inLanguage":"en-GB","@id":"https:\/\/secure.gravatar.com\/avatar\/528c714482569d81724b02603aa719344e9ad7c0b50becf07272b2086b2c1cfd?s=96&d=mm&r=g","url":"https:\/\/secure.gravatar.com\/avatar\/528c714482569d81724b02603aa719344e9ad7c0b50becf07272b2086b2c1cfd?s=96&d=mm&r=g","contentUrl":"https:\/\/secure.gravatar.com\/avatar\/528c714482569d81724b02603aa719344e9ad7c0b50becf07272b2086b2c1cfd?s=96&d=mm&r=g","caption":"admin"},"url":"https:\/\/www.prooptica.pt\/en\/author\/admin\/"}]}},"_links":{"self":[{"href":"https:\/\/www.prooptica.pt\/en\/wp-json\/wp\/v2\/posts\/21558","targetHints":{"allow":["GET"]}}],"collection":[{"href":"https:\/\/www.prooptica.pt\/en\/wp-json\/wp\/v2\/posts"}],"about":[{"href":"https:\/\/www.prooptica.pt\/en\/wp-json\/wp\/v2\/types\/post"}],"author":[{"embeddable":true,"href":"https:\/\/www.prooptica.pt\/en\/wp-json\/wp\/v2\/users\/2"}],"replies":[{"embeddable":true,"href":"https:\/\/www.prooptica.pt\/en\/wp-json\/wp\/v2\/comments?post=21558"}],"version-history":[{"count":2,"href":"https:\/\/www.prooptica.pt\/en\/wp-json\/wp\/v2\/posts\/21558\/revisions"}],"predecessor-version":[{"id":21625,"href":"https:\/\/www.prooptica.pt\/en\/wp-json\/wp\/v2\/posts\/21558\/revisions\/21625"}],"wp:featuredmedia":[{"embeddable":true,"href":"https:\/\/www.prooptica.pt\/en\/wp-json\/wp\/v2\/media\/21559"}],"wp:attachment":[{"href":"https:\/\/www.prooptica.pt\/en\/wp-json\/wp\/v2\/media?parent=21558"}],"wp:term":[{"taxonomy":"category","embeddable":true,"href":"https:\/\/www.prooptica.pt\/en\/wp-json\/wp\/v2\/categories?post=21558"},{"taxonomy":"post_tag","embeddable":true,"href":"https:\/\/www.prooptica.pt\/en\/wp-json\/wp\/v2\/tags?post=21558"}],"curies":[{"name":"wp","href":"https:\/\/api.w.org\/{rel}","templated":true}]}}