{"id":21618,"date":"2025-01-24T16:38:06","date_gmt":"2025-01-24T16:38:06","guid":{"rendered":"https:\/\/www.prooptica.pt\/?p=21618"},"modified":"2025-01-24T16:41:41","modified_gmt":"2025-01-24T16:41:41","slug":"masai-eyewear-launches-new-collection-and-campaign-images-multiculturalism-sets-the-tone","status":"publish","type":"post","link":"https:\/\/www.prooptica.pt\/en\/masai-eyewear-lanca-nova-colecao-e-imagens-de-campanha-multiculturalidade-da-o-mote\/","title":{"rendered":"Masai Eyewear Launches New Collection and Campaign Images | Multiculturalism sets the tone"},"content":{"rendered":"<p style=\"text-align: justify; line-height: 150%;\"><span style=\"font-size: 10.0pt; line-height: 150%; font-family: Roboto;\">Masai Eyewear, recognised for its ongoing dedication to inclusion and the celebration of diversity, presents its latest collection of frames and sunglasses. This new line reinforces the brand's commitment to offering accessible and stylish fashion for everyone, regardless of their origin, colour, gender or age.<\/span><\/p>\n<p style=\"text-align: justify; line-height: 150%;\"><span style=\"font-size: 10.0pt; line-height: 150%; font-family: Roboto;\">The new collection is marked by simplicity and elegance, characteristics that have become a symbol of Masai Eyewear. With a design that transcends cultural barriers and generations, the new models are perfect for those looking for style and comfort in a single accessory. <\/span><\/p>\n<p style=\"text-align: justify; line-height: 150%;\"><span style=\"font-size: 10.0pt; line-height: 150%; font-family: Roboto;\">The range includes a variety of functional glasses, from the most classic to the most modern, ensuring that everyone finds the pair that best complements their personal style. With a neutral and very commercial colour palette, Masai remains an outstanding choice for those who value quality and design, without compromising the principles of fairness and access.<\/span><\/p>\n<p style=\"text-align: justify; line-height: 150%;\"><span style=\"font-size: 10.0pt; line-height: 150%; font-family: Roboto;\">Celebrating multiculturalism, the campaign to launch the new collection, made using artificial intelligence, features models from different ethnicities, reflecting the diverse world we live in and perfectly mirroring the values of this unisex eyewear brand.<\/span><\/p>\n<p style=\"text-align: center;\"><a href=\"https:\/\/loja.prooptica.pt\/wp-content\/uploads\/Cat%C3%A1logo-MASAI-2025_LR-1.pdf\"><span style=\"color: #000000;\"><strong>Click here to see the new 2025 collection<\/strong><\/span><\/a><\/p>","protected":false},"excerpt":{"rendered":"<p>A Masai Eyewear, reconhecida pela sua dedica\u00e7\u00e3o cont\u00ednua \u00e0 inclus\u00e3o e \u00e0 celebra\u00e7\u00e3o da diversidade, apresenta a sua mais recente cole\u00e7\u00e3o de arma\u00e7\u00f5es e \u00f3culos de sol. Esta nova linha refor\u00e7a o compromisso da marca em oferecer moda acess\u00edvel e elegante para todos, independentemente da sua origem, cor, g\u00e9nero ou idade. A nova cole\u00e7\u00e3o \u00e9 [&hellip;]<\/p>\n","protected":false},"author":2,"featured_media":21619,"comment_status":"closed","ping_status":"closed","sticky":false,"template":"","format":"standard","meta":{"footnotes":""},"categories":[67,189],"tags":[],"class_list":["post-21618","post","type-post","status-publish","format-standard","has-post-thumbnail","hentry","category-moda-portuguesa","category-oculos"],"yoast_head":"<!-- This site is optimized with the Yoast SEO plugin v27.5 - https:\/\/yoast.com\/product\/yoast-seo-wordpress\/ -->\n<title>Masai Eyewear Lan\u00e7a Nova Cole\u00e7\u00e3o e Imagens de Campanha<\/title>\n<meta name=\"description\" content=\"Celebrando a multiculturalidade, a campanha de lan\u00e7amento da nova cole\u00e7\u00e3o apresenta modelos de diferentes etnias, feitos em AI.\" \/>\n<meta name=\"robots\" content=\"index, follow, max-snippet:-1, max-image-preview:large, max-video-preview:-1\" \/>\n<link rel=\"canonical\" href=\"https:\/\/www.prooptica.pt\/en\/masai-eyewear-launches-new-collection-and-campaign-images-multiculturalism-sets-the-tone\/\" \/>\n<meta property=\"og:locale\" content=\"en_GB\" \/>\n<meta property=\"og:type\" content=\"article\" \/>\n<meta property=\"og:title\" content=\"Masai Eyewear Lan\u00e7a Nova Cole\u00e7\u00e3o e Imagens de Campanha\" \/>\n<meta property=\"og:description\" content=\"Celebrando a multiculturalidade, a campanha de lan\u00e7amento da nova cole\u00e7\u00e3o apresenta modelos de diferentes etnias, feitos em AI.\" \/>\n<meta property=\"og:url\" content=\"https:\/\/www.prooptica.pt\/en\/masai-eyewear-launches-new-collection-and-campaign-images-multiculturalism-sets-the-tone\/\" \/>\n<meta property=\"og:site_name\" content=\"Prooptica\" \/>\n<meta property=\"article:published_time\" content=\"2025-01-24T16:38:06+00:00\" \/>\n<meta property=\"article:modified_time\" content=\"2025-01-24T16:41:41+00:00\" \/>\n<meta property=\"og:image\" content=\"https:\/\/www.prooptica.pt\/wp-content\/uploads\/2025\/01\/MS.jpg\" \/>\n\t<meta property=\"og:image:width\" content=\"852\" \/>\n\t<meta property=\"og:image:height\" content=\"514\" \/>\n\t<meta property=\"og:image:type\" content=\"image\/jpeg\" \/>\n<meta name=\"author\" content=\"admin\" \/>\n<meta name=\"twitter:card\" content=\"summary_large_image\" \/>\n<meta name=\"twitter:label1\" content=\"Written by\" \/>\n\t<meta name=\"twitter:data1\" content=\"admin\" \/>\n\t<meta name=\"twitter:label2\" content=\"Estimated reading time\" \/>\n\t<meta name=\"twitter:data2\" content=\"2 minutes\" \/>\n<script type=\"application\/ld+json\" class=\"yoast-schema-graph\">{\"@context\":\"https:\\\/\\\/schema.org\",\"@graph\":[{\"@type\":\"Article\",\"@id\":\"https:\\\/\\\/www.prooptica.pt\\\/masai-eyewear-lanca-nova-colecao-e-imagens-de-campanha-multiculturalidade-da-o-mote\\\/#article\",\"isPartOf\":{\"@id\":\"https:\\\/\\\/www.prooptica.pt\\\/masai-eyewear-lanca-nova-colecao-e-imagens-de-campanha-multiculturalidade-da-o-mote\\\/\"},\"author\":{\"name\":\"admin\",\"@id\":\"https:\\\/\\\/www.prooptica.pt\\\/home\\\/#\\\/schema\\\/person\\\/1cbd826a9322a3c38a052e43d1638306\"},\"headline\":\"Masai Eyewear Lan\u00e7a Nova Cole\u00e7\u00e3o e Imagens de Campanha | Multiculturalidade d\u00e1 o mote\",\"datePublished\":\"2025-01-24T16:38:06+00:00\",\"dateModified\":\"2025-01-24T16:41:41+00:00\",\"mainEntityOfPage\":{\"@id\":\"https:\\\/\\\/www.prooptica.pt\\\/masai-eyewear-lanca-nova-colecao-e-imagens-de-campanha-multiculturalidade-da-o-mote\\\/\"},\"wordCount\":238,\"image\":{\"@id\":\"https:\\\/\\\/www.prooptica.pt\\\/masai-eyewear-lanca-nova-colecao-e-imagens-de-campanha-multiculturalidade-da-o-mote\\\/#primaryimage\"},\"thumbnailUrl\":\"https:\\\/\\\/www.prooptica.pt\\\/wp-content\\\/uploads\\\/2025\\\/01\\\/MS.jpg\",\"articleSection\":[\"Moda Portuguesa\",\"\u00d3culos\"],\"inLanguage\":\"en-GB\"},{\"@type\":\"WebPage\",\"@id\":\"https:\\\/\\\/www.prooptica.pt\\\/masai-eyewear-lanca-nova-colecao-e-imagens-de-campanha-multiculturalidade-da-o-mote\\\/\",\"url\":\"https:\\\/\\\/www.prooptica.pt\\\/masai-eyewear-lanca-nova-colecao-e-imagens-de-campanha-multiculturalidade-da-o-mote\\\/\",\"name\":\"Masai Eyewear Lan\u00e7a Nova Cole\u00e7\u00e3o e Imagens de Campanha\",\"isPartOf\":{\"@id\":\"https:\\\/\\\/www.prooptica.pt\\\/home\\\/#website\"},\"primaryImageOfPage\":{\"@id\":\"https:\\\/\\\/www.prooptica.pt\\\/masai-eyewear-lanca-nova-colecao-e-imagens-de-campanha-multiculturalidade-da-o-mote\\\/#primaryimage\"},\"image\":{\"@id\":\"https:\\\/\\\/www.prooptica.pt\\\/masai-eyewear-lanca-nova-colecao-e-imagens-de-campanha-multiculturalidade-da-o-mote\\\/#primaryimage\"},\"thumbnailUrl\":\"https:\\\/\\\/www.prooptica.pt\\\/wp-content\\\/uploads\\\/2025\\\/01\\\/MS.jpg\",\"datePublished\":\"2025-01-24T16:38:06+00:00\",\"dateModified\":\"2025-01-24T16:41:41+00:00\",\"author\":{\"@id\":\"https:\\\/\\\/www.prooptica.pt\\\/home\\\/#\\\/schema\\\/person\\\/1cbd826a9322a3c38a052e43d1638306\"},\"description\":\"Celebrando a multiculturalidade, a campanha de lan\u00e7amento da nova cole\u00e7\u00e3o apresenta modelos de diferentes etnias, feitos em AI.\",\"breadcrumb\":{\"@id\":\"https:\\\/\\\/www.prooptica.pt\\\/masai-eyewear-lanca-nova-colecao-e-imagens-de-campanha-multiculturalidade-da-o-mote\\\/#breadcrumb\"},\"inLanguage\":\"en-GB\",\"potentialAction\":[{\"@type\":\"ReadAction\",\"target\":[\"https:\\\/\\\/www.prooptica.pt\\\/masai-eyewear-lanca-nova-colecao-e-imagens-de-campanha-multiculturalidade-da-o-mote\\\/\"]}]},{\"@type\":\"ImageObject\",\"inLanguage\":\"en-GB\",\"@id\":\"https:\\\/\\\/www.prooptica.pt\\\/masai-eyewear-lanca-nova-colecao-e-imagens-de-campanha-multiculturalidade-da-o-mote\\\/#primaryimage\",\"url\":\"https:\\\/\\\/www.prooptica.pt\\\/wp-content\\\/uploads\\\/2025\\\/01\\\/MS.jpg\",\"contentUrl\":\"https:\\\/\\\/www.prooptica.pt\\\/wp-content\\\/uploads\\\/2025\\\/01\\\/MS.jpg\",\"width\":852,\"height\":514},{\"@type\":\"BreadcrumbList\",\"@id\":\"https:\\\/\\\/www.prooptica.pt\\\/masai-eyewear-lanca-nova-colecao-e-imagens-de-campanha-multiculturalidade-da-o-mote\\\/#breadcrumb\",\"itemListElement\":[{\"@type\":\"ListItem\",\"position\":1,\"name\":\"In\u00edcio\",\"item\":\"https:\\\/\\\/www.prooptica.pt\\\/\"},{\"@type\":\"ListItem\",\"position\":2,\"name\":\"Masai Eyewear Lan\u00e7a Nova Cole\u00e7\u00e3o e Imagens de Campanha | Multiculturalidade d\u00e1 o mote\"}]},{\"@type\":\"WebSite\",\"@id\":\"https:\\\/\\\/www.prooptica.pt\\\/home\\\/#website\",\"url\":\"https:\\\/\\\/www.prooptica.pt\\\/home\\\/\",\"name\":\"Prooptica\",\"description\":\"Full Eyewear Concept\",\"potentialAction\":[{\"@type\":\"SearchAction\",\"target\":{\"@type\":\"EntryPoint\",\"urlTemplate\":\"https:\\\/\\\/www.prooptica.pt\\\/home\\\/?s={search_term_string}\"},\"query-input\":{\"@type\":\"PropertyValueSpecification\",\"valueRequired\":true,\"valueName\":\"search_term_string\"}}],\"inLanguage\":\"en-GB\"},{\"@type\":\"Person\",\"@id\":\"https:\\\/\\\/www.prooptica.pt\\\/home\\\/#\\\/schema\\\/person\\\/1cbd826a9322a3c38a052e43d1638306\",\"name\":\"admin\",\"image\":{\"@type\":\"ImageObject\",\"inLanguage\":\"en-GB\",\"@id\":\"https:\\\/\\\/secure.gravatar.com\\\/avatar\\\/528c714482569d81724b02603aa719344e9ad7c0b50becf07272b2086b2c1cfd?s=96&d=mm&r=g\",\"url\":\"https:\\\/\\\/secure.gravatar.com\\\/avatar\\\/528c714482569d81724b02603aa719344e9ad7c0b50becf07272b2086b2c1cfd?s=96&d=mm&r=g\",\"contentUrl\":\"https:\\\/\\\/secure.gravatar.com\\\/avatar\\\/528c714482569d81724b02603aa719344e9ad7c0b50becf07272b2086b2c1cfd?s=96&d=mm&r=g\",\"caption\":\"admin\"},\"url\":\"https:\\\/\\\/www.prooptica.pt\\\/en\\\/author\\\/admin\\\/\"}]}<\/script>\n<!-- \/ Yoast SEO plugin. -->","yoast_head_json":{"title":"Masai Eyewear Launches New Collection and Campaign Images","description":"Celebrating multiculturalism, the campaign to launch the new collection features models from different ethnic groups, made in AI.","robots":{"index":"index","follow":"follow","max-snippet":"max-snippet:-1","max-image-preview":"max-image-preview:large","max-video-preview":"max-video-preview:-1"},"canonical":"https:\/\/www.prooptica.pt\/en\/masai-eyewear-launches-new-collection-and-campaign-images-multiculturalism-sets-the-tone\/","og_locale":"en_GB","og_type":"article","og_title":"Masai Eyewear Lan\u00e7a Nova Cole\u00e7\u00e3o e Imagens de Campanha","og_description":"Celebrando a multiculturalidade, a campanha de lan\u00e7amento da nova cole\u00e7\u00e3o apresenta modelos de diferentes etnias, feitos em AI.","og_url":"https:\/\/www.prooptica.pt\/en\/masai-eyewear-launches-new-collection-and-campaign-images-multiculturalism-sets-the-tone\/","og_site_name":"Prooptica","article_published_time":"2025-01-24T16:38:06+00:00","article_modified_time":"2025-01-24T16:41:41+00:00","og_image":[{"width":852,"height":514,"url":"https:\/\/www.prooptica.pt\/wp-content\/uploads\/2025\/01\/MS.jpg","type":"image\/jpeg"}],"author":"admin","twitter_card":"summary_large_image","twitter_misc":{"Written by":"admin","Estimated reading time":"2 minutes"},"schema":{"@context":"https:\/\/schema.org","@graph":[{"@type":"Article","@id":"https:\/\/www.prooptica.pt\/masai-eyewear-lanca-nova-colecao-e-imagens-de-campanha-multiculturalidade-da-o-mote\/#article","isPartOf":{"@id":"https:\/\/www.prooptica.pt\/masai-eyewear-lanca-nova-colecao-e-imagens-de-campanha-multiculturalidade-da-o-mote\/"},"author":{"name":"admin","@id":"https:\/\/www.prooptica.pt\/home\/#\/schema\/person\/1cbd826a9322a3c38a052e43d1638306"},"headline":"Masai Eyewear Lan\u00e7a Nova Cole\u00e7\u00e3o e Imagens de Campanha | Multiculturalidade d\u00e1 o mote","datePublished":"2025-01-24T16:38:06+00:00","dateModified":"2025-01-24T16:41:41+00:00","mainEntityOfPage":{"@id":"https:\/\/www.prooptica.pt\/masai-eyewear-lanca-nova-colecao-e-imagens-de-campanha-multiculturalidade-da-o-mote\/"},"wordCount":238,"image":{"@id":"https:\/\/www.prooptica.pt\/masai-eyewear-lanca-nova-colecao-e-imagens-de-campanha-multiculturalidade-da-o-mote\/#primaryimage"},"thumbnailUrl":"https:\/\/www.prooptica.pt\/wp-content\/uploads\/2025\/01\/MS.jpg","articleSection":["Moda Portuguesa","\u00d3culos"],"inLanguage":"en-GB"},{"@type":"WebPage","@id":"https:\/\/www.prooptica.pt\/masai-eyewear-lanca-nova-colecao-e-imagens-de-campanha-multiculturalidade-da-o-mote\/","url":"https:\/\/www.prooptica.pt\/masai-eyewear-lanca-nova-colecao-e-imagens-de-campanha-multiculturalidade-da-o-mote\/","name":"Masai Eyewear Launches New Collection and Campaign Images","isPartOf":{"@id":"https:\/\/www.prooptica.pt\/home\/#website"},"primaryImageOfPage":{"@id":"https:\/\/www.prooptica.pt\/masai-eyewear-lanca-nova-colecao-e-imagens-de-campanha-multiculturalidade-da-o-mote\/#primaryimage"},"image":{"@id":"https:\/\/www.prooptica.pt\/masai-eyewear-lanca-nova-colecao-e-imagens-de-campanha-multiculturalidade-da-o-mote\/#primaryimage"},"thumbnailUrl":"https:\/\/www.prooptica.pt\/wp-content\/uploads\/2025\/01\/MS.jpg","datePublished":"2025-01-24T16:38:06+00:00","dateModified":"2025-01-24T16:41:41+00:00","author":{"@id":"https:\/\/www.prooptica.pt\/home\/#\/schema\/person\/1cbd826a9322a3c38a052e43d1638306"},"description":"Celebrating multiculturalism, the campaign to launch the new collection features models from different ethnic groups, made in AI.","breadcrumb":{"@id":"https:\/\/www.prooptica.pt\/masai-eyewear-lanca-nova-colecao-e-imagens-de-campanha-multiculturalidade-da-o-mote\/#breadcrumb"},"inLanguage":"en-GB","potentialAction":[{"@type":"ReadAction","target":["https:\/\/www.prooptica.pt\/masai-eyewear-lanca-nova-colecao-e-imagens-de-campanha-multiculturalidade-da-o-mote\/"]}]},{"@type":"ImageObject","inLanguage":"en-GB","@id":"https:\/\/www.prooptica.pt\/masai-eyewear-lanca-nova-colecao-e-imagens-de-campanha-multiculturalidade-da-o-mote\/#primaryimage","url":"https:\/\/www.prooptica.pt\/wp-content\/uploads\/2025\/01\/MS.jpg","contentUrl":"https:\/\/www.prooptica.pt\/wp-content\/uploads\/2025\/01\/MS.jpg","width":852,"height":514},{"@type":"BreadcrumbList","@id":"https:\/\/www.prooptica.pt\/masai-eyewear-lanca-nova-colecao-e-imagens-de-campanha-multiculturalidade-da-o-mote\/#breadcrumb","itemListElement":[{"@type":"ListItem","position":1,"name":"In\u00edcio","item":"https:\/\/www.prooptica.pt\/"},{"@type":"ListItem","position":2,"name":"Masai Eyewear Lan\u00e7a Nova Cole\u00e7\u00e3o e Imagens de Campanha | Multiculturalidade d\u00e1 o mote"}]},{"@type":"WebSite","@id":"https:\/\/www.prooptica.pt\/home\/#website","url":"https:\/\/www.prooptica.pt\/home\/","name":"Prooptica","description":"Full Eyewear Concept","potentialAction":[{"@type":"SearchAction","target":{"@type":"EntryPoint","urlTemplate":"https:\/\/www.prooptica.pt\/home\/?s={search_term_string}"},"query-input":{"@type":"PropertyValueSpecification","valueRequired":true,"valueName":"search_term_string"}}],"inLanguage":"en-GB"},{"@type":"Person","@id":"https:\/\/www.prooptica.pt\/home\/#\/schema\/person\/1cbd826a9322a3c38a052e43d1638306","name":"admin","image":{"@type":"ImageObject","inLanguage":"en-GB","@id":"https:\/\/secure.gravatar.com\/avatar\/528c714482569d81724b02603aa719344e9ad7c0b50becf07272b2086b2c1cfd?s=96&d=mm&r=g","url":"https:\/\/secure.gravatar.com\/avatar\/528c714482569d81724b02603aa719344e9ad7c0b50becf07272b2086b2c1cfd?s=96&d=mm&r=g","contentUrl":"https:\/\/secure.gravatar.com\/avatar\/528c714482569d81724b02603aa719344e9ad7c0b50becf07272b2086b2c1cfd?s=96&d=mm&r=g","caption":"admin"},"url":"https:\/\/www.prooptica.pt\/en\/author\/admin\/"}]}},"_links":{"self":[{"href":"https:\/\/www.prooptica.pt\/en\/wp-json\/wp\/v2\/posts\/21618","targetHints":{"allow":["GET"]}}],"collection":[{"href":"https:\/\/www.prooptica.pt\/en\/wp-json\/wp\/v2\/posts"}],"about":[{"href":"https:\/\/www.prooptica.pt\/en\/wp-json\/wp\/v2\/types\/post"}],"author":[{"embeddable":true,"href":"https:\/\/www.prooptica.pt\/en\/wp-json\/wp\/v2\/users\/2"}],"replies":[{"embeddable":true,"href":"https:\/\/www.prooptica.pt\/en\/wp-json\/wp\/v2\/comments?post=21618"}],"version-history":[{"count":2,"href":"https:\/\/www.prooptica.pt\/en\/wp-json\/wp\/v2\/posts\/21618\/revisions"}],"predecessor-version":[{"id":21621,"href":"https:\/\/www.prooptica.pt\/en\/wp-json\/wp\/v2\/posts\/21618\/revisions\/21621"}],"wp:featuredmedia":[{"embeddable":true,"href":"https:\/\/www.prooptica.pt\/en\/wp-json\/wp\/v2\/media\/21619"}],"wp:attachment":[{"href":"https:\/\/www.prooptica.pt\/en\/wp-json\/wp\/v2\/media?parent=21618"}],"wp:term":[{"taxonomy":"category","embeddable":true,"href":"https:\/\/www.prooptica.pt\/en\/wp-json\/wp\/v2\/categories?post=21618"},{"taxonomy":"post_tag","embeddable":true,"href":"https:\/\/www.prooptica.pt\/en\/wp-json\/wp\/v2\/tags?post=21618"}],"curies":[{"name":"wp","href":"https:\/\/api.w.org\/{rel}","templated":true}]}}