{"id":21734,"date":"2025-02-07T12:26:22","date_gmt":"2025-02-07T12:26:22","guid":{"rendered":"https:\/\/www.prooptica.pt\/?p=21734"},"modified":"2025-02-07T12:26:22","modified_gmt":"2025-02-07T12:26:22","slug":"lanidor-presents-new-collection-and-new-campaign-images-cosmopolitan-elegance","status":"publish","type":"post","link":"https:\/\/www.prooptica.pt\/en\/lanidor-apresenta-nova-colecao-e-novas-imagens-de-campanha-elegancia-cosmopolita\/","title":{"rendered":"Lanidor presents New Collection and New Campaign Images | Cosmopolitan Elegance"},"content":{"rendered":"<p>Lanidor, the emblematic Portuguese womenswear brand, presents its new eyewear collection, designed with the elegant and independent woman in mind. This season, Lanidor is betting on eyewear with very seductive designs that promise to set trends, in a vibrant celebration of style and femininity.<\/p>\n<p>The new collection stands out for its intense colour palette and democratic colour play, offering a wide range of frames and sunglasses that adapt perfectly to the modern woman's everyday life. From pastel colours to vibrant blues and reds, each piece is a statement of intent in itself.<\/p>\n<p>The intention was to create an eyewear collection that not only respects the feminine essence of the Lanidor brand, but also enriches it with cosmopolitan touches through its contemporary details. Each piece has been carefully designed to ensure comfort without compromising on style, adapting to the dynamic life of today's woman.<\/p>\n<p>The new campaign images reflect the spirit of the collection and Lanidor's DNA, always very feminine and sophisticated, transporting us to urban and elegant settings, emphasising the brand's well-known versatility, which is a reference among the female public.<\/p>\n<p style=\"text-align: center;\"><a href=\"https:\/\/loja.prooptica.pt\/wp-content\/uploads\/Cat%C3%A1logo-Lanidor-2025_LR.pdf\"><span style=\"color: #000000;\"><strong>Click here to see the new 2025 collection<\/strong><\/span><\/a><\/p>","protected":false},"excerpt":{"rendered":"<p>Lanidor, a emblem\u00e1tica marca portuguesa de moda feminina, apresenta a sua nova cole\u00e7\u00e3o de eyewear, desenhada a pensar na mulher elegante e independente. Esta temporada, a Lanidor aposta em \u00f3culos com designs muito sedutores que prometem marcar tend\u00eancia, numa celebra\u00e7\u00e3o vibrante de estilo e feminilidade. A nova cole\u00e7\u00e3o destaca-se pela sua palete de cores intensa [&hellip;]<\/p>\n","protected":false},"author":2,"featured_media":21735,"comment_status":"closed","ping_status":"closed","sticky":false,"template":"","format":"standard","meta":{"footnotes":""},"categories":[67,189],"tags":[],"class_list":["post-21734","post","type-post","status-publish","format-standard","has-post-thumbnail","hentry","category-moda-portuguesa","category-oculos"],"yoast_head":"<!-- This site is optimized with the Yoast SEO plugin v27.5 - https:\/\/yoast.com\/product\/yoast-seo-wordpress\/ -->\n<title>Lanidor apresenta Nova Cole\u00e7\u00e3o e Novas Imagens de Campanha<\/title>\n<meta name=\"description\" content=\"A Lanidor aposta em \u00f3culos com designs muito sedutores que prometem marcar tend\u00eancia, numa celebra\u00e7\u00e3o vibrante de estilo e feminilidade.\" \/>\n<meta name=\"robots\" content=\"index, follow, max-snippet:-1, max-image-preview:large, max-video-preview:-1\" \/>\n<link rel=\"canonical\" href=\"https:\/\/www.prooptica.pt\/en\/lanidor-presents-new-collection-and-new-campaign-images-cosmopolitan-elegance\/\" \/>\n<meta property=\"og:locale\" content=\"en_GB\" \/>\n<meta property=\"og:type\" content=\"article\" \/>\n<meta property=\"og:title\" content=\"Lanidor apresenta Nova Cole\u00e7\u00e3o e Novas Imagens de Campanha\" \/>\n<meta property=\"og:description\" content=\"A Lanidor aposta em \u00f3culos com designs muito sedutores que prometem marcar tend\u00eancia, numa celebra\u00e7\u00e3o vibrante de estilo e feminilidade.\" \/>\n<meta property=\"og:url\" content=\"https:\/\/www.prooptica.pt\/en\/lanidor-presents-new-collection-and-new-campaign-images-cosmopolitan-elegance\/\" \/>\n<meta property=\"og:site_name\" content=\"Prooptica\" \/>\n<meta property=\"article:published_time\" content=\"2025-02-07T12:26:22+00:00\" \/>\n<meta property=\"og:image\" content=\"https:\/\/www.prooptica.pt\/wp-content\/uploads\/2025\/02\/Capa-artigo-blog-LA.jpg\" \/>\n\t<meta property=\"og:image:width\" content=\"852\" \/>\n\t<meta property=\"og:image:height\" content=\"514\" \/>\n\t<meta property=\"og:image:type\" content=\"image\/jpeg\" \/>\n<meta name=\"author\" content=\"admin\" \/>\n<meta name=\"twitter:card\" content=\"summary_large_image\" \/>\n<meta name=\"twitter:label1\" content=\"Written by\" \/>\n\t<meta name=\"twitter:data1\" content=\"admin\" \/>\n\t<meta name=\"twitter:label2\" content=\"Estimated reading time\" \/>\n\t<meta name=\"twitter:data2\" content=\"2 minutes\" \/>\n<script type=\"application\/ld+json\" class=\"yoast-schema-graph\">{\"@context\":\"https:\\\/\\\/schema.org\",\"@graph\":[{\"@type\":\"Article\",\"@id\":\"https:\\\/\\\/www.prooptica.pt\\\/lanidor-apresenta-nova-colecao-e-novas-imagens-de-campanha-elegancia-cosmopolita\\\/#article\",\"isPartOf\":{\"@id\":\"https:\\\/\\\/www.prooptica.pt\\\/lanidor-apresenta-nova-colecao-e-novas-imagens-de-campanha-elegancia-cosmopolita\\\/\"},\"author\":{\"name\":\"admin\",\"@id\":\"https:\\\/\\\/www.prooptica.pt\\\/home\\\/#\\\/schema\\\/person\\\/1cbd826a9322a3c38a052e43d1638306\"},\"headline\":\"Lanidor apresenta Nova Cole\u00e7\u00e3o e Novas Imagens de Campanha | Eleg\u00e2ncia Cosmopolita\",\"datePublished\":\"2025-02-07T12:26:22+00:00\",\"mainEntityOfPage\":{\"@id\":\"https:\\\/\\\/www.prooptica.pt\\\/lanidor-apresenta-nova-colecao-e-novas-imagens-de-campanha-elegancia-cosmopolita\\\/\"},\"wordCount\":240,\"image\":{\"@id\":\"https:\\\/\\\/www.prooptica.pt\\\/lanidor-apresenta-nova-colecao-e-novas-imagens-de-campanha-elegancia-cosmopolita\\\/#primaryimage\"},\"thumbnailUrl\":\"https:\\\/\\\/www.prooptica.pt\\\/wp-content\\\/uploads\\\/2025\\\/02\\\/Capa-artigo-blog-LA.jpg\",\"articleSection\":[\"Moda Portuguesa\",\"\u00d3culos\"],\"inLanguage\":\"en-GB\"},{\"@type\":\"WebPage\",\"@id\":\"https:\\\/\\\/www.prooptica.pt\\\/lanidor-apresenta-nova-colecao-e-novas-imagens-de-campanha-elegancia-cosmopolita\\\/\",\"url\":\"https:\\\/\\\/www.prooptica.pt\\\/lanidor-apresenta-nova-colecao-e-novas-imagens-de-campanha-elegancia-cosmopolita\\\/\",\"name\":\"Lanidor apresenta Nova Cole\u00e7\u00e3o e Novas Imagens de Campanha\",\"isPartOf\":{\"@id\":\"https:\\\/\\\/www.prooptica.pt\\\/home\\\/#website\"},\"primaryImageOfPage\":{\"@id\":\"https:\\\/\\\/www.prooptica.pt\\\/lanidor-apresenta-nova-colecao-e-novas-imagens-de-campanha-elegancia-cosmopolita\\\/#primaryimage\"},\"image\":{\"@id\":\"https:\\\/\\\/www.prooptica.pt\\\/lanidor-apresenta-nova-colecao-e-novas-imagens-de-campanha-elegancia-cosmopolita\\\/#primaryimage\"},\"thumbnailUrl\":\"https:\\\/\\\/www.prooptica.pt\\\/wp-content\\\/uploads\\\/2025\\\/02\\\/Capa-artigo-blog-LA.jpg\",\"datePublished\":\"2025-02-07T12:26:22+00:00\",\"author\":{\"@id\":\"https:\\\/\\\/www.prooptica.pt\\\/home\\\/#\\\/schema\\\/person\\\/1cbd826a9322a3c38a052e43d1638306\"},\"description\":\"A Lanidor aposta em \u00f3culos com designs muito sedutores que prometem marcar tend\u00eancia, numa celebra\u00e7\u00e3o vibrante de estilo e feminilidade.\",\"breadcrumb\":{\"@id\":\"https:\\\/\\\/www.prooptica.pt\\\/lanidor-apresenta-nova-colecao-e-novas-imagens-de-campanha-elegancia-cosmopolita\\\/#breadcrumb\"},\"inLanguage\":\"en-GB\",\"potentialAction\":[{\"@type\":\"ReadAction\",\"target\":[\"https:\\\/\\\/www.prooptica.pt\\\/lanidor-apresenta-nova-colecao-e-novas-imagens-de-campanha-elegancia-cosmopolita\\\/\"]}]},{\"@type\":\"ImageObject\",\"inLanguage\":\"en-GB\",\"@id\":\"https:\\\/\\\/www.prooptica.pt\\\/lanidor-apresenta-nova-colecao-e-novas-imagens-de-campanha-elegancia-cosmopolita\\\/#primaryimage\",\"url\":\"https:\\\/\\\/www.prooptica.pt\\\/wp-content\\\/uploads\\\/2025\\\/02\\\/Capa-artigo-blog-LA.jpg\",\"contentUrl\":\"https:\\\/\\\/www.prooptica.pt\\\/wp-content\\\/uploads\\\/2025\\\/02\\\/Capa-artigo-blog-LA.jpg\",\"width\":852,\"height\":514},{\"@type\":\"BreadcrumbList\",\"@id\":\"https:\\\/\\\/www.prooptica.pt\\\/lanidor-apresenta-nova-colecao-e-novas-imagens-de-campanha-elegancia-cosmopolita\\\/#breadcrumb\",\"itemListElement\":[{\"@type\":\"ListItem\",\"position\":1,\"name\":\"In\u00edcio\",\"item\":\"https:\\\/\\\/www.prooptica.pt\\\/\"},{\"@type\":\"ListItem\",\"position\":2,\"name\":\"Lanidor apresenta Nova Cole\u00e7\u00e3o e Novas Imagens de Campanha | Eleg\u00e2ncia Cosmopolita\"}]},{\"@type\":\"WebSite\",\"@id\":\"https:\\\/\\\/www.prooptica.pt\\\/home\\\/#website\",\"url\":\"https:\\\/\\\/www.prooptica.pt\\\/home\\\/\",\"name\":\"Prooptica\",\"description\":\"Full Eyewear Concept\",\"potentialAction\":[{\"@type\":\"SearchAction\",\"target\":{\"@type\":\"EntryPoint\",\"urlTemplate\":\"https:\\\/\\\/www.prooptica.pt\\\/home\\\/?s={search_term_string}\"},\"query-input\":{\"@type\":\"PropertyValueSpecification\",\"valueRequired\":true,\"valueName\":\"search_term_string\"}}],\"inLanguage\":\"en-GB\"},{\"@type\":\"Person\",\"@id\":\"https:\\\/\\\/www.prooptica.pt\\\/home\\\/#\\\/schema\\\/person\\\/1cbd826a9322a3c38a052e43d1638306\",\"name\":\"admin\",\"image\":{\"@type\":\"ImageObject\",\"inLanguage\":\"en-GB\",\"@id\":\"https:\\\/\\\/secure.gravatar.com\\\/avatar\\\/528c714482569d81724b02603aa719344e9ad7c0b50becf07272b2086b2c1cfd?s=96&d=mm&r=g\",\"url\":\"https:\\\/\\\/secure.gravatar.com\\\/avatar\\\/528c714482569d81724b02603aa719344e9ad7c0b50becf07272b2086b2c1cfd?s=96&d=mm&r=g\",\"contentUrl\":\"https:\\\/\\\/secure.gravatar.com\\\/avatar\\\/528c714482569d81724b02603aa719344e9ad7c0b50becf07272b2086b2c1cfd?s=96&d=mm&r=g\",\"caption\":\"admin\"},\"url\":\"https:\\\/\\\/www.prooptica.pt\\\/en\\\/author\\\/admin\\\/\"}]}<\/script>\n<!-- \/ Yoast SEO plugin. -->","yoast_head_json":{"title":"Lanidor presents New Collection and New Campaign Images","description":"Lanidor is betting on eyewear with very seductive designs that promise to set trends, in a vibrant celebration of style and femininity.","robots":{"index":"index","follow":"follow","max-snippet":"max-snippet:-1","max-image-preview":"max-image-preview:large","max-video-preview":"max-video-preview:-1"},"canonical":"https:\/\/www.prooptica.pt\/en\/lanidor-presents-new-collection-and-new-campaign-images-cosmopolitan-elegance\/","og_locale":"en_GB","og_type":"article","og_title":"Lanidor apresenta Nova Cole\u00e7\u00e3o e Novas Imagens de Campanha","og_description":"A Lanidor aposta em \u00f3culos com designs muito sedutores que prometem marcar tend\u00eancia, numa celebra\u00e7\u00e3o vibrante de estilo e feminilidade.","og_url":"https:\/\/www.prooptica.pt\/en\/lanidor-presents-new-collection-and-new-campaign-images-cosmopolitan-elegance\/","og_site_name":"Prooptica","article_published_time":"2025-02-07T12:26:22+00:00","og_image":[{"width":852,"height":514,"url":"https:\/\/www.prooptica.pt\/wp-content\/uploads\/2025\/02\/Capa-artigo-blog-LA.jpg","type":"image\/jpeg"}],"author":"admin","twitter_card":"summary_large_image","twitter_misc":{"Written by":"admin","Estimated reading time":"2 minutes"},"schema":{"@context":"https:\/\/schema.org","@graph":[{"@type":"Article","@id":"https:\/\/www.prooptica.pt\/lanidor-apresenta-nova-colecao-e-novas-imagens-de-campanha-elegancia-cosmopolita\/#article","isPartOf":{"@id":"https:\/\/www.prooptica.pt\/lanidor-apresenta-nova-colecao-e-novas-imagens-de-campanha-elegancia-cosmopolita\/"},"author":{"name":"admin","@id":"https:\/\/www.prooptica.pt\/home\/#\/schema\/person\/1cbd826a9322a3c38a052e43d1638306"},"headline":"Lanidor apresenta Nova Cole\u00e7\u00e3o e Novas Imagens de Campanha | Eleg\u00e2ncia Cosmopolita","datePublished":"2025-02-07T12:26:22+00:00","mainEntityOfPage":{"@id":"https:\/\/www.prooptica.pt\/lanidor-apresenta-nova-colecao-e-novas-imagens-de-campanha-elegancia-cosmopolita\/"},"wordCount":240,"image":{"@id":"https:\/\/www.prooptica.pt\/lanidor-apresenta-nova-colecao-e-novas-imagens-de-campanha-elegancia-cosmopolita\/#primaryimage"},"thumbnailUrl":"https:\/\/www.prooptica.pt\/wp-content\/uploads\/2025\/02\/Capa-artigo-blog-LA.jpg","articleSection":["Moda Portuguesa","\u00d3culos"],"inLanguage":"en-GB"},{"@type":"WebPage","@id":"https:\/\/www.prooptica.pt\/lanidor-apresenta-nova-colecao-e-novas-imagens-de-campanha-elegancia-cosmopolita\/","url":"https:\/\/www.prooptica.pt\/lanidor-apresenta-nova-colecao-e-novas-imagens-de-campanha-elegancia-cosmopolita\/","name":"Lanidor presents New Collection and New Campaign Images","isPartOf":{"@id":"https:\/\/www.prooptica.pt\/home\/#website"},"primaryImageOfPage":{"@id":"https:\/\/www.prooptica.pt\/lanidor-apresenta-nova-colecao-e-novas-imagens-de-campanha-elegancia-cosmopolita\/#primaryimage"},"image":{"@id":"https:\/\/www.prooptica.pt\/lanidor-apresenta-nova-colecao-e-novas-imagens-de-campanha-elegancia-cosmopolita\/#primaryimage"},"thumbnailUrl":"https:\/\/www.prooptica.pt\/wp-content\/uploads\/2025\/02\/Capa-artigo-blog-LA.jpg","datePublished":"2025-02-07T12:26:22+00:00","author":{"@id":"https:\/\/www.prooptica.pt\/home\/#\/schema\/person\/1cbd826a9322a3c38a052e43d1638306"},"description":"Lanidor is betting on eyewear with very seductive designs that promise to set trends, in a vibrant celebration of style and femininity.","breadcrumb":{"@id":"https:\/\/www.prooptica.pt\/lanidor-apresenta-nova-colecao-e-novas-imagens-de-campanha-elegancia-cosmopolita\/#breadcrumb"},"inLanguage":"en-GB","potentialAction":[{"@type":"ReadAction","target":["https:\/\/www.prooptica.pt\/lanidor-apresenta-nova-colecao-e-novas-imagens-de-campanha-elegancia-cosmopolita\/"]}]},{"@type":"ImageObject","inLanguage":"en-GB","@id":"https:\/\/www.prooptica.pt\/lanidor-apresenta-nova-colecao-e-novas-imagens-de-campanha-elegancia-cosmopolita\/#primaryimage","url":"https:\/\/www.prooptica.pt\/wp-content\/uploads\/2025\/02\/Capa-artigo-blog-LA.jpg","contentUrl":"https:\/\/www.prooptica.pt\/wp-content\/uploads\/2025\/02\/Capa-artigo-blog-LA.jpg","width":852,"height":514},{"@type":"BreadcrumbList","@id":"https:\/\/www.prooptica.pt\/lanidor-apresenta-nova-colecao-e-novas-imagens-de-campanha-elegancia-cosmopolita\/#breadcrumb","itemListElement":[{"@type":"ListItem","position":1,"name":"In\u00edcio","item":"https:\/\/www.prooptica.pt\/"},{"@type":"ListItem","position":2,"name":"Lanidor apresenta Nova Cole\u00e7\u00e3o e Novas Imagens de Campanha | Eleg\u00e2ncia Cosmopolita"}]},{"@type":"WebSite","@id":"https:\/\/www.prooptica.pt\/home\/#website","url":"https:\/\/www.prooptica.pt\/home\/","name":"Prooptica","description":"Full Eyewear Concept","potentialAction":[{"@type":"SearchAction","target":{"@type":"EntryPoint","urlTemplate":"https:\/\/www.prooptica.pt\/home\/?s={search_term_string}"},"query-input":{"@type":"PropertyValueSpecification","valueRequired":true,"valueName":"search_term_string"}}],"inLanguage":"en-GB"},{"@type":"Person","@id":"https:\/\/www.prooptica.pt\/home\/#\/schema\/person\/1cbd826a9322a3c38a052e43d1638306","name":"admin","image":{"@type":"ImageObject","inLanguage":"en-GB","@id":"https:\/\/secure.gravatar.com\/avatar\/528c714482569d81724b02603aa719344e9ad7c0b50becf07272b2086b2c1cfd?s=96&d=mm&r=g","url":"https:\/\/secure.gravatar.com\/avatar\/528c714482569d81724b02603aa719344e9ad7c0b50becf07272b2086b2c1cfd?s=96&d=mm&r=g","contentUrl":"https:\/\/secure.gravatar.com\/avatar\/528c714482569d81724b02603aa719344e9ad7c0b50becf07272b2086b2c1cfd?s=96&d=mm&r=g","caption":"admin"},"url":"https:\/\/www.prooptica.pt\/en\/author\/admin\/"}]}},"_links":{"self":[{"href":"https:\/\/www.prooptica.pt\/en\/wp-json\/wp\/v2\/posts\/21734","targetHints":{"allow":["GET"]}}],"collection":[{"href":"https:\/\/www.prooptica.pt\/en\/wp-json\/wp\/v2\/posts"}],"about":[{"href":"https:\/\/www.prooptica.pt\/en\/wp-json\/wp\/v2\/types\/post"}],"author":[{"embeddable":true,"href":"https:\/\/www.prooptica.pt\/en\/wp-json\/wp\/v2\/users\/2"}],"replies":[{"embeddable":true,"href":"https:\/\/www.prooptica.pt\/en\/wp-json\/wp\/v2\/comments?post=21734"}],"version-history":[{"count":1,"href":"https:\/\/www.prooptica.pt\/en\/wp-json\/wp\/v2\/posts\/21734\/revisions"}],"predecessor-version":[{"id":21736,"href":"https:\/\/www.prooptica.pt\/en\/wp-json\/wp\/v2\/posts\/21734\/revisions\/21736"}],"wp:featuredmedia":[{"embeddable":true,"href":"https:\/\/www.prooptica.pt\/en\/wp-json\/wp\/v2\/media\/21735"}],"wp:attachment":[{"href":"https:\/\/www.prooptica.pt\/en\/wp-json\/wp\/v2\/media?parent=21734"}],"wp:term":[{"taxonomy":"category","embeddable":true,"href":"https:\/\/www.prooptica.pt\/en\/wp-json\/wp\/v2\/categories?post=21734"},{"taxonomy":"post_tag","embeddable":true,"href":"https:\/\/www.prooptica.pt\/en\/wp-json\/wp\/v2\/tags?post=21734"}],"curies":[{"name":"wp","href":"https:\/\/api.w.org\/{rel}","templated":true}]}}