{"id":21783,"date":"2025-02-25T13:09:22","date_gmt":"2025-02-25T13:09:22","guid":{"rendered":"https:\/\/www.prooptica.pt\/?p=21783"},"modified":"2025-05-08T11:31:31","modified_gmt":"2025-05-08T11:31:31","slug":"we-are-prooptica-iberia-new-preview-2025","status":"publish","type":"post","link":"https:\/\/www.prooptica.pt\/en\/somos-prooptica-iberia-nuevo-preview-2025\/","title":{"rendered":"SOMOS PROOPTICA IBERIA | NEW PREVIEW 2025"},"content":{"rendered":"<p>We are thrilled to share with you an exclusive video of what Prooptica has planned for 2025 in Spain! This year promises to be full of innovations and launches with the intention of continuing to satisfy and exceed our customers' needs in an extremely competitive market.<\/p>\n<p>From brand innovations, technological advances in lenses, product customisation or even new digital solutions that will transform the experience of our customers and consumers.<\/p>\n<p>True to our commitment to sustainability, 2025 will be the year in which we introduce new initiatives to reduce our ecological footprint and promote more sustainable practices, as well as dedicating ourselves to the growth and success of our partners through our DevelopGrow Academy training programmes.<\/p>\n<p style=\"text-align: center;\"><a href=\"https:\/\/youtu.be\/uh617C1v4vI\"><span style=\"color: #000000;\"><strong>Video Preview 2025<\/strong><\/span><\/a><\/p>","protected":false},"excerpt":{"rendered":"<p>\u00a1Estamos emocionados de compartir con vosotros un v\u00eddeo exclusivo de lo que Prooptica tiene planeado para 2025 en Espa\u00f1a! Este a\u00f1o promete estar lleno de innovaciones y lanzamientos con la intenci\u00f3n de seguir satisfaciendo y superando las necesidades de nuestros clientes, en un mercado extremadamente competitivo. Desde innovaciones en cuanto a marcas, avances tecnol\u00f3gicos en [&hellip;]<\/p>\n","protected":false},"author":2,"featured_media":21525,"comment_status":"closed","ping_status":"closed","sticky":false,"template":"","format":"standard","meta":{"footnotes":""},"categories":[195],"tags":[],"class_list":["post-21783","post","type-post","status-publish","format-standard","has-post-thumbnail","hentry","category-institucional"],"yoast_head":"<!-- This site is optimized with the Yoast SEO plugin v27.5 - https:\/\/yoast.com\/product\/yoast-seo-wordpress\/ -->\n<title>SOMOS PROOPTICA IBERIA | NUEVO PREVIEW 2025<\/title>\n<meta name=\"description\" content=\"Estamos emocionados de compartir con vosotros un v\u00eddeo exclusivo de lo que Prooptica tiene planeado para 2025 en Espa\u00f1a!\" \/>\n<meta name=\"robots\" content=\"index, follow, max-snippet:-1, max-image-preview:large, max-video-preview:-1\" \/>\n<link rel=\"canonical\" href=\"https:\/\/www.prooptica.pt\/en\/we-are-prooptica-iberia-new-preview-2025\/\" \/>\n<meta property=\"og:locale\" content=\"en_GB\" \/>\n<meta property=\"og:type\" content=\"article\" \/>\n<meta property=\"og:title\" content=\"SOMOS PROOPTICA IBERIA | NUEVO PREVIEW 2025\" \/>\n<meta property=\"og:description\" content=\"Estamos emocionados de compartir con vosotros un v\u00eddeo exclusivo de lo que Prooptica tiene planeado para 2025 en Espa\u00f1a!\" \/>\n<meta property=\"og:url\" content=\"https:\/\/www.prooptica.pt\/en\/we-are-prooptica-iberia-new-preview-2025\/\" \/>\n<meta property=\"og:site_name\" content=\"Prooptica\" \/>\n<meta property=\"article:published_time\" content=\"2025-02-25T13:09:22+00:00\" \/>\n<meta property=\"article:modified_time\" content=\"2025-05-08T11:31:31+00:00\" \/>\n<meta property=\"og:image\" content=\"https:\/\/www.prooptica.pt\/wp-content\/uploads\/2025\/01\/Preview-2025.jpg\" \/>\n\t<meta property=\"og:image:width\" content=\"852\" \/>\n\t<meta property=\"og:image:height\" content=\"514\" \/>\n\t<meta property=\"og:image:type\" content=\"image\/jpeg\" \/>\n<meta name=\"author\" content=\"admin\" \/>\n<meta name=\"twitter:card\" content=\"summary_large_image\" \/>\n<meta name=\"twitter:label1\" content=\"Written by\" \/>\n\t<meta name=\"twitter:data1\" content=\"admin\" \/>\n\t<meta name=\"twitter:label2\" content=\"Estimated reading time\" \/>\n\t<meta name=\"twitter:data2\" content=\"1 minute\" \/>\n<script type=\"application\/ld+json\" class=\"yoast-schema-graph\">{\"@context\":\"https:\\\/\\\/schema.org\",\"@graph\":[{\"@type\":\"Article\",\"@id\":\"https:\\\/\\\/www.prooptica.pt\\\/somos-prooptica-iberia-nuevo-preview-2025\\\/#article\",\"isPartOf\":{\"@id\":\"https:\\\/\\\/www.prooptica.pt\\\/somos-prooptica-iberia-nuevo-preview-2025\\\/\"},\"author\":{\"name\":\"admin\",\"@id\":\"https:\\\/\\\/www.prooptica.pt\\\/home\\\/#\\\/schema\\\/person\\\/1cbd826a9322a3c38a052e43d1638306\"},\"headline\":\"SOMOS PROOPTICA IBERIA | NUEVO PREVIEW 2025\",\"datePublished\":\"2025-02-25T13:09:22+00:00\",\"dateModified\":\"2025-05-08T11:31:31+00:00\",\"mainEntityOfPage\":{\"@id\":\"https:\\\/\\\/www.prooptica.pt\\\/somos-prooptica-iberia-nuevo-preview-2025\\\/\"},\"wordCount\":140,\"image\":{\"@id\":\"https:\\\/\\\/www.prooptica.pt\\\/somos-prooptica-iberia-nuevo-preview-2025\\\/#primaryimage\"},\"thumbnailUrl\":\"https:\\\/\\\/www.prooptica.pt\\\/wp-content\\\/uploads\\\/2025\\\/01\\\/Preview-2025.jpg\",\"articleSection\":[\"Institucional\"],\"inLanguage\":\"en-GB\"},{\"@type\":\"WebPage\",\"@id\":\"https:\\\/\\\/www.prooptica.pt\\\/somos-prooptica-iberia-nuevo-preview-2025\\\/\",\"url\":\"https:\\\/\\\/www.prooptica.pt\\\/somos-prooptica-iberia-nuevo-preview-2025\\\/\",\"name\":\"SOMOS PROOPTICA IBERIA | NUEVO PREVIEW 2025\",\"isPartOf\":{\"@id\":\"https:\\\/\\\/www.prooptica.pt\\\/home\\\/#website\"},\"primaryImageOfPage\":{\"@id\":\"https:\\\/\\\/www.prooptica.pt\\\/somos-prooptica-iberia-nuevo-preview-2025\\\/#primaryimage\"},\"image\":{\"@id\":\"https:\\\/\\\/www.prooptica.pt\\\/somos-prooptica-iberia-nuevo-preview-2025\\\/#primaryimage\"},\"thumbnailUrl\":\"https:\\\/\\\/www.prooptica.pt\\\/wp-content\\\/uploads\\\/2025\\\/01\\\/Preview-2025.jpg\",\"datePublished\":\"2025-02-25T13:09:22+00:00\",\"dateModified\":\"2025-05-08T11:31:31+00:00\",\"author\":{\"@id\":\"https:\\\/\\\/www.prooptica.pt\\\/home\\\/#\\\/schema\\\/person\\\/1cbd826a9322a3c38a052e43d1638306\"},\"description\":\"Estamos emocionados de compartir con vosotros un v\u00eddeo exclusivo de lo que Prooptica tiene planeado para 2025 en Espa\u00f1a!\",\"breadcrumb\":{\"@id\":\"https:\\\/\\\/www.prooptica.pt\\\/somos-prooptica-iberia-nuevo-preview-2025\\\/#breadcrumb\"},\"inLanguage\":\"en-GB\",\"potentialAction\":[{\"@type\":\"ReadAction\",\"target\":[\"https:\\\/\\\/www.prooptica.pt\\\/somos-prooptica-iberia-nuevo-preview-2025\\\/\"]}]},{\"@type\":\"ImageObject\",\"inLanguage\":\"en-GB\",\"@id\":\"https:\\\/\\\/www.prooptica.pt\\\/somos-prooptica-iberia-nuevo-preview-2025\\\/#primaryimage\",\"url\":\"https:\\\/\\\/www.prooptica.pt\\\/wp-content\\\/uploads\\\/2025\\\/01\\\/Preview-2025.jpg\",\"contentUrl\":\"https:\\\/\\\/www.prooptica.pt\\\/wp-content\\\/uploads\\\/2025\\\/01\\\/Preview-2025.jpg\",\"width\":852,\"height\":514},{\"@type\":\"BreadcrumbList\",\"@id\":\"https:\\\/\\\/www.prooptica.pt\\\/somos-prooptica-iberia-nuevo-preview-2025\\\/#breadcrumb\",\"itemListElement\":[{\"@type\":\"ListItem\",\"position\":1,\"name\":\"In\u00edcio\",\"item\":\"https:\\\/\\\/www.prooptica.pt\\\/\"},{\"@type\":\"ListItem\",\"position\":2,\"name\":\"SOMOS PROOPTICA IBERIA | NUEVO PREVIEW 2025\"}]},{\"@type\":\"WebSite\",\"@id\":\"https:\\\/\\\/www.prooptica.pt\\\/home\\\/#website\",\"url\":\"https:\\\/\\\/www.prooptica.pt\\\/home\\\/\",\"name\":\"Prooptica\",\"description\":\"Full Eyewear Concept\",\"potentialAction\":[{\"@type\":\"SearchAction\",\"target\":{\"@type\":\"EntryPoint\",\"urlTemplate\":\"https:\\\/\\\/www.prooptica.pt\\\/home\\\/?s={search_term_string}\"},\"query-input\":{\"@type\":\"PropertyValueSpecification\",\"valueRequired\":true,\"valueName\":\"search_term_string\"}}],\"inLanguage\":\"en-GB\"},{\"@type\":\"Person\",\"@id\":\"https:\\\/\\\/www.prooptica.pt\\\/home\\\/#\\\/schema\\\/person\\\/1cbd826a9322a3c38a052e43d1638306\",\"name\":\"admin\",\"image\":{\"@type\":\"ImageObject\",\"inLanguage\":\"en-GB\",\"@id\":\"https:\\\/\\\/secure.gravatar.com\\\/avatar\\\/528c714482569d81724b02603aa719344e9ad7c0b50becf07272b2086b2c1cfd?s=96&d=mm&r=g\",\"url\":\"https:\\\/\\\/secure.gravatar.com\\\/avatar\\\/528c714482569d81724b02603aa719344e9ad7c0b50becf07272b2086b2c1cfd?s=96&d=mm&r=g\",\"contentUrl\":\"https:\\\/\\\/secure.gravatar.com\\\/avatar\\\/528c714482569d81724b02603aa719344e9ad7c0b50becf07272b2086b2c1cfd?s=96&d=mm&r=g\",\"caption\":\"admin\"},\"url\":\"https:\\\/\\\/www.prooptica.pt\\\/en\\\/author\\\/admin\\\/\"}]}<\/script>\n<!-- \/ Yoast SEO plugin. -->","yoast_head_json":{"title":"SOMOS PROOPTICA IBERIA | NEW PREVIEW 2025","description":"We are thrilled to share with you an exclusive video of what Prooptica has planned for 2025 in Spain!","robots":{"index":"index","follow":"follow","max-snippet":"max-snippet:-1","max-image-preview":"max-image-preview:large","max-video-preview":"max-video-preview:-1"},"canonical":"https:\/\/www.prooptica.pt\/en\/we-are-prooptica-iberia-new-preview-2025\/","og_locale":"en_GB","og_type":"article","og_title":"SOMOS PROOPTICA IBERIA | NUEVO PREVIEW 2025","og_description":"Estamos emocionados de compartir con vosotros un v\u00eddeo exclusivo de lo que Prooptica tiene planeado para 2025 en Espa\u00f1a!","og_url":"https:\/\/www.prooptica.pt\/en\/we-are-prooptica-iberia-new-preview-2025\/","og_site_name":"Prooptica","article_published_time":"2025-02-25T13:09:22+00:00","article_modified_time":"2025-05-08T11:31:31+00:00","og_image":[{"width":852,"height":514,"url":"https:\/\/www.prooptica.pt\/wp-content\/uploads\/2025\/01\/Preview-2025.jpg","type":"image\/jpeg"}],"author":"admin","twitter_card":"summary_large_image","twitter_misc":{"Written by":"admin","Estimated reading time":"1 minute"},"schema":{"@context":"https:\/\/schema.org","@graph":[{"@type":"Article","@id":"https:\/\/www.prooptica.pt\/somos-prooptica-iberia-nuevo-preview-2025\/#article","isPartOf":{"@id":"https:\/\/www.prooptica.pt\/somos-prooptica-iberia-nuevo-preview-2025\/"},"author":{"name":"admin","@id":"https:\/\/www.prooptica.pt\/home\/#\/schema\/person\/1cbd826a9322a3c38a052e43d1638306"},"headline":"SOMOS PROOPTICA IBERIA | NUEVO PREVIEW 2025","datePublished":"2025-02-25T13:09:22+00:00","dateModified":"2025-05-08T11:31:31+00:00","mainEntityOfPage":{"@id":"https:\/\/www.prooptica.pt\/somos-prooptica-iberia-nuevo-preview-2025\/"},"wordCount":140,"image":{"@id":"https:\/\/www.prooptica.pt\/somos-prooptica-iberia-nuevo-preview-2025\/#primaryimage"},"thumbnailUrl":"https:\/\/www.prooptica.pt\/wp-content\/uploads\/2025\/01\/Preview-2025.jpg","articleSection":["Institucional"],"inLanguage":"en-GB"},{"@type":"WebPage","@id":"https:\/\/www.prooptica.pt\/somos-prooptica-iberia-nuevo-preview-2025\/","url":"https:\/\/www.prooptica.pt\/somos-prooptica-iberia-nuevo-preview-2025\/","name":"SOMOS PROOPTICA IBERIA | NEW PREVIEW 2025","isPartOf":{"@id":"https:\/\/www.prooptica.pt\/home\/#website"},"primaryImageOfPage":{"@id":"https:\/\/www.prooptica.pt\/somos-prooptica-iberia-nuevo-preview-2025\/#primaryimage"},"image":{"@id":"https:\/\/www.prooptica.pt\/somos-prooptica-iberia-nuevo-preview-2025\/#primaryimage"},"thumbnailUrl":"https:\/\/www.prooptica.pt\/wp-content\/uploads\/2025\/01\/Preview-2025.jpg","datePublished":"2025-02-25T13:09:22+00:00","dateModified":"2025-05-08T11:31:31+00:00","author":{"@id":"https:\/\/www.prooptica.pt\/home\/#\/schema\/person\/1cbd826a9322a3c38a052e43d1638306"},"description":"We are thrilled to share with you an exclusive video of what Prooptica has planned for 2025 in Spain!","breadcrumb":{"@id":"https:\/\/www.prooptica.pt\/somos-prooptica-iberia-nuevo-preview-2025\/#breadcrumb"},"inLanguage":"en-GB","potentialAction":[{"@type":"ReadAction","target":["https:\/\/www.prooptica.pt\/somos-prooptica-iberia-nuevo-preview-2025\/"]}]},{"@type":"ImageObject","inLanguage":"en-GB","@id":"https:\/\/www.prooptica.pt\/somos-prooptica-iberia-nuevo-preview-2025\/#primaryimage","url":"https:\/\/www.prooptica.pt\/wp-content\/uploads\/2025\/01\/Preview-2025.jpg","contentUrl":"https:\/\/www.prooptica.pt\/wp-content\/uploads\/2025\/01\/Preview-2025.jpg","width":852,"height":514},{"@type":"BreadcrumbList","@id":"https:\/\/www.prooptica.pt\/somos-prooptica-iberia-nuevo-preview-2025\/#breadcrumb","itemListElement":[{"@type":"ListItem","position":1,"name":"In\u00edcio","item":"https:\/\/www.prooptica.pt\/"},{"@type":"ListItem","position":2,"name":"SOMOS PROOPTICA IBERIA | NUEVO PREVIEW 2025"}]},{"@type":"WebSite","@id":"https:\/\/www.prooptica.pt\/home\/#website","url":"https:\/\/www.prooptica.pt\/home\/","name":"Prooptica","description":"Full Eyewear Concept","potentialAction":[{"@type":"SearchAction","target":{"@type":"EntryPoint","urlTemplate":"https:\/\/www.prooptica.pt\/home\/?s={search_term_string}"},"query-input":{"@type":"PropertyValueSpecification","valueRequired":true,"valueName":"search_term_string"}}],"inLanguage":"en-GB"},{"@type":"Person","@id":"https:\/\/www.prooptica.pt\/home\/#\/schema\/person\/1cbd826a9322a3c38a052e43d1638306","name":"admin","image":{"@type":"ImageObject","inLanguage":"en-GB","@id":"https:\/\/secure.gravatar.com\/avatar\/528c714482569d81724b02603aa719344e9ad7c0b50becf07272b2086b2c1cfd?s=96&d=mm&r=g","url":"https:\/\/secure.gravatar.com\/avatar\/528c714482569d81724b02603aa719344e9ad7c0b50becf07272b2086b2c1cfd?s=96&d=mm&r=g","contentUrl":"https:\/\/secure.gravatar.com\/avatar\/528c714482569d81724b02603aa719344e9ad7c0b50becf07272b2086b2c1cfd?s=96&d=mm&r=g","caption":"admin"},"url":"https:\/\/www.prooptica.pt\/en\/author\/admin\/"}]}},"_links":{"self":[{"href":"https:\/\/www.prooptica.pt\/en\/wp-json\/wp\/v2\/posts\/21783","targetHints":{"allow":["GET"]}}],"collection":[{"href":"https:\/\/www.prooptica.pt\/en\/wp-json\/wp\/v2\/posts"}],"about":[{"href":"https:\/\/www.prooptica.pt\/en\/wp-json\/wp\/v2\/types\/post"}],"author":[{"embeddable":true,"href":"https:\/\/www.prooptica.pt\/en\/wp-json\/wp\/v2\/users\/2"}],"replies":[{"embeddable":true,"href":"https:\/\/www.prooptica.pt\/en\/wp-json\/wp\/v2\/comments?post=21783"}],"version-history":[{"count":1,"href":"https:\/\/www.prooptica.pt\/en\/wp-json\/wp\/v2\/posts\/21783\/revisions"}],"predecessor-version":[{"id":21784,"href":"https:\/\/www.prooptica.pt\/en\/wp-json\/wp\/v2\/posts\/21783\/revisions\/21784"}],"wp:featuredmedia":[{"embeddable":true,"href":"https:\/\/www.prooptica.pt\/en\/wp-json\/wp\/v2\/media\/21525"}],"wp:attachment":[{"href":"https:\/\/www.prooptica.pt\/en\/wp-json\/wp\/v2\/media?parent=21783"}],"wp:term":[{"taxonomy":"category","embeddable":true,"href":"https:\/\/www.prooptica.pt\/en\/wp-json\/wp\/v2\/categories?post=21783"},{"taxonomy":"post_tag","embeddable":true,"href":"https:\/\/www.prooptica.pt\/en\/wp-json\/wp\/v2\/tags?post=21783"}],"curies":[{"name":"wp","href":"https:\/\/api.w.org\/{rel}","templated":true}]}}