{"id":21792,"date":"2025-02-28T10:11:59","date_gmt":"2025-02-28T10:11:59","guid":{"rendered":"https:\/\/www.prooptica.pt\/?p=21792"},"modified":"2025-02-28T10:15:20","modified_gmt":"2025-02-28T10:15:20","slug":"world-energy-efficiency-day-the-commitment-of-architecture","status":"publish","type":"post","link":"https:\/\/www.prooptica.pt\/en\/dia-mundial-da-eficiencia-energetica-o-compromisso-da-arquitetura\/","title":{"rendered":"World Energy Efficiency Day | Architecture's Commitment"},"content":{"rendered":"<p>On World Energy Efficiency Day, celebrated on 5 March, we should reflect on how sustainability and the conscious use of resources have become fundamental pillars in the design and architecture industries. This day not only serves to recognise the progress that has been made, but also to reaffirm the commitment of professionals and companies to practices that respect and protect our planet.<\/p>\n<p>Energy efficiency, which refers to the effective and rational use of energy, involves implementing technologies and methods that reduce energy consumption without compromising quality of life. In design + architecture, this translates into creating spaces that are not only aesthetically pleasing, but also energy efficient and sustainable in the long term.<\/p>\n<p>Our design + architecture team is constantly concerned with energy efficiency. From the conceptual stage to the final execution of projects, we incorporate strategies that minimise the environmental impact of buildings. Whenever possible, this involves choosing sustainable materials, making the most of natural light and using innovative technologies that guarantee greater energy efficiency.<\/p>\n<p>World Energy Efficiency Day is an opportunity to highlight these initiatives and remember that every choice in the design and construction process can contribute to a more sustainable future. In our design + architecture area, we remain committed to leading by example, showing that it is possible to combine aesthetic innovation with energy performance.<\/p>\n<p>By emphasising the importance of energy efficiency in our projects, we not only respond to regulatory requirements and customer expectations, but also reinforce our active role in protecting the environment. Celebrating this day is a reminder that together we can build a more efficient and sustainable world for future generations.<\/p>","protected":false},"excerpt":{"rendered":"<p>No Dia Mundial da Efici\u00eancia Energ\u00e9tica, celebrado a 5 de mar\u00e7o, devemos refletir sobre como a sustentabilidade e o uso consciente de recursos se tornaram pilares fundamentais nas ind\u00fastrias de design e arquitetura. Este dia n\u00e3o serve apenas para reconhecer os avan\u00e7os alcan\u00e7ados, mas tamb\u00e9m para reafirmar o compromisso de profissionais e empresas, com pr\u00e1ticas [&hellip;]<\/p>\n","protected":false},"author":2,"featured_media":21794,"comment_status":"closed","ping_status":"closed","sticky":false,"template":"","format":"standard","meta":{"footnotes":""},"categories":[41,197],"tags":[],"class_list":["post-21792","post","type-post","status-publish","format-standard","has-post-thumbnail","hentry","category-design-arquitetura","category-sustentabilidade"],"yoast_head":"<!-- This site is optimized with the Yoast SEO plugin v27.5 - https:\/\/yoast.com\/product\/yoast-seo-wordpress\/ -->\n<title>Dia Mundial da Efici\u00eancia Energ\u00e9tica<\/title>\n<meta name=\"description\" content=\"Na nossa \u00e1rea de design+arquitetura, continuamos comprometidos em mostrar que \u00e9 poss\u00edvel aliar a inova\u00e7\u00e3o est\u00e9tica ao desempenho energ\u00e9tico.\" \/>\n<meta name=\"robots\" content=\"index, follow, max-snippet:-1, max-image-preview:large, max-video-preview:-1\" \/>\n<link rel=\"canonical\" href=\"https:\/\/www.prooptica.pt\/en\/world-energy-efficiency-day-the-commitment-of-architecture\/\" \/>\n<meta property=\"og:locale\" content=\"en_GB\" \/>\n<meta property=\"og:type\" content=\"article\" \/>\n<meta property=\"og:title\" content=\"Dia Mundial da Efici\u00eancia Energ\u00e9tica\" \/>\n<meta property=\"og:description\" content=\"Na nossa \u00e1rea de design+arquitetura, continuamos comprometidos em mostrar que \u00e9 poss\u00edvel aliar a inova\u00e7\u00e3o est\u00e9tica ao desempenho energ\u00e9tico.\" \/>\n<meta property=\"og:url\" content=\"https:\/\/www.prooptica.pt\/en\/world-energy-efficiency-day-the-commitment-of-architecture\/\" \/>\n<meta property=\"og:site_name\" content=\"Prooptica\" \/>\n<meta property=\"article:published_time\" content=\"2025-02-28T10:11:59+00:00\" \/>\n<meta property=\"article:modified_time\" content=\"2025-02-28T10:15:20+00:00\" \/>\n<meta property=\"og:image\" content=\"https:\/\/www.prooptica.pt\/wp-content\/uploads\/2025\/02\/Capa-artigo-blog-6.jpg\" \/>\n\t<meta property=\"og:image:width\" content=\"852\" \/>\n\t<meta property=\"og:image:height\" content=\"514\" \/>\n\t<meta property=\"og:image:type\" content=\"image\/jpeg\" \/>\n<meta name=\"author\" content=\"admin\" \/>\n<meta name=\"twitter:card\" content=\"summary_large_image\" \/>\n<meta name=\"twitter:label1\" content=\"Written by\" \/>\n\t<meta name=\"twitter:data1\" content=\"admin\" \/>\n\t<meta name=\"twitter:label2\" content=\"Estimated reading time\" \/>\n\t<meta name=\"twitter:data2\" content=\"2 minutes\" \/>\n<script type=\"application\/ld+json\" class=\"yoast-schema-graph\">{\"@context\":\"https:\\\/\\\/schema.org\",\"@graph\":[{\"@type\":\"Article\",\"@id\":\"https:\\\/\\\/www.prooptica.pt\\\/dia-mundial-da-eficiencia-energetica-o-compromisso-da-arquitetura\\\/#article\",\"isPartOf\":{\"@id\":\"https:\\\/\\\/www.prooptica.pt\\\/dia-mundial-da-eficiencia-energetica-o-compromisso-da-arquitetura\\\/\"},\"author\":{\"name\":\"admin\",\"@id\":\"https:\\\/\\\/www.prooptica.pt\\\/home\\\/#\\\/schema\\\/person\\\/1cbd826a9322a3c38a052e43d1638306\"},\"headline\":\"Dia Mundial da Efici\u00eancia Energ\u00e9tica | O Compromisso da Arquitetura\",\"datePublished\":\"2025-02-28T10:11:59+00:00\",\"dateModified\":\"2025-02-28T10:15:20+00:00\",\"mainEntityOfPage\":{\"@id\":\"https:\\\/\\\/www.prooptica.pt\\\/dia-mundial-da-eficiencia-energetica-o-compromisso-da-arquitetura\\\/\"},\"wordCount\":339,\"image\":{\"@id\":\"https:\\\/\\\/www.prooptica.pt\\\/dia-mundial-da-eficiencia-energetica-o-compromisso-da-arquitetura\\\/#primaryimage\"},\"thumbnailUrl\":\"https:\\\/\\\/www.prooptica.pt\\\/wp-content\\\/uploads\\\/2025\\\/02\\\/Capa-artigo-blog-6.jpg\",\"articleSection\":[\"Design + Arquitetura\",\"Sustentabilidade\"],\"inLanguage\":\"en-GB\"},{\"@type\":\"WebPage\",\"@id\":\"https:\\\/\\\/www.prooptica.pt\\\/dia-mundial-da-eficiencia-energetica-o-compromisso-da-arquitetura\\\/\",\"url\":\"https:\\\/\\\/www.prooptica.pt\\\/dia-mundial-da-eficiencia-energetica-o-compromisso-da-arquitetura\\\/\",\"name\":\"Dia Mundial da Efici\u00eancia Energ\u00e9tica\",\"isPartOf\":{\"@id\":\"https:\\\/\\\/www.prooptica.pt\\\/home\\\/#website\"},\"primaryImageOfPage\":{\"@id\":\"https:\\\/\\\/www.prooptica.pt\\\/dia-mundial-da-eficiencia-energetica-o-compromisso-da-arquitetura\\\/#primaryimage\"},\"image\":{\"@id\":\"https:\\\/\\\/www.prooptica.pt\\\/dia-mundial-da-eficiencia-energetica-o-compromisso-da-arquitetura\\\/#primaryimage\"},\"thumbnailUrl\":\"https:\\\/\\\/www.prooptica.pt\\\/wp-content\\\/uploads\\\/2025\\\/02\\\/Capa-artigo-blog-6.jpg\",\"datePublished\":\"2025-02-28T10:11:59+00:00\",\"dateModified\":\"2025-02-28T10:15:20+00:00\",\"author\":{\"@id\":\"https:\\\/\\\/www.prooptica.pt\\\/home\\\/#\\\/schema\\\/person\\\/1cbd826a9322a3c38a052e43d1638306\"},\"description\":\"Na nossa \u00e1rea de design+arquitetura, continuamos comprometidos em mostrar que \u00e9 poss\u00edvel aliar a inova\u00e7\u00e3o est\u00e9tica ao desempenho energ\u00e9tico.\",\"breadcrumb\":{\"@id\":\"https:\\\/\\\/www.prooptica.pt\\\/dia-mundial-da-eficiencia-energetica-o-compromisso-da-arquitetura\\\/#breadcrumb\"},\"inLanguage\":\"en-GB\",\"potentialAction\":[{\"@type\":\"ReadAction\",\"target\":[\"https:\\\/\\\/www.prooptica.pt\\\/dia-mundial-da-eficiencia-energetica-o-compromisso-da-arquitetura\\\/\"]}]},{\"@type\":\"ImageObject\",\"inLanguage\":\"en-GB\",\"@id\":\"https:\\\/\\\/www.prooptica.pt\\\/dia-mundial-da-eficiencia-energetica-o-compromisso-da-arquitetura\\\/#primaryimage\",\"url\":\"https:\\\/\\\/www.prooptica.pt\\\/wp-content\\\/uploads\\\/2025\\\/02\\\/Capa-artigo-blog-6.jpg\",\"contentUrl\":\"https:\\\/\\\/www.prooptica.pt\\\/wp-content\\\/uploads\\\/2025\\\/02\\\/Capa-artigo-blog-6.jpg\",\"width\":852,\"height\":514},{\"@type\":\"BreadcrumbList\",\"@id\":\"https:\\\/\\\/www.prooptica.pt\\\/dia-mundial-da-eficiencia-energetica-o-compromisso-da-arquitetura\\\/#breadcrumb\",\"itemListElement\":[{\"@type\":\"ListItem\",\"position\":1,\"name\":\"In\u00edcio\",\"item\":\"https:\\\/\\\/www.prooptica.pt\\\/\"},{\"@type\":\"ListItem\",\"position\":2,\"name\":\"Dia Mundial da Efici\u00eancia Energ\u00e9tica | O Compromisso da Arquitetura\"}]},{\"@type\":\"WebSite\",\"@id\":\"https:\\\/\\\/www.prooptica.pt\\\/home\\\/#website\",\"url\":\"https:\\\/\\\/www.prooptica.pt\\\/home\\\/\",\"name\":\"Prooptica\",\"description\":\"Full Eyewear Concept\",\"potentialAction\":[{\"@type\":\"SearchAction\",\"target\":{\"@type\":\"EntryPoint\",\"urlTemplate\":\"https:\\\/\\\/www.prooptica.pt\\\/home\\\/?s={search_term_string}\"},\"query-input\":{\"@type\":\"PropertyValueSpecification\",\"valueRequired\":true,\"valueName\":\"search_term_string\"}}],\"inLanguage\":\"en-GB\"},{\"@type\":\"Person\",\"@id\":\"https:\\\/\\\/www.prooptica.pt\\\/home\\\/#\\\/schema\\\/person\\\/1cbd826a9322a3c38a052e43d1638306\",\"name\":\"admin\",\"image\":{\"@type\":\"ImageObject\",\"inLanguage\":\"en-GB\",\"@id\":\"https:\\\/\\\/secure.gravatar.com\\\/avatar\\\/528c714482569d81724b02603aa719344e9ad7c0b50becf07272b2086b2c1cfd?s=96&d=mm&r=g\",\"url\":\"https:\\\/\\\/secure.gravatar.com\\\/avatar\\\/528c714482569d81724b02603aa719344e9ad7c0b50becf07272b2086b2c1cfd?s=96&d=mm&r=g\",\"contentUrl\":\"https:\\\/\\\/secure.gravatar.com\\\/avatar\\\/528c714482569d81724b02603aa719344e9ad7c0b50becf07272b2086b2c1cfd?s=96&d=mm&r=g\",\"caption\":\"admin\"},\"url\":\"https:\\\/\\\/www.prooptica.pt\\\/en\\\/author\\\/admin\\\/\"}]}<\/script>\n<!-- \/ Yoast SEO plugin. -->","yoast_head_json":{"title":"World Energy Efficiency Day","description":"In our design+architecture area, we remain committed to showing that it is possible to combine aesthetic innovation with energy performance.","robots":{"index":"index","follow":"follow","max-snippet":"max-snippet:-1","max-image-preview":"max-image-preview:large","max-video-preview":"max-video-preview:-1"},"canonical":"https:\/\/www.prooptica.pt\/en\/world-energy-efficiency-day-the-commitment-of-architecture\/","og_locale":"en_GB","og_type":"article","og_title":"Dia Mundial da Efici\u00eancia Energ\u00e9tica","og_description":"Na nossa \u00e1rea de design+arquitetura, continuamos comprometidos em mostrar que \u00e9 poss\u00edvel aliar a inova\u00e7\u00e3o est\u00e9tica ao desempenho energ\u00e9tico.","og_url":"https:\/\/www.prooptica.pt\/en\/world-energy-efficiency-day-the-commitment-of-architecture\/","og_site_name":"Prooptica","article_published_time":"2025-02-28T10:11:59+00:00","article_modified_time":"2025-02-28T10:15:20+00:00","og_image":[{"width":852,"height":514,"url":"https:\/\/www.prooptica.pt\/wp-content\/uploads\/2025\/02\/Capa-artigo-blog-6.jpg","type":"image\/jpeg"}],"author":"admin","twitter_card":"summary_large_image","twitter_misc":{"Written by":"admin","Estimated reading time":"2 minutes"},"schema":{"@context":"https:\/\/schema.org","@graph":[{"@type":"Article","@id":"https:\/\/www.prooptica.pt\/dia-mundial-da-eficiencia-energetica-o-compromisso-da-arquitetura\/#article","isPartOf":{"@id":"https:\/\/www.prooptica.pt\/dia-mundial-da-eficiencia-energetica-o-compromisso-da-arquitetura\/"},"author":{"name":"admin","@id":"https:\/\/www.prooptica.pt\/home\/#\/schema\/person\/1cbd826a9322a3c38a052e43d1638306"},"headline":"Dia Mundial da Efici\u00eancia Energ\u00e9tica | O Compromisso da Arquitetura","datePublished":"2025-02-28T10:11:59+00:00","dateModified":"2025-02-28T10:15:20+00:00","mainEntityOfPage":{"@id":"https:\/\/www.prooptica.pt\/dia-mundial-da-eficiencia-energetica-o-compromisso-da-arquitetura\/"},"wordCount":339,"image":{"@id":"https:\/\/www.prooptica.pt\/dia-mundial-da-eficiencia-energetica-o-compromisso-da-arquitetura\/#primaryimage"},"thumbnailUrl":"https:\/\/www.prooptica.pt\/wp-content\/uploads\/2025\/02\/Capa-artigo-blog-6.jpg","articleSection":["Design + Arquitetura","Sustentabilidade"],"inLanguage":"en-GB"},{"@type":"WebPage","@id":"https:\/\/www.prooptica.pt\/dia-mundial-da-eficiencia-energetica-o-compromisso-da-arquitetura\/","url":"https:\/\/www.prooptica.pt\/dia-mundial-da-eficiencia-energetica-o-compromisso-da-arquitetura\/","name":"World Energy Efficiency Day","isPartOf":{"@id":"https:\/\/www.prooptica.pt\/home\/#website"},"primaryImageOfPage":{"@id":"https:\/\/www.prooptica.pt\/dia-mundial-da-eficiencia-energetica-o-compromisso-da-arquitetura\/#primaryimage"},"image":{"@id":"https:\/\/www.prooptica.pt\/dia-mundial-da-eficiencia-energetica-o-compromisso-da-arquitetura\/#primaryimage"},"thumbnailUrl":"https:\/\/www.prooptica.pt\/wp-content\/uploads\/2025\/02\/Capa-artigo-blog-6.jpg","datePublished":"2025-02-28T10:11:59+00:00","dateModified":"2025-02-28T10:15:20+00:00","author":{"@id":"https:\/\/www.prooptica.pt\/home\/#\/schema\/person\/1cbd826a9322a3c38a052e43d1638306"},"description":"In our design+architecture area, we remain committed to showing that it is possible to combine aesthetic innovation with energy performance.","breadcrumb":{"@id":"https:\/\/www.prooptica.pt\/dia-mundial-da-eficiencia-energetica-o-compromisso-da-arquitetura\/#breadcrumb"},"inLanguage":"en-GB","potentialAction":[{"@type":"ReadAction","target":["https:\/\/www.prooptica.pt\/dia-mundial-da-eficiencia-energetica-o-compromisso-da-arquitetura\/"]}]},{"@type":"ImageObject","inLanguage":"en-GB","@id":"https:\/\/www.prooptica.pt\/dia-mundial-da-eficiencia-energetica-o-compromisso-da-arquitetura\/#primaryimage","url":"https:\/\/www.prooptica.pt\/wp-content\/uploads\/2025\/02\/Capa-artigo-blog-6.jpg","contentUrl":"https:\/\/www.prooptica.pt\/wp-content\/uploads\/2025\/02\/Capa-artigo-blog-6.jpg","width":852,"height":514},{"@type":"BreadcrumbList","@id":"https:\/\/www.prooptica.pt\/dia-mundial-da-eficiencia-energetica-o-compromisso-da-arquitetura\/#breadcrumb","itemListElement":[{"@type":"ListItem","position":1,"name":"In\u00edcio","item":"https:\/\/www.prooptica.pt\/"},{"@type":"ListItem","position":2,"name":"Dia Mundial da Efici\u00eancia Energ\u00e9tica | O Compromisso da Arquitetura"}]},{"@type":"WebSite","@id":"https:\/\/www.prooptica.pt\/home\/#website","url":"https:\/\/www.prooptica.pt\/home\/","name":"Prooptica","description":"Full Eyewear Concept","potentialAction":[{"@type":"SearchAction","target":{"@type":"EntryPoint","urlTemplate":"https:\/\/www.prooptica.pt\/home\/?s={search_term_string}"},"query-input":{"@type":"PropertyValueSpecification","valueRequired":true,"valueName":"search_term_string"}}],"inLanguage":"en-GB"},{"@type":"Person","@id":"https:\/\/www.prooptica.pt\/home\/#\/schema\/person\/1cbd826a9322a3c38a052e43d1638306","name":"admin","image":{"@type":"ImageObject","inLanguage":"en-GB","@id":"https:\/\/secure.gravatar.com\/avatar\/528c714482569d81724b02603aa719344e9ad7c0b50becf07272b2086b2c1cfd?s=96&d=mm&r=g","url":"https:\/\/secure.gravatar.com\/avatar\/528c714482569d81724b02603aa719344e9ad7c0b50becf07272b2086b2c1cfd?s=96&d=mm&r=g","contentUrl":"https:\/\/secure.gravatar.com\/avatar\/528c714482569d81724b02603aa719344e9ad7c0b50becf07272b2086b2c1cfd?s=96&d=mm&r=g","caption":"admin"},"url":"https:\/\/www.prooptica.pt\/en\/author\/admin\/"}]}},"_links":{"self":[{"href":"https:\/\/www.prooptica.pt\/en\/wp-json\/wp\/v2\/posts\/21792","targetHints":{"allow":["GET"]}}],"collection":[{"href":"https:\/\/www.prooptica.pt\/en\/wp-json\/wp\/v2\/posts"}],"about":[{"href":"https:\/\/www.prooptica.pt\/en\/wp-json\/wp\/v2\/types\/post"}],"author":[{"embeddable":true,"href":"https:\/\/www.prooptica.pt\/en\/wp-json\/wp\/v2\/users\/2"}],"replies":[{"embeddable":true,"href":"https:\/\/www.prooptica.pt\/en\/wp-json\/wp\/v2\/comments?post=21792"}],"version-history":[{"count":3,"href":"https:\/\/www.prooptica.pt\/en\/wp-json\/wp\/v2\/posts\/21792\/revisions"}],"predecessor-version":[{"id":21797,"href":"https:\/\/www.prooptica.pt\/en\/wp-json\/wp\/v2\/posts\/21792\/revisions\/21797"}],"wp:featuredmedia":[{"embeddable":true,"href":"https:\/\/www.prooptica.pt\/en\/wp-json\/wp\/v2\/media\/21794"}],"wp:attachment":[{"href":"https:\/\/www.prooptica.pt\/en\/wp-json\/wp\/v2\/media?parent=21792"}],"wp:term":[{"taxonomy":"category","embeddable":true,"href":"https:\/\/www.prooptica.pt\/en\/wp-json\/wp\/v2\/categories?post=21792"},{"taxonomy":"post_tag","embeddable":true,"href":"https:\/\/www.prooptica.pt\/en\/wp-json\/wp\/v2\/tags?post=21792"}],"curies":[{"name":"wp","href":"https:\/\/api.w.org\/{rel}","templated":true}]}}