{"id":21864,"date":"2025-03-14T12:02:38","date_gmt":"2025-03-14T12:02:38","guid":{"rendered":"https:\/\/www.prooptica.pt\/?p=21864"},"modified":"2025-03-14T12:02:38","modified_gmt":"2025-03-14T12:02:38","slug":"international-glaucoma-awareness-and-prevention-day","status":"publish","type":"post","link":"https:\/\/www.prooptica.pt\/en\/dia-internacional-do-glaucoma-consciencializacao-e-prevencao\/","title":{"rendered":"International Glaucoma Day | Awareness and Prevention"},"content":{"rendered":"<p>International Glaucoma Day is a crucial date dedicated to raising awareness about one of the main causes of irreversible blindness worldwide. This day serves as a reminder of the importance of learning more about glaucoma, an eye condition that affects the optic nerve and which, if not diagnosed and treated in time, can lead to permanent loss of vision.<\/p>\n<p>Glaucoma is often nicknamed the \"silent thief of sight\" because, in most cases, it doesn't show obvious symptoms until advanced stages. This is why prevention through regular eye examinations is essential. When detected early, it is possible to control the disease with specific treatments and preserve vision over time.<\/p>\n<p>There are different types of glaucoma, with primary open-angle glaucoma being the most common and, at the same time, the most insidious. People over the age of 40, with a family history of glaucoma, diabetes, high blood pressure or belonging to certain ethnic groups should be especially vigilant.<\/p>\n<p>This International Glaucoma Day, various health organisations around the world are joining forces to inform the public about risk factors, ways of diagnosing and the importance of regular surveillance. These initiatives are essential to raise awareness of the impact of this disease and to emphasise how early diagnosis can make a difference to patients' quality of life.<\/p>\n<p>Scientific research continues to be a pillar in this fight, with scientists committed to developing new, more effective and less invasive treatments. Although there is still no definitive cure for glaucoma, therapeutic advances have made it possible to significantly improve control of the disease and the quality of life of those affected.<\/p>\n<p>On this International Glaucoma Day, we invite everyone to find out more about this condition and book a routine eye examination. Protecting your sight starts with prevention.<\/p>","protected":false},"excerpt":{"rendered":"<p>O Dia Internacional do Glaucoma \u00e9 uma data crucial dedicada a aumentar a consciencializa\u00e7\u00e3o sobre uma das principais causas de cegueira irrevers\u00edvel a n\u00edvel mundial. Este dia serve como um alerta da import\u00e2ncia de conhecer melhor o glaucoma, uma patologia ocular que afeta o nervo \u00f3tico e que, se n\u00e3o for diagnosticada e tratada atempadamente, [&hellip;]<\/p>\n","protected":false},"author":2,"featured_media":21868,"comment_status":"closed","ping_status":"closed","sticky":false,"template":"","format":"standard","meta":{"footnotes":""},"categories":[238],"tags":[],"class_list":["post-21864","post","type-post","status-publish","format-standard","has-post-thumbnail","hentry","category-insight"],"yoast_head":"<!-- This site is optimized with the Yoast SEO plugin v27.5 - https:\/\/yoast.com\/product\/yoast-seo-wordpress\/ -->\n<title>Dia Internacional do Glaucoma | Consciencializa\u00e7\u00e3o e Preven\u00e7\u00e3o<\/title>\n<meta name=\"description\" content=\"Neste Dia Internacional do Glaucoma, convidamos todos a informarem-se sobre esta condi\u00e7\u00e3o e a marcarem um exame ocular de rotina.\" \/>\n<meta name=\"robots\" content=\"index, follow, max-snippet:-1, max-image-preview:large, max-video-preview:-1\" \/>\n<link rel=\"canonical\" href=\"https:\/\/www.prooptica.pt\/en\/international-glaucoma-awareness-and-prevention-day\/\" \/>\n<meta property=\"og:locale\" content=\"en_GB\" \/>\n<meta property=\"og:type\" content=\"article\" \/>\n<meta property=\"og:title\" content=\"Dia Internacional do Glaucoma | Consciencializa\u00e7\u00e3o e Preven\u00e7\u00e3o\" \/>\n<meta property=\"og:description\" content=\"Neste Dia Internacional do Glaucoma, convidamos todos a informarem-se sobre esta condi\u00e7\u00e3o e a marcarem um exame ocular de rotina.\" \/>\n<meta property=\"og:url\" content=\"https:\/\/www.prooptica.pt\/en\/international-glaucoma-awareness-and-prevention-day\/\" \/>\n<meta property=\"og:site_name\" content=\"Prooptica\" \/>\n<meta property=\"article:published_time\" content=\"2025-03-14T12:02:38+00:00\" \/>\n<meta property=\"og:image\" content=\"https:\/\/www.prooptica.pt\/wp-content\/uploads\/2025\/03\/Capa-artigo-blog-2.jpg\" \/>\n\t<meta property=\"og:image:width\" content=\"852\" \/>\n\t<meta property=\"og:image:height\" content=\"514\" \/>\n\t<meta property=\"og:image:type\" content=\"image\/jpeg\" \/>\n<meta name=\"author\" content=\"admin\" \/>\n<meta name=\"twitter:card\" content=\"summary_large_image\" \/>\n<meta name=\"twitter:label1\" content=\"Written by\" \/>\n\t<meta name=\"twitter:data1\" content=\"admin\" \/>\n\t<meta name=\"twitter:label2\" content=\"Estimated reading time\" \/>\n\t<meta name=\"twitter:data2\" content=\"2 minutes\" \/>\n<script type=\"application\/ld+json\" class=\"yoast-schema-graph\">{\"@context\":\"https:\\\/\\\/schema.org\",\"@graph\":[{\"@type\":\"Article\",\"@id\":\"https:\\\/\\\/www.prooptica.pt\\\/dia-internacional-do-glaucoma-consciencializacao-e-prevencao\\\/#article\",\"isPartOf\":{\"@id\":\"https:\\\/\\\/www.prooptica.pt\\\/dia-internacional-do-glaucoma-consciencializacao-e-prevencao\\\/\"},\"author\":{\"name\":\"admin\",\"@id\":\"https:\\\/\\\/www.prooptica.pt\\\/home\\\/#\\\/schema\\\/person\\\/1cbd826a9322a3c38a052e43d1638306\"},\"headline\":\"Dia Internacional do Glaucoma | Consciencializa\u00e7\u00e3o e Preven\u00e7\u00e3o\",\"datePublished\":\"2025-03-14T12:02:38+00:00\",\"mainEntityOfPage\":{\"@id\":\"https:\\\/\\\/www.prooptica.pt\\\/dia-internacional-do-glaucoma-consciencializacao-e-prevencao\\\/\"},\"wordCount\":347,\"image\":{\"@id\":\"https:\\\/\\\/www.prooptica.pt\\\/dia-internacional-do-glaucoma-consciencializacao-e-prevencao\\\/#primaryimage\"},\"thumbnailUrl\":\"https:\\\/\\\/www.prooptica.pt\\\/wp-content\\\/uploads\\\/2025\\\/03\\\/Capa-artigo-blog-2.jpg\",\"articleSection\":[\"Insight\"],\"inLanguage\":\"en-GB\"},{\"@type\":\"WebPage\",\"@id\":\"https:\\\/\\\/www.prooptica.pt\\\/dia-internacional-do-glaucoma-consciencializacao-e-prevencao\\\/\",\"url\":\"https:\\\/\\\/www.prooptica.pt\\\/dia-internacional-do-glaucoma-consciencializacao-e-prevencao\\\/\",\"name\":\"Dia Internacional do Glaucoma | Consciencializa\u00e7\u00e3o e Preven\u00e7\u00e3o\",\"isPartOf\":{\"@id\":\"https:\\\/\\\/www.prooptica.pt\\\/home\\\/#website\"},\"primaryImageOfPage\":{\"@id\":\"https:\\\/\\\/www.prooptica.pt\\\/dia-internacional-do-glaucoma-consciencializacao-e-prevencao\\\/#primaryimage\"},\"image\":{\"@id\":\"https:\\\/\\\/www.prooptica.pt\\\/dia-internacional-do-glaucoma-consciencializacao-e-prevencao\\\/#primaryimage\"},\"thumbnailUrl\":\"https:\\\/\\\/www.prooptica.pt\\\/wp-content\\\/uploads\\\/2025\\\/03\\\/Capa-artigo-blog-2.jpg\",\"datePublished\":\"2025-03-14T12:02:38+00:00\",\"author\":{\"@id\":\"https:\\\/\\\/www.prooptica.pt\\\/home\\\/#\\\/schema\\\/person\\\/1cbd826a9322a3c38a052e43d1638306\"},\"description\":\"Neste Dia Internacional do Glaucoma, convidamos todos a informarem-se sobre esta condi\u00e7\u00e3o e a marcarem um exame ocular de rotina.\",\"breadcrumb\":{\"@id\":\"https:\\\/\\\/www.prooptica.pt\\\/dia-internacional-do-glaucoma-consciencializacao-e-prevencao\\\/#breadcrumb\"},\"inLanguage\":\"en-GB\",\"potentialAction\":[{\"@type\":\"ReadAction\",\"target\":[\"https:\\\/\\\/www.prooptica.pt\\\/dia-internacional-do-glaucoma-consciencializacao-e-prevencao\\\/\"]}]},{\"@type\":\"ImageObject\",\"inLanguage\":\"en-GB\",\"@id\":\"https:\\\/\\\/www.prooptica.pt\\\/dia-internacional-do-glaucoma-consciencializacao-e-prevencao\\\/#primaryimage\",\"url\":\"https:\\\/\\\/www.prooptica.pt\\\/wp-content\\\/uploads\\\/2025\\\/03\\\/Capa-artigo-blog-2.jpg\",\"contentUrl\":\"https:\\\/\\\/www.prooptica.pt\\\/wp-content\\\/uploads\\\/2025\\\/03\\\/Capa-artigo-blog-2.jpg\",\"width\":852,\"height\":514},{\"@type\":\"BreadcrumbList\",\"@id\":\"https:\\\/\\\/www.prooptica.pt\\\/dia-internacional-do-glaucoma-consciencializacao-e-prevencao\\\/#breadcrumb\",\"itemListElement\":[{\"@type\":\"ListItem\",\"position\":1,\"name\":\"In\u00edcio\",\"item\":\"https:\\\/\\\/www.prooptica.pt\\\/\"},{\"@type\":\"ListItem\",\"position\":2,\"name\":\"Dia Internacional do Glaucoma | Consciencializa\u00e7\u00e3o e Preven\u00e7\u00e3o\"}]},{\"@type\":\"WebSite\",\"@id\":\"https:\\\/\\\/www.prooptica.pt\\\/home\\\/#website\",\"url\":\"https:\\\/\\\/www.prooptica.pt\\\/home\\\/\",\"name\":\"Prooptica\",\"description\":\"Full Eyewear Concept\",\"potentialAction\":[{\"@type\":\"SearchAction\",\"target\":{\"@type\":\"EntryPoint\",\"urlTemplate\":\"https:\\\/\\\/www.prooptica.pt\\\/home\\\/?s={search_term_string}\"},\"query-input\":{\"@type\":\"PropertyValueSpecification\",\"valueRequired\":true,\"valueName\":\"search_term_string\"}}],\"inLanguage\":\"en-GB\"},{\"@type\":\"Person\",\"@id\":\"https:\\\/\\\/www.prooptica.pt\\\/home\\\/#\\\/schema\\\/person\\\/1cbd826a9322a3c38a052e43d1638306\",\"name\":\"admin\",\"image\":{\"@type\":\"ImageObject\",\"inLanguage\":\"en-GB\",\"@id\":\"https:\\\/\\\/secure.gravatar.com\\\/avatar\\\/528c714482569d81724b02603aa719344e9ad7c0b50becf07272b2086b2c1cfd?s=96&d=mm&r=g\",\"url\":\"https:\\\/\\\/secure.gravatar.com\\\/avatar\\\/528c714482569d81724b02603aa719344e9ad7c0b50becf07272b2086b2c1cfd?s=96&d=mm&r=g\",\"contentUrl\":\"https:\\\/\\\/secure.gravatar.com\\\/avatar\\\/528c714482569d81724b02603aa719344e9ad7c0b50becf07272b2086b2c1cfd?s=96&d=mm&r=g\",\"caption\":\"admin\"},\"url\":\"https:\\\/\\\/www.prooptica.pt\\\/en\\\/author\\\/admin\\\/\"}]}<\/script>\n<!-- \/ Yoast SEO plugin. -->","yoast_head_json":{"title":"International Glaucoma Day | Awareness and Prevention","description":"On this International Glaucoma Day, we invite everyone to find out more about this condition and book a routine eye examination.","robots":{"index":"index","follow":"follow","max-snippet":"max-snippet:-1","max-image-preview":"max-image-preview:large","max-video-preview":"max-video-preview:-1"},"canonical":"https:\/\/www.prooptica.pt\/en\/international-glaucoma-awareness-and-prevention-day\/","og_locale":"en_GB","og_type":"article","og_title":"Dia Internacional do Glaucoma | Consciencializa\u00e7\u00e3o e Preven\u00e7\u00e3o","og_description":"Neste Dia Internacional do Glaucoma, convidamos todos a informarem-se sobre esta condi\u00e7\u00e3o e a marcarem um exame ocular de rotina.","og_url":"https:\/\/www.prooptica.pt\/en\/international-glaucoma-awareness-and-prevention-day\/","og_site_name":"Prooptica","article_published_time":"2025-03-14T12:02:38+00:00","og_image":[{"width":852,"height":514,"url":"https:\/\/www.prooptica.pt\/wp-content\/uploads\/2025\/03\/Capa-artigo-blog-2.jpg","type":"image\/jpeg"}],"author":"admin","twitter_card":"summary_large_image","twitter_misc":{"Written by":"admin","Estimated reading time":"2 minutes"},"schema":{"@context":"https:\/\/schema.org","@graph":[{"@type":"Article","@id":"https:\/\/www.prooptica.pt\/dia-internacional-do-glaucoma-consciencializacao-e-prevencao\/#article","isPartOf":{"@id":"https:\/\/www.prooptica.pt\/dia-internacional-do-glaucoma-consciencializacao-e-prevencao\/"},"author":{"name":"admin","@id":"https:\/\/www.prooptica.pt\/home\/#\/schema\/person\/1cbd826a9322a3c38a052e43d1638306"},"headline":"Dia Internacional do Glaucoma | Consciencializa\u00e7\u00e3o e Preven\u00e7\u00e3o","datePublished":"2025-03-14T12:02:38+00:00","mainEntityOfPage":{"@id":"https:\/\/www.prooptica.pt\/dia-internacional-do-glaucoma-consciencializacao-e-prevencao\/"},"wordCount":347,"image":{"@id":"https:\/\/www.prooptica.pt\/dia-internacional-do-glaucoma-consciencializacao-e-prevencao\/#primaryimage"},"thumbnailUrl":"https:\/\/www.prooptica.pt\/wp-content\/uploads\/2025\/03\/Capa-artigo-blog-2.jpg","articleSection":["Insight"],"inLanguage":"en-GB"},{"@type":"WebPage","@id":"https:\/\/www.prooptica.pt\/dia-internacional-do-glaucoma-consciencializacao-e-prevencao\/","url":"https:\/\/www.prooptica.pt\/dia-internacional-do-glaucoma-consciencializacao-e-prevencao\/","name":"International Glaucoma Day | Awareness and Prevention","isPartOf":{"@id":"https:\/\/www.prooptica.pt\/home\/#website"},"primaryImageOfPage":{"@id":"https:\/\/www.prooptica.pt\/dia-internacional-do-glaucoma-consciencializacao-e-prevencao\/#primaryimage"},"image":{"@id":"https:\/\/www.prooptica.pt\/dia-internacional-do-glaucoma-consciencializacao-e-prevencao\/#primaryimage"},"thumbnailUrl":"https:\/\/www.prooptica.pt\/wp-content\/uploads\/2025\/03\/Capa-artigo-blog-2.jpg","datePublished":"2025-03-14T12:02:38+00:00","author":{"@id":"https:\/\/www.prooptica.pt\/home\/#\/schema\/person\/1cbd826a9322a3c38a052e43d1638306"},"description":"On this International Glaucoma Day, we invite everyone to find out more about this condition and book a routine eye examination.","breadcrumb":{"@id":"https:\/\/www.prooptica.pt\/dia-internacional-do-glaucoma-consciencializacao-e-prevencao\/#breadcrumb"},"inLanguage":"en-GB","potentialAction":[{"@type":"ReadAction","target":["https:\/\/www.prooptica.pt\/dia-internacional-do-glaucoma-consciencializacao-e-prevencao\/"]}]},{"@type":"ImageObject","inLanguage":"en-GB","@id":"https:\/\/www.prooptica.pt\/dia-internacional-do-glaucoma-consciencializacao-e-prevencao\/#primaryimage","url":"https:\/\/www.prooptica.pt\/wp-content\/uploads\/2025\/03\/Capa-artigo-blog-2.jpg","contentUrl":"https:\/\/www.prooptica.pt\/wp-content\/uploads\/2025\/03\/Capa-artigo-blog-2.jpg","width":852,"height":514},{"@type":"BreadcrumbList","@id":"https:\/\/www.prooptica.pt\/dia-internacional-do-glaucoma-consciencializacao-e-prevencao\/#breadcrumb","itemListElement":[{"@type":"ListItem","position":1,"name":"In\u00edcio","item":"https:\/\/www.prooptica.pt\/"},{"@type":"ListItem","position":2,"name":"Dia Internacional do Glaucoma | Consciencializa\u00e7\u00e3o e Preven\u00e7\u00e3o"}]},{"@type":"WebSite","@id":"https:\/\/www.prooptica.pt\/home\/#website","url":"https:\/\/www.prooptica.pt\/home\/","name":"Prooptica","description":"Full Eyewear Concept","potentialAction":[{"@type":"SearchAction","target":{"@type":"EntryPoint","urlTemplate":"https:\/\/www.prooptica.pt\/home\/?s={search_term_string}"},"query-input":{"@type":"PropertyValueSpecification","valueRequired":true,"valueName":"search_term_string"}}],"inLanguage":"en-GB"},{"@type":"Person","@id":"https:\/\/www.prooptica.pt\/home\/#\/schema\/person\/1cbd826a9322a3c38a052e43d1638306","name":"admin","image":{"@type":"ImageObject","inLanguage":"en-GB","@id":"https:\/\/secure.gravatar.com\/avatar\/528c714482569d81724b02603aa719344e9ad7c0b50becf07272b2086b2c1cfd?s=96&d=mm&r=g","url":"https:\/\/secure.gravatar.com\/avatar\/528c714482569d81724b02603aa719344e9ad7c0b50becf07272b2086b2c1cfd?s=96&d=mm&r=g","contentUrl":"https:\/\/secure.gravatar.com\/avatar\/528c714482569d81724b02603aa719344e9ad7c0b50becf07272b2086b2c1cfd?s=96&d=mm&r=g","caption":"admin"},"url":"https:\/\/www.prooptica.pt\/en\/author\/admin\/"}]}},"_links":{"self":[{"href":"https:\/\/www.prooptica.pt\/en\/wp-json\/wp\/v2\/posts\/21864","targetHints":{"allow":["GET"]}}],"collection":[{"href":"https:\/\/www.prooptica.pt\/en\/wp-json\/wp\/v2\/posts"}],"about":[{"href":"https:\/\/www.prooptica.pt\/en\/wp-json\/wp\/v2\/types\/post"}],"author":[{"embeddable":true,"href":"https:\/\/www.prooptica.pt\/en\/wp-json\/wp\/v2\/users\/2"}],"replies":[{"embeddable":true,"href":"https:\/\/www.prooptica.pt\/en\/wp-json\/wp\/v2\/comments?post=21864"}],"version-history":[{"count":1,"href":"https:\/\/www.prooptica.pt\/en\/wp-json\/wp\/v2\/posts\/21864\/revisions"}],"predecessor-version":[{"id":21865,"href":"https:\/\/www.prooptica.pt\/en\/wp-json\/wp\/v2\/posts\/21864\/revisions\/21865"}],"wp:featuredmedia":[{"embeddable":true,"href":"https:\/\/www.prooptica.pt\/en\/wp-json\/wp\/v2\/media\/21868"}],"wp:attachment":[{"href":"https:\/\/www.prooptica.pt\/en\/wp-json\/wp\/v2\/media?parent=21864"}],"wp:term":[{"taxonomy":"category","embeddable":true,"href":"https:\/\/www.prooptica.pt\/en\/wp-json\/wp\/v2\/categories?post=21864"},{"taxonomy":"post_tag","embeddable":true,"href":"https:\/\/www.prooptica.pt\/en\/wp-json\/wp\/v2\/tags?post=21864"}],"curies":[{"name":"wp","href":"https:\/\/api.w.org\/{rel}","templated":true}]}}