{"id":21878,"date":"2025-03-21T14:44:37","date_gmt":"2025-03-21T14:44:37","guid":{"rendered":"https:\/\/www.prooptica.pt\/?p=21878"},"modified":"2025-03-21T15:02:20","modified_gmt":"2025-03-21T15:02:20","slug":"world-tree-day-proopticas-commitment-to-sustainability-and-esg-policies","status":"publish","type":"post","link":"https:\/\/www.prooptica.pt\/en\/dia-mundial-da-arvore-compromisso-da-prooptica-com-a-sustentabilidade-e-as-politicas-esg\/","title":{"rendered":"World Tree Day | Prooptica's Commitment to Sustainability and ESG Policies"},"content":{"rendered":"<p>World Tree Day is a date that reminds us of the critical importance of trees to our environment, health and global well-being. On this day, we celebrate not only the beauty and vitality that trees bring to our world, but also reflect on the practices we can adopt to protect and preserve our forests. Prooptica, aware of its role as an active agent in society, reinforces its commitment to ESG (Environmental, Social, and Governance) policies on this significant occasion.<\/p>\n<h6><strong>Environmental Sustainability at the Heart of Prooptica<\/strong><\/h6>\n<p>Sustainability is an essential pillar for Prooptica, and this is reflected in our commitment to responsible environmental practices. Recognising that companies play a crucial role in environmental leadership, we have adopted strategies that minimise our ecological impact. From using sustainable materials in the production of our products to implementing processes that reduce waste, every step we take also takes environmental care into account.<\/p>\n<h6><strong>Prooptica's ESG Policy<\/strong><\/h6>\n<p>ESG policies are more than a corporate responsibility for Prooptica; they are an integral business strategy.<\/p>\n<p>Environmentally, we seek innovations that promote greater sustainability. Socially, Prooptica is committed to promoting an inclusive and fair working environment, ensuring that all employees are treated with respect and dignity.<\/p>\n<p>In terms of governance, we emphasise transparency and ethics in all our operations, ensuring that all activities are carried out with the utmost integrity.<\/p>\n<p>On World Tree Day, Prooptica is dedicated to leading by example, showing that responsible business practices and environmental commitment can go hand in hand. On this day, we reaffirm our commitment to the planet, the community and a sustainable future. Join us on this journey of environmental responsibility and contribute to a greener, healthier world.<\/p>","protected":false},"excerpt":{"rendered":"<p>O Dia Mundial da \u00c1rvore \u00e9 uma data que nos lembra da import\u00e2ncia cr\u00edtica das \u00e1rvores para o nosso ambiente, sa\u00fade e bem-estar global. Neste dia, celebramos n\u00e3o apenas a beleza e a vitalidade que as \u00e1rvores trazem ao nosso mundo, mas tamb\u00e9m refletimos sobre as pr\u00e1ticas que podemos adotar para proteger e preservar as [&hellip;]<\/p>\n","protected":false},"author":2,"featured_media":21890,"comment_status":"closed","ping_status":"closed","sticky":false,"template":"","format":"standard","meta":{"footnotes":""},"categories":[197],"tags":[],"class_list":["post-21878","post","type-post","status-publish","format-standard","has-post-thumbnail","hentry","category-sustentabilidade"],"yoast_head":"<!-- This site is optimized with the Yoast SEO plugin v27.5 - https:\/\/yoast.com\/product\/yoast-seo-wordpress\/ -->\n<title>Dia Mundial da \u00c1rvore | Compromisso Prooptica<\/title>\n<meta name=\"description\" content=\"No Dia Mundial da \u00c1rvore, a Prooptica pretende mostrar que pr\u00e1ticas empresariais respons\u00e1veis e compromisso ambiental andam de m\u00e3os dadas.\" \/>\n<meta name=\"robots\" content=\"index, follow, max-snippet:-1, max-image-preview:large, max-video-preview:-1\" \/>\n<link rel=\"canonical\" href=\"https:\/\/www.prooptica.pt\/en\/world-tree-day-proopticas-commitment-to-sustainability-and-esg-policies\/\" \/>\n<meta property=\"og:locale\" content=\"en_GB\" \/>\n<meta property=\"og:type\" content=\"article\" \/>\n<meta property=\"og:title\" content=\"Dia Mundial da \u00c1rvore | Compromisso Prooptica\" \/>\n<meta property=\"og:description\" content=\"No Dia Mundial da \u00c1rvore, a Prooptica pretende mostrar que pr\u00e1ticas empresariais respons\u00e1veis e compromisso ambiental andam de m\u00e3os dadas.\" \/>\n<meta property=\"og:url\" content=\"https:\/\/www.prooptica.pt\/en\/world-tree-day-proopticas-commitment-to-sustainability-and-esg-policies\/\" \/>\n<meta property=\"og:site_name\" content=\"Prooptica\" \/>\n<meta property=\"article:published_time\" content=\"2025-03-21T14:44:37+00:00\" \/>\n<meta property=\"article:modified_time\" content=\"2025-03-21T15:02:20+00:00\" \/>\n<meta property=\"og:image\" content=\"https:\/\/www.prooptica.pt\/wp-content\/uploads\/2025\/03\/Capa-artigo-blog-6.jpg\" \/>\n\t<meta property=\"og:image:width\" content=\"852\" \/>\n\t<meta property=\"og:image:height\" content=\"514\" \/>\n\t<meta property=\"og:image:type\" content=\"image\/jpeg\" \/>\n<meta name=\"author\" content=\"admin\" \/>\n<meta name=\"twitter:card\" content=\"summary_large_image\" \/>\n<meta name=\"twitter:label1\" content=\"Written by\" \/>\n\t<meta name=\"twitter:data1\" content=\"admin\" \/>\n\t<meta name=\"twitter:label2\" content=\"Estimated reading time\" \/>\n\t<meta name=\"twitter:data2\" content=\"2 minutes\" \/>\n<script type=\"application\/ld+json\" class=\"yoast-schema-graph\">{\"@context\":\"https:\\\/\\\/schema.org\",\"@graph\":[{\"@type\":\"Article\",\"@id\":\"https:\\\/\\\/www.prooptica.pt\\\/dia-mundial-da-arvore-compromisso-da-prooptica-com-a-sustentabilidade-e-as-politicas-esg\\\/#article\",\"isPartOf\":{\"@id\":\"https:\\\/\\\/www.prooptica.pt\\\/dia-mundial-da-arvore-compromisso-da-prooptica-com-a-sustentabilidade-e-as-politicas-esg\\\/\"},\"author\":{\"name\":\"admin\",\"@id\":\"https:\\\/\\\/www.prooptica.pt\\\/home\\\/#\\\/schema\\\/person\\\/1cbd826a9322a3c38a052e43d1638306\"},\"headline\":\"Dia Mundial da \u00c1rvore | Compromisso da Prooptica com a Sustentabilidade e as Pol\u00edticas ESG\",\"datePublished\":\"2025-03-21T14:44:37+00:00\",\"dateModified\":\"2025-03-21T15:02:20+00:00\",\"mainEntityOfPage\":{\"@id\":\"https:\\\/\\\/www.prooptica.pt\\\/dia-mundial-da-arvore-compromisso-da-prooptica-com-a-sustentabilidade-e-as-politicas-esg\\\/\"},\"wordCount\":362,\"image\":{\"@id\":\"https:\\\/\\\/www.prooptica.pt\\\/dia-mundial-da-arvore-compromisso-da-prooptica-com-a-sustentabilidade-e-as-politicas-esg\\\/#primaryimage\"},\"thumbnailUrl\":\"https:\\\/\\\/www.prooptica.pt\\\/wp-content\\\/uploads\\\/2025\\\/03\\\/Capa-artigo-blog-6.jpg\",\"articleSection\":[\"Sustentabilidade\"],\"inLanguage\":\"en-GB\"},{\"@type\":\"WebPage\",\"@id\":\"https:\\\/\\\/www.prooptica.pt\\\/dia-mundial-da-arvore-compromisso-da-prooptica-com-a-sustentabilidade-e-as-politicas-esg\\\/\",\"url\":\"https:\\\/\\\/www.prooptica.pt\\\/dia-mundial-da-arvore-compromisso-da-prooptica-com-a-sustentabilidade-e-as-politicas-esg\\\/\",\"name\":\"Dia Mundial da \u00c1rvore | Compromisso Prooptica\",\"isPartOf\":{\"@id\":\"https:\\\/\\\/www.prooptica.pt\\\/home\\\/#website\"},\"primaryImageOfPage\":{\"@id\":\"https:\\\/\\\/www.prooptica.pt\\\/dia-mundial-da-arvore-compromisso-da-prooptica-com-a-sustentabilidade-e-as-politicas-esg\\\/#primaryimage\"},\"image\":{\"@id\":\"https:\\\/\\\/www.prooptica.pt\\\/dia-mundial-da-arvore-compromisso-da-prooptica-com-a-sustentabilidade-e-as-politicas-esg\\\/#primaryimage\"},\"thumbnailUrl\":\"https:\\\/\\\/www.prooptica.pt\\\/wp-content\\\/uploads\\\/2025\\\/03\\\/Capa-artigo-blog-6.jpg\",\"datePublished\":\"2025-03-21T14:44:37+00:00\",\"dateModified\":\"2025-03-21T15:02:20+00:00\",\"author\":{\"@id\":\"https:\\\/\\\/www.prooptica.pt\\\/home\\\/#\\\/schema\\\/person\\\/1cbd826a9322a3c38a052e43d1638306\"},\"description\":\"No Dia Mundial da \u00c1rvore, a Prooptica pretende mostrar que pr\u00e1ticas empresariais respons\u00e1veis e compromisso ambiental andam de m\u00e3os dadas.\",\"breadcrumb\":{\"@id\":\"https:\\\/\\\/www.prooptica.pt\\\/dia-mundial-da-arvore-compromisso-da-prooptica-com-a-sustentabilidade-e-as-politicas-esg\\\/#breadcrumb\"},\"inLanguage\":\"en-GB\",\"potentialAction\":[{\"@type\":\"ReadAction\",\"target\":[\"https:\\\/\\\/www.prooptica.pt\\\/dia-mundial-da-arvore-compromisso-da-prooptica-com-a-sustentabilidade-e-as-politicas-esg\\\/\"]}]},{\"@type\":\"ImageObject\",\"inLanguage\":\"en-GB\",\"@id\":\"https:\\\/\\\/www.prooptica.pt\\\/dia-mundial-da-arvore-compromisso-da-prooptica-com-a-sustentabilidade-e-as-politicas-esg\\\/#primaryimage\",\"url\":\"https:\\\/\\\/www.prooptica.pt\\\/wp-content\\\/uploads\\\/2025\\\/03\\\/Capa-artigo-blog-6.jpg\",\"contentUrl\":\"https:\\\/\\\/www.prooptica.pt\\\/wp-content\\\/uploads\\\/2025\\\/03\\\/Capa-artigo-blog-6.jpg\",\"width\":852,\"height\":514},{\"@type\":\"BreadcrumbList\",\"@id\":\"https:\\\/\\\/www.prooptica.pt\\\/dia-mundial-da-arvore-compromisso-da-prooptica-com-a-sustentabilidade-e-as-politicas-esg\\\/#breadcrumb\",\"itemListElement\":[{\"@type\":\"ListItem\",\"position\":1,\"name\":\"In\u00edcio\",\"item\":\"https:\\\/\\\/www.prooptica.pt\\\/\"},{\"@type\":\"ListItem\",\"position\":2,\"name\":\"Dia Mundial da \u00c1rvore | Compromisso da Prooptica com a Sustentabilidade e as Pol\u00edticas ESG\"}]},{\"@type\":\"WebSite\",\"@id\":\"https:\\\/\\\/www.prooptica.pt\\\/home\\\/#website\",\"url\":\"https:\\\/\\\/www.prooptica.pt\\\/home\\\/\",\"name\":\"Prooptica\",\"description\":\"Full Eyewear Concept\",\"potentialAction\":[{\"@type\":\"SearchAction\",\"target\":{\"@type\":\"EntryPoint\",\"urlTemplate\":\"https:\\\/\\\/www.prooptica.pt\\\/home\\\/?s={search_term_string}\"},\"query-input\":{\"@type\":\"PropertyValueSpecification\",\"valueRequired\":true,\"valueName\":\"search_term_string\"}}],\"inLanguage\":\"en-GB\"},{\"@type\":\"Person\",\"@id\":\"https:\\\/\\\/www.prooptica.pt\\\/home\\\/#\\\/schema\\\/person\\\/1cbd826a9322a3c38a052e43d1638306\",\"name\":\"admin\",\"image\":{\"@type\":\"ImageObject\",\"inLanguage\":\"en-GB\",\"@id\":\"https:\\\/\\\/secure.gravatar.com\\\/avatar\\\/528c714482569d81724b02603aa719344e9ad7c0b50becf07272b2086b2c1cfd?s=96&d=mm&r=g\",\"url\":\"https:\\\/\\\/secure.gravatar.com\\\/avatar\\\/528c714482569d81724b02603aa719344e9ad7c0b50becf07272b2086b2c1cfd?s=96&d=mm&r=g\",\"contentUrl\":\"https:\\\/\\\/secure.gravatar.com\\\/avatar\\\/528c714482569d81724b02603aa719344e9ad7c0b50becf07272b2086b2c1cfd?s=96&d=mm&r=g\",\"caption\":\"admin\"},\"url\":\"https:\\\/\\\/www.prooptica.pt\\\/en\\\/author\\\/admin\\\/\"}]}<\/script>\n<!-- \/ Yoast SEO plugin. -->","yoast_head_json":{"title":"World Tree Day | Prooptica Commitment","description":"On World Tree Day, Prooptica wants to show that responsible business practices and environmental commitment go hand in hand.","robots":{"index":"index","follow":"follow","max-snippet":"max-snippet:-1","max-image-preview":"max-image-preview:large","max-video-preview":"max-video-preview:-1"},"canonical":"https:\/\/www.prooptica.pt\/en\/world-tree-day-proopticas-commitment-to-sustainability-and-esg-policies\/","og_locale":"en_GB","og_type":"article","og_title":"Dia Mundial da \u00c1rvore | Compromisso Prooptica","og_description":"No Dia Mundial da \u00c1rvore, a Prooptica pretende mostrar que pr\u00e1ticas empresariais respons\u00e1veis e compromisso ambiental andam de m\u00e3os dadas.","og_url":"https:\/\/www.prooptica.pt\/en\/world-tree-day-proopticas-commitment-to-sustainability-and-esg-policies\/","og_site_name":"Prooptica","article_published_time":"2025-03-21T14:44:37+00:00","article_modified_time":"2025-03-21T15:02:20+00:00","og_image":[{"width":852,"height":514,"url":"https:\/\/www.prooptica.pt\/wp-content\/uploads\/2025\/03\/Capa-artigo-blog-6.jpg","type":"image\/jpeg"}],"author":"admin","twitter_card":"summary_large_image","twitter_misc":{"Written by":"admin","Estimated reading time":"2 minutes"},"schema":{"@context":"https:\/\/schema.org","@graph":[{"@type":"Article","@id":"https:\/\/www.prooptica.pt\/dia-mundial-da-arvore-compromisso-da-prooptica-com-a-sustentabilidade-e-as-politicas-esg\/#article","isPartOf":{"@id":"https:\/\/www.prooptica.pt\/dia-mundial-da-arvore-compromisso-da-prooptica-com-a-sustentabilidade-e-as-politicas-esg\/"},"author":{"name":"admin","@id":"https:\/\/www.prooptica.pt\/home\/#\/schema\/person\/1cbd826a9322a3c38a052e43d1638306"},"headline":"Dia Mundial da \u00c1rvore | Compromisso da Prooptica com a Sustentabilidade e as Pol\u00edticas ESG","datePublished":"2025-03-21T14:44:37+00:00","dateModified":"2025-03-21T15:02:20+00:00","mainEntityOfPage":{"@id":"https:\/\/www.prooptica.pt\/dia-mundial-da-arvore-compromisso-da-prooptica-com-a-sustentabilidade-e-as-politicas-esg\/"},"wordCount":362,"image":{"@id":"https:\/\/www.prooptica.pt\/dia-mundial-da-arvore-compromisso-da-prooptica-com-a-sustentabilidade-e-as-politicas-esg\/#primaryimage"},"thumbnailUrl":"https:\/\/www.prooptica.pt\/wp-content\/uploads\/2025\/03\/Capa-artigo-blog-6.jpg","articleSection":["Sustentabilidade"],"inLanguage":"en-GB"},{"@type":"WebPage","@id":"https:\/\/www.prooptica.pt\/dia-mundial-da-arvore-compromisso-da-prooptica-com-a-sustentabilidade-e-as-politicas-esg\/","url":"https:\/\/www.prooptica.pt\/dia-mundial-da-arvore-compromisso-da-prooptica-com-a-sustentabilidade-e-as-politicas-esg\/","name":"World Tree Day | Prooptica Commitment","isPartOf":{"@id":"https:\/\/www.prooptica.pt\/home\/#website"},"primaryImageOfPage":{"@id":"https:\/\/www.prooptica.pt\/dia-mundial-da-arvore-compromisso-da-prooptica-com-a-sustentabilidade-e-as-politicas-esg\/#primaryimage"},"image":{"@id":"https:\/\/www.prooptica.pt\/dia-mundial-da-arvore-compromisso-da-prooptica-com-a-sustentabilidade-e-as-politicas-esg\/#primaryimage"},"thumbnailUrl":"https:\/\/www.prooptica.pt\/wp-content\/uploads\/2025\/03\/Capa-artigo-blog-6.jpg","datePublished":"2025-03-21T14:44:37+00:00","dateModified":"2025-03-21T15:02:20+00:00","author":{"@id":"https:\/\/www.prooptica.pt\/home\/#\/schema\/person\/1cbd826a9322a3c38a052e43d1638306"},"description":"On World Tree Day, Prooptica wants to show that responsible business practices and environmental commitment go hand in hand.","breadcrumb":{"@id":"https:\/\/www.prooptica.pt\/dia-mundial-da-arvore-compromisso-da-prooptica-com-a-sustentabilidade-e-as-politicas-esg\/#breadcrumb"},"inLanguage":"en-GB","potentialAction":[{"@type":"ReadAction","target":["https:\/\/www.prooptica.pt\/dia-mundial-da-arvore-compromisso-da-prooptica-com-a-sustentabilidade-e-as-politicas-esg\/"]}]},{"@type":"ImageObject","inLanguage":"en-GB","@id":"https:\/\/www.prooptica.pt\/dia-mundial-da-arvore-compromisso-da-prooptica-com-a-sustentabilidade-e-as-politicas-esg\/#primaryimage","url":"https:\/\/www.prooptica.pt\/wp-content\/uploads\/2025\/03\/Capa-artigo-blog-6.jpg","contentUrl":"https:\/\/www.prooptica.pt\/wp-content\/uploads\/2025\/03\/Capa-artigo-blog-6.jpg","width":852,"height":514},{"@type":"BreadcrumbList","@id":"https:\/\/www.prooptica.pt\/dia-mundial-da-arvore-compromisso-da-prooptica-com-a-sustentabilidade-e-as-politicas-esg\/#breadcrumb","itemListElement":[{"@type":"ListItem","position":1,"name":"In\u00edcio","item":"https:\/\/www.prooptica.pt\/"},{"@type":"ListItem","position":2,"name":"Dia Mundial da \u00c1rvore | Compromisso da Prooptica com a Sustentabilidade e as Pol\u00edticas ESG"}]},{"@type":"WebSite","@id":"https:\/\/www.prooptica.pt\/home\/#website","url":"https:\/\/www.prooptica.pt\/home\/","name":"Prooptica","description":"Full Eyewear Concept","potentialAction":[{"@type":"SearchAction","target":{"@type":"EntryPoint","urlTemplate":"https:\/\/www.prooptica.pt\/home\/?s={search_term_string}"},"query-input":{"@type":"PropertyValueSpecification","valueRequired":true,"valueName":"search_term_string"}}],"inLanguage":"en-GB"},{"@type":"Person","@id":"https:\/\/www.prooptica.pt\/home\/#\/schema\/person\/1cbd826a9322a3c38a052e43d1638306","name":"admin","image":{"@type":"ImageObject","inLanguage":"en-GB","@id":"https:\/\/secure.gravatar.com\/avatar\/528c714482569d81724b02603aa719344e9ad7c0b50becf07272b2086b2c1cfd?s=96&d=mm&r=g","url":"https:\/\/secure.gravatar.com\/avatar\/528c714482569d81724b02603aa719344e9ad7c0b50becf07272b2086b2c1cfd?s=96&d=mm&r=g","contentUrl":"https:\/\/secure.gravatar.com\/avatar\/528c714482569d81724b02603aa719344e9ad7c0b50becf07272b2086b2c1cfd?s=96&d=mm&r=g","caption":"admin"},"url":"https:\/\/www.prooptica.pt\/en\/author\/admin\/"}]}},"_links":{"self":[{"href":"https:\/\/www.prooptica.pt\/en\/wp-json\/wp\/v2\/posts\/21878","targetHints":{"allow":["GET"]}}],"collection":[{"href":"https:\/\/www.prooptica.pt\/en\/wp-json\/wp\/v2\/posts"}],"about":[{"href":"https:\/\/www.prooptica.pt\/en\/wp-json\/wp\/v2\/types\/post"}],"author":[{"embeddable":true,"href":"https:\/\/www.prooptica.pt\/en\/wp-json\/wp\/v2\/users\/2"}],"replies":[{"embeddable":true,"href":"https:\/\/www.prooptica.pt\/en\/wp-json\/wp\/v2\/comments?post=21878"}],"version-history":[{"count":1,"href":"https:\/\/www.prooptica.pt\/en\/wp-json\/wp\/v2\/posts\/21878\/revisions"}],"predecessor-version":[{"id":21879,"href":"https:\/\/www.prooptica.pt\/en\/wp-json\/wp\/v2\/posts\/21878\/revisions\/21879"}],"wp:featuredmedia":[{"embeddable":true,"href":"https:\/\/www.prooptica.pt\/en\/wp-json\/wp\/v2\/media\/21890"}],"wp:attachment":[{"href":"https:\/\/www.prooptica.pt\/en\/wp-json\/wp\/v2\/media?parent=21878"}],"wp:term":[{"taxonomy":"category","embeddable":true,"href":"https:\/\/www.prooptica.pt\/en\/wp-json\/wp\/v2\/categories?post=21878"},{"taxonomy":"post_tag","embeddable":true,"href":"https:\/\/www.prooptica.pt\/en\/wp-json\/wp\/v2\/tags?post=21878"}],"curies":[{"name":"wp","href":"https:\/\/api.w.org\/{rel}","templated":true}]}}