{"id":21882,"date":"2025-03-21T14:59:37","date_gmt":"2025-03-21T14:59:37","guid":{"rendered":"https:\/\/www.prooptica.pt\/?p=21882"},"modified":"2025-03-21T15:01:02","modified_gmt":"2025-03-21T15:01:02","slug":"world-optometry-day-a-window-on-global-eye-health","status":"publish","type":"post","link":"https:\/\/www.prooptica.pt\/en\/dia-mundial-da-optometria-uma-janela-para-a-saude-visual-global\/","title":{"rendered":"World Optometry Day | A Window to Global Visual Health"},"content":{"rendered":"<p>World Optometry Day, celebrated annually on 23 March, is an important occasion to recognise and reflect on the relevance of visual health and the crucial role that optometrists play in promoting eye well-being. This date serves as a reminder of the importance of prevention in the field of visual health.<\/p>\n<h6><strong>The Importance of Optometry<\/strong><\/h6>\n<p>Optometry goes beyond simply correcting refractive errors; it is a profession dedicated to the early detection of eye diseases, the prevention of visual problems and improving quality of life through healthy vision. Optometrists are primary healthcare professionals who play an essential role in identifying conditions such as glaucoma, macular degeneration and other visual dysfunctions which, if left untreated, can lead to serious complications and even loss of vision.<\/p>\n<h6><strong>Education and Prevention<\/strong><\/h6>\n<p>One of the main messages of World Optometry Day is to emphasise education and prevention. This date is an opportunity to raise public awareness of the importance of regular eye examinations, regardless of age or eye health. It is also a time to share knowledge about eye care, from protection against UV radiation to choosing the right solutions for vision correction.<\/p>\n<p>World Optometry Day is a time to celebrate the advances made by the profession, to reflect on the challenges that remain and to reaffirm our commitment to global visual health. In doing so, we reinforce the idea that good vision is a fundamental right and an essential component in achieving a better quality of life for everyone.<\/p>","protected":false},"excerpt":{"rendered":"<p>O Dia Mundial da Optometria, celebrado anualmente a 23 de mar\u00e7o, \u00e9 uma ocasi\u00e3o importante para reconhecer e reflectir sobre a relev\u00e2ncia da sa\u00fade visual e o papel crucial que os optometristas desempenham na promo\u00e7\u00e3o do bem-estar ocular. Esta data serve como um lembrete da import\u00e2ncia da preven\u00e7\u00e3o no campo da sa\u00fade visual. A Import\u00e2ncia [&hellip;]<\/p>\n","protected":false},"author":2,"featured_media":21892,"comment_status":"closed","ping_status":"closed","sticky":false,"template":"","format":"standard","meta":{"footnotes":""},"categories":[238],"tags":[],"class_list":["post-21882","post","type-post","status-publish","format-standard","has-post-thumbnail","hentry","category-insight"],"yoast_head":"<!-- This site is optimized with the Yoast SEO plugin v27.5 - https:\/\/yoast.com\/product\/yoast-seo-wordpress\/ -->\n<title>Dia Mundial da Optometria | Uma Janela para a Sa\u00fade Visual<\/title>\n<meta name=\"description\" content=\"Esta data constitui uma oportunidade para sensibilizar o p\u00fablico sobre a import\u00e2ncia de realizar exames visuais regulares.\" \/>\n<meta name=\"robots\" content=\"index, follow, max-snippet:-1, max-image-preview:large, max-video-preview:-1\" \/>\n<link rel=\"canonical\" href=\"https:\/\/www.prooptica.pt\/en\/world-optometry-day-a-window-on-global-eye-health\/\" \/>\n<meta property=\"og:locale\" content=\"en_GB\" \/>\n<meta property=\"og:type\" content=\"article\" \/>\n<meta property=\"og:title\" content=\"Dia Mundial da Optometria | Uma Janela para a Sa\u00fade Visual\" \/>\n<meta property=\"og:description\" content=\"Esta data constitui uma oportunidade para sensibilizar o p\u00fablico sobre a import\u00e2ncia de realizar exames visuais regulares.\" \/>\n<meta property=\"og:url\" content=\"https:\/\/www.prooptica.pt\/en\/world-optometry-day-a-window-on-global-eye-health\/\" \/>\n<meta property=\"og:site_name\" content=\"Prooptica\" \/>\n<meta property=\"article:published_time\" content=\"2025-03-21T14:59:37+00:00\" \/>\n<meta property=\"article:modified_time\" content=\"2025-03-21T15:01:02+00:00\" \/>\n<meta property=\"og:image\" content=\"https:\/\/www.prooptica.pt\/wp-content\/uploads\/2025\/03\/Capa-artigo-blog-8.jpg\" \/>\n\t<meta property=\"og:image:width\" content=\"852\" \/>\n\t<meta property=\"og:image:height\" content=\"514\" \/>\n\t<meta property=\"og:image:type\" content=\"image\/jpeg\" \/>\n<meta name=\"author\" content=\"admin\" \/>\n<meta name=\"twitter:card\" content=\"summary_large_image\" \/>\n<meta name=\"twitter:label1\" content=\"Written by\" \/>\n\t<meta name=\"twitter:data1\" content=\"admin\" \/>\n\t<meta name=\"twitter:label2\" content=\"Estimated reading time\" \/>\n\t<meta name=\"twitter:data2\" content=\"2 minutes\" \/>\n<script type=\"application\/ld+json\" class=\"yoast-schema-graph\">{\"@context\":\"https:\\\/\\\/schema.org\",\"@graph\":[{\"@type\":\"Article\",\"@id\":\"https:\\\/\\\/www.prooptica.pt\\\/dia-mundial-da-optometria-uma-janela-para-a-saude-visual-global\\\/#article\",\"isPartOf\":{\"@id\":\"https:\\\/\\\/www.prooptica.pt\\\/dia-mundial-da-optometria-uma-janela-para-a-saude-visual-global\\\/\"},\"author\":{\"name\":\"admin\",\"@id\":\"https:\\\/\\\/www.prooptica.pt\\\/home\\\/#\\\/schema\\\/person\\\/1cbd826a9322a3c38a052e43d1638306\"},\"headline\":\"Dia Mundial da Optometria | Uma Janela para a Sa\u00fade Visual Global\",\"datePublished\":\"2025-03-21T14:59:37+00:00\",\"dateModified\":\"2025-03-21T15:01:02+00:00\",\"mainEntityOfPage\":{\"@id\":\"https:\\\/\\\/www.prooptica.pt\\\/dia-mundial-da-optometria-uma-janela-para-a-saude-visual-global\\\/\"},\"wordCount\":326,\"image\":{\"@id\":\"https:\\\/\\\/www.prooptica.pt\\\/dia-mundial-da-optometria-uma-janela-para-a-saude-visual-global\\\/#primaryimage\"},\"thumbnailUrl\":\"https:\\\/\\\/www.prooptica.pt\\\/wp-content\\\/uploads\\\/2025\\\/03\\\/Capa-artigo-blog-8.jpg\",\"articleSection\":[\"Insight\"],\"inLanguage\":\"en-GB\"},{\"@type\":\"WebPage\",\"@id\":\"https:\\\/\\\/www.prooptica.pt\\\/dia-mundial-da-optometria-uma-janela-para-a-saude-visual-global\\\/\",\"url\":\"https:\\\/\\\/www.prooptica.pt\\\/dia-mundial-da-optometria-uma-janela-para-a-saude-visual-global\\\/\",\"name\":\"Dia Mundial da Optometria | Uma Janela para a Sa\u00fade Visual\",\"isPartOf\":{\"@id\":\"https:\\\/\\\/www.prooptica.pt\\\/home\\\/#website\"},\"primaryImageOfPage\":{\"@id\":\"https:\\\/\\\/www.prooptica.pt\\\/dia-mundial-da-optometria-uma-janela-para-a-saude-visual-global\\\/#primaryimage\"},\"image\":{\"@id\":\"https:\\\/\\\/www.prooptica.pt\\\/dia-mundial-da-optometria-uma-janela-para-a-saude-visual-global\\\/#primaryimage\"},\"thumbnailUrl\":\"https:\\\/\\\/www.prooptica.pt\\\/wp-content\\\/uploads\\\/2025\\\/03\\\/Capa-artigo-blog-8.jpg\",\"datePublished\":\"2025-03-21T14:59:37+00:00\",\"dateModified\":\"2025-03-21T15:01:02+00:00\",\"author\":{\"@id\":\"https:\\\/\\\/www.prooptica.pt\\\/home\\\/#\\\/schema\\\/person\\\/1cbd826a9322a3c38a052e43d1638306\"},\"description\":\"Esta data constitui uma oportunidade para sensibilizar o p\u00fablico sobre a import\u00e2ncia de realizar exames visuais regulares.\",\"breadcrumb\":{\"@id\":\"https:\\\/\\\/www.prooptica.pt\\\/dia-mundial-da-optometria-uma-janela-para-a-saude-visual-global\\\/#breadcrumb\"},\"inLanguage\":\"en-GB\",\"potentialAction\":[{\"@type\":\"ReadAction\",\"target\":[\"https:\\\/\\\/www.prooptica.pt\\\/dia-mundial-da-optometria-uma-janela-para-a-saude-visual-global\\\/\"]}]},{\"@type\":\"ImageObject\",\"inLanguage\":\"en-GB\",\"@id\":\"https:\\\/\\\/www.prooptica.pt\\\/dia-mundial-da-optometria-uma-janela-para-a-saude-visual-global\\\/#primaryimage\",\"url\":\"https:\\\/\\\/www.prooptica.pt\\\/wp-content\\\/uploads\\\/2025\\\/03\\\/Capa-artigo-blog-8.jpg\",\"contentUrl\":\"https:\\\/\\\/www.prooptica.pt\\\/wp-content\\\/uploads\\\/2025\\\/03\\\/Capa-artigo-blog-8.jpg\",\"width\":852,\"height\":514},{\"@type\":\"BreadcrumbList\",\"@id\":\"https:\\\/\\\/www.prooptica.pt\\\/dia-mundial-da-optometria-uma-janela-para-a-saude-visual-global\\\/#breadcrumb\",\"itemListElement\":[{\"@type\":\"ListItem\",\"position\":1,\"name\":\"In\u00edcio\",\"item\":\"https:\\\/\\\/www.prooptica.pt\\\/\"},{\"@type\":\"ListItem\",\"position\":2,\"name\":\"Dia Mundial da Optometria | Uma Janela para a Sa\u00fade Visual Global\"}]},{\"@type\":\"WebSite\",\"@id\":\"https:\\\/\\\/www.prooptica.pt\\\/home\\\/#website\",\"url\":\"https:\\\/\\\/www.prooptica.pt\\\/home\\\/\",\"name\":\"Prooptica\",\"description\":\"Full Eyewear Concept\",\"potentialAction\":[{\"@type\":\"SearchAction\",\"target\":{\"@type\":\"EntryPoint\",\"urlTemplate\":\"https:\\\/\\\/www.prooptica.pt\\\/home\\\/?s={search_term_string}\"},\"query-input\":{\"@type\":\"PropertyValueSpecification\",\"valueRequired\":true,\"valueName\":\"search_term_string\"}}],\"inLanguage\":\"en-GB\"},{\"@type\":\"Person\",\"@id\":\"https:\\\/\\\/www.prooptica.pt\\\/home\\\/#\\\/schema\\\/person\\\/1cbd826a9322a3c38a052e43d1638306\",\"name\":\"admin\",\"image\":{\"@type\":\"ImageObject\",\"inLanguage\":\"en-GB\",\"@id\":\"https:\\\/\\\/secure.gravatar.com\\\/avatar\\\/528c714482569d81724b02603aa719344e9ad7c0b50becf07272b2086b2c1cfd?s=96&d=mm&r=g\",\"url\":\"https:\\\/\\\/secure.gravatar.com\\\/avatar\\\/528c714482569d81724b02603aa719344e9ad7c0b50becf07272b2086b2c1cfd?s=96&d=mm&r=g\",\"contentUrl\":\"https:\\\/\\\/secure.gravatar.com\\\/avatar\\\/528c714482569d81724b02603aa719344e9ad7c0b50becf07272b2086b2c1cfd?s=96&d=mm&r=g\",\"caption\":\"admin\"},\"url\":\"https:\\\/\\\/www.prooptica.pt\\\/en\\\/author\\\/admin\\\/\"}]}<\/script>\n<!-- \/ Yoast SEO plugin. -->","yoast_head_json":{"title":"World Optometry Day | A Window to Visual Health","description":"This date is an opportunity to raise public awareness of the importance of regular eye examinations.","robots":{"index":"index","follow":"follow","max-snippet":"max-snippet:-1","max-image-preview":"max-image-preview:large","max-video-preview":"max-video-preview:-1"},"canonical":"https:\/\/www.prooptica.pt\/en\/world-optometry-day-a-window-on-global-eye-health\/","og_locale":"en_GB","og_type":"article","og_title":"Dia Mundial da Optometria | Uma Janela para a Sa\u00fade Visual","og_description":"Esta data constitui uma oportunidade para sensibilizar o p\u00fablico sobre a import\u00e2ncia de realizar exames visuais regulares.","og_url":"https:\/\/www.prooptica.pt\/en\/world-optometry-day-a-window-on-global-eye-health\/","og_site_name":"Prooptica","article_published_time":"2025-03-21T14:59:37+00:00","article_modified_time":"2025-03-21T15:01:02+00:00","og_image":[{"width":852,"height":514,"url":"https:\/\/www.prooptica.pt\/wp-content\/uploads\/2025\/03\/Capa-artigo-blog-8.jpg","type":"image\/jpeg"}],"author":"admin","twitter_card":"summary_large_image","twitter_misc":{"Written by":"admin","Estimated reading time":"2 minutes"},"schema":{"@context":"https:\/\/schema.org","@graph":[{"@type":"Article","@id":"https:\/\/www.prooptica.pt\/dia-mundial-da-optometria-uma-janela-para-a-saude-visual-global\/#article","isPartOf":{"@id":"https:\/\/www.prooptica.pt\/dia-mundial-da-optometria-uma-janela-para-a-saude-visual-global\/"},"author":{"name":"admin","@id":"https:\/\/www.prooptica.pt\/home\/#\/schema\/person\/1cbd826a9322a3c38a052e43d1638306"},"headline":"Dia Mundial da Optometria | Uma Janela para a Sa\u00fade Visual Global","datePublished":"2025-03-21T14:59:37+00:00","dateModified":"2025-03-21T15:01:02+00:00","mainEntityOfPage":{"@id":"https:\/\/www.prooptica.pt\/dia-mundial-da-optometria-uma-janela-para-a-saude-visual-global\/"},"wordCount":326,"image":{"@id":"https:\/\/www.prooptica.pt\/dia-mundial-da-optometria-uma-janela-para-a-saude-visual-global\/#primaryimage"},"thumbnailUrl":"https:\/\/www.prooptica.pt\/wp-content\/uploads\/2025\/03\/Capa-artigo-blog-8.jpg","articleSection":["Insight"],"inLanguage":"en-GB"},{"@type":"WebPage","@id":"https:\/\/www.prooptica.pt\/dia-mundial-da-optometria-uma-janela-para-a-saude-visual-global\/","url":"https:\/\/www.prooptica.pt\/dia-mundial-da-optometria-uma-janela-para-a-saude-visual-global\/","name":"World Optometry Day | A Window to Visual Health","isPartOf":{"@id":"https:\/\/www.prooptica.pt\/home\/#website"},"primaryImageOfPage":{"@id":"https:\/\/www.prooptica.pt\/dia-mundial-da-optometria-uma-janela-para-a-saude-visual-global\/#primaryimage"},"image":{"@id":"https:\/\/www.prooptica.pt\/dia-mundial-da-optometria-uma-janela-para-a-saude-visual-global\/#primaryimage"},"thumbnailUrl":"https:\/\/www.prooptica.pt\/wp-content\/uploads\/2025\/03\/Capa-artigo-blog-8.jpg","datePublished":"2025-03-21T14:59:37+00:00","dateModified":"2025-03-21T15:01:02+00:00","author":{"@id":"https:\/\/www.prooptica.pt\/home\/#\/schema\/person\/1cbd826a9322a3c38a052e43d1638306"},"description":"This date is an opportunity to raise public awareness of the importance of regular eye examinations.","breadcrumb":{"@id":"https:\/\/www.prooptica.pt\/dia-mundial-da-optometria-uma-janela-para-a-saude-visual-global\/#breadcrumb"},"inLanguage":"en-GB","potentialAction":[{"@type":"ReadAction","target":["https:\/\/www.prooptica.pt\/dia-mundial-da-optometria-uma-janela-para-a-saude-visual-global\/"]}]},{"@type":"ImageObject","inLanguage":"en-GB","@id":"https:\/\/www.prooptica.pt\/dia-mundial-da-optometria-uma-janela-para-a-saude-visual-global\/#primaryimage","url":"https:\/\/www.prooptica.pt\/wp-content\/uploads\/2025\/03\/Capa-artigo-blog-8.jpg","contentUrl":"https:\/\/www.prooptica.pt\/wp-content\/uploads\/2025\/03\/Capa-artigo-blog-8.jpg","width":852,"height":514},{"@type":"BreadcrumbList","@id":"https:\/\/www.prooptica.pt\/dia-mundial-da-optometria-uma-janela-para-a-saude-visual-global\/#breadcrumb","itemListElement":[{"@type":"ListItem","position":1,"name":"In\u00edcio","item":"https:\/\/www.prooptica.pt\/"},{"@type":"ListItem","position":2,"name":"Dia Mundial da Optometria | Uma Janela para a Sa\u00fade Visual Global"}]},{"@type":"WebSite","@id":"https:\/\/www.prooptica.pt\/home\/#website","url":"https:\/\/www.prooptica.pt\/home\/","name":"Prooptica","description":"Full Eyewear Concept","potentialAction":[{"@type":"SearchAction","target":{"@type":"EntryPoint","urlTemplate":"https:\/\/www.prooptica.pt\/home\/?s={search_term_string}"},"query-input":{"@type":"PropertyValueSpecification","valueRequired":true,"valueName":"search_term_string"}}],"inLanguage":"en-GB"},{"@type":"Person","@id":"https:\/\/www.prooptica.pt\/home\/#\/schema\/person\/1cbd826a9322a3c38a052e43d1638306","name":"admin","image":{"@type":"ImageObject","inLanguage":"en-GB","@id":"https:\/\/secure.gravatar.com\/avatar\/528c714482569d81724b02603aa719344e9ad7c0b50becf07272b2086b2c1cfd?s=96&d=mm&r=g","url":"https:\/\/secure.gravatar.com\/avatar\/528c714482569d81724b02603aa719344e9ad7c0b50becf07272b2086b2c1cfd?s=96&d=mm&r=g","contentUrl":"https:\/\/secure.gravatar.com\/avatar\/528c714482569d81724b02603aa719344e9ad7c0b50becf07272b2086b2c1cfd?s=96&d=mm&r=g","caption":"admin"},"url":"https:\/\/www.prooptica.pt\/en\/author\/admin\/"}]}},"_links":{"self":[{"href":"https:\/\/www.prooptica.pt\/en\/wp-json\/wp\/v2\/posts\/21882","targetHints":{"allow":["GET"]}}],"collection":[{"href":"https:\/\/www.prooptica.pt\/en\/wp-json\/wp\/v2\/posts"}],"about":[{"href":"https:\/\/www.prooptica.pt\/en\/wp-json\/wp\/v2\/types\/post"}],"author":[{"embeddable":true,"href":"https:\/\/www.prooptica.pt\/en\/wp-json\/wp\/v2\/users\/2"}],"replies":[{"embeddable":true,"href":"https:\/\/www.prooptica.pt\/en\/wp-json\/wp\/v2\/comments?post=21882"}],"version-history":[{"count":1,"href":"https:\/\/www.prooptica.pt\/en\/wp-json\/wp\/v2\/posts\/21882\/revisions"}],"predecessor-version":[{"id":21883,"href":"https:\/\/www.prooptica.pt\/en\/wp-json\/wp\/v2\/posts\/21882\/revisions\/21883"}],"wp:featuredmedia":[{"embeddable":true,"href":"https:\/\/www.prooptica.pt\/en\/wp-json\/wp\/v2\/media\/21892"}],"wp:attachment":[{"href":"https:\/\/www.prooptica.pt\/en\/wp-json\/wp\/v2\/media?parent=21882"}],"wp:term":[{"taxonomy":"category","embeddable":true,"href":"https:\/\/www.prooptica.pt\/en\/wp-json\/wp\/v2\/categories?post=21882"},{"taxonomy":"post_tag","embeddable":true,"href":"https:\/\/www.prooptica.pt\/en\/wp-json\/wp\/v2\/tags?post=21882"}],"curies":[{"name":"wp","href":"https:\/\/api.w.org\/{rel}","templated":true}]}}