{"id":21955,"date":"2025-03-27T15:41:14","date_gmt":"2025-03-27T15:41:14","guid":{"rendered":"https:\/\/www.prooptica.pt\/?p=21955"},"modified":"2025-03-27T15:41:14","modified_gmt":"2025-03-27T15:41:14","slug":"new-season-morgan-an-unmistakable-stamp-of-elegance","status":"publish","type":"post","link":"https:\/\/www.prooptica.pt\/en\/new-season-morgan-um-inconfundivel-selo-de-elegancia\/","title":{"rendered":"NEW Season Morgan | An unmistakable stamp of elegance"},"content":{"rendered":"<p>Morgan, the renowned French brand that perfectly combines sensuality and elegance, is pleased to present its latest eyewear collection. This new line stands out for its contemporary shapes, which retain a deeply feminine essence and are in perfect harmony with the latest international fashion trends.<\/p>\n<p>The new collection has been designed for the modern woman who appreciates the effortless sophistication and timelessness of Parisian style. The pieces are the result of the brand's meticulous attention to detail and are designed to add a touch of glamour to the contemporary woman's everyday life.<\/p>\n<p>The new campaign images reflect the spirit of the collection. Captured on the iconic streets of Paris, the photographs convey the essence of Parisian glamour, marking the collection with Morgan's unmistakable stamp of elegance.<\/p>\n<p>The new eyewear collection represents everything that Morgan symbolises: femininity, elegance and a touch of audacity, transforming the pieces into true fashion statements with a touch of Parisian magic.<\/p>\n<p style=\"text-align: center;\"><a href=\"https:\/\/loja.prooptica.pt\/wp-content\/uploads\/Cat%C3%A1logo-Morgan-2025.pdf\"><span style=\"color: #000000;\"><strong>Click here to discover the new collection<\/strong><\/span><\/a><\/p>","protected":false},"excerpt":{"rendered":"<p>Morgan, a reconhecida marca francesa que combina na perfei\u00e7\u00e3o sensualidade e eleg\u00e2ncia, tem o prazer de apresentar a sua mais recente cole\u00e7\u00e3o de eyewear. Esta nova linha destaca-se pelas suas formas contempor\u00e2neas, que mant\u00eam uma ess\u00eancia profundamente feminina e est\u00e3o em perfeita harmonia com as \u00faltimas tend\u00eancias da moda internacional. A nova cole\u00e7\u00e3o foi desenhada [&hellip;]<\/p>\n","protected":false},"author":2,"featured_media":21956,"comment_status":"closed","ping_status":"closed","sticky":false,"template":"","format":"standard","meta":{"footnotes":""},"categories":[189],"tags":[],"class_list":["post-21955","post","type-post","status-publish","format-standard","has-post-thumbnail","hentry","category-oculos"],"yoast_head":"<!-- This site is optimized with the Yoast SEO plugin v27.5 - https:\/\/yoast.com\/product\/yoast-seo-wordpress\/ -->\n<title>NEW Season Morgan | Um inconfund\u00edvel selo de eleg\u00e2ncia<\/title>\n<meta name=\"description\" content=\"A nova cole\u00e7\u00e3o de eyewear representa tudo o que a Morgan simboliza, feminilidade, eleg\u00e2ncia e um toque de aud\u00e1cia.\" \/>\n<meta name=\"robots\" content=\"index, follow, max-snippet:-1, max-image-preview:large, max-video-preview:-1\" \/>\n<link rel=\"canonical\" href=\"https:\/\/www.prooptica.pt\/en\/new-season-morgan-an-unmistakable-stamp-of-elegance\/\" \/>\n<meta property=\"og:locale\" content=\"en_GB\" \/>\n<meta property=\"og:type\" content=\"article\" \/>\n<meta property=\"og:title\" content=\"NEW Season Morgan | Um inconfund\u00edvel selo de eleg\u00e2ncia\" \/>\n<meta property=\"og:description\" content=\"A nova cole\u00e7\u00e3o de eyewear representa tudo o que a Morgan simboliza, feminilidade, eleg\u00e2ncia e um toque de aud\u00e1cia.\" \/>\n<meta property=\"og:url\" content=\"https:\/\/www.prooptica.pt\/en\/new-season-morgan-an-unmistakable-stamp-of-elegance\/\" \/>\n<meta property=\"og:site_name\" content=\"Prooptica\" \/>\n<meta property=\"article:published_time\" content=\"2025-03-27T15:41:14+00:00\" \/>\n<meta property=\"og:image\" content=\"https:\/\/www.prooptica.pt\/wp-content\/uploads\/2025\/03\/Capa-artigo-blog-10.jpg\" \/>\n\t<meta property=\"og:image:width\" content=\"852\" \/>\n\t<meta property=\"og:image:height\" content=\"514\" \/>\n\t<meta property=\"og:image:type\" content=\"image\/jpeg\" \/>\n<meta name=\"author\" content=\"admin\" \/>\n<meta name=\"twitter:card\" content=\"summary_large_image\" \/>\n<meta name=\"twitter:label1\" content=\"Written by\" \/>\n\t<meta name=\"twitter:data1\" content=\"admin\" \/>\n\t<meta name=\"twitter:label2\" content=\"Estimated reading time\" \/>\n\t<meta name=\"twitter:data2\" content=\"1 minute\" \/>\n<script type=\"application\/ld+json\" class=\"yoast-schema-graph\">{\"@context\":\"https:\\\/\\\/schema.org\",\"@graph\":[{\"@type\":\"Article\",\"@id\":\"https:\\\/\\\/www.prooptica.pt\\\/new-season-morgan-um-inconfundivel-selo-de-elegancia\\\/#article\",\"isPartOf\":{\"@id\":\"https:\\\/\\\/www.prooptica.pt\\\/new-season-morgan-um-inconfundivel-selo-de-elegancia\\\/\"},\"author\":{\"name\":\"admin\",\"@id\":\"https:\\\/\\\/www.prooptica.pt\\\/home\\\/#\\\/schema\\\/person\\\/1cbd826a9322a3c38a052e43d1638306\"},\"headline\":\"NEW Season Morgan | Um inconfund\u00edvel selo de eleg\u00e2ncia\",\"datePublished\":\"2025-03-27T15:41:14+00:00\",\"mainEntityOfPage\":{\"@id\":\"https:\\\/\\\/www.prooptica.pt\\\/new-season-morgan-um-inconfundivel-selo-de-elegancia\\\/\"},\"wordCount\":215,\"image\":{\"@id\":\"https:\\\/\\\/www.prooptica.pt\\\/new-season-morgan-um-inconfundivel-selo-de-elegancia\\\/#primaryimage\"},\"thumbnailUrl\":\"https:\\\/\\\/www.prooptica.pt\\\/wp-content\\\/uploads\\\/2025\\\/03\\\/Capa-artigo-blog-10.jpg\",\"articleSection\":[\"\u00d3culos\"],\"inLanguage\":\"en-GB\"},{\"@type\":\"WebPage\",\"@id\":\"https:\\\/\\\/www.prooptica.pt\\\/new-season-morgan-um-inconfundivel-selo-de-elegancia\\\/\",\"url\":\"https:\\\/\\\/www.prooptica.pt\\\/new-season-morgan-um-inconfundivel-selo-de-elegancia\\\/\",\"name\":\"NEW Season Morgan | Um inconfund\u00edvel selo de eleg\u00e2ncia\",\"isPartOf\":{\"@id\":\"https:\\\/\\\/www.prooptica.pt\\\/home\\\/#website\"},\"primaryImageOfPage\":{\"@id\":\"https:\\\/\\\/www.prooptica.pt\\\/new-season-morgan-um-inconfundivel-selo-de-elegancia\\\/#primaryimage\"},\"image\":{\"@id\":\"https:\\\/\\\/www.prooptica.pt\\\/new-season-morgan-um-inconfundivel-selo-de-elegancia\\\/#primaryimage\"},\"thumbnailUrl\":\"https:\\\/\\\/www.prooptica.pt\\\/wp-content\\\/uploads\\\/2025\\\/03\\\/Capa-artigo-blog-10.jpg\",\"datePublished\":\"2025-03-27T15:41:14+00:00\",\"author\":{\"@id\":\"https:\\\/\\\/www.prooptica.pt\\\/home\\\/#\\\/schema\\\/person\\\/1cbd826a9322a3c38a052e43d1638306\"},\"description\":\"A nova cole\u00e7\u00e3o de eyewear representa tudo o que a Morgan simboliza, feminilidade, eleg\u00e2ncia e um toque de aud\u00e1cia.\",\"breadcrumb\":{\"@id\":\"https:\\\/\\\/www.prooptica.pt\\\/new-season-morgan-um-inconfundivel-selo-de-elegancia\\\/#breadcrumb\"},\"inLanguage\":\"en-GB\",\"potentialAction\":[{\"@type\":\"ReadAction\",\"target\":[\"https:\\\/\\\/www.prooptica.pt\\\/new-season-morgan-um-inconfundivel-selo-de-elegancia\\\/\"]}]},{\"@type\":\"ImageObject\",\"inLanguage\":\"en-GB\",\"@id\":\"https:\\\/\\\/www.prooptica.pt\\\/new-season-morgan-um-inconfundivel-selo-de-elegancia\\\/#primaryimage\",\"url\":\"https:\\\/\\\/www.prooptica.pt\\\/wp-content\\\/uploads\\\/2025\\\/03\\\/Capa-artigo-blog-10.jpg\",\"contentUrl\":\"https:\\\/\\\/www.prooptica.pt\\\/wp-content\\\/uploads\\\/2025\\\/03\\\/Capa-artigo-blog-10.jpg\",\"width\":852,\"height\":514},{\"@type\":\"BreadcrumbList\",\"@id\":\"https:\\\/\\\/www.prooptica.pt\\\/new-season-morgan-um-inconfundivel-selo-de-elegancia\\\/#breadcrumb\",\"itemListElement\":[{\"@type\":\"ListItem\",\"position\":1,\"name\":\"In\u00edcio\",\"item\":\"https:\\\/\\\/www.prooptica.pt\\\/\"},{\"@type\":\"ListItem\",\"position\":2,\"name\":\"NEW Season Morgan | Um inconfund\u00edvel selo de eleg\u00e2ncia\"}]},{\"@type\":\"WebSite\",\"@id\":\"https:\\\/\\\/www.prooptica.pt\\\/home\\\/#website\",\"url\":\"https:\\\/\\\/www.prooptica.pt\\\/home\\\/\",\"name\":\"Prooptica\",\"description\":\"Full Eyewear Concept\",\"potentialAction\":[{\"@type\":\"SearchAction\",\"target\":{\"@type\":\"EntryPoint\",\"urlTemplate\":\"https:\\\/\\\/www.prooptica.pt\\\/home\\\/?s={search_term_string}\"},\"query-input\":{\"@type\":\"PropertyValueSpecification\",\"valueRequired\":true,\"valueName\":\"search_term_string\"}}],\"inLanguage\":\"en-GB\"},{\"@type\":\"Person\",\"@id\":\"https:\\\/\\\/www.prooptica.pt\\\/home\\\/#\\\/schema\\\/person\\\/1cbd826a9322a3c38a052e43d1638306\",\"name\":\"admin\",\"image\":{\"@type\":\"ImageObject\",\"inLanguage\":\"en-GB\",\"@id\":\"https:\\\/\\\/secure.gravatar.com\\\/avatar\\\/528c714482569d81724b02603aa719344e9ad7c0b50becf07272b2086b2c1cfd?s=96&d=mm&r=g\",\"url\":\"https:\\\/\\\/secure.gravatar.com\\\/avatar\\\/528c714482569d81724b02603aa719344e9ad7c0b50becf07272b2086b2c1cfd?s=96&d=mm&r=g\",\"contentUrl\":\"https:\\\/\\\/secure.gravatar.com\\\/avatar\\\/528c714482569d81724b02603aa719344e9ad7c0b50becf07272b2086b2c1cfd?s=96&d=mm&r=g\",\"caption\":\"admin\"},\"url\":\"https:\\\/\\\/www.prooptica.pt\\\/en\\\/author\\\/admin\\\/\"}]}<\/script>\n<!-- \/ Yoast SEO plugin. -->","yoast_head_json":{"title":"NEW Season Morgan | An unmistakable stamp of elegance","description":"The new eyewear collection represents everything that Morgan symbolises: femininity, elegance and a touch of audacity.","robots":{"index":"index","follow":"follow","max-snippet":"max-snippet:-1","max-image-preview":"max-image-preview:large","max-video-preview":"max-video-preview:-1"},"canonical":"https:\/\/www.prooptica.pt\/en\/new-season-morgan-an-unmistakable-stamp-of-elegance\/","og_locale":"en_GB","og_type":"article","og_title":"NEW Season Morgan | Um inconfund\u00edvel selo de eleg\u00e2ncia","og_description":"A nova cole\u00e7\u00e3o de eyewear representa tudo o que a Morgan simboliza, feminilidade, eleg\u00e2ncia e um toque de aud\u00e1cia.","og_url":"https:\/\/www.prooptica.pt\/en\/new-season-morgan-an-unmistakable-stamp-of-elegance\/","og_site_name":"Prooptica","article_published_time":"2025-03-27T15:41:14+00:00","og_image":[{"width":852,"height":514,"url":"https:\/\/www.prooptica.pt\/wp-content\/uploads\/2025\/03\/Capa-artigo-blog-10.jpg","type":"image\/jpeg"}],"author":"admin","twitter_card":"summary_large_image","twitter_misc":{"Written by":"admin","Estimated reading time":"1 minute"},"schema":{"@context":"https:\/\/schema.org","@graph":[{"@type":"Article","@id":"https:\/\/www.prooptica.pt\/new-season-morgan-um-inconfundivel-selo-de-elegancia\/#article","isPartOf":{"@id":"https:\/\/www.prooptica.pt\/new-season-morgan-um-inconfundivel-selo-de-elegancia\/"},"author":{"name":"admin","@id":"https:\/\/www.prooptica.pt\/home\/#\/schema\/person\/1cbd826a9322a3c38a052e43d1638306"},"headline":"NEW Season Morgan | Um inconfund\u00edvel selo de eleg\u00e2ncia","datePublished":"2025-03-27T15:41:14+00:00","mainEntityOfPage":{"@id":"https:\/\/www.prooptica.pt\/new-season-morgan-um-inconfundivel-selo-de-elegancia\/"},"wordCount":215,"image":{"@id":"https:\/\/www.prooptica.pt\/new-season-morgan-um-inconfundivel-selo-de-elegancia\/#primaryimage"},"thumbnailUrl":"https:\/\/www.prooptica.pt\/wp-content\/uploads\/2025\/03\/Capa-artigo-blog-10.jpg","articleSection":["\u00d3culos"],"inLanguage":"en-GB"},{"@type":"WebPage","@id":"https:\/\/www.prooptica.pt\/new-season-morgan-um-inconfundivel-selo-de-elegancia\/","url":"https:\/\/www.prooptica.pt\/new-season-morgan-um-inconfundivel-selo-de-elegancia\/","name":"NEW Season Morgan | An unmistakable stamp of elegance","isPartOf":{"@id":"https:\/\/www.prooptica.pt\/home\/#website"},"primaryImageOfPage":{"@id":"https:\/\/www.prooptica.pt\/new-season-morgan-um-inconfundivel-selo-de-elegancia\/#primaryimage"},"image":{"@id":"https:\/\/www.prooptica.pt\/new-season-morgan-um-inconfundivel-selo-de-elegancia\/#primaryimage"},"thumbnailUrl":"https:\/\/www.prooptica.pt\/wp-content\/uploads\/2025\/03\/Capa-artigo-blog-10.jpg","datePublished":"2025-03-27T15:41:14+00:00","author":{"@id":"https:\/\/www.prooptica.pt\/home\/#\/schema\/person\/1cbd826a9322a3c38a052e43d1638306"},"description":"The new eyewear collection represents everything that Morgan symbolises: femininity, elegance and a touch of audacity.","breadcrumb":{"@id":"https:\/\/www.prooptica.pt\/new-season-morgan-um-inconfundivel-selo-de-elegancia\/#breadcrumb"},"inLanguage":"en-GB","potentialAction":[{"@type":"ReadAction","target":["https:\/\/www.prooptica.pt\/new-season-morgan-um-inconfundivel-selo-de-elegancia\/"]}]},{"@type":"ImageObject","inLanguage":"en-GB","@id":"https:\/\/www.prooptica.pt\/new-season-morgan-um-inconfundivel-selo-de-elegancia\/#primaryimage","url":"https:\/\/www.prooptica.pt\/wp-content\/uploads\/2025\/03\/Capa-artigo-blog-10.jpg","contentUrl":"https:\/\/www.prooptica.pt\/wp-content\/uploads\/2025\/03\/Capa-artigo-blog-10.jpg","width":852,"height":514},{"@type":"BreadcrumbList","@id":"https:\/\/www.prooptica.pt\/new-season-morgan-um-inconfundivel-selo-de-elegancia\/#breadcrumb","itemListElement":[{"@type":"ListItem","position":1,"name":"In\u00edcio","item":"https:\/\/www.prooptica.pt\/"},{"@type":"ListItem","position":2,"name":"NEW Season Morgan | Um inconfund\u00edvel selo de eleg\u00e2ncia"}]},{"@type":"WebSite","@id":"https:\/\/www.prooptica.pt\/home\/#website","url":"https:\/\/www.prooptica.pt\/home\/","name":"Prooptica","description":"Full Eyewear Concept","potentialAction":[{"@type":"SearchAction","target":{"@type":"EntryPoint","urlTemplate":"https:\/\/www.prooptica.pt\/home\/?s={search_term_string}"},"query-input":{"@type":"PropertyValueSpecification","valueRequired":true,"valueName":"search_term_string"}}],"inLanguage":"en-GB"},{"@type":"Person","@id":"https:\/\/www.prooptica.pt\/home\/#\/schema\/person\/1cbd826a9322a3c38a052e43d1638306","name":"admin","image":{"@type":"ImageObject","inLanguage":"en-GB","@id":"https:\/\/secure.gravatar.com\/avatar\/528c714482569d81724b02603aa719344e9ad7c0b50becf07272b2086b2c1cfd?s=96&d=mm&r=g","url":"https:\/\/secure.gravatar.com\/avatar\/528c714482569d81724b02603aa719344e9ad7c0b50becf07272b2086b2c1cfd?s=96&d=mm&r=g","contentUrl":"https:\/\/secure.gravatar.com\/avatar\/528c714482569d81724b02603aa719344e9ad7c0b50becf07272b2086b2c1cfd?s=96&d=mm&r=g","caption":"admin"},"url":"https:\/\/www.prooptica.pt\/en\/author\/admin\/"}]}},"_links":{"self":[{"href":"https:\/\/www.prooptica.pt\/en\/wp-json\/wp\/v2\/posts\/21955","targetHints":{"allow":["GET"]}}],"collection":[{"href":"https:\/\/www.prooptica.pt\/en\/wp-json\/wp\/v2\/posts"}],"about":[{"href":"https:\/\/www.prooptica.pt\/en\/wp-json\/wp\/v2\/types\/post"}],"author":[{"embeddable":true,"href":"https:\/\/www.prooptica.pt\/en\/wp-json\/wp\/v2\/users\/2"}],"replies":[{"embeddable":true,"href":"https:\/\/www.prooptica.pt\/en\/wp-json\/wp\/v2\/comments?post=21955"}],"version-history":[{"count":1,"href":"https:\/\/www.prooptica.pt\/en\/wp-json\/wp\/v2\/posts\/21955\/revisions"}],"predecessor-version":[{"id":21957,"href":"https:\/\/www.prooptica.pt\/en\/wp-json\/wp\/v2\/posts\/21955\/revisions\/21957"}],"wp:featuredmedia":[{"embeddable":true,"href":"https:\/\/www.prooptica.pt\/en\/wp-json\/wp\/v2\/media\/21956"}],"wp:attachment":[{"href":"https:\/\/www.prooptica.pt\/en\/wp-json\/wp\/v2\/media?parent=21955"}],"wp:term":[{"taxonomy":"category","embeddable":true,"href":"https:\/\/www.prooptica.pt\/en\/wp-json\/wp\/v2\/categories?post=21955"},{"taxonomy":"post_tag","embeddable":true,"href":"https:\/\/www.prooptica.pt\/en\/wp-json\/wp\/v2\/tags?post=21955"}],"curies":[{"name":"wp","href":"https:\/\/api.w.org\/{rel}","templated":true}]}}