{"id":22134,"date":"2025-04-03T13:39:40","date_gmt":"2025-04-03T13:39:40","guid":{"rendered":"https:\/\/www.prooptica.pt\/?p=22134"},"modified":"2025-04-03T13:39:40","modified_gmt":"2025-04-03T13:39:40","slug":"world-health-day-the-importance-of-regularly-assessing-our-health-in-general-and-visual-health-in-particular","status":"publish","type":"post","link":"https:\/\/www.prooptica.pt\/en\/dia-mundial-da-saude-a-importancia-de-avaliar-regularmente-a-nossa-saude-no-geral-e-a-saude-visual-em-particular\/","title":{"rendered":"World Health Day | The importance of regularly assessing our health in general and visual health in particular"},"content":{"rendered":"<p>World Health Day, celebrated annually on 7 April, is an opportunity to reflect on the importance of health and our well-being. This day is dedicated to recognising the progress that has been made in the area of health and to raising awareness of the need for a regular assessment of health status at a global level. One of the senses often neglected when it comes to health is sight, which requires extra attention and regular care.<\/p>\n<h6><strong>Regular General Health Assessment<\/strong><\/h6>\n<p>Prevention is the first step towards a long and healthy life. Diseases such as hypertension, diabetes and high cholesterol can be silent for many years before they show obvious symptoms. Hence the importance of regular check-ups, which not only allow problems to be detected at an early stage, when there is a greater chance of successful treatment, but also provide advice on how to maintain a healthy lifestyle.<\/p>\n<p>The frequency of check-ups can vary according to age, family history and personal risks, but the consensus is that a full health check should be carried out at least once a year. This includes assessments of the heart, lungs, blood sugar levels, kidney function, liver function and, of course, blood pressure tests.<\/p>\n<h6><strong>Visual Health as a Priority<\/strong><\/h6>\n<p>As for visual health, it is often neglected until serious problems manifest themselves. Vision is crucial for most daily activities and, as such, needs regular care to ensure that any changes are quickly noticed. Vision problems can also be indicators of other health conditions, such as diabetes or hypertension.<\/p>\n<p>It is recommended that adults with normal vision have their eyes checked at least once every two years and annually after the age of 40, or if there are risk factors for eye problems, such as a family history of glaucoma or frequent use of computers. For children, regular eye examinations are crucial while growing up, especially nowadays, given the ever-increasing use of digital devices, which can lead to problems such as eyestrain.<\/p>\n<h6><strong>Conclusion<\/strong><\/h6>\n<p>In short, World Health Day is a time for each of us to commit to maintaining our general health and, in particular, our visual health. Regular check-ups are essential for the early detection of problems and for maintaining a healthy lifestyle. Celebrate this day by committing to taking better care of yourself and your eyes, thus ensuring a better quality of life.<\/p>","protected":false},"excerpt":{"rendered":"<p>O Dia Mundial da Sa\u00fade, celebrado anualmente a 7 de abril, \u00e9 uma oportunidade para refletirmos sobre a import\u00e2ncia da sa\u00fade e do nosso bem-estar. Este dia \u00e9 dedicado a reconhecer os progressos alcan\u00e7ados na \u00e1rea da sa\u00fade e a sensibilizar para a necessidade de uma avalia\u00e7\u00e3o regular do estado de sa\u00fade, a n\u00edvel global. [&hellip;]<\/p>\n","protected":false},"author":2,"featured_media":22135,"comment_status":"closed","ping_status":"closed","sticky":false,"template":"","format":"standard","meta":{"footnotes":""},"categories":[238],"tags":[],"class_list":["post-22134","post","type-post","status-publish","format-standard","has-post-thumbnail","hentry","category-insight"],"yoast_head":"<!-- This site is optimized with the Yoast SEO plugin v27.5 - https:\/\/yoast.com\/product\/yoast-seo-wordpress\/ -->\n<title>Dia Mundial da Sa\u00fade | A import\u00e2ncia de avalia\u00e7\u00e3o regular<\/title>\n<meta name=\"description\" content=\"Avalia\u00e7\u00f5es regulares s\u00e3o essenciais para a dete\u00e7\u00e3o precoce de problemas e para a manuten\u00e7\u00e3o de um estilo de vida saud\u00e1vel.\" \/>\n<meta name=\"robots\" content=\"index, follow, max-snippet:-1, max-image-preview:large, max-video-preview:-1\" \/>\n<link rel=\"canonical\" href=\"https:\/\/www.prooptica.pt\/en\/world-health-day-the-importance-of-regularly-assessing-our-health-in-general-and-visual-health-in-particular\/\" \/>\n<meta property=\"og:locale\" content=\"en_GB\" \/>\n<meta property=\"og:type\" content=\"article\" \/>\n<meta property=\"og:title\" content=\"Dia Mundial da Sa\u00fade | A import\u00e2ncia de avalia\u00e7\u00e3o regular\" \/>\n<meta property=\"og:description\" content=\"Avalia\u00e7\u00f5es regulares s\u00e3o essenciais para a dete\u00e7\u00e3o precoce de problemas e para a manuten\u00e7\u00e3o de um estilo de vida saud\u00e1vel.\" \/>\n<meta property=\"og:url\" content=\"https:\/\/www.prooptica.pt\/en\/world-health-day-the-importance-of-regularly-assessing-our-health-in-general-and-visual-health-in-particular\/\" \/>\n<meta property=\"og:site_name\" content=\"Prooptica\" \/>\n<meta property=\"article:published_time\" content=\"2025-04-03T13:39:40+00:00\" \/>\n<meta property=\"og:image\" content=\"https:\/\/www.prooptica.pt\/wp-content\/uploads\/2025\/04\/Capa-artigo-blog-1.jpg\" \/>\n\t<meta property=\"og:image:width\" content=\"852\" \/>\n\t<meta property=\"og:image:height\" content=\"514\" \/>\n\t<meta property=\"og:image:type\" content=\"image\/jpeg\" \/>\n<meta name=\"author\" content=\"admin\" \/>\n<meta name=\"twitter:card\" content=\"summary_large_image\" \/>\n<meta name=\"twitter:label1\" content=\"Written by\" \/>\n\t<meta name=\"twitter:data1\" content=\"admin\" \/>\n\t<meta name=\"twitter:label2\" content=\"Estimated reading time\" \/>\n\t<meta name=\"twitter:data2\" content=\"3 minutes\" \/>\n<script type=\"application\/ld+json\" class=\"yoast-schema-graph\">{\"@context\":\"https:\\\/\\\/schema.org\",\"@graph\":[{\"@type\":\"Article\",\"@id\":\"https:\\\/\\\/www.prooptica.pt\\\/dia-mundial-da-saude-a-importancia-de-avaliar-regularmente-a-nossa-saude-no-geral-e-a-saude-visual-em-particular\\\/#article\",\"isPartOf\":{\"@id\":\"https:\\\/\\\/www.prooptica.pt\\\/dia-mundial-da-saude-a-importancia-de-avaliar-regularmente-a-nossa-saude-no-geral-e-a-saude-visual-em-particular\\\/\"},\"author\":{\"name\":\"admin\",\"@id\":\"https:\\\/\\\/www.prooptica.pt\\\/home\\\/#\\\/schema\\\/person\\\/1cbd826a9322a3c38a052e43d1638306\"},\"headline\":\"Dia Mundial da Sa\u00fade | A import\u00e2ncia de avaliar regularmente a nossa sa\u00fade no geral e a sa\u00fade visual em particular\",\"datePublished\":\"2025-04-03T13:39:40+00:00\",\"mainEntityOfPage\":{\"@id\":\"https:\\\/\\\/www.prooptica.pt\\\/dia-mundial-da-saude-a-importancia-de-avaliar-regularmente-a-nossa-saude-no-geral-e-a-saude-visual-em-particular\\\/\"},\"wordCount\":485,\"image\":{\"@id\":\"https:\\\/\\\/www.prooptica.pt\\\/dia-mundial-da-saude-a-importancia-de-avaliar-regularmente-a-nossa-saude-no-geral-e-a-saude-visual-em-particular\\\/#primaryimage\"},\"thumbnailUrl\":\"https:\\\/\\\/www.prooptica.pt\\\/wp-content\\\/uploads\\\/2025\\\/04\\\/Capa-artigo-blog-1.jpg\",\"articleSection\":[\"Insight\"],\"inLanguage\":\"en-GB\"},{\"@type\":\"WebPage\",\"@id\":\"https:\\\/\\\/www.prooptica.pt\\\/dia-mundial-da-saude-a-importancia-de-avaliar-regularmente-a-nossa-saude-no-geral-e-a-saude-visual-em-particular\\\/\",\"url\":\"https:\\\/\\\/www.prooptica.pt\\\/dia-mundial-da-saude-a-importancia-de-avaliar-regularmente-a-nossa-saude-no-geral-e-a-saude-visual-em-particular\\\/\",\"name\":\"Dia Mundial da Sa\u00fade | A import\u00e2ncia de avalia\u00e7\u00e3o regular\",\"isPartOf\":{\"@id\":\"https:\\\/\\\/www.prooptica.pt\\\/home\\\/#website\"},\"primaryImageOfPage\":{\"@id\":\"https:\\\/\\\/www.prooptica.pt\\\/dia-mundial-da-saude-a-importancia-de-avaliar-regularmente-a-nossa-saude-no-geral-e-a-saude-visual-em-particular\\\/#primaryimage\"},\"image\":{\"@id\":\"https:\\\/\\\/www.prooptica.pt\\\/dia-mundial-da-saude-a-importancia-de-avaliar-regularmente-a-nossa-saude-no-geral-e-a-saude-visual-em-particular\\\/#primaryimage\"},\"thumbnailUrl\":\"https:\\\/\\\/www.prooptica.pt\\\/wp-content\\\/uploads\\\/2025\\\/04\\\/Capa-artigo-blog-1.jpg\",\"datePublished\":\"2025-04-03T13:39:40+00:00\",\"author\":{\"@id\":\"https:\\\/\\\/www.prooptica.pt\\\/home\\\/#\\\/schema\\\/person\\\/1cbd826a9322a3c38a052e43d1638306\"},\"description\":\"Avalia\u00e7\u00f5es regulares s\u00e3o essenciais para a dete\u00e7\u00e3o precoce de problemas e para a manuten\u00e7\u00e3o de um estilo de vida saud\u00e1vel.\",\"breadcrumb\":{\"@id\":\"https:\\\/\\\/www.prooptica.pt\\\/dia-mundial-da-saude-a-importancia-de-avaliar-regularmente-a-nossa-saude-no-geral-e-a-saude-visual-em-particular\\\/#breadcrumb\"},\"inLanguage\":\"en-GB\",\"potentialAction\":[{\"@type\":\"ReadAction\",\"target\":[\"https:\\\/\\\/www.prooptica.pt\\\/dia-mundial-da-saude-a-importancia-de-avaliar-regularmente-a-nossa-saude-no-geral-e-a-saude-visual-em-particular\\\/\"]}]},{\"@type\":\"ImageObject\",\"inLanguage\":\"en-GB\",\"@id\":\"https:\\\/\\\/www.prooptica.pt\\\/dia-mundial-da-saude-a-importancia-de-avaliar-regularmente-a-nossa-saude-no-geral-e-a-saude-visual-em-particular\\\/#primaryimage\",\"url\":\"https:\\\/\\\/www.prooptica.pt\\\/wp-content\\\/uploads\\\/2025\\\/04\\\/Capa-artigo-blog-1.jpg\",\"contentUrl\":\"https:\\\/\\\/www.prooptica.pt\\\/wp-content\\\/uploads\\\/2025\\\/04\\\/Capa-artigo-blog-1.jpg\",\"width\":852,\"height\":514},{\"@type\":\"BreadcrumbList\",\"@id\":\"https:\\\/\\\/www.prooptica.pt\\\/dia-mundial-da-saude-a-importancia-de-avaliar-regularmente-a-nossa-saude-no-geral-e-a-saude-visual-em-particular\\\/#breadcrumb\",\"itemListElement\":[{\"@type\":\"ListItem\",\"position\":1,\"name\":\"In\u00edcio\",\"item\":\"https:\\\/\\\/www.prooptica.pt\\\/\"},{\"@type\":\"ListItem\",\"position\":2,\"name\":\"Dia Mundial da Sa\u00fade | A import\u00e2ncia de avaliar regularmente a nossa sa\u00fade no geral e a sa\u00fade visual em particular\"}]},{\"@type\":\"WebSite\",\"@id\":\"https:\\\/\\\/www.prooptica.pt\\\/home\\\/#website\",\"url\":\"https:\\\/\\\/www.prooptica.pt\\\/home\\\/\",\"name\":\"Prooptica\",\"description\":\"Full Eyewear Concept\",\"potentialAction\":[{\"@type\":\"SearchAction\",\"target\":{\"@type\":\"EntryPoint\",\"urlTemplate\":\"https:\\\/\\\/www.prooptica.pt\\\/home\\\/?s={search_term_string}\"},\"query-input\":{\"@type\":\"PropertyValueSpecification\",\"valueRequired\":true,\"valueName\":\"search_term_string\"}}],\"inLanguage\":\"en-GB\"},{\"@type\":\"Person\",\"@id\":\"https:\\\/\\\/www.prooptica.pt\\\/home\\\/#\\\/schema\\\/person\\\/1cbd826a9322a3c38a052e43d1638306\",\"name\":\"admin\",\"image\":{\"@type\":\"ImageObject\",\"inLanguage\":\"en-GB\",\"@id\":\"https:\\\/\\\/secure.gravatar.com\\\/avatar\\\/528c714482569d81724b02603aa719344e9ad7c0b50becf07272b2086b2c1cfd?s=96&d=mm&r=g\",\"url\":\"https:\\\/\\\/secure.gravatar.com\\\/avatar\\\/528c714482569d81724b02603aa719344e9ad7c0b50becf07272b2086b2c1cfd?s=96&d=mm&r=g\",\"contentUrl\":\"https:\\\/\\\/secure.gravatar.com\\\/avatar\\\/528c714482569d81724b02603aa719344e9ad7c0b50becf07272b2086b2c1cfd?s=96&d=mm&r=g\",\"caption\":\"admin\"},\"url\":\"https:\\\/\\\/www.prooptica.pt\\\/en\\\/author\\\/admin\\\/\"}]}<\/script>\n<!-- \/ Yoast SEO plugin. -->","yoast_head_json":{"title":"World Health Day | The importance of regular evaluation","description":"Regular check-ups are essential for the early detection of problems and for maintaining a healthy lifestyle.","robots":{"index":"index","follow":"follow","max-snippet":"max-snippet:-1","max-image-preview":"max-image-preview:large","max-video-preview":"max-video-preview:-1"},"canonical":"https:\/\/www.prooptica.pt\/en\/world-health-day-the-importance-of-regularly-assessing-our-health-in-general-and-visual-health-in-particular\/","og_locale":"en_GB","og_type":"article","og_title":"Dia Mundial da Sa\u00fade | A import\u00e2ncia de avalia\u00e7\u00e3o regular","og_description":"Avalia\u00e7\u00f5es regulares s\u00e3o essenciais para a dete\u00e7\u00e3o precoce de problemas e para a manuten\u00e7\u00e3o de um estilo de vida saud\u00e1vel.","og_url":"https:\/\/www.prooptica.pt\/en\/world-health-day-the-importance-of-regularly-assessing-our-health-in-general-and-visual-health-in-particular\/","og_site_name":"Prooptica","article_published_time":"2025-04-03T13:39:40+00:00","og_image":[{"width":852,"height":514,"url":"https:\/\/www.prooptica.pt\/wp-content\/uploads\/2025\/04\/Capa-artigo-blog-1.jpg","type":"image\/jpeg"}],"author":"admin","twitter_card":"summary_large_image","twitter_misc":{"Written by":"admin","Estimated reading time":"3 minutes"},"schema":{"@context":"https:\/\/schema.org","@graph":[{"@type":"Article","@id":"https:\/\/www.prooptica.pt\/dia-mundial-da-saude-a-importancia-de-avaliar-regularmente-a-nossa-saude-no-geral-e-a-saude-visual-em-particular\/#article","isPartOf":{"@id":"https:\/\/www.prooptica.pt\/dia-mundial-da-saude-a-importancia-de-avaliar-regularmente-a-nossa-saude-no-geral-e-a-saude-visual-em-particular\/"},"author":{"name":"admin","@id":"https:\/\/www.prooptica.pt\/home\/#\/schema\/person\/1cbd826a9322a3c38a052e43d1638306"},"headline":"Dia Mundial da Sa\u00fade | A import\u00e2ncia de avaliar regularmente a nossa sa\u00fade no geral e a sa\u00fade visual em particular","datePublished":"2025-04-03T13:39:40+00:00","mainEntityOfPage":{"@id":"https:\/\/www.prooptica.pt\/dia-mundial-da-saude-a-importancia-de-avaliar-regularmente-a-nossa-saude-no-geral-e-a-saude-visual-em-particular\/"},"wordCount":485,"image":{"@id":"https:\/\/www.prooptica.pt\/dia-mundial-da-saude-a-importancia-de-avaliar-regularmente-a-nossa-saude-no-geral-e-a-saude-visual-em-particular\/#primaryimage"},"thumbnailUrl":"https:\/\/www.prooptica.pt\/wp-content\/uploads\/2025\/04\/Capa-artigo-blog-1.jpg","articleSection":["Insight"],"inLanguage":"en-GB"},{"@type":"WebPage","@id":"https:\/\/www.prooptica.pt\/dia-mundial-da-saude-a-importancia-de-avaliar-regularmente-a-nossa-saude-no-geral-e-a-saude-visual-em-particular\/","url":"https:\/\/www.prooptica.pt\/dia-mundial-da-saude-a-importancia-de-avaliar-regularmente-a-nossa-saude-no-geral-e-a-saude-visual-em-particular\/","name":"World Health Day | The importance of regular evaluation","isPartOf":{"@id":"https:\/\/www.prooptica.pt\/home\/#website"},"primaryImageOfPage":{"@id":"https:\/\/www.prooptica.pt\/dia-mundial-da-saude-a-importancia-de-avaliar-regularmente-a-nossa-saude-no-geral-e-a-saude-visual-em-particular\/#primaryimage"},"image":{"@id":"https:\/\/www.prooptica.pt\/dia-mundial-da-saude-a-importancia-de-avaliar-regularmente-a-nossa-saude-no-geral-e-a-saude-visual-em-particular\/#primaryimage"},"thumbnailUrl":"https:\/\/www.prooptica.pt\/wp-content\/uploads\/2025\/04\/Capa-artigo-blog-1.jpg","datePublished":"2025-04-03T13:39:40+00:00","author":{"@id":"https:\/\/www.prooptica.pt\/home\/#\/schema\/person\/1cbd826a9322a3c38a052e43d1638306"},"description":"Regular check-ups are essential for the early detection of problems and for maintaining a healthy lifestyle.","breadcrumb":{"@id":"https:\/\/www.prooptica.pt\/dia-mundial-da-saude-a-importancia-de-avaliar-regularmente-a-nossa-saude-no-geral-e-a-saude-visual-em-particular\/#breadcrumb"},"inLanguage":"en-GB","potentialAction":[{"@type":"ReadAction","target":["https:\/\/www.prooptica.pt\/dia-mundial-da-saude-a-importancia-de-avaliar-regularmente-a-nossa-saude-no-geral-e-a-saude-visual-em-particular\/"]}]},{"@type":"ImageObject","inLanguage":"en-GB","@id":"https:\/\/www.prooptica.pt\/dia-mundial-da-saude-a-importancia-de-avaliar-regularmente-a-nossa-saude-no-geral-e-a-saude-visual-em-particular\/#primaryimage","url":"https:\/\/www.prooptica.pt\/wp-content\/uploads\/2025\/04\/Capa-artigo-blog-1.jpg","contentUrl":"https:\/\/www.prooptica.pt\/wp-content\/uploads\/2025\/04\/Capa-artigo-blog-1.jpg","width":852,"height":514},{"@type":"BreadcrumbList","@id":"https:\/\/www.prooptica.pt\/dia-mundial-da-saude-a-importancia-de-avaliar-regularmente-a-nossa-saude-no-geral-e-a-saude-visual-em-particular\/#breadcrumb","itemListElement":[{"@type":"ListItem","position":1,"name":"In\u00edcio","item":"https:\/\/www.prooptica.pt\/"},{"@type":"ListItem","position":2,"name":"Dia Mundial da Sa\u00fade | A import\u00e2ncia de avaliar regularmente a nossa sa\u00fade no geral e a sa\u00fade visual em particular"}]},{"@type":"WebSite","@id":"https:\/\/www.prooptica.pt\/home\/#website","url":"https:\/\/www.prooptica.pt\/home\/","name":"Prooptica","description":"Full Eyewear Concept","potentialAction":[{"@type":"SearchAction","target":{"@type":"EntryPoint","urlTemplate":"https:\/\/www.prooptica.pt\/home\/?s={search_term_string}"},"query-input":{"@type":"PropertyValueSpecification","valueRequired":true,"valueName":"search_term_string"}}],"inLanguage":"en-GB"},{"@type":"Person","@id":"https:\/\/www.prooptica.pt\/home\/#\/schema\/person\/1cbd826a9322a3c38a052e43d1638306","name":"admin","image":{"@type":"ImageObject","inLanguage":"en-GB","@id":"https:\/\/secure.gravatar.com\/avatar\/528c714482569d81724b02603aa719344e9ad7c0b50becf07272b2086b2c1cfd?s=96&d=mm&r=g","url":"https:\/\/secure.gravatar.com\/avatar\/528c714482569d81724b02603aa719344e9ad7c0b50becf07272b2086b2c1cfd?s=96&d=mm&r=g","contentUrl":"https:\/\/secure.gravatar.com\/avatar\/528c714482569d81724b02603aa719344e9ad7c0b50becf07272b2086b2c1cfd?s=96&d=mm&r=g","caption":"admin"},"url":"https:\/\/www.prooptica.pt\/en\/author\/admin\/"}]}},"_links":{"self":[{"href":"https:\/\/www.prooptica.pt\/en\/wp-json\/wp\/v2\/posts\/22134","targetHints":{"allow":["GET"]}}],"collection":[{"href":"https:\/\/www.prooptica.pt\/en\/wp-json\/wp\/v2\/posts"}],"about":[{"href":"https:\/\/www.prooptica.pt\/en\/wp-json\/wp\/v2\/types\/post"}],"author":[{"embeddable":true,"href":"https:\/\/www.prooptica.pt\/en\/wp-json\/wp\/v2\/users\/2"}],"replies":[{"embeddable":true,"href":"https:\/\/www.prooptica.pt\/en\/wp-json\/wp\/v2\/comments?post=22134"}],"version-history":[{"count":1,"href":"https:\/\/www.prooptica.pt\/en\/wp-json\/wp\/v2\/posts\/22134\/revisions"}],"predecessor-version":[{"id":22136,"href":"https:\/\/www.prooptica.pt\/en\/wp-json\/wp\/v2\/posts\/22134\/revisions\/22136"}],"wp:featuredmedia":[{"embeddable":true,"href":"https:\/\/www.prooptica.pt\/en\/wp-json\/wp\/v2\/media\/22135"}],"wp:attachment":[{"href":"https:\/\/www.prooptica.pt\/en\/wp-json\/wp\/v2\/media?parent=22134"}],"wp:term":[{"taxonomy":"category","embeddable":true,"href":"https:\/\/www.prooptica.pt\/en\/wp-json\/wp\/v2\/categories?post=22134"},{"taxonomy":"post_tag","embeddable":true,"href":"https:\/\/www.prooptica.pt\/en\/wp-json\/wp\/v2\/tags?post=22134"}],"curies":[{"name":"wp","href":"https:\/\/api.w.org\/{rel}","templated":true}]}}